{"id":24230,"date":"2015-06-15T16:49:27","date_gmt":"2015-06-15T16:49:27","guid":{"rendered":"http:\/\/www.marianagurza.ro\/blog\/?p=24230"},"modified":"2015-06-15T16:49:27","modified_gmt":"2015-06-15T16:49:27","slug":"liviu-florian-jianu-glossa","status":"publish","type":"post","link":"https:\/\/www.marianagurza.ro\/blog\/2015\/06\/15\/liviu-florian-jianu-glossa\/","title":{"rendered":"Liviu Florian Jianu: Gloss\u0103"},"content":{"rendered":"<p style=\"text-align: center;\"><a href=\"http:\/\/www.marianagurza.ro\/blog\/wp-content\/uploads\/2015\/06\/EMINESCUx6-copy.jpg\"><img loading=\"lazy\" decoding=\"async\" class=\"size-medium wp-image-24231\" title=\"EMINESCUx6 copy\" src=\"http:\/\/www.marianagurza.ro\/blog\/wp-content\/uploads\/2015\/06\/EMINESCUx6-copy-300x300.jpg\" alt=\"\" width=\"300\" height=\"300\" srcset=\"https:\/\/www.marianagurza.ro\/blog\/wp-content\/uploads\/2015\/06\/EMINESCUx6-copy-300x300.jpg 300w, https:\/\/www.marianagurza.ro\/blog\/wp-content\/uploads\/2015\/06\/EMINESCUx6-copy-150x150.jpg 150w, https:\/\/www.marianagurza.ro\/blog\/wp-content\/uploads\/2015\/06\/EMINESCUx6-copy.jpg 600w\" sizes=\"auto, (max-width: 300px) 100vw, 300px\" \/><\/a><\/p>\n<p><strong>GLOSS\u0102<\/strong><\/p>\n<p>&nbsp;<\/p>\n<p>\u00cens\u0103 \u00a0nu \u015ftiu cum se face,<\/p>\n<p>\u00cen \u00cenghe\u0163ul surd, fierbinte<\/p>\n<p>\u00cen r\u0103zboiul lui, de pace,<\/p>\n<p>A predat, tot \u00eenainte,<\/p>\n<p>&nbsp;<\/p>\n<p>L\u00e2ng\u0103 cei de dinainte<\/p>\n<p>S\u0103 \u00eenal\u0163e totdeauna,<\/p>\n<p>\u015ei copii &#8211; l\u00e2ng\u0103 \u00a0p\u0103rinte,<\/p>\n<p>\u015ei p\u0103rin\u0163i, cu fiii, una \u00a0&#8211;<\/p>\n<p>&nbsp;<\/p>\n<p>Vremea lui nu vine-trece,<\/p>\n<p>Doar r\u0103sare, \u015fi r\u0103sare &#8211;<\/p>\n<p>Tot Luceaf\u0103r, ce petrece<\/p>\n<p>Rom\u00e2nia, ca un Soare &#8211;<\/p>\n<p>&nbsp;<\/p>\n<p>\u015ei \u00een bezna cea ad\u00e2nc\u0103,<\/p>\n<p>\u015ei-n orbirea cea nebun\u0103,<\/p>\n<p>E lumina \u00a0lui de st\u00e2nc\u0103,<\/p>\n<p>Ce din Haos, ne aduna &#8211;<\/p>\n<p>&nbsp;<\/p>\n<p>Demiurg fierbinte-rece,<\/p>\n<p>Ra\u0163iune \u015fi sim\u0163ire,<\/p>\n<p>N-ai cerut s\u0103 \u0163i se plece<\/p>\n<p>Niciun suflet, sau iubire &#8211;<\/p>\n<p>&nbsp;<\/p>\n<p>\u015ei c\u00e2nd pas\u0103rea din tine<\/p>\n<p>A \u0163ipat c\u00e2nd v\u00e2n\u0103torii<\/p>\n<p>I-au fr\u00e2nt c\u00e2ntecul de bine,<\/p>\n<p>Am urcat \u015fi noi, cu zorii,<\/p>\n<p>&nbsp;<\/p>\n<p>Lumin\u00e2nd &#8211; nemuritorii&#8230;<\/p>\n<p><strong>&#8212;&#8212;&#8212;&#8212;&#8212;&#8212;&#8212;&#8212;&#8212;&#8212;&#8212;<\/strong><\/p>\n<p><strong>Liviu Florian JIANU<\/strong><\/p>\n<p><strong>Craiova\u00a0<\/strong><\/p>\n<p><strong>15 iunie 2015<\/strong><\/p>\n","protected":false},"excerpt":{"rendered":"<p>GLOSS\u0102 &nbsp; \u00cens\u0103 \u00a0nu \u015ftiu cum se face, \u00cen \u00cenghe\u0163ul surd, fierbinte \u00cen r\u0103zboiul lui, de pace, A predat, tot [&#038;hellip<\/p>\n","protected":false},"author":1,"featured_media":0,"comment_status":"closed","ping_status":"closed","sticky":false,"template":"","format":"standard","meta":{"footnotes":""},"categories":[3],"tags":[],"class_list":["post-24230","post","type-post","status-publish","format-standard","hentry","category-articole"],"_links":{"self":[{"href":"https:\/\/www.marianagurza.ro\/blog\/wp-json\/wp\/v2\/posts\/24230","targetHints":{"allow":["GET"]}}],"collection":[{"href":"https:\/\/www.marianagurza.ro\/blog\/wp-json\/wp\/v2\/posts"}],"about":[{"href":"https:\/\/www.marianagurza.ro\/blog\/wp-json\/wp\/v2\/types\/post"}],"author":[{"embeddable":true,"href":"https:\/\/www.marianagurza.ro\/blog\/wp-json\/wp\/v2\/users\/1"}],"replies":[{"embeddable":true,"href":"https:\/\/www.marianagurza.ro\/blog\/wp-json\/wp\/v2\/comments?post=24230"}],"version-history":[{"count":2,"href":"https:\/\/www.marianagurza.ro\/blog\/wp-json\/wp\/v2\/posts\/24230\/revisions"}],"predecessor-version":[{"id":24233,"href":"https:\/\/www.marianagurza.ro\/blog\/wp-json\/wp\/v2\/posts\/24230\/revisions\/24233"}],"wp:attachment":[{"href":"https:\/\/www.marianagurza.ro\/blog\/wp-json\/wp\/v2\/media?parent=24230"}],"wp:term":[{"taxonomy":"category","embeddable":true,"href":"https:\/\/www.marianagurza.ro\/blog\/wp-json\/wp\/v2\/categories?post=24230"},{"taxonomy":"post_tag","embeddable":true,"href":"https:\/\/www.marianagurza.ro\/blog\/wp-json\/wp\/v2\/tags?post=24230"}],"curies":[{"name":"wp","href":"https:\/\/api.w.org\/{rel}","templated":true}]}}