{"id":24241,"date":"2015-06-15T20:11:21","date_gmt":"2015-06-15T20:11:21","guid":{"rendered":"http:\/\/www.marianagurza.ro\/blog\/?p=24241"},"modified":"2015-06-15T20:11:21","modified_gmt":"2015-06-15T20:11:21","slug":"valeriu-dulgheru-suntem-impinsi-pe-marginea-prapastiei","status":"publish","type":"post","link":"https:\/\/www.marianagurza.ro\/blog\/2015\/06\/15\/valeriu-dulgheru-suntem-impinsi-pe-marginea-prapastiei\/","title":{"rendered":"Valeriu Dulgheru: Suntem \u00eempin\u0219i pe marginea pr\u0103pastiei"},"content":{"rendered":"<p style=\"text-align: justify;\" align=\"right\">\u00a0<em><img decoding=\"async\" class=\"alignleft\" src=\"https:\/\/encrypted-tbn1.gstatic.com\/images?q=tbn:ANd9GcS6FauOqCouaivn-W2pl7HX9l0WxaTzrM395fxkvdgUbhVFl74m\" alt=\"Imagini pentru republica moldova poze\" name=\"AYBVjb8JSoygiM:\" data-src=\"https:\/\/encrypted-tbn1.gstatic.com\/images?q=tbn:ANd9GcS6FauOqCouaivn-W2pl7HX9l0WxaTzrM395fxkvdgUbhVFl74m\" data-sz=\"f\" \/>\u201e<\/em><em>Mda\u2026nene Iancule\u2026am fost \u015fi am r\u0103mas \u201eo so\u0163ietate f\u0103r\u0103 prin\u0163ipuri\u201d\u2026va s\u0103 zic\u0103, nu le-am avut de prea mult timp \u015fi nu le avem nici azi\u2026Nu are nimeni interesul s\u0103 ne scoat\u0103 din cea\u0163\u0103 \u015fi ne afund\u0103 tot mai tare \u00een imbecilizare, cu p\u00e2ine \u015fi circ\u2026Am avut prin\u0163ipuri pe vremea dacilor, c\u0103ci dintre toate neamurile cucerite de romani, suntem singurii care au ajuns subiect de imortalizat \u00een piatr\u0103, taman \u00een capitala imperiului, pe Columna lui<\/em><em>\u201d<\/em><\/p>\n<p style=\"text-align: right;\" align=\"right\"><strong>(Ioan Luca Caragiale. O scrisoare pierdut\u0103)<\/strong><\/p>\n<p style=\"text-align: justify;\" align=\"right\"><strong>\u00a0<\/strong><\/p>\n<p style=\"text-align: justify;\">\u00a0Suntem ceva mai mult de 3 mln de oameni \u00een acest col\u0163 de \u0162ar\u0103 dar at\u00e2t de diviza\u0163i. Conform recens\u0103m\u00e2ntului suntem apr. 80% de rom\u00e2ni (rom\u00e2ni \u015fi declara\u0163i moldoveni) dar se uneori se creeaz\u0103 impresia c\u0103 sunt mai mul\u0163i ru\u015fi. Suntem diviza\u0163i \u00een dou\u0103 curente de baz\u0103: pro Uniunea European\u0103 (c\u00e2nd a ap\u0103rut posibilitatea integr\u0103rii europene a Rom\u00e2niei \u00eentreaga societate indiferent de culoare politic\u0103 a fost a fost unit\u0103 \u00eentr-un singur scop. \u00cen Basarabia \u00eens\u0103 noi rom\u00e2nii moldoveni deseori ne afl\u0103m pe baricade diferite) \u015fi proRusia. Suntem diviza\u0163i \u00een adep\u0163i ai segmentelor: st\u00e2nga (care este profund antina\u0163ional\u0103. Nu ar fi r\u0103u s\u0103 avem un partid de st\u00e2nga na\u0163ional veritabil care asigur\u0103 o protec\u0163ie social\u0103 mai bun\u0103, \u00een special, pentru p\u0103turile vulnerabile (\u00een Republica Moldova acestea reprezint\u0103 apr. 70%!). Suntem diviza\u0163i \u00een rom\u00e2ni \u015fi moldoveni, fiind aceea\u015fi. Suntem diviza\u0163i \u00een vorbitori ai limbii rom\u00e2ne \u015fi moldovene\u015fti, fiind aceea\u015fi. Suntem diviza\u0163i \u00een trei Moldove (peste Prut, dintre Prut \u015fi Nistru \u015fi de peste Nistru) fiind aceea\u015fi Moldova a lui \u015etefan cel Mare, Vasile Lupu. \u00cen ultimul timp pe sectorul de centru-dreapta a mai ap\u0103rut o divizare (drept argument sunt cele dou\u0103 mitinguri ale dreptei care au avut loc simultan in aceea\u015fi Pia\u0163\u0103 a Marii Adun\u0103ri Na\u0163ionale: \u00een lupt\u0103tori aprigi declara\u0163i contra corup\u0163iei \u015fi \u00eentoarcerea miliardelor (cea mai actual\u0103 tem\u0103 la ziua de azi) cu orice scop, inclusiv, cu aducerea sociali\u015ftilor la putere care singuri (Dodon, Grecean\u00eei) sunt implica\u0163i p\u00e2n\u0103 peste cap \u00een aceste furturi, \u015fi pierderea iremediabil\u0103 a perspectivei de integrare european\u0103, \u015fi cei care \u00eencearc\u0103 s\u0103 \u00eembine aceste probleme. Faptul c\u0103 strigi mai tare nu \u00eenseamn\u0103 neap\u0103rat c\u0103 ai \u015fi prins ho\u0163ul. Este clar c\u0103 la furtul miliardelor au participat nu numai Plahotniuc \u015fi Filat (s\u0103 nu fiu privit drept avocatul lor!) ci \u015fi Voronin (cu feciora\u015ful s\u0103u devenit miliardar al\u0103turi de Plahotniuc doar \u00een 10 ani), Grecean\u00eei (pe c\u00e2nd era prim ministru so\u0163ul ei luase credite de sute de milioane de lei \u015fi nerambursate \u015fi a privatizat \u00eentr-un mod dubios Combinatul de Vin din Coju\u015fna), Dodon, pe c\u00e2nd era ministru al finan\u0163elor, dar \u015fi fra\u0163ii \u0162opa care au luat credite \u00een sume extrem de mari de la BEM f\u0103r\u0103 s\u0103 le mai \u00eentoarc\u0103. Cine nu ar dori s\u0103 fie \u00eentoarse miliardele, iar ho\u0163ii s\u0103 fie pu\u015fi la r\u0103coare? Tare m\u0103 tem \u00eens\u0103 c\u0103 toat\u0103 aceast\u0103 foial\u0103 nu se va finaliza cu nimic, fiind de fapt un paravan de lupt\u0103 nu \u00eempotriva ho\u0163ilor ci \u00eempotriva dreptei.<\/p>\n<p style=\"text-align: justify;\">Am \u00eent\u00e2lnit la acele mitinguri persoane (to\u0163i ace\u015fti ani de p\u00e2n\u0103 \u015fi dup\u0103 independen\u0163\u0103 s-au aflat pe baricadele luptei de eliberare na\u0163ional\u0103), care declarau cu o \u00eenver\u015funare nes\u0103n\u0103toas\u0103 c\u0103 nu-l vor mai vota pe Dorin Chirtoac\u0103. Contraargumentul meu a fost c\u0103 astfel indirect o vor vota pe Z. Grecean\u00eei, vor deveni complici la predarea Capitalei ciumei ro\u015fii. Vot\u00e2ndu-l pe Dorin Chirtoac\u0103 nu vot\u0103m persoana propriu zis\u0103 (cu toate c\u0103 \u015fi ca persoan\u0103 merit\u0103) ci \u00eempotriva pericolului ro\u015fu. \u00centr-o Rusie cu un aparat administrativ extrem de corupt nu avem nicio \u015fans\u0103 de ai trage la r\u0103spundere pe ho\u0163ii miliardelor. Pe c\u00e2nd \u00eentr-o Uniune European\u0103 aceast\u0103 perspectiv\u0103 (mai apropiat\u0103 sau mai dep\u0103rtat\u0103) exist\u0103. Drept exemplu pentru noi este Rom\u00e2nia unde dup\u0103 mai mul\u0163i ani de a\u015fteptare acum DNA lucreaz\u0103 la putere maxim\u0103, pun\u00e2ndu-i la dub\u0103 pe cei care au \u00eendr\u0103znit s\u0103-\u015fi bage m\u00e2inile \u00een buzunarul statului, al celor s\u0103raci.<\/p>\n<p style=\"text-align: justify;\">Ei bine, zilele acestea au avut loc c\u00e2teva evenimente majore: alegerile locale generale \u015fi c\u0103derea guvernului. S\u0103 analiz\u0103m unele impresii pre- \u015fi postelectorale. A fost o campanie electoral\u0103 murdar\u0103, cinic\u0103. Favorita ringului Z. Grecean\u00eei nu a fost observat\u0103 niciodat\u0103 \u00een dezbateri electorale. Se teme de lupt\u0103 corp la corp. La confruntarea cu rivalul s\u0103u principal Dorin Chirtoac\u0103 l-a trimis pe unul din vale\u0163ii s\u0103i Ion Ceban \u2013 un tip needucat, lipsit de cei \u015fapte ani de acas\u0103, care ac\u0163iona dup\u0103 principiul \u201e<em>\u015ei tu ie\u015fti ho\u0163!\u201d.<\/em> Ei bine, de bine de r\u0103u Chirtoac\u0103 a realizat mai multe lucruri \u00een Capital\u0103 \u00een pofida subfinan\u0163\u0103rii cronice: a sc\u0103pat ora\u015ful de problema mirosului prost de la Sta\u0163ia de Epurare, a construit c\u00e2teva str\u0103zi la nivel european, a \u00eennoit la jum\u0103tate parcul de troleibuze, a schimbat re\u0163elele de canalizare din centrul ora\u015fului, vechi de peste 50 de ani, dup\u0103 care urmeaz\u0103 repara\u0163ia bulevardului \u015etefan cel Mare \u015f.m.a. \u00centr-adev\u0103r este primarul faptelor concrete. Z. Grecean\u00eei deocamdat\u0103 doar ne promite raiul socialist \u00een ora\u015f, pe care-l va construi c\u00e2nd va fi prim\u0103ri\u0163\u0103 tot a\u015fa cum l-a construit \u00een Republic\u0103 \u00een cei 8 ani de ministru al finan\u0163elor \u015fi prim ministru. \u201e<em>\u00cen cazul dac\u0103 alegerile locale vor fi c\u00e2\u015ftigate de st\u00e2nga va avea loc o reconfigurare a coali\u0163iei majoritare cu Z. Grecean\u00eei prim ministru\u201d<\/em> declara deun\u0103zi A. Tulbure, ex ambasador comunist \u00een Consiliul Europei, scopul c\u0103ruia este s\u0103 tulbure permanent apele \u015fi a\u015fa prea tulburi. De altfel este o variant\u0103 posibil\u0103 \u00een cazul c\u00e2nd alian\u0163a de centru dreapta majoritar\u0103 nu va fi format\u0103. Un alt candidat \u015fovinul Valerii Klimenko \u00een una din emisiunile electorale de la ProTv cu Lorena Bogza a prezentat un punct din programul s\u0103u (c\u00e2nd va ajunge primar!). \u201e<em> Noi trebuie s\u0103 ne debaras\u0103m de sate <\/em>(\u00een\u0163elege \u015fovinul c\u0103 poate datorit\u0103 lor \u00een fruntea Capitalei niciodat\u0103 nu au ajuns comuni\u015ftii!)<em> fiindc\u0103 ele nu aduc nimic municipiului ba dimpotriv\u0103 consum\u0103 doar\u201d.<\/em> Da, oamenii din aceste sate (\u00een mare majoritate rom\u00e2ni moldoveni) sunt buni doar pentru a face toate lucr\u0103rile necalificate \u015fi prost pl\u0103tite din ora\u015f, din diferite organiza\u0163ii municipale \u015fi republicane din ora\u015f (o Maria Ivanovna nu va accepta astfel de func\u0163ii, nu-i permite statutul de reprezentant\u0103 a na\u0163iunii alese!). C\u00e2nd vine vorba \u00eens\u0103 de unele proiecte sociale la locul de trai ei nu au dreptul. La \u00eentrebarea dnei L. Bogza de ce nu a prezentat \u00een declara\u0163ia de propriet\u0103\u0163i cele 12 ha de p\u0103m\u00e2nt (luat de la cei c\u0103rora le-ar refuz\u0103 un elementar sprijin) \u015fovinul se f\u0103cea c\u0103 uitase de ele (mare lucru, 12 ha de p\u0103m\u00e2nt!!!) ca, \u00een sf\u00e2r\u015fit, s\u0103-\u015fi aduc\u0103 aminte<em>! <\/em>c\u0103 <em>\u201e\u2026le-a d\u0103ruit fiicei!!!<\/em>\u201d.<\/p>\n<p style=\"text-align: justify;\">Nici \u00een aceste alegeri fenomenul de corup\u0163ie sub diferite forme nu a lipsit. Se confirm\u0103 o dat\u0103 \u00een plus c\u0103 pentru unii arti\u015fti autohtoni banii nu au miros. Anterior stimata artist\u0103 Sofia Rotaru \u015fi-a p\u00e2ng\u0103rit numele cu banii primi\u0163i de la controversatul (de fapt nu e prea corect, este foarte clar al cui c\u0103\u0163elu\u015f este \u015fi cui \u00eei face sluj) R. Usat\u00eei, c\u00e2nt\u00e2nd al\u0103turi de el, \u00eempreun\u0103 cu el \u00een preajma alegerilor parlamentare din anul trecut. De aceast\u0103 data o alt\u0103 c\u00e2nt\u0103rea\u0163\u0103 \u00eendr\u0103git\u0103, Anastasia Lazariuc, vine s\u0103-i aline urechea oligarhului rus Ilan Shor, aflat sub urm\u0103rire penal\u0103 pentru furturi \u00een valori extrem de mari de la cele trei b\u0103nci, \u00een concertul organizat \u00een preajma alegerilor locale la Orhei. Primit\u0103 at\u00e2t de bine \u00een Rom\u00e2nia (de nu se mai \u00eentoarce \u00eenapoi) de ce lucreaz\u0103 \u00eempotriva apropierii acestei fiice r\u0103t\u0103cite pe nume Basarabia de Patria-mam\u0103. Sau numai ei aflat\u0103 \u00een \u0163ar\u0103 s\u0103-i fie bine. Un alt caz de corupere a electoratului este al lui Usat\u00eei care, cu gloatele sale aduse la Chi\u015fin\u0103u pe banii \u015ftim noi ai cui (cine pl\u0103te\u015fte acela comand\u0103 muzica) tocmai de la nordul Republicii, a m\u0103r\u015f\u0103luit cu fanfar\u0103 pe str\u0103zile Chi\u015fin\u0103ului, pe artera principal\u0103 \u015etefan cel Mare \u015fi Sf\u00e2nt (sfin\u0163enia c\u0103ruia a spurcat-o aceast\u0103 adun\u0103tur\u0103). O coloan\u0103 impun\u0103toare c\u00e2nd a pornit de l\u00e2ng\u0103 cl\u0103direa Circului a ajuns practic pe jum\u0103tate \u00een Pia\u0163a Marii Adun\u0103ri Na\u0163ionale. Explica\u0163ia este c\u0103 oamenii adu\u015fi cu z\u0103h\u0103relul \u015fi-au primit banii \u015fi buna ziua. Bravo! A\u015fa s\u0103 face\u0163i \u015fi la votare. Lua\u0163i banii, fiindc\u0103 tot de la voi au fost fura\u0163i \u015fi alege\u0163i pe cine trebuie. M-a impresionat un moment legat de aceast\u0103 m\u0103r\u015f\u0103luial\u0103. C\u00e2teva doamne indignate c\u0103 ac\u0163iunea lui Usat\u00eei a dat peste cap func\u0163ionarea transportului public ca r\u0103spuns la lozincile gloatei de unire cu Rusia au declarat indignate. \u201e<em>De ce s\u0103 ne unim cu Rusia. Mai bine ne unim cu Rom\u00e2nia\u201d.<\/em> Atrage\u0163i aten\u0163ia, au spus acest lucru nu ni\u015fte doamne de la mitingul lui Dorin Chirtoac\u0103, care sunt bine orientate, ci oameni din strad\u0103. Se coace tot mai mult aceast\u0103 idee de unire cu Rom\u00e2nia ca fiind drept unica \u015fans\u0103 de a sc\u0103pa de mizeria asiatic\u0103.<\/p>\n<p style=\"text-align: justify;\">S\u0103 analiz\u0103m pu\u0163in rezultatele alegerilor. \u00cen linii mari previziunile legate de rezultatele<\/p>\n<p style=\"text-align: justify;\">votului s-au adeverit. Cum era de a\u015fteptat b\u0103t\u0103lia pentru Chi\u015fin\u0103u nu s-a terminat. Va fi \u015fi turul doi, \u00een care au ie\u015fit D. Chirtoac\u0103 pe primul loc (bravo Dorin!) \u015fi Z. Grecean\u00eei pe locul doi. \u201e<em>Cred c\u0103 cet\u0103\u0163enii vor decide din primul tur\u201d<\/em> declara Z. Grecean\u00eei \u00een campania electoral\u0103. N-a fost s\u0103 fie a\u015fa \u00een pofida sus\u0163inerii financiare, informa\u0163ionale, logistice majore, \u00een pofida faptului c\u0103, de regul\u0103, primarii \u00een func\u0163ie\u00a0 c\u00e2\u015ftig\u0103 mai greu. Locul trei (at\u00e2t la primar c\u00e2t \u015fi consiliu) a fost ocupat de BPPPE \u201e<em>Iu. Leanc\u0103<\/em>\u201d \u2013 un rezultat foarte bun pentru o forma\u0163iune nou format\u0103. Acest lucru vorbe\u015fte despre importan\u0163a acestei forma\u0163iuni pentru cursul proeuropean pe fundalul rezultatului foarte slab al PLDM (apr. 2% la primar \u015fi consilieri). G\u0103in\u0103riile politice \u015fi economice ale liderului PLDM V. Filat nu au r\u0103mas netaxate. Dar \u015fi PDM \u00een Capital\u0103 are un rezultat foarte modest). Votul \u00een aceste alegeri a fost evident unul protestatar. De men\u0163ionat participarea foarte slab\u0103 a tinerilor \u00een alegeri. Este un semnal foarte prost. De asemenea, apar foarte multe semne de \u00eentrebare referitor la votul de la B\u0103l\u0163i \u015fi Orhei: cum s-a \u00eent\u00e2mplat c\u0103 la B\u0103l\u0163i a c\u00e2\u015ftigat deta\u015fat din primul tur un individ cu mari probleme de integritate \u2013 R. Usat\u00eei, iar la Orhei \u2013 un altul aflat sub urm\u0103rire penal\u0103 tocmai \u00een problema furtului miliardului?<em> <\/em>Acest lucru vorbe\u015fte despre sl\u0103biciunea candida\u0163ilor propu\u015fi din partea partidelor \u015fi imaturitatea politic\u0103 a aleg\u0103torilor acestor urbe, care au crezut \u00een promisiuni electorale de\u015farte. Acum partidele de la guvernare trebuie s\u0103 trag\u0103 concluziile necesare \u015fi s\u0103 purcead\u0103 la o reformatare a coali\u0163iei de guvernare.<\/p>\n<p style=\"text-align: justify;\"><strong>Un alt eveniment major a fost c\u0103derea guvernului Gaburici. <\/strong>A fost ca o bomb\u0103. Cine a ales acest moment \u201e<em>at\u00e2t de potrivit\u201d?<\/em> Acest col\u0163 de \u0163ar\u0103 pe nume Basarabia iar\u0103\u015fi a fost aruncat \u00eentr-o nou\u0103 criz\u0103 politic\u0103 (de fapt aceast\u0103 criz\u0103 este una permanent\u0103 de c\u00e2\u0163iva ani) cu doar dou\u0103 zile p\u00e2n\u0103 la alegerile generale locale, care \u00een acest an sunt extrem de geopolitizate. Oricum era a\u015fteptat\u0103 aceast\u0103 demisie dar dup\u0103 alegeri. Modul cum a fost conceput acest guvern minoritar a fost unul pu\u0163in spus gre\u015fit. S-a f\u0103cut cu \u00eenc\u0103lcarea bunului sim\u0163 (partidul PLDM nu \u015fi-a sus\u0163inut propriul candidat la premier Iu. Leanc\u0103!), aduc\u00e2ndu-l practic din strad\u0103 peste noapte pe Gaburici, c\u0103ruia nu i-au fost verificate nici m\u0103car actele de studii. Ce ru\u015fine pentru un stat care se dore\u015fte \u00een Europa nu \u00een Africa! Pe fundalul acestei crize (politice \u015fi financiare) enorme declara\u0163iile lui Filat \u015fi Lupu despre na\u0163ionalizarea BEM-ului par cel pu\u0163in dubioase. Este sub orice nivel al bunului sim\u0163 s\u0103 declari acest lucru dup\u0103 ce at\u00e2\u021bia bani au fost lua\u0163i din buzunarul nostru \u015fi b\u0103ga\u0163i \u00een aceast\u0103 banc\u0103 ca \u00eentr-o gaur\u0103 neagr\u0103, c\u00e2nd chiar premierul Gaburici, partenerii str\u0103ini, speciali\u015ftii \u00een domeniu, spun c\u0103 toate solu\u0163iile legate de cele trei b\u0103nci sunt proaste \u00eens\u0103 lichidarea lor ar fi r\u0103ul cel mai mic pentru Republica Moldova \u00een aceast\u0103 stare de predefolt, c\u00e2nd exist\u0103 pericolul intr\u0103rii \u00een incapacitate de plat\u0103 (plata concedialelor, altor pl\u0103\u0163i).<\/p>\n<p style=\"text-align: justify;\">\u015ei acum s\u0103 ne \u00eentreb\u0103m: ce facem? De peste 25 de ani fr\u0103m\u00e2nt\u0103rile \u00een acest colt de \u0163ar\u0103 at\u00e2t de prost guvernat \u015fi b\u00e2ntuit de tot soiul de cataclisme sociale nu mai contenesc. Am avut multe clipe de r\u0103stri\u015fte \u00een aceast\u0103 perioad\u0103 \u00eens\u0103 probabil situa\u0163ia de ast\u0103zi este f\u0103r\u0103 precedent. At\u00e2t de mult visata revenire acas\u0103 \u00een familia european\u0103 p\u0103rea at\u00e2t de aproape de realizare un an \u00een urm\u0103 \u015fi at\u00e2t de departe ast\u0103zi. Dup\u0103 seria de g\u0103in\u0103rii politice \u015fi economice, dup\u0103 compromiterea total\u0103 a actualei guvern\u0103ri a\u015fa numite proeuropene tot mai mult ne convingem c\u0103 revenirea acas\u0103 \u00een \u0162ar\u0103 prin integrarea european\u0103 se \u00eendep\u0103rteaz\u0103 cu riscul de a fi complet stopat\u0103 (\u00een cazul revenirii la putere a for\u0163elor proruse \u015fi schimbarea vectorului). \u015ei eu am fost promotor al ideii unirii cu Rom\u00e2nia prin integrarea \u00een Uniunea European\u0103 care, cel pu\u0163in anul trecut dup\u0103 semnarea Acordului de Asociere la UE p\u0103rea mult mai aproape, mult mai real\u0103 dec\u00e2t unirea direct\u0103 cu Rom\u00e2nia neacceptat\u0103 (din p\u0103cate) nu numai de majoritatea de alogeni, care \u00eentotdeauna au fost \u00eempotriva noastr\u0103, ci \u015fi de o bun\u0103 parte de r\u0103t\u0103ci\u0163i, neinforma\u0163i de-ai no\u015ftri (dezinforma\u0163i de marii moldoveni\u015fti Dodon, Bor\u015fevichi \u015f.a. de teapa lor). Acum trebuie sus\u0163inute toate ini\u0163iativele de unire cu Rom\u00e2nia. Asta nu \u00eenseamn\u0103 c\u0103 trebuie abandonat\u0103 complet ideea integr\u0103rii europene. Trebuie de mers simultan \u00een ambele direc\u0163ii, care de fapt pe o anumit\u0103 por\u0163iune coincid). Deosebit de important\u0103 este ac\u0163iunea mi\u015fc\u0103rii \u201e<em>Tinerii Moldovei\u201d<\/em> de colectare a cererilor de unire cu Rom\u00e2nia. Pericolul pentru acest col\u0163 de \u0163ar\u0103 nu este t\u00e2n\u0103rul George Simion expulzat nelegitim \u015fi porce\u015fte cu interdic\u0163ie pentru cinci ani \u00een aceast\u0103 parte a Rom\u00e2niei tot a\u015fa cum pentru noi este drag\u0103 \u015fi proprie cealalt\u0103 parte de Rom\u00e2nie de peste Prut. Mai periculo\u015fi pentru guvernare sunt Dodon \u015fi Usat\u00e2i, care cheam\u0103 deschis la federalizarea Republicii Moldova, Petrenko \u015fi Garbuz, care au participat \u00een ac\u0163iuni antistatale. Periculo\u015fi sunt alde Tulean\u0163ev \u015f.a. ca el care de la Moscova cer implicarea Rusiei \u00een \u201e<em> ap\u0103rarea republicii moldovene\u015fti transnistrene de invazia armatei rom\u00e2ne\u201d <\/em>\u015f.a. Ace\u015ftia zdruncin\u0103 de zor corabia serios avariat\u0103 a actualei guvern\u0103ri pentru a o r\u0103sturna \u015fi declan\u015fa alegerile anticipate at\u00e2t de jinduite de ei.<\/p>\n<p style=\"text-align: justify;\">\u00cen problema reunirii exist\u0103 dou\u0103 modele: modelul 1859 c\u00e2nd s-au unit dou\u0103 entit\u0103\u0163i \u2013 Moldova \u015fi Muntenia, \u015fi modelul 1918, c\u00e2nd o Basarabie amenin\u0163at\u0103 de pericolul intern (ceea ce se \u00eent\u00e2mpl\u0103 ast\u0103zi: o criz\u0103 politic\u0103 ad\u00e2nc\u0103 legat\u0103 \u00een mare parte de furtul Secolului. Nu \u00een zadar tot mai popular\u0103 devine deviza \u201e<em>DNA trece\u0163i Prutul\u201d<\/em>) \u015fi pericolul extern \u2013 pericolul rusesc. Ei bine, cineva ar putea spune c\u0103 Rusia de ast\u0103zi nu este similar\u0103 cu cea de la 1918. Da, dar ast\u0103zi exist\u0103 un aliat serios \u00eempotriva Rusiei \u2013 Ucraina. Ea ne creeaz\u0103 toate condi\u0163iile s\u0103 ne rezolv\u0103m problemele: sunt un scut pentru noi, prelu\u00e2nd toat\u0103 furia Moscovei asupra lor; au blocat accesul militarilor ru\u015fi \u00een zona transnistrean\u0103; au instalat la Odesa un guvernator care va \u00eenchide robinetul de aer pentru aceast\u0103 forma\u0163iune statal\u0103 fantom\u0103, care a existat peste 20 de ani \u00een primul r\u00e2nd datorit\u0103 existen\u0163ei acestei g\u0103uri negre pentru Republica Moldova \u2013 portul de la Odesa. Dar cine acum la Chi\u015fin\u0103u ast\u0103zi s\u0103 fructifice aceste posibilit\u0103\u0163i extraordinare c\u00e2nd din cauza prostiei lui Filat care nu a dorit votarea guvernului Leanc\u0103 s-a ajuns acum iar\u0103\u015fi la situa\u0163ia de dup\u0103 30 noiembrie, dar cu o amprent\u0103 mult mai grea.<\/p>\n<p style=\"text-align: justify;\">Este clar, guvernarea de la Chi\u015fin\u0103u e \u00eentr-un mare impas \u015fi trebuie s\u0103 propun\u0103 ceva serios fiindc\u0103 tinerii \u015fi intelectualii, care nu vor s\u0103 abandoneze visul de apropiere de Uniunea European\u0103, ar putea g\u0103si solu\u0163ie la disperare \u2013 Unirea cu Rom\u00e2nia. Pe fundalul decurgerii lucrurilor din r\u0103u \u00een tot mai r\u0103u unirea cu Rom\u00e2nia s-au putea s\u0103 par\u0103 unica solu\u0163ie de salvare. Nu vorbesc de unioni\u015ftii convin\u015fi ci de cei mul\u0163i \u00eenc\u0103 indeci\u015fi \u015fi dezinforma\u0163i. De fapt \u015fi cele dou\u0103 uniri de la 1859 \u015fi 1918 au avut loc sub influen\u0163a major\u0103 a factorilor externi.<\/p>\n<p style=\"text-align: justify;\">Ce-i de f\u0103cut \u00een aceast\u0103 situa\u0163ie c\u00e2nd avem de rezolvat dou\u0103 probleme de interes major: alegerea primarului general al Capitalei \u015fi alegerea prim ministrului. Se vehiculeaz\u0103 intens c\u0103 una din candidaturi la premier s\u0103 fie Dorin Chirtoac\u0103. Este plauzibil\u0103 aceast\u0103 variant\u0103, lu\u00e2nd \u00een considera\u0163ie declara\u0163iile mai multor lideri de la guvernare privind constituirea unei majorit\u0103\u0163i parlamentare, dar \u015fi rezultatul bun ob\u0163inut de PL \u00een Chi\u015fin\u0103u \u015fi \u00een alte localit\u0103\u0163i. D. Chirtoac\u0103 trebuie s\u0103 \u00een\u0163eleag\u0103 c\u0103 pericolul ciumei ro\u015fii nu a disp\u0103rut. El trebuie de urgen\u0163\u0103 s\u0103 duc\u0103 tratative cu liderii celorlate forma\u0163iuni, \u00een primul r\u00e2nd, cu Iu. Leanc\u0103, dar \u015fi cu PLDM \u015fi PDM pentru a crea front comun celuilalt pol, \u00een care se vor reg\u0103si, la sigur, PSRM, PPN (Usat\u00eei) \u015fi PCRM. Referitor la posibila func\u0163ie de premier lui D. Chirtoac\u0103 personal nu-i va fi foarte bun\u0103 fiindc\u0103 va fi un guvern kamikaze, care prin metode nepopulare \u00een r\u00e2ndul membrilor coali\u0163iei va trebui s\u0103 aduc\u0103 lumin\u0103 \u00een furtul Secolului, iar prin ac\u0163iuni concrete s\u0103 rec\u00e2\u015ftige \u00eencrederea partenerilor europeni, compromis\u0103 serios \u00een aceast\u0103 jum\u0103tate de an. Trebuie sus\u0163inut\u0103 pe toate c\u0103ile formarea cu orice pre\u0163 a Alian\u0163ei majoritare proeuropene, \u00een caz contrar se poate forma o alt\u0103 majoritate &#8211; de st\u00e2nga (PSRM, PCRM \u015fi PD), care va \u00eenlocui vectorul european cu cel asiatic, sau va declan\u015fa alegeri anticipate. \u00a0E clar c\u0103 du\u015fmanii no\u015ftri se tem de crearea coali\u0163iei majoritare. \u00cens\u0103 viteza negocierilor \u015fi calitatea lor va depinde de rezultatele alegerilor generale locale. Trebuie de c\u00e2\u015ftigat alegerile locale. C\u00e2\u015ftig\u00e2nd Capitala Partidul Liberal ar putea fi mai conving\u0103tor \u00een tratativele cu partenerii de coali\u0163ie.<\/p>\n<p style=\"text-align: justify;\">\n<p align=\"right\"><strong><em>Valeriu Dulgheru<\/em><\/strong><\/p>\n","protected":false},"excerpt":{"rendered":"<p>\u00a0\u201eMda\u2026nene Iancule\u2026am fost \u015fi am r\u0103mas \u201eo so\u0163ietate f\u0103r\u0103 prin\u0163ipuri\u201d\u2026va s\u0103 zic\u0103, nu le-am avut de prea mult timp \u015fi [&#038;hellip<\/p>\n","protected":false},"author":1,"featured_media":0,"comment_status":"closed","ping_status":"closed","sticky":false,"template":"","format":"standard","meta":{"footnotes":""},"categories":[3],"tags":[],"class_list":["post-24241","post","type-post","status-publish","format-standard","hentry","category-articole"],"_links":{"self":[{"href":"https:\/\/www.marianagurza.ro\/blog\/wp-json\/wp\/v2\/posts\/24241","targetHints":{"allow":["GET"]}}],"collection":[{"href":"https:\/\/www.marianagurza.ro\/blog\/wp-json\/wp\/v2\/posts"}],"about":[{"href":"https:\/\/www.marianagurza.ro\/blog\/wp-json\/wp\/v2\/types\/post"}],"author":[{"embeddable":true,"href":"https:\/\/www.marianagurza.ro\/blog\/wp-json\/wp\/v2\/users\/1"}],"replies":[{"embeddable":true,"href":"https:\/\/www.marianagurza.ro\/blog\/wp-json\/wp\/v2\/comments?post=24241"}],"version-history":[{"count":2,"href":"https:\/\/www.marianagurza.ro\/blog\/wp-json\/wp\/v2\/posts\/24241\/revisions"}],"predecessor-version":[{"id":24243,"href":"https:\/\/www.marianagurza.ro\/blog\/wp-json\/wp\/v2\/posts\/24241\/revisions\/24243"}],"wp:attachment":[{"href":"https:\/\/www.marianagurza.ro\/blog\/wp-json\/wp\/v2\/media?parent=24241"}],"wp:term":[{"taxonomy":"category","embeddable":true,"href":"https:\/\/www.marianagurza.ro\/blog\/wp-json\/wp\/v2\/categories?post=24241"},{"taxonomy":"post_tag","embeddable":true,"href":"https:\/\/www.marianagurza.ro\/blog\/wp-json\/wp\/v2\/tags?post=24241"}],"curies":[{"name":"wp","href":"https:\/\/api.w.org\/{rel}","templated":true}]}}