{"id":24256,"date":"2015-06-19T07:50:15","date_gmt":"2015-06-19T07:50:15","guid":{"rendered":"http:\/\/www.marianagurza.ro\/blog\/?p=24256"},"modified":"2015-06-19T07:50:15","modified_gmt":"2015-06-19T07:50:15","slug":"octavian-d-curpas-un-jurnalist-din-chicago-cu-preocupari-culturale","status":"publish","type":"post","link":"https:\/\/www.marianagurza.ro\/blog\/2015\/06\/19\/octavian-d-curpas-un-jurnalist-din-chicago-cu-preocupari-culturale\/","title":{"rendered":"Octavian D. Curpa\u0219: Un jurnalist din Chicago cu preocup\u0103ri culturale"},"content":{"rendered":"<p style=\"text-align: justify;\"><a href=\"http:\/\/www.marianagurza.ro\/blog\/wp-content\/uploads\/2015\/06\/AdinaSasSimoniak.1.jpg\"><img loading=\"lazy\" decoding=\"async\" class=\"alignleft size-full wp-image-24257\" title=\"AdinaSasSimoniak.1\" src=\"http:\/\/www.marianagurza.ro\/blog\/wp-content\/uploads\/2015\/06\/AdinaSasSimoniak.1.jpg\" alt=\"\" width=\"183\" height=\"243\" \/><\/a>Adina Sas-Simoniak a venit pe lume \u00eentr-o zi de iarn\u0103, pe 10 ianuarie, \u00een cel mai frumos s\u0103tuc de la poalele Mun\u021bilor Zarandului, Cuvin, din jude\u021bul Arad \u0219i ca orice copil \u0219i-a iubit p\u0103rin\u021bii, care din nefericire, ast\u0103zi nu se mai afl\u0103 printre noi. Pe tat\u0103l ei \u00eel descrie ca pe un om cu ochi bucuro\u0219i \u0219i verzi, plini de savoarea vie\u021bii \u0219i cu sufletul mare, prea mare pentru lumea aceasta mic\u0103. Un om pasionat de poezie \u0219i care a scris o poezie plastic\u0103 \u0219i accesibil\u0103, \u00eenc\u0103rcat\u0103 de sentimentalism, de la el\u00a0 mo\u0219tenind de altfel, Adina, pasiunea pentru versuri, literatur\u0103, art\u0103, dar \u0219i fascina\u021bia marilor taine ale lumii \u0219i setea de cunoa\u0219tere. Mama, de profesie asistent\u0103 medical\u0103, s-a distins printr-un spirit practic, prin faptul c\u0103 s-a aflat mereu \u00een slujba oamenilor, de aceea locuitorii din satele vecine apreciau la ea cel mai mult consacrarea \u0219i dragostea sincer\u0103 pentru cei suferinzi. Dac\u0103 femeia care i-a dat via\u021b\u0103 Adinei Sas \u2013 Simoniak s-a ocupat de vindecarea fizic\u0103 a oamenilor, fiica ei i-a urmat oarecum chemarea, \u00eens\u0103 sub aspect interior, pentru c\u0103 \u0219i-a dorit dintotdeauna s\u0103 fie un sprijin pentru sufletele \u201ebolnave\u201d.<\/p>\n<p style=\"text-align: justify;\"><strong><em>Octavian:<\/em><\/strong><em> S\u0103 ne \u00eentoarcem la ziua \u00een care te-ai n\u0103scut. C\u00e2nd s-a \u00eent\u00e2mplat acest eveniment, unde \u0219i ce ai vrea s\u0103 ne spui despre p\u0103rin\u021bii t\u0103i?<\/em><\/p>\n<p style=\"text-align: justify;\"><strong>Adina:<\/strong> Tavi, \u00een primul r\u00e2nd, \u00ee\u021bi mul\u021bumesc pentru ini\u021biativa acestui interviu. Interviul are o parte bun\u0103, aceea c\u0103 pot \u00eemp\u0103rt\u0103\u0219i publicului despre Dumnezeul pe care \u00cel iubesc, dar \u0219i o parte mai pu\u021bin bun\u0103, ca s\u0103 zic a\u0219a, deoarece prin acesta m\u0103 fac vulnerabil\u0103, m\u0103 deschid, \u00eemi iau jos v\u0103lul care m\u0103 f\u0103cea \u201emisterioas\u0103\u201d\u2026 \u00cenceputul a fost \u00een 10 ianuarie \u0219i a\u0219a cum ai ghicit, n-am s\u0103 \u00ee\u021bi spun anul \u00een care m-am n\u0103scut ci doar c\u0103 m-am n\u0103scut \u00een cel mai frumos s\u0103tuc de la poalele Mun\u021bilor Zarandului, Cuvin, jude\u021bul Arad. Tat\u0103l meu, plecat la Domnul, ca de altfel to\u021bi din familia mea, a fost un om pasionat de poezie, a scris o poezie plastic\u0103 \u0219i accesibil\u0103, \u00eenc\u0103rcat\u0103 de sentimentalism\u2026 L-am iubit pe tata cu ochii lui bucuro\u0219i \u0219i verzi, plini de savoarea vie\u021bii \u0219i cu sufletul mare, prea mare pentru lumea asta mic\u0103. De la el am mo\u0219tenit pasiunea pentru poezie, literatur\u0103, art\u0103, dar \u0219i fascina\u021bia marilor taine ale lumii \u0219i setea de cunoa\u0219tere. Mama a fost un om practic, a fost mereu \u00een slujba oamenilor, fiind asistent\u0103 medical\u0103; to\u021bi oamenii din satele din \u00eemprejurimi apreciau consacrarea \u0219i dragostea ei sincer\u0103 pentru cei suferinzi. Dac\u0103 ea s-a ocupat s\u0103 vindece fizic pe oameni, eu i-am urmat \u00eentr-un fel chemarea, dar sub aspect interior, astfel \u00eemi doresc s\u0103 fiu un sprijin pentru sufletele \u201ebolnave\u201d.<\/p>\n<p style=\"text-align: justify;\"><strong><em>Octavian:<\/em><\/strong><em> Care este cea mai frumoas\u0103 amintire pe care o p\u0103strezi din vremea copil\u0103riei?<\/em><\/p>\n<p style=\"text-align: justify;\"><strong>Adina:<\/strong> \u00cemi amintesc multe experien\u021be frumoase din copil\u0103rie, totu\u0219i, legat\u0103 de primii muguri ai talentului actoricesc, \u00eemi amintesc vag,\u00a0 mai mult \u0219tiu din ce \u00eemi spuneau p\u0103rin\u021bii \u0219i vecinii, c\u0103 pe la 4 ani, sup\u0103rat\u0103 fiind c\u0103 bunica m-a pedepsit datorit\u0103 unei n\u0103zb\u00e2tii, mi-am f\u0103cut \u201ebagajul\u201d- o boccelu\u021b\u0103 \u00een care mi-am pus c\u00e2teva haine, o pereche de pantofiori, o bucat\u0103 de p\u00e2ine \u0219i o sticl\u0103 de plastic cu ap\u0103 \u0219i\u2026 am plecat de acas\u0103. O, nu, nu pe furi\u0219, pur \u0219i simplu mi-am luat r\u0103mas-bun de la ai mei \u0219i le-am spus c\u0103 merg s\u0103 locuiesc \u00een p\u0103dure, unde este libertate s\u0103 fac ce vreau, departe de \u201er\u0103utatea\u201d bunicii \u0219i de pedepsele aplicate. \u0218i fiindc\u0103 tata \u00eemi tot striga din prag c\u0103 acolo sunt lupi furio\u0219i, am luat \u0219i o b\u00e2t\u0103 mare proptit\u0103 de poart\u0103, cu care bunicul \u201eb\u0103tea\u201d nucii\u2026 Am privit spre p\u0103dure \u0219i cu ochii la deal, m-am apropiat de acesta, ai mei m-au urm\u0103rit \u00eendeaproape f\u0103r\u0103 s\u0103 \u0219tiu. Sigur c\u0103 m-am mai oprit pe drum \u0219i unor persoane mirate le-am explicat c\u0103 tocmai am decis s\u0103 \u00eemi p\u0103r\u0103sesc c\u0103minul \u0219i s\u0103 iau drumul s\u0103lb\u0103ticiei, c\u0103 pot fi m\u00e2ncat\u0103 de lupi dar, dec\u00e2t s\u0103 fiu certat\u0103 pentru lucruri \u201ede nimic\u201d mai bine s\u0103 m\u0103 \u201epape\u201d lupul, c\u0103 mi-ar pl\u0103cea s\u0103 \u00eei v\u0103d pe to\u021bi ai mei cum se rup \u00een dou\u0103 de pl\u00e2ns dup\u0103 mine, dac\u0103 cumva \u00eemi vor mai g\u0103si osemintele\u2026 \u00cemi pl\u0103cea mult s\u0103 joc acel rol de victim\u0103. Dar, nu am f\u0103cut prea mul\u021bi pa\u0219i, c\u0103 o vecin\u0103 intuind care este situa\u021bia, m-a invitat la o \u201ecafea\u201d de vorb\u0103, \u00eenainte de a merge s\u0103 \u00eemi dedic via\u021ba \u201epustiului p\u0103durii\u201d. \u0218i acolo, la un pahar de sirop de c\u0103p\u0219uni \u0219i \u00eentinz\u00e2ndu-ne la mult\u0103 vorb\u0103rie, a ap\u0103rut Mo\u0219 Ene care m-a trimis direct \u00een bra\u021bele iubitoare ale bunicii ce a\u0219tepta cuminte semnalul la care putea s\u0103 m\u0103 \u201erecupereze\u201d. De asemenea, tot \u00een jurul acestei v\u00e2rste am compus primul c\u00e2ntecel pe care \u00eel c\u00e2ntam pe \u201escen\u0103\u201d (banca de la strad\u0103), imit\u00e2nd chitara, pianul, \u00eembr\u0103cat\u0103 cu hainele mamei str\u00e2nse cu tot felul de cordoane \u0219i \u00eenc\u0103l\u021bat\u0103 cu pantofii ei. A\u0219a c\u0103, to\u021bi trec\u0103torii beneficiau de un spectacol gratuit care, se spune c\u0103 nu era r\u0103u, Dumnezeu \u00eenzestr\u00e2ndu-m\u0103 cu voce frumoas\u0103.<\/p>\n<p style=\"text-align: justify;\"><strong><em>Octavian:<\/em><\/strong><em> Cum ai descrie anii de liceu \u0219i ce a avut special acea perioad\u0103 pentru tine? <\/em><\/p>\n<p style=\"text-align: justify;\"><strong>Adina:<\/strong> Am absolvit liceul de matematic\u0103-fizic\u0103 Ioan \u201eSlavici\u201d (azi \u201eMoise Nicoar\u0103\u201d) din Arad. \u00cenc\u0103 din copil\u0103rie am cochetat cu ideea de a fi actri\u021b\u0103, a\u0219a c\u0103 \u0219i \u00een liceu mi-am alimentat mult dorin\u021ba aceasta \u0219i am f\u0103cut pa\u0219i \u201efaptici\u201d, \u00eenscriindu-m\u0103 \u00een trupa \u201eTeatru ve\u0219nic t\u00e2n\u0103r\u201d din Arad, o trup\u0103 de tineri talenta\u021bi, selecta\u021bi de actri\u021ba Emilia Dima-Jurca din Arad. Am luat lec\u021bii de actorie cu regretatul actor Ion Petrache de la Teatru de Stat din Arad, un om care a pus \u00een mine temelia pe care am cl\u0103dit edificiul numit Teatru. Perioada liceului mi-a descoperit \u00eens\u0103 \u0219i tenta\u021bia p\u0103catului, dorin\u021ba avid\u0103 de glorie, de a fi cineva, dar a fost \u0219i un timp \u00een care m-am \u00eenfruptat cu literatura clasicilor pe care \u00eei iubesc: Dostoievski, Tolstoi, Balzac, teatrul absurd al lui Eugen Ionescu\u2026 Am jucat \u00een c\u00e2teva piese de teatru, am realizat c\u00e2teva momente poetice unele dintre ele premiate. Cel mai mult mi-a pl\u0103cut momentul poetic: \u201eA venit toamna\u2026\u201d de Nichita St\u0103nescu.<\/p>\n<p style=\"text-align: justify;\"><strong><em>Octavian:<\/em><\/strong><em> S\u0103 \u00een\u021beleg c\u0103 nu ai avut \u0219i alte op\u021biuni, doar\u2026 Teatrul?<\/em><\/p>\n<p style=\"text-align: justify;\"><strong>Adina:<\/strong> \u00cen adolescen\u021b\u0103 am studiat muzica clasic\u0103 \u0219i folk \u0219i o vreme m-am g\u00e2ndit s\u0103 dau examen la Conservator, dar dragostea de Teatru a \u00eenvins.<\/p>\n<p style=\"text-align: justify;\"><strong><em>Octavian:<\/em><\/strong><em> \u00cen ce an ai devenit student\u0103 la Teatru \u0219i c\u00e2nd ai absolvit facultatea?<\/em><\/p>\n<p style=\"text-align: justify;\"><strong>Adina:<\/strong> Am reu\u0219it la Academia de Teatru din Tg. Mure\u0219, sec\u021bia Actorie \u00een 1991 devenind licen\u021biat\u0103 \u00een actorie \u00een 1995.<\/p>\n<p style=\"text-align: justify;\"><strong><em>Octavian:<\/em><\/strong><em> Ce materii \u021bi s-au p\u0103rut cele mai interesante \u0219i ce roluri \u021bi-au pl\u0103cut?<\/em><\/p>\n<p style=\"text-align: justify;\"><strong>Adina:<\/strong> Mi-au pl\u0103cut \u2013 Arta vorbirii scenice, Tehnica vorbirii scenice, Istoria Teatrului Universal, Istoria Culturii \u0219i civiliza\u021biei, Dansul, Canto. Sigur c\u0103 au fost interesante \u0219i materii ca: Acroba\u021bie, Scrim\u0103, Pantomim\u0103. Am savurat fiecare curs, mi-a pl\u0103cut s\u0103 cunosc c\u00e2t mai mult \u0219i m-am str\u0103duit s\u0103 \u00eemi \u00eensu\u0219esc aceste cuno\u0219tin\u021be pentru a fi o actri\u021b\u0103 bun\u0103. \u00cen facultate am jucat Eleva din Lec\u021bia a lui Eugen Ionescu (Regia Radu Dobre Basarab)- mi-a pl\u0103cut mult acest rol, a fost greu dar frumos. De asemenea, la clas\u0103 am jucat-o pe Sonia, \u00eentr-o dramatizare dup\u0103 \u201eCrim\u0103 \u0219i pedeaps\u0103\u201d a lui Dostoievski. De acest personaj am fost foarte legat\u0103.<\/p>\n<p style=\"text-align: justify;\"><strong><em>Octavian:<\/em><\/strong><em> Ai avut ceva \u00een comun cu personajele pe care le-ai interpretat?<\/em><\/p>\n<p style=\"text-align: justify;\">Adina: N-a\u0219 putea spune c\u0103 am avut cu toate ceva \u00een comun, dar fiecare rol a rupt ceva din mine, fiindc\u0103 l-am tr\u0103it. Adic\u0103, pur \u0219i simplu m-am transpus \u00een personaj, iubindu-l a\u0219a cum era, chiar negativ. Am vrut s\u0103 merg pe linii noi, f\u0103r\u0103 s\u0103 m\u0103 inspir din ce au f\u0103cut al\u021bii. L-am considerat rolul meu \u0219i trebuia s\u0103 \u00eel tr\u0103iesc \u00een modul meu, unic, cu toate celulele fiin\u021bei mele.<\/p>\n<p style=\"text-align: justify;\"><strong><em>Octavian:<\/em><\/strong><em> Ai avut vreo experien\u021b\u0103 deosebit\u0103 \u00een perioada studen\u021biei?<\/em><\/p>\n<p style=\"text-align: justify;\"><strong>Adina:<\/strong> Da, am avut o experien\u021b\u0103 care mi-a schimbat sensul, via\u021ba, tot, m-a ren\u0103scut dintr-un alt \u201ealuat\u201d. Este cea mai frumoasa experien\u021b\u0103 din via\u021ba mea. \u00cenc\u0103 \u00eenainte de a da admitere la teatru l-am cunoscut pe Simi, actualul meu so\u021b. El era cre\u0219tin, eu credeam \u00een tot felul de filosofii, \u00eel citisem pe Kant, Schopenhauer \u0219i era un mare amalgam \u00een mintea mea. Bunicii m-au dus la biseric\u0103, copil fiind, dar cresc\u00e2nd mi-am zis c\u0103 Dumnezeu nu este \u201emodern\u201d, nu se potrivea cu modul meu extravagant de a tr\u0103i. Felul de a fi a lui Simi mi-a insuflat dorin\u021ba de a \u0219tii dac\u0103 Isus exist\u0103. \u0218i dac\u0103 da, sincer, vroiam s\u0103 iau cumva leg\u0103tura cu El pentru a m\u0103 schimba \u0219i pe mine \u0219i pentru a gusta pacea Sa. Interesant este c\u0103, \u00een nevoia mea de a-L g\u0103si am dorit s\u0103 acop\u0103r acel gol interior cu religie, dar aceasta s-a dovedit doar un surogat. Domnul nu este o religie, El este o FIIN\u021a\u0102 care ne iube\u0219te, ne ascult\u0103 rug\u0103ciunea \u0219i dore\u0219te s\u0103 comunice cu noi. Aceasta am \u00een\u021beles c\u00e2nd am citit Noul Testament si am \u00eenceput pentru prima oar\u0103 s\u0103 m\u0103 rog sincer \u0219i spontan. \u0218i a\u0219a, m-am apropiat tot mai mult de bra\u021bele Lui deschise. Cu c\u00e2t m\u0103 apropiam mai mult de Dumnezeu cu at\u00e2t sim\u021beam mai acut nevoia de purificare, fiindc\u0103 \u00een lumina Sa clar\u0103 \u00eemi vedeam hainele murdare ale tr\u0103irii mele f\u0103r\u0103 El. Grea de p\u0103cate am c\u0103zut la picioarele Lui \u0219i L-am rugat s\u0103 m\u0103 primeasc\u0103 a\u0219a cum eram \u0219i s\u0103 \u00eemi \u0219tearg\u0103 p\u0103catele cu S\u00e2ngele S\u0103u. Aleg\u00e2ndu-L pe El ca Domn \u0219i M\u00e2ntuitor personal, am f\u0103cut cea mai bun\u0103 alegere, fiindc\u0103 Domnul a dat gust vie\u021bii mele \u0219i m-a \u00eemplinit.<\/p>\n<p style=\"text-align: justify;\"><strong><em>Octavian:<\/em><\/strong><em> S-a v\u0103zut o diferen\u021b\u0103 \u00een via\u021ba ta?<\/em><\/p>\n<p style=\"text-align: justify;\"><strong>Adina:<\/strong> Da! \u201eDac\u0103 este cineva \u00een Hristos, este o f\u0103ptur\u0103 nou\u0103, cele vechi s-au dus, iat\u0103 c\u0103 toate lucrurile s-au f\u0103cut noi\u201d (2 Corinteni 5:17). S-a v\u0103zut o mare diferen\u021b\u0103 \u00een modul meu de a g\u00e2ndi, \u00een raportarea la semeni, iar valorile cre\u0219tine au dobor\u00e2t idolii non-valorilor din via\u021ba mea.<\/p>\n<p style=\"text-align: justify;\"><strong><em>Octavian:<\/em><\/strong><em> Totu\u0219i ai decis s\u0103 nu profesezi. De ce? <\/em><\/p>\n<p style=\"text-align: justify;\"><strong>Adina:<\/strong> Am v\u0103zut c\u0103 mirajul scenei este efemer. Scena mi-a dat popularitate (\u0219i aceasta este ceva trec\u0103tor \u00een aceast\u0103 lume), dar Hristos mi-a dat via\u021b\u0103 ve\u0219nic\u0103, a rev\u0103rsat iubirea Sa \u00een via\u021ba mea\u2026 Cum s\u0103 mai tr\u0103ie\u0219ti \u00eentr-o lume iluzorie, juc\u00e2ndu-te de-a via\u021ba, c\u00e2nd po\u021bi s\u0103 tr\u0103ie\u0219ti deplin \u0219i s\u0103 te bucuri de prezen\u021ba lui Dumnezeu?<\/p>\n<p style=\"text-align: justify;\"><strong><em>Octavian:<\/em><\/strong><em> Care a fost urm\u0103torul pas dup\u0103 absolvirea Academiei de Teatru?<\/em><\/p>\n<p style=\"text-align: justify;\"><strong>Adina: <\/strong>Dup\u0103 absolvirea Academiei de Teatru m-am ambi\u021bionat s\u0103 \u201eatac\u201d televiziunea. Am dat concurs pentru postul de realizator al emisiunii \u201eVia\u021ba spiritual\u0103\u201d la Televiziunea din Arad \u0219i am reu\u0219it. Astfel, timp de aproape doi ani am realizat \u00een fiecare s\u00e2mb\u0103t\u0103 o or\u0103 de emisiune cre\u0219tin\u0103, program care s-a retransmis \u00een fiecare duminic\u0103 diminea\u021ba. O scurt\u0103 perioad\u0103 am realizat \u0219i emisiunea \u201eAgenda cultural\u0103\u201d \u00een cadrul c\u0103reia am avut bucuria s\u0103 \u00eei iau un interviu regretatei actri\u021be Leopoldina B\u0103l\u0103nu\u021b\u0103, o actri\u021b\u0103 de mare valoare pe care am admirat-o mult.<\/p>\n<p style=\"text-align: justify;\"><strong>Octavian:<\/strong> S\u0103 trecem la via\u021ba ta particular\u0103. C\u00e2nd te-ai c\u0103s\u0103torit cu Simi \u0219i c\u00e2nd a\u021bi venit \u00een Statele Unite?<\/p>\n<p style=\"text-align: justify;\"><strong>Adina:<\/strong> M-am c\u0103s\u0103torit cu Simi \u00een decembrie 1995, iar \u00een aprilie 1997 am venit \u00een Statele Unite.<\/p>\n<p style=\"text-align: justify;\"><strong><em>Octavian:<\/em><\/strong><em> Cum a continuat cariera ta \u201cpeste ocean\u201d?<\/em><\/p>\n<p style=\"text-align: justify;\"><strong>Adina<\/strong>: Fiindc\u0103 sunt sentimental\u0103, mi-a trebuit mult timp s\u0103 \u00een\u021beleg c\u0103 \u201eaici trebuie s\u0103 \u00eemi fac rostul\u201d, m-am sim\u021bit ca un l\u0103star rupt din trupul copacului \u0219i m\u0103 dureau nervurile de at\u00eeta dor de ai mei, de \u021bar\u0103, de prieteni, de \u201eacas\u0103\u201d\u2026\u00a0 Dup\u0103 c\u00e2teva s\u0103pt\u0103m\u00e2ni de la sosirea \u00een Chicago am \u00eenceput s\u0103 realizez emisiuni la Televiziunea Bisericii Philadelphia din Chicago (realizam medita\u021bii cre\u0219tine \u0219 uneori prezentam emisiunea), iar c\u00e2nd aceasta \u0219i-a \u00eencheiat activitatea, am colaborat cu Televiziunea Cre\u0219tina Rom\u00e2n\u0103 din Chicago. O scurt\u0103 perioad\u0103 am realizat emisiuni cre\u0219tine, de turism, dar \u0219i recital de poezie la Romanian Sat TV din Chicago.<\/p>\n<p style=\"text-align: justify;\"><strong><em>Octavian:<\/em><\/strong><em> Vorbe\u0219te-ne despre activitatea ta publicistic\u0103. La ce ziare \u0219i reviste ai colaborat \u0219i ai publicat?<\/em><\/p>\n<p style=\"text-align: justify;\"><strong>Adina:<\/strong> Debutul a fost \u00een revista \u201eOastea Domnului\u201d unde am publicat c\u00e2teva articole. De asemenea, am publicat \u00een \u201eFlac\u0103ra Rusaliilor\u201d, \u201eCuv\u00e2ntul Adev\u0103rului\u201d, \u201eMeridianul Rom\u00e2nesc\u201d, \u201eGenesis\u201d, apoi, timp de c\u00e2\u021biva ani, am editat revista Televiziunii Cre\u0219tine Rom\u00e2ne: \u201eCre\u0219tinul \u00een ac\u021biune\u201d. \u00cen aprilie 2003 a v\u0103zut lumina tiparului prima edi\u021bie a revistei \u201eOrizont cre\u0219tin\u201d, pe care am publicat-o c\u00e2\u021biva ani, iar din 2008 am \u00eenceput s\u0103 realizez site-ul:\u00a0 <a href=\"http:\/\/www.orizontcrestin.org\">www.orizontcrestin.org<\/a><\/p>\n<p style=\"text-align: justify;\">Revista \u201eOrizont cre\u0219tin\u201d este probabil singura care i-a unit pe cre\u0219tinii din diferite confesiuni: ortodoc\u0219i, bapti\u0219ti, penticostali, cre\u0219tini dup\u0103 Evanghelie \u0219i adventi\u0219ti. \u00cenc\u0103 de la \u00eenceput am dorit ca aceasta s\u0103-i uneasc\u0103 pe cre\u0219tini \u00een jurul lui Hristos \u0219i nu \u00een jurul unei orient\u0103ri sau biserici. Am publicat articole semnate de pastori, preo\u021bi, cre\u0219tini, cu condeiul \u00een m\u00e2n\u0103, arz\u00e2nd de dragul Domnului \u0219i pe paginile revistei niciodat\u0103 nu s-a dat loc la puncte de vedere ale unei biserici, ci s-au dezb\u0103tut doar subiecte comune din Sf. Scripturi \u0219i teme care ne unesc. Revista a fost distribuit\u0103 \u00een toat\u0103 comunitatea rom\u00e2n\u0103 din Chicago \u0219i \u00eemprejurimi, \u00een bisericile rom\u00e2ne de aici \u0219i a fost bine primit\u0103, mai ales c\u0103 a fost un fel de revist\u0103-caleidoscop care cuprindea: articole cre\u0219tine, articole diverse, rubrici ca: \u201e\u0218tia\u021bi c\u0103\u2026?\u201d (curiozit\u0103\u021bi), \u201ePunct turistic\u201d, \u201eFile de istorie\u201d, \u201eDe la gospodine\u2026 pentru gospodine!\u201d, \u201eS\u0103n\u0103tate\u201d, \u201eCol\u021bul de literatur\u0103\u201d, \u201eMaxime \u0219i cuget\u0103ri\u201d, rebus, etc.\u00a0 \u00cen 2002 am publicat prima mea carte de versuri: \u201ePerpendiculara pe un col\u021b de nemurire\u201d (Editura Multimedia, Arad). De asemenea, am editat dou\u0103 c\u0103r\u021bi de versuri: \u201eSemnul vie\u021bii\u201d (o plachet\u0103 cu versuri ale pictori\u021bei Dorothea Fleiss din Germania \u0219i fotografii ale artistei-fotograf Lia Deznan din Chicago) \u0219i cartea de versuri \u201ePicuri din suflet\u201d de Ion Soimosanu.<\/p>\n<p style=\"text-align: justify;\"><strong>Octavi<em>an:<\/em><\/strong><em> E\u0219ti un cre\u0219tin implicat, activ? <\/em><\/p>\n<p style=\"text-align: justify;\"><strong>Adina:<\/strong> Dac\u0103 a fi implicat activ \u00eenseamn\u0103 a te \u201earunca\u201d \u00een apele furioase ale lumii pentru sufletele pierdute, atunci da, sunt un cre\u0219tin activ. Fac \u00eens\u0103 prea pu\u021bin din c\u00e2t ar trebui s\u0103 fac, dar m\u0103 doare durerea lumii \u0219i am o mare pasiune de a c\u00e2\u0219tiga suflete pentru \u00cemp\u0103r\u0103\u021bia lui Dumnezeu.<\/p>\n<p style=\"text-align: justify;\"><strong><em>Octavian:<\/em><\/strong><em> Ce altceva mai faci \u00een prezent, pe l\u00e2ng\u0103 scris? Care e preocuparea ta de c\u0103p\u0103t\u00e2i la ora actual\u0103?<\/em><\/p>\n<p style=\"text-align: justify;\"><strong>Adina:<\/strong> \u00cen primul r\u00e2nd, m\u0103 str\u0103duiesc s\u0103 fiu o mam\u0103 \u0219i o so\u021bie bun\u0103. Sunt binecuv\u00e2ntat\u0103 de Domnul av\u00e2ndu-l pe Simi \u0219i doua feti\u021be: Shanea \u0219i Mayra. \u00cen al doilea r\u00e2nd, m\u0103 ocup de consiliere spiritual\u0103. Sunt multe femei singure, ne\u00een\u021belese, \u00een depresie \u0219i au nevoie de cineva s\u0103 le asculte, s\u0103 nu le condamne, s\u0103 le pun\u0103 sub picioare fasciculul de lumin\u0103 care este credin\u021ba \u0219i care le conduce la Dumnezeu. De asemenea, m\u0103 \u00eent\u00e2lnesc aproape zilnic cu persoane care sunt \u00een c\u0103utarea lui Dumnezeu \u0219i le ajut s\u0103 g\u0103seasc\u0103 drumul spre cer.<\/p>\n<p style=\"text-align: justify;\"><strong><em>Octavian:<\/em><\/strong><em> Pentru c\u0103 e\u0219ti actri\u021b\u0103, te-ai g\u00e2ndit vreodat\u0103 s\u0103 faci film cre\u0219tin?<\/em><\/p>\n<p style=\"text-align: justify;\"><strong>Adina:<\/strong> Da, de multe ori. \u0218i \u00eenc\u0103 m\u0103 g\u00e2ndesc. A\u0219tept \u00eens\u0103 ca Dumnezeu, dac\u0103 va fi voia Lui, s\u0103 m\u0103 direc\u021bioneze \u00eentra-colo, s\u0103 \u00eemi deschid\u0103 o u\u0219\u0103\u2026 Mi-ar pl\u0103cea s\u0103 fac \u0219i teatru cre\u0219tin, consider\u00e2ndu-l o form\u0103 contemporan\u0103 eficient\u0103 de evanghelizare.<\/p>\n<p style=\"text-align: justify;\"><strong><em>Octavian:<\/em><\/strong><em> Ai dori s\u0103 ne relatezi o anumit\u0103 experien\u021b\u0103 pe care ai avut-o cu Dumnezeu?<\/em><\/p>\n<p style=\"text-align: justify;\"><strong>Adina:<\/strong> Da, a\u0219 vrea s\u0103 v\u0103 povestesc cum Domnul, \u00een \u00eendurarea Sa cea mare, ne-a d\u0103ruit-o pe Shanea, minunea pe care o a\u0219teptam de 10 ani. Ne-am dorit mult copii, dar timpul trecea \u0219i, dup\u0103 dou\u0103 e\u0219ecuri, dup\u0103 perioade \u00een care m\u0103 sim\u021beam umilit\u0103, ca apoi s\u0103 devin resemnat\u0103, am urmat ceea ce Domnul, prin Biblie, ne sf\u0103tuie\u0219te: \u201eEste vreunul printre voi bolnav? S\u0103 cheme pe prezbiterii Bisericii; \u015fi s\u0103 se roage pentru el, dup\u0103 ce-l vor unge cu untdelemn \u00een Numele Domnului\u201d (Iacov 5:14). Pastorul bisericii, Luigi Mitoi s-a rugat pentru mine \u0219i mi-a f\u0103cut ungerea cu untdelemn, conform Cuv\u00e2ntului Domnului. R\u0103spunsul a venit \u00een scurt timp. Am r\u0103mas \u00eens\u0103rcinat\u0103, spre marea noastr\u0103 bucurie. Dar iat\u0103 c\u0103, dup\u0103 8 s\u0103pt\u0103m\u00e2ni au reap\u0103rut exact acelea\u0219i simptome premerg\u0103toare pierderii sarcinii, a\u0219a cum s-a \u00eent\u00e2mplat cu dou\u0103 sarcini precedente. Am apelat din nou la Domnul \u0219i El m-a vindecat imediat. Din acel moment, perioada de sarcin\u0103 a decurs f\u0103r\u0103 nici o complica\u021bie, f\u0103r\u0103 s\u0103 \u00eentrerup lucrarea la care eram chemat\u0103. Pe 17 decembrie 2006 s-a n\u0103scut Shanea, care este o binecuv\u00e2ntare pentru noi, ca \u0219i Mayra, de altfel. Domnul a f\u0103cut multe minuni \u00een via\u021ba mea \u0219i consider c\u0103 acesta este modul Lui obi\u0219nuit de a fi. El este Salvatorul, Vindec\u0103torul, Eliberatorul, El-Shaddai (Dumnezeul cel Atotputernic), este un Dumnezeu \u201eactiv\u201d, a\u0219 putea zice, care comunic\u0103 cu noi \u0219i intervine \u00een via\u021ba noastr\u0103, dac\u0103 Ii d\u0103m voie.<\/p>\n<p style=\"text-align: justify;\"><strong>Octavian:<\/strong> Ce hobby-uri ai?<\/p>\n<p style=\"text-align: justify;\"><strong>Adina:<\/strong> Sunt pasionat\u0103 de Domnul, a\u0219 vrea s\u0103-L explorez \u0219i s\u0103 cresc \u00een rela\u021bia cu El. \u00cemi place s\u0103 citesc Sf. Scriptur\u0103, fiindc\u0103 g\u0103sesc \u00een ea refugiu \u0219i r\u0103spuns la dilemele mele. \u00cei citesc cu pl\u0103cere pe John Ortberg, Bill Hybels, Smith Wigglesworth, Jim Cymbala \u0219i unele c\u0103r\u021bi mi se \u201elipesc\u201d de m\u00e2ini. Consider un hobby dar \u0219i o responsabilitate s\u0103 vorbesc oamenilor despre Domnul. Lucrez cu bucurie la website-ul de care va spuneam: www.orizontcrestin.org \u0219i pe care v\u0103 invit s\u0103 \u00eel vizita\u021bi. Sunt fascinat\u0103 de drume\u021bii, \u00eemi place muntele, dar \u0219i marea, p\u0103durea, pescuitul, fotbalul, muzica. Fream\u0103t la frumos, la art\u0103.<\/p>\n<p style=\"text-align: justify;\"><strong>Octavian:<\/strong> Dup\u0103 p\u0103rerea ta, care este cheia succesului spiritual?<\/p>\n<p style=\"text-align: justify;\"><strong>Adina:<\/strong> A r\u0103m\u00e2ne \u00een Hristos. \u00cemi amintesc acum o rug\u0103ciune pe care i-o adresa Domnului Oswald J. Smith \u0219i care suna a\u0219a: \u201eDoamne, iat\u0103 m\u00e2inile mele. \u021ai le consacru. Ajut\u0103-m\u0103 s\u0103 nu ating\u0103 nimic care nu este pe placul T\u0103u! \u0218i aici sunt picioarele mele. \u021ai le d\u0103ruiesc \u021aie. Nu le l\u0103sa s\u0103 alerge unde nu trebuie! Aici sunt ochii mei. Nu-i l\u0103sa s\u0103 priveasc\u0103 la lucruri care-L pot \u00eentrista pe Duhul Sf\u00e2nt! Urechile mele s\u0103 n-asculte ceea ce Te dezonoreaz\u0103 pe Tine! Gura mea s\u0103 nu rosteasc\u0103 niciodat\u0103 cuvinte pe care Tu nu vrei s\u0103 le auzi! Mintea mea s\u0103 nu re\u021bin\u0103 nici un g\u00e2nd \u0219i nici o imagina\u021bie care nu este curat\u0103! Iar inima mea s\u0103 nu iubeasc\u0103 altceva dec\u00e2t lucrurile Tale!\u201d. Aceasta \u00eenseamn\u0103 dependen\u021ba de Domnul, d\u0103ruire total\u0103 Lui, r\u0103m\u00e2nere \u00een El. La o astfel de tr\u0103ire ne cheam\u0103 Dumnezeu pentru a de\u021bine cheia succesului spiritual.<\/p>\n<p style=\"text-align: justify;\"><strong><em>Octavian:<\/em><\/strong><em> Ce planuri de viitor ai?<\/em><\/p>\n<p style=\"text-align: justify;\">Adina: Nu a\u0219 vrea s\u0103 las din m\u00e2n\u0103 condeiul, de\u0219i grija pentru sufletul oamenilor a devenit primordial\u0103 pentru mine. Dac\u0103 Dumnezeu m\u0103 \u021bine s\u0103n\u0103toas\u0103, a\u0219 dori s\u0103 public o carte de versuri \u0219i eseuri: \u201eClepsidra cu sentimente\u201d \u0219i lucrez la un roman despre via\u021ba tr\u0103it\u0103 f\u0103r\u0103 Domnul \u0219i \u00eentoarcerea mea \u00een bra\u021bele Sale. Mai am \u00eenc\u0103 multe de spus despre dragostea lui Dumnezeu, de aceea vreau s\u0103 stau la dispozi\u021bia Domnului, ca El s\u0103 \u00eemi deschid\u0103 oportunit\u0103\u021bi de a-L sluji. Sunt flexibil\u0103 \u00een m\u00e2inile Sale \u0219i lini\u0219tit\u0103. Sunt lini\u0219tit\u0103 ca lutul \u00een m\u00e2inile olarului care \u00eel modeleaz\u0103 s\u0103 fie frumos \u0219i folositor.<\/p>\n<p style=\"text-align: justify;\"><strong><em>Octavian:<\/em><\/strong><em> Cum crezi c\u0103 ar trebui s\u0103 fie biserica de azi, trupul lui Hristos, pentru a fi influent\u0103 \u00een lume?<\/em><\/p>\n<p style=\"text-align: justify;\"><strong>Adina:<\/strong> Eu cred c\u0103 Biserica trebuie s\u0103 fie o tor\u021b\u0103 \u00een lumea aceasta de \u00eentuneric \u0219i p\u0103cat. Cre\u0219tinii ar trebui s\u0103 ias\u0103 din zidurile ei frumoase cu scaune confortabile \u0219i s\u0103 mearg\u0103 \u00een lume, \u00een tran\u0219ee, acolo unde se moare, acolo unde este durere \u0219i dezn\u0103dejde. Menirea Bisericii este de a fi un spital pentru cei suferinzi, aici Duhul m\u00e2ng\u00e2ie, leag\u0103 r\u0103nile, ridic\u0103 poveri. Ne-am obi\u0219nuit s\u0103 nu avem probleme, s\u0103 ascult\u0103m cumin\u021bi predica \u0219i s\u0103 plec\u0103m acas\u0103 cu con\u0219tiin\u021ba \u00eemp\u0103cat\u0103 c\u0103 am fost la Casa Domnului. Sau poate, dac\u0103 avem un pic de \u201er\u00e2vn\u0103\u201d ne \u00eendrept\u0103m aten\u021bia spre cei din \u021bar\u0103 (vorba unui cre\u0219tin: \u201eto\u021bi fac misiune \u00een Rom\u00e2nia, aici, \u00een \u201eIerusalimul\u201d nostru, ce facem?\u201d). \u0218i are dreptate. \u00cen Chicago, de exemplu, sunt c\u00e2teva zeci de mii de rom\u00e2ni care nu au o \u00eent\u00e2lnire personal\u0103 cu Domnul. Pentru ca biserica s\u0103 fie influent\u0103 trebuie, \u00een primul r\u00e2nd s\u0103 fie \u00eembr\u0103cat\u0103 cu putere de sus, fiindc\u0103 numai Duhul Sf\u00e2nt poate s\u0103 scoat\u0103 un om din mocirla p\u0103catului. Apoi, cred c\u0103 biserica trebuie s\u0103 \u00ee\u0219i cunoasc\u0103 bine menirea de evanghelizare \u0219i s\u0103 \u00eenceap\u0103 aceast\u0103 misiune cu \u201eIerusalim\u201d- ul unde ne-a a\u0219ezat Domnul \u0219i \u00een al treilea r\u00e2nd, s\u0103 foloseasc\u0103 resursele mass mediei (care este o putere) pentru a r\u0103sp\u00e2ndi Vestea Bun\u0103.<\/p>\n<p>&nbsp;<\/p>\n<p style=\"text-align: center;\">Octavian D. Curpa\u0219<\/p>\n<p style=\"text-align: center;\">Phoenix, Arizona<\/p>\n","protected":false},"excerpt":{"rendered":"<p>Adina Sas-Simoniak a venit pe lume \u00eentr-o zi de iarn\u0103, pe 10 ianuarie, \u00een cel mai frumos s\u0103tuc de la [&#038;hellip<\/p>\n","protected":false},"author":1,"featured_media":0,"comment_status":"closed","ping_status":"closed","sticky":false,"template":"","format":"standard","meta":{"footnotes":""},"categories":[3],"tags":[],"class_list":["post-24256","post","type-post","status-publish","format-standard","hentry","category-articole"],"_links":{"self":[{"href":"https:\/\/www.marianagurza.ro\/blog\/wp-json\/wp\/v2\/posts\/24256","targetHints":{"allow":["GET"]}}],"collection":[{"href":"https:\/\/www.marianagurza.ro\/blog\/wp-json\/wp\/v2\/posts"}],"about":[{"href":"https:\/\/www.marianagurza.ro\/blog\/wp-json\/wp\/v2\/types\/post"}],"author":[{"embeddable":true,"href":"https:\/\/www.marianagurza.ro\/blog\/wp-json\/wp\/v2\/users\/1"}],"replies":[{"embeddable":true,"href":"https:\/\/www.marianagurza.ro\/blog\/wp-json\/wp\/v2\/comments?post=24256"}],"version-history":[{"count":2,"href":"https:\/\/www.marianagurza.ro\/blog\/wp-json\/wp\/v2\/posts\/24256\/revisions"}],"predecessor-version":[{"id":24259,"href":"https:\/\/www.marianagurza.ro\/blog\/wp-json\/wp\/v2\/posts\/24256\/revisions\/24259"}],"wp:attachment":[{"href":"https:\/\/www.marianagurza.ro\/blog\/wp-json\/wp\/v2\/media?parent=24256"}],"wp:term":[{"taxonomy":"category","embeddable":true,"href":"https:\/\/www.marianagurza.ro\/blog\/wp-json\/wp\/v2\/categories?post=24256"},{"taxonomy":"post_tag","embeddable":true,"href":"https:\/\/www.marianagurza.ro\/blog\/wp-json\/wp\/v2\/tags?post=24256"}],"curies":[{"name":"wp","href":"https:\/\/api.w.org\/{rel}","templated":true}]}}