{"id":24296,"date":"2015-06-23T12:54:54","date_gmt":"2015-06-23T12:54:54","guid":{"rendered":"http:\/\/www.marianagurza.ro\/blog\/?p=24296"},"modified":"2015-06-23T12:54:54","modified_gmt":"2015-06-23T12:54:54","slug":"valeriu-dulgheru-sa-nu-transformam-ziua-de-28-iunie-intr-o-zi-neagra","status":"publish","type":"post","link":"https:\/\/www.marianagurza.ro\/blog\/2015\/06\/23\/valeriu-dulgheru-sa-nu-transformam-ziua-de-28-iunie-intr-o-zi-neagra\/","title":{"rendered":"Valeriu Dulgheru: S\u0103 nu transform\u0103m ziua de 28 iunie \u00eentr-o zi neagr\u0103"},"content":{"rendered":"<p style=\"text-align: justify;\"><strong><img decoding=\"async\" class=\"alignleft\" src=\"https:\/\/encrypted-tbn2.gstatic.com\/images?q=tbn:ANd9GcTw7agJtKvKrHXCgelMmtbsE15Hej3TYYAJomgRrzE8GoI5mcW6fA\" alt=\"Imagini pentru 75 de ani de la 28 iunie 1940\" name=\"Jp_ej6yHzcyYWM:\" data-src=\"https:\/\/encrypted-tbn2.gstatic.com\/images?q=tbn:ANd9GcTw7agJtKvKrHXCgelMmtbsE15Hej3TYYAJomgRrzE8GoI5mcW6fA\" data-sz=\"f\" \/>\u00a0\u00a0\u00a0\u00a0\u00a0\u00a0\u00a0\u00a0\u00a0\u00a0\u00a0 <\/strong>Ziua de 28 iunie este o zi neagr\u0103 \u00een calendar. Se \u00eemplinesc 75 de ani de la 28 iunie 1940 c\u00e2nd partea de est a Rom\u00e2niei, numit\u0103 impropriu de ru\u015fi Basarabia, a fost invadat\u0103 de cei cu insemnul satanei \u00een frunte \u2013 steaua ro\u015fie, pe care ast\u0103zi o vedem pecetluit\u0103 pe frun\u0163ile a\u015fa numi\u0163ilor sociali\u015fti, inclusiv, a lupt\u0103toarei socialiste pentru fotoliul de prim\u0103ri\u0163\u0103 Z. Grecean\u00eei. \u00a0Astfel comemor\u0103m memoria sutelor de mii de victime ale genocidului sovietic, \u00eenceput la 28 iunie 1940. S\u0103 nu uit\u0103m c\u0103 decretarea acestei zile a fost f\u0103cut\u0103 de Mihai Ghimpu pe c\u00e2nd era pre\u015fedinte interimar, chiar dac\u0103 mul\u0163i proliberali, inclusiv, eu avem anumite rezerve fa\u0163\u0103 de liderul PL \u00een planul mai bunei organiz\u0103ri a partidului. Zilele trecute nostalgicii perioadei comuniste au s\u0103rb\u0103torit 74 de ani de la \u201e<em>invazia Germaniei asupra u.r.s.s.\u201d<\/em>). Este o zi tragic\u0103 \u00eens\u0103 de dragul adev\u0103rului trebuie s\u0103 spunem lucrurilor pe nume: al doilea r\u0103zboi mondial a fost provocat de cei doi c\u0103pc\u0103uni ai secolului XX Stalin \u015fi Hitler prin semnarea pactului Ribbentrop-Molotov. Prima victim\u0103 a c\u0103zut Polonia invadata de Germania la 1 septembrie 1939 \u015fi de u.r.s.s. la 17 septembrie 1939. Urm\u0103toarea victim\u0103 a fost Finlanda invadat\u0103 de hoardele sovietice la 39 noiembrie 1939. Urm\u0103toarele victime au fost \u0162\u0103rile Baltice \u2013 Lituania, Letonia \u015fi Estonia atacate pe 15 \u015fi, respectiv, 16 iunie 1940. La 28 iunie a fost atacat\u0103 Rom\u00e2nia, fiindu-i rupt\u0103 partea dintre Nistru \u015fi Prut. Orice om treaz la minte \u00een\u021belege c\u0103, de fapt, ziua de 28 iunie 1940 este \u00eenceputul r\u0103zboiului u.r.s.s. \u00eempotriva Rom\u00e2niei \u015fi nu 22 iunie, c\u00e2nd la ordinul mare\u0219alului Ion Antonescu trupele rom\u00e2ne au trecut Prutul pentru a recupera pierderea de la 28 iunie 1940. \u00centr-adev\u0103r, ziua de 28 iunie 1940 este cea mai neagr\u0103 zi \u00een istoria acestei a\u015fchii de popor rupt pentru prima dat\u0103 din trupul vechii Moldove la 16 mai 1812. Prin \u00eenchisorile staliniste, r\u0103zboi, foametea din 1946-1947, deport\u0103rile \u00een mas\u0103 \u00een trei valuri 1941, 1949 \u015fi 1951 (\u00een ultimul val al deport\u0103rilor din 1951 a fost deportat\u0103 \u00een Siberia \u015fi familia Bujor, unde \u00een 1956 s-a n\u0103scut Zinaida Bujor (ast\u0103zi Grecean\u00eei), \u00eenregistrat\u0103 drept rusoaic\u0103 (v. Wikipedia). De men\u0163ionat c\u0103 fratele ei a murit \u00een timpul deport\u0103rilor) \u015fi cel de-al patrulea val de deport\u0103ri pasive prin trimiterea \u201e<em>benevol\u0103<\/em>\u201d la lucru \u00een diferite p\u0103r\u0163i ale u.r.s.s. conform istoricului Larry Wats popula\u0163ia Basarabiei a fost \u00eenjum\u0103t\u0103\u0163it\u0103. Este cea mai neagr\u0103 fil\u0103 \u00een istoria multimilenar\u0103 a acestui col\u0163 de \u0163ar\u0103.<\/p>\n<p style=\"text-align: justify;\">\u00a0\u00a0\u00a0\u00a0\u00a0\u00a0\u00a0\u00a0\u00a0\u00a0\u00a0 Pe 28 iunie 2015, \u00een ziua comemor\u0103rii a 75 de ani de la acea zi neagr\u0103 de 28 iunie 1940, suntem chema\u0163i la votarea \u00een turul doi a primarului Capitalei. Este \u00een puterea noastr\u0103 s\u0103 n-o transform\u0103m \u00eentr-o dubl\u0103 zi neagr\u0103 prin alegerea Z. Grecean\u00eei, c\u0103reia sondajele aservite \u00eei prezic victoria. Este strict necesar s\u0103 ie\u0219im masiv la vot, s\u0103 uit\u0103m de unele frustra\u021bii legate, de unele rezerve fa\u0163\u0103 de Dorin Chirtoac\u0103, s\u0103 vot\u0103m nu Dorin Chirtoac\u0103 ci viitorul nostru european. Dup\u0103 pierderea B\u0103l\u0163ului \u015fi Orheiului c\u0103derea Chi\u015fin\u0103ului ar fi catastrofal\u0103, ar fi \u00eenceputul readucerii Basarabiei \u00een \u0163arcul asiatic. M\u0103 adresez bunilor no\u015ftri aleg\u0103tori. Nu face\u0163i aceast\u0103 gre\u015fal\u0103, pe care nu v\u0103 vor ierta nici copiii, nici nepo\u0163ii vo\u015ftri.<\/p>\n<p style=\"text-align: justify;\">Primul tur fiind la limit\u0103 (D. Chirtoac\u0103 a c\u00e2\u015ftigat doar cu 1,5% diferen\u0163\u0103 de voturi), cel de-al doilea va fi, de asemenea, extrem de dur. Lupta \u00eentre cei doi a dep\u0103\u015fit cadrul platformelor electorale politice, devenind o lupt\u0103 geopolitic\u0103 \u00eentre vectorul proeuropean sau cel euroasiatic, \u00eentre bun\u0103starea \u015fi stabilitatea european\u0103, spre care au tins de peste un mileniu nenum\u0103rate puhoaie din est, \u015fi s\u0103r\u0103cia material\u0103 \u015fi spiritual\u0103, instabilitatea din est. De peste un mileniu \u015fi ru\u015fii au tins permanent spre vest, Petru I chiar t\u0103ind o fereastr\u0103 spre Europa, pe care ast\u0103zi Putin \u00eencearc\u0103 s\u0103 o \u00eenchid\u0103. Este \u00een defavoarea Rusiei, care va r\u0103m\u00e2ne o prad\u0103 u\u015foar\u0103 pentru vecinii lor din sud \u2013 chinezii.<\/p>\n<p style=\"text-align: justify;\">Ei bine, \u00een estul s\u0103lbatic ne-am aflat cu mici \u00eentreruperi aproape 200 de ani \u2013 timp suficient pentru a \u00een\u0163elege acest \u201e<em>rai al f\u0103g\u0103duin\u0163elor\u201d.<\/em> Regimul \u0163arist ne-au eliberat f\u0103g\u0103duind basarabenilor izb\u0103vire de jugul necredincio\u015filor, aduc\u00e2ndu-i \u00een \u201e<em>familia cre\u015ftin ortodox\u0103\u201d.<\/em> Ce s-a \u00eent\u00e2mplat \u00een realitate: au fugit de dracul \u015fi au dat peste taic\u0103-s\u0103u. At\u00e2t de crunt a fost regimul \u0163arist \u00eenc\u00e2t unii rom\u00e2ni basarabeni blestemau ziua c\u00e2nd s-au n\u0103scut. Un a\u015fa viitor le dori\u0163i copiilor vo\u015ftri stima\u0163i aleg\u0103tori? Fiii \u0163\u0103ranilor basarabeni erau recruta\u0163i \u00een armata \u0163arist\u0103 \u015fi trimi\u015fi s\u0103 apere interesele unui \u0163ar str\u0103in tocmai \u00een Manciuria. Fiii Dstra vor fi trimi\u015fi tot \u00eentr-acolo pentru \u201e<em>a ap\u0103ra integritatea Rusiei de preten\u0163iile teritoriale ale chinezilor\u201d.<\/em> Dup\u0103 puciul bol\u015fevic din 1917 regimul \u0163arist a fost \u00eenlocuit cu regimul bol\u015fevic &#8211;\u00a0 un regim inuman, satanic, ateist, mul mai imperialist (nu se terminase r\u0103zboiul civil iar Lenin declarase preg\u0103tirea c\u0103tre un nou r\u0103zboi mondial pentru exportul de revolu\u0163ie). Doar unirea cu Rom\u00e2nia la 27 martie 1918 a salvat Barabia de urgiile r\u0103zboiului civil, de foametea din 1921-1923 \u015fi 1931-1933, de colectivizarea timpurie, d\u00e2ndu-i un r\u0103gaz de peste 20 de ani pentru a\u0219i lecui r\u0103nile provocate de ursul \u0163arist pe parcursul celor peste 100 de ani de robie. Cum era de a\u015fteptat la 28 iunie 1940 Basarabia a fost din nou inundat\u0103 de puhoaiele de moscali, de ast\u0103 dat\u0103 cu steaua ro\u015fie satanic\u0103 \u00een frunte, care au adus pe capul bie\u0163ilor basarabeni toate atributele iadului pe p\u0103m\u00e2nt: \u00eenchisori, deport\u0103ri, foamete, colectivizare for\u0163at\u0103, dar \u015fi cele mai depravate moravuri ruse\u015fti: be\u0163ia, lenevia, curv\u0103ria, ateismul satanic. M\u0103 mir\u0103 cum a putut Z. Grecean\u00eei s\u0103 uite deportarea familiei ei tocmai \u00een fundul Siberiei, moartea fratelui s\u0103u \u00een perioada acestei deport\u0103ri. Acest regim satanic a dat na\u015ftere unor pavlici morozovi, Z. Grecean\u00eei fiind unul din ei. \u015ei acestui Pavlic Morozov dori\u0163i s\u0103-i \u00eencredin\u0163a\u0163i Capitala! Regretatul primul primar al Capitalei N. Costin s-ar mi\u015fca \u00een sicriu.<\/p>\n<p style=\"text-align: justify;\">Nu contenesc s\u0103 m\u0103 indignez de presta\u0163ia unor posturi de televiziune \u00een aceste clipe de r\u0103stri\u015fte. De exemplu, postul Jurnal Tv, n\u0103scut de democra\u0163ia de dup\u0103 7 aprilie 2009, \u00eentr-o emisiune din seara zilei de 22.06.2015 ia \u00eendemnat indirect pe poten\u0163ialii votan\u0163i ai lui D. Chirtoac\u0103 s\u0103 nu ias\u0103 la vot (prin telefoane \u00een direct selectate din partea telespectatorilor, prin interven\u021biile interlocutorilor (un avocat Cuzne\u0163ov declara c\u0103 \u201e<em>nu este nicio problem\u0103 dac\u0103 Z. Grecean\u00eei va c\u00e2\u015ftiga\u201d<\/em>).<em> <\/em>\u00a0Pe banda curent\u0103 pe tot parcursul emisiunii figurau epitetele \u201e<em>baba Zina \u015fi necuratul de la Coloni\u0163a!).<\/em> Oare nu este clar la moara cui toarn\u0103 ap\u0103 cei de la Jurnal TV.<em>\u00a0\u00a0\u00a0\u00a0 <\/em><\/p>\n<p style=\"text-align: justify;\">\u00cen ace\u015fti peste dou\u0103zeci de ani de relativ\u0103 independen\u0163\u0103 nu am fost lipsi\u0163i de \u201e<em>grija fratelui mai mare\u201d<\/em>: pentru c\u0103 am dorit s\u0103 fim liberi ne-au declan\u015fat \u00een 1992 r\u0103zboiul de pe Nistru (precum acum au declan\u015fat r\u0103zboi \u00een Ucraina pentru c\u0103 vrea s\u0103 fie liber\u0103); ne-au priponit bine cu dou\u0103 pripoane \u2013 Transnistria \u015fi G\u0103g\u0103uzia (acum s-au mai ad\u0103ugat B\u0103l\u0163ul \u015fi Taraclia); ne-au declarat \u00een repetate r\u00e2nduri blocaje politice, embargouri economice. Am resim\u0163it \u00eens\u0103 pu\u0163in \u015fi gustul libert\u0103\u021bii, gustul civiliza\u021biei europene, dorin\u0163a de a fi \u00een s\u00e2nul acestei civiliza\u0163ii, din care geografic \u015fi istoric am f\u0103cut dintotdeauna parte, mai aproape de fra\u0163i, am redevenit pu\u0163in europeni, semn\u00e2nd Acordul de Asociere \u015fi regimul liberalizat de vize (tot pe 28 iunie 2014 &#8211; o dat\u0103 care ne marcheaz\u0103 destinul!). \u015ei acum, pe 28 iunie 2015 s\u0103 punem cap\u0103t acestor speran\u0163e! S\u0103 fim at\u00e2t de risipitori cu pu\u0163inul pe care-l avem?<\/p>\n<p style=\"text-align: justify;\">Nu \u015ftiu ce metamorfoze se \u00eent\u00e2mpl\u0103 \u00een turul doi dar candidata la prim\u0103ri\u0163\u0103 Z. Grecean\u00eei declar\u0103 c\u0103 nu este agentul lui Putin, nu are nimic cu el. \u00cen alegerile parlamentare trecute a \u00eemp\u00e2nzit \u00eentreg ora\u015ful cu megabanere cu chipul celor trei de la r\u0103s\u0103rit \u2013 Putin, Dodon \u015fi Grecean\u00eei, ultimii doi prin\u015fi \u00eentr-o pozi\u0163ie umilitoare de \u00eenchin\u0103ciune. Mai la toate \u00eent\u00e2lnirile electorale declara aceast\u0103 prietenie, era m\u0103gulit\u0103 de \u201e<em>respectul parlamentarilor ru\u015fi care s-au ridicat \u00een picioare la intrarea \u00een Dum\u0103 a delega\u0163iei parlamentarilor sociali\u015fti moldoveni\u201d<\/em>, duc\u00e2ndu-\u0219i proaspe\u0163ii deputa\u0163i ai frac\u0163iunii la botezul \u0163arului Putin. Iar acum declar\u0103 c\u0103 nu are nimic cu Putin. V\u0103 \u00eentreb \u015fi V\u0103 \u00eentreb: este posibil acest lucru? E posibil ca cineva care \u015fi-a v\u00e2ndut sufletul diavolului s\u0103 revin\u0103 la dreapta credin\u0163\u0103? \u00cen special, \u00een cazul Z. Grecean\u00eei nu cred. Cei care au tr\u0103dat memoria str\u0103mo\u015filor, memoria apropia\u0163ilor lor sunt irecuperabili.\u00a0 Despre faptul c\u0103 at\u00e2t Z. Grecean\u00e2i c\u00e2t \u015fi R. Usat\u00e2i sunt sculele Kremlinului \u00a0\u015fi au de realizat un plan bine stabilit de Moscova vorbe\u015fte \u015fi v\u00e2nzoleala postelectoral\u0103 (pentru el) la Chi\u015fin\u0103u. Ce interes are el la Chi\u015fin\u0103u dup\u0103 ce candidatul s\u0103u a fost scos din curs\u0103, dup\u0103 ce el a c\u00e2\u0219tigat ce a dorit pentru \u00eenceput \u2013 capitala de Nord, B\u0103l\u0163ul? Un neispr\u0103vit, un necioplit, nimerit accidental \u00een v\u00e2rful puterii basarabene cu banii ruse\u015fti \u015fi leg\u0103turile cu lumea interlop\u0103, se comport\u0103 ca un \u201e<em>pahan\u201d.<\/em> \u201e<em>Voi fi pre\u015fedintele Republicii \u00een 4 ani, cel mult \u00een 8 ani\u201d<\/em> declara la una din emisiunile N. Morari asemuindu-se cu pre\u015fedintele K. Iohanis, fost primar al Sibiului (devine tot mai b\u0103gat \u00een sam\u0103: prostul nu e suficient de prost dac\u0103 nu este \u015fi fudul!). \u201e<em>\u00ce\u0163i voi construi mauzoleu la Coloni\u0163a dup\u0103 ce vei pierde alegerile\u201d.<\/em> R\u0103spunsul lui D. Chirtoac\u0103 a fost pe potriva n\u0103t\u0103r\u0103ului. Acum c\u00e2nd este supus unui pressing dur at\u00e2t din partea du\u015fmanilor c\u00e2t \u015fi a lor s\u0103i trebuie sus\u0163inut acest t\u00e2n\u0103r. Z. Grecean\u00eei \u015fi-a schimbat rapid toate banerele r\u0103mase de la primul tur precum face cu garderoba o \u201e<em>doamn\u0103 din lumea bun\u0103\u201d.<\/em> Ei \u015fi ce dac\u0103 cost\u0103 c\u00e2teva milioane de lei aceast\u0103 poht\u0103 a doamnei pentru bugetul auster al Republicii aflate \u00een stare de predefolt! D. Chirtoac\u0103, cum \u00eei st\u0103 unui b\u0103rbat adev\u0103rat \u015fi gospodar, nu a mai f\u0103cut primeneala banilor, iar banii economisi\u0163i a propus s\u0103 fie transfera\u0163i celor mai tri\u015fti ca noi \u2013 unei case de copii. Pute\u0163i face concluziile necesare cine va gestiona mai bine bugetul municipal auster: socialista Z. Grecean\u00eei cu conac \u015fi ma\u015fin\u0103 lux la scar\u0103 sau liberalul D. Chirtoac\u0103 cu apartament \u015fi o ma\u015fin\u0103 Opel Astra (1993) de v\u00e2rsta lui. Cine va lucra mai bine la prim\u0103rie: Z. Grecean\u00eei, c\u0103reia so\u0163ul iar interzice s\u0103-\u015fi ia de lucru acas\u0103 sau D. Chirtoac\u0103, care-i c\u0103s\u0103torit cu prim\u0103ria \u015fi tot timpul \u00eel acord\u0103 prim\u0103riei. <em>\u00a0<\/em><em><\/em><\/p>\n<p style=\"text-align: justify;\">\u00a0\u00a0\u00a0\u00a0\u00a0\u00a0\u00a0\u00a0\u00a0\u00a0\u00a0 Am un \u00eendemn c\u0103tre dl Dorin Chirtoac\u0103. \u00cen timpul care ia mai r\u0103mas s\u0103 dea dovad\u0103 de maxim tact, de maxim\u0103 responsabilitate, s\u0103 se adreseze aleg\u0103torilor din toate partidele democratice s\u0103 ias\u0103 la vot. M\u0103 adresez tinerilor, studen\u0163ilor, care au ie\u015fit \u00een num\u0103r extrem de mic la alegeri \u00een primul tur: pierderea Capitalei ar \u00eensemna pentru mul\u0163i dintre voi s\u0103 lua\u0163i calea str\u0103in\u0103t\u0103\u0163ii \u00een c\u0103utare de lucru.<\/p>\n<p style=\"text-align: justify;\">\u00a0\u00a0\u00a0\u00a0\u00a0\u00a0\u00a0\u00a0\u00a0\u00a0\u00a0 S\u0103 vot\u0103m pentru o capital\u0103 proeuropean\u0103 \u00een frunte cu D. Chirtoac\u0103!<\/p>\n<p style=\"text-align: justify;\">\u00a0\u00a0\u00a0\u00a0\u00a0\u00a0\u00a0\u00a0\u00a0\u00a0\u00a0 S\u0103 ne ajute Dumnezeu fiindc\u0103 de partea Z. Grecean\u00e2i cu steaua ro\u015fie \u00een frunte este necuratul.<\/p>\n<p style=\"text-align: justify;\">\n<p style=\"text-align: center;\" align=\"right\"><strong><em>Valeriu Dulgheru<\/em><\/strong><\/p>\n","protected":false},"excerpt":{"rendered":"<p>\u00a0\u00a0\u00a0\u00a0\u00a0\u00a0\u00a0\u00a0\u00a0\u00a0\u00a0 Ziua de 28 iunie este o zi neagr\u0103 \u00een calendar. Se \u00eemplinesc 75 de ani de la 28 iunie [&#038;hellip<\/p>\n","protected":false},"author":1,"featured_media":0,"comment_status":"closed","ping_status":"closed","sticky":false,"template":"","format":"standard","meta":{"footnotes":""},"categories":[3],"tags":[],"class_list":["post-24296","post","type-post","status-publish","format-standard","hentry","category-articole"],"_links":{"self":[{"href":"https:\/\/www.marianagurza.ro\/blog\/wp-json\/wp\/v2\/posts\/24296","targetHints":{"allow":["GET"]}}],"collection":[{"href":"https:\/\/www.marianagurza.ro\/blog\/wp-json\/wp\/v2\/posts"}],"about":[{"href":"https:\/\/www.marianagurza.ro\/blog\/wp-json\/wp\/v2\/types\/post"}],"author":[{"embeddable":true,"href":"https:\/\/www.marianagurza.ro\/blog\/wp-json\/wp\/v2\/users\/1"}],"replies":[{"embeddable":true,"href":"https:\/\/www.marianagurza.ro\/blog\/wp-json\/wp\/v2\/comments?post=24296"}],"version-history":[{"count":2,"href":"https:\/\/www.marianagurza.ro\/blog\/wp-json\/wp\/v2\/posts\/24296\/revisions"}],"predecessor-version":[{"id":24298,"href":"https:\/\/www.marianagurza.ro\/blog\/wp-json\/wp\/v2\/posts\/24296\/revisions\/24298"}],"wp:attachment":[{"href":"https:\/\/www.marianagurza.ro\/blog\/wp-json\/wp\/v2\/media?parent=24296"}],"wp:term":[{"taxonomy":"category","embeddable":true,"href":"https:\/\/www.marianagurza.ro\/blog\/wp-json\/wp\/v2\/categories?post=24296"},{"taxonomy":"post_tag","embeddable":true,"href":"https:\/\/www.marianagurza.ro\/blog\/wp-json\/wp\/v2\/tags?post=24296"}],"curies":[{"name":"wp","href":"https:\/\/api.w.org\/{rel}","templated":true}]}}