{"id":24307,"date":"2015-06-25T08:07:07","date_gmt":"2015-06-25T08:07:07","guid":{"rendered":"http:\/\/www.marianagurza.ro\/blog\/?p=24307"},"modified":"2015-06-25T08:17:52","modified_gmt":"2015-06-25T08:17:52","slug":"gheorghe-constantin-nistoroiu-%e2%80%93-pledoarie-pentru-neamul-meu","status":"publish","type":"post","link":"https:\/\/www.marianagurza.ro\/blog\/2015\/06\/25\/gheorghe-constantin-nistoroiu-%e2%80%93-pledoarie-pentru-neamul-meu\/","title":{"rendered":"Gheorghe Constantin Nistoroiu \u2013 Pledoarie pentru neamul meu!"},"content":{"rendered":"<p style=\"text-align: justify;\"><strong><em><img decoding=\"async\" class=\"alignleft\" src=\"data:image\/jpeg;base64,\/9j\/4AAQSkZJRgABAQAAAQABAAD\/2wCEAAkGBxQTEhQUEhQWFRUXGRcUGBcYFRwaFxcXGBgYFxgcFBcdHCggHBwlHRUcITEiJSkrLi4uGB8zODMsNygtLisBCgoKDg0OGxAQGiwmHyQsLC8sLCwsLCwsLCwsLCwsLCwsLCwsLCwsLCwsLCwsLCwsLCwsLCwsLCwsLCwsLCwsLP\/AABEIAQQAwgMBIgACEQEDEQH\/xAAcAAABBQEBAQAAAAAAAAAAAAAGAgMEBQcAAQj\/xABHEAACAQIDBQUFBQQIBQQDAAABAgMAEQQSIQUGEzFBIjJRYXEHI4GRoRRCgrHBctHh8BUzQ1JikqLCFiRTsvE0c5OjNVRj\/8QAGgEAAwEBAQEAAAAAAAAAAAAAAAECAwQFBv\/EADARAAIBAwIEBAQGAwAAAAAAAAABAgMRMRIhBEFRcRMiMmEzkaHhFFKBscHwQmLR\/9oADAMBAAIRAxEAPwCdXq15XCuI1JpNIvXA6Uk0CPa9pN669MBVcTSb11AHuavQaReuvQAu9dSL1xNACiaTevL0nNQB6zUgtXhNILUDHM1eZqaLUkvTEI2hj0hTPISFuByJ1PLQVSy75QDkHb4W\/M0nfNv+WP7a\/rWXYyZs5FzamouT2NbRUNTNJl34X7sTfFgPyvUKbfp+kaD1Yms7LnxPzpNaeD7keJD8v1DiffiY8mjX0W5\/OoM298x\/tj8AB+lCtdT8FB4vSKCH\/ieX\/qyfOuoerqPBiHjPovkb\/euFJr2ucRLpBNe30pBNAChXXpN669MQqvC1RsZici3\/AJ+FVpxl9SdOnn4UDsWcuKA5amoUuOK86qsVjzcqp8yfAdST\/N6hWsQed+vryplKJfR7Yvy1+FOf0kb62qmw6c9bAc9Py8TTU20VXpf86LBoCVMYLc6eEwNCcOMDC6m4+RHqKWNo2NrGixNgoZqReqXC7TOazG4P51bXoEelqTmpJNILUDKjfE\/8v+Nf1rLcX329a03e5v8Al\/xr+tZli++3rWlPJc\/hLuM11dXVuc51dXV1AHV1dXUAb5evaSDXoNcRqSb0i9ek6Ui9MBV6Qz21Nek0iVBa7fL99AJFLtCXMxPQeP6VTySM79m\/h5CrPEHOSBe3U+NOQYUWsBapnOx1UqWrJCwuA6nU2sfOppwl7aVNjw9SkgFYubZ1KmkVEuH+X7+dRJ8GCOVEDweVNNhqWplKCBhMNlBt1plLg6jTxq\/xOGtUF4qpVGZzopisNEBzsQev8auki0uDcVTYVOnTwohwEfZ0reL1I4akNLIhakE05iVysQaYY07GZTb2n3H41\/Ws1xXfb1rSN6\/6j8S\/rWbYrvn1rWnkufwl3GqmbJwXGlWO9r3JPkqljbzsKh1e7mrfE+iOf9Nv1rZnOOYnYsC6cWRf2kBH0NRX2Mv3Z4z+0Cn5ir10EuKWJuTMF+AH7hVjj9xWNuFINOjDnqTzHrb4Uh87Af8A0DJ\/fi\/+Va6rk7k4v\/B8\/wCFdQGl+xpd64Um9eg1yGhJNJvXE0igB\/Di516a0ztEixHLqak4QWBY+lVm1MQOXjTeyLgrsgxLVph8NaoMC61YA3Glcjdz04bIesPWnQKYRCadUHWgux6RTT04Yzao7R0wQ1i0vyqoxEdjarOU2qHKL60iWyJltrV3svEdKpmNqm4KYHka3pM466J+1UFsw6VVE1ZY5uyfOqktWzOQqd6m9x+Jf1rOcT3j61oe9J9x+Jf1rPMT3jV08lz+Eu42BV7uZIBiDmNrowF\/HQ\/kDVvsLYKxknEmMdkWHE1udbtqOn51atg8Ef7SMfjBP51pc59upUjByriRMAoAN9XXqCPHzon2ftkk5SY7+HEB\/I6VWDZGB\/6kZ+IrxtjYLpJGPxWpA7Pmg0CSeA+f8K6gc7Eh\/wD2f\/uP766mH6oL8POrqGQhlPIjrTtQdkYLgxJHmzZb62te5J5fGpoNcpqP\/upF69pNADjzdm3WqjEMC2lTMTNa3x\/KqzDMTcmlU9JvQ9Q\/NiVRbk\/xpA26FUHIabEeY8qVi8Xhox7zKzev0rGKR2Nk7Zu3sxHZy3q8zg8ut6C8HtmFzZVAF7XU\/nV9gsTfroKT2HF3J2KxGQC3xqgxm15bnKunzvT20sQARe\/nVfi9rtfLDHfKMxsLmw\/nrTQ5Copp5eYKj0rwMVuGN6rv+KGvlZT48hy055Tpzqyw+ISZdOZpyVsohSTwek3pEUwVqeSK2hqBik1HjRT9RNXeBfYvEgx28r\/Wq5eQqJHKXbnbkCPSpRPlXSzzyo3pPufxL+tAZiuza9aOt6T7n8S\/rQBiD2j61UDVtKmrrmTFjANzqedzr+dTm2glrcNPmao41uQPE1L\/AKOPiKqVlllUoSqbwh9SY2OXoEHp\/wCa8\/pAeI+VQ22c1ibjSvMLgs4ve1Ly5uE1Ug7ShYm\/0kPEfL+FdTP9En+99K6pvDqTeX5Ua\/evQajYTFLIiuhurC4NPBqzMiSTSCaSWpDNQBG2p3CfD9dKYwS5cwPPr61Ixbdg+Wvyqq2RiswPqaU\/Sb0PUWGNY5Sqcz1qtw+711Oc3YnMH5OPIHoPLzojhgBHLWnzhtKwjJrB3aLoFotmhQEW5AJOvO\/iTVzg0yqRzPM1JniCD+dajYaQn40O8i4x6EbFpnNjUWHCFWv49f31IxQIbSp2zpA5KnvCjANcmQDsmOxsoF+dtL+tNYTZuQ9kWokXD0l0UdKG2xaSnnPwqqx8oDKfO1W+0aEt4cVa3jzqoLcyqLyssoiQcw1DN9KsGNV+y5M0MfiLX+NTjWqd2zkrRSjEp96D7n8S\/rQDiO8aPN5z7n8S\/rQHiO8a3p5M5\/CXce2bHmlQeJtW2LgY7WKJpp3R+6sh3TizYqIf4l\/7hf6VtEYpy9QruNNW9\/4AHfuNEcBFVfd3OUWuST+6nNyezh9UQhmJuwPgORty\/jUP2gS3mk8sif6Qf91GO7EKrg4UPVM3+YlufxqYepnTxbtGmv8AW\/zIpxCf9CL5iuojUrbkPlXtbbdDiu+pne4UxySrfQFSB4XBvb5UUZqD9w30m9U\/30VF65ZZNJZJRaks1NZ6SZKRI5OOw5IOUAlj5Aa60IbrYntFT8uvP+NGsi5sO688wI\/OsxjxRjxBJ0IY306XqnC8TSnKzNXwZ0FWWlqpNlYgMikU7tXaiwxlidbG1cp6SlsQN5tqrGCSbW5f+KG8LvWoUAnW97\/v8KFtsbUedzflfQV2H2NM2WyHXlXTGkkvMc7rzlLyItdt7xs8gsSFGuh7x87dKvd2dtCRzc9rSh7E7tykaqA3hf8AOqgwSQtyKkaUOEJKyyKUqsXdrY3FJgQCKjzHWhXc\/bfEARzr+tEmJmCgk1zNWdjpjPUroq9qy2GtAO3sRma3hpVxvDtXoDQlJJdta6KUOZy16nIN9hn3aDxsfgKtDULZNsi6dBUxqImNeV2l0RTb0H3I\/aH60Cz940c7z\/1P4h+tA0\/eNb0yJ\/CXcIvZ\/FfFKfC5\/wBLfrataiFZl7NYrzO3gp\/Nf41psPOlzZM8RXt\/LZl298mfEP5ykf5dP9taXh4sqqttFUL8haszReLjYRzzSFvgXufoTWoiM+Aop9Tfj\/i6eiS+g6BXUsRCvK0OOzMp3InA4tyBcxgXPM+80HnpRUXrPt1p1Wdc5P8Ah8M\/IX+BIHrRyz1hUVmaKV9yVxK8aSo+evGesxlu+JyRIfFgL3AAvYXLHQc\/Ak8gCSKzrefDkOJDzYm+mUg30utyV9GObqQOVHmMBth7A6EG4B07o7+uUm9uyC51At2iBXefAsYVspGTMLZcoXW9soOVTr3Rmbq7XrqivKQri919tlRlJ000qRv5iL8JQeYJ+ooN2dNlaiL+vdRzY2F\/ACueUdMrnZTleNjzZGy7Wbh5jp6D+NEEcOIOoyqOlhc\/E6VZ4WIIoFuQqix+2ZbkWIW9l9BzIrLW5M64JRViYuFxAGrf6f41DnwjPcSICPH91RsHtucns3IA5c6KibgX52pSdgUkwIwkXBnUroA30q921ta2njTe8MK9lhow+oof2g5I58uVNeZpmTWm9ip2jJqTTeyoc8gHnUed71dbpQZ35aLqT+X5V14icEpXkGOEjyIF+vjThpVqSaxEU29H9SP2h+tA0\/eNHG9H9UP2h+RoGm7xramXP4S7hbuTtVMMGZ1Zs1gMttLE87n0owXe+Aq1w4Njbs9bacj41nOGIWME8rX\/AJ+dSYTmAI5GsJTkm2j16fB0JqKk\/NZc\/YlbGxAjxSuxsEHgTqQRyFHeH3kQ\/fj+JZfzFZxGe058\/oBUjDShxdTcA2ojUlFbI87ioqdaTvz\/AGCvE7yNnbLa2Y2sSRa+ljXtD3HA08NK6jx5i0gfApLKF7xIt630rR7nwoU3dwdmDsNenl\/GitJa3nHUcidhxYmPSljCMeoHx\/dSkkqRHJUqmh6i1wuJygCvcZKJEZDyYWqHBPbXQ+oBHyOlSBizYjs6m\/cTxvzy3t5cq3jGFvM\/p9zGUpp+VfX7GTbV2ccPKVPLUg+IvU\/ZGNysDVz7Q8O8mSa18vZYhQAB00AAGp8KDIpLVFWMXg6aU5JJtGlttRMv0psSI5BOq2Kj1IubfKgH7YTYHlVtiNr2VQvTU+vLSuTwbHYq5dmXIbpoLWHjYVNw+2ARqNRzoJbarG2tPNtMXuBz0NOVJgqyZc7c2qri2oIodxeMvpUaSbWmcpY6CtIU0jKdRvAy\/Otc3G3cyYXtd6UBj5f3f59aA9i7EMkscfNpGAt4LzY\/K9b3hsIFUAcgAPlTlO+yMXBxe5m2LkWOQxMQHHS+vraks1Oe1zYjFI8Uo1XsORzynun4cvjWZLtGUaB2+dNU77kSdmF+8x90P2h+RoKn7xqS203YZXYsL31pllOYXHMj61cU45Lvqgks3LYxXTLyuAPlr+lSsJdUVL6LcjTqdST8h8hTQpwmyk+Rrjcnax9OqMFLxLbpZGIlupF+9cfA1L2ZDw0KDUMysT1JUED4DMfnTEA0FSwbAnwBP0ocnhHzz80tTKWfGdpvU\/nXVAa5Ne11qCMvFCzAJarKMfzeoOF5CpqGqMCVGBUiNb9KmbG2I8zWPZWwJNtRfUC3Qka2PIEEjUXMcJsuOIWRRf8AvHU\/OlcdgVw2y3b7lh4nT+NToNlDMF0LG9tOyLeJq8xZ5KurMbCrbY2yuGtycz63a2p1v9BYfDzNK4FZidjRmExMoKnnpzNZrvR7PeHG0sFzY9zyPn5VtciA6Gq7Fw9hkPUEA0XNIPkfNEuFde8CK84V61g7NSQC4Go8Kp8Vuev3Tby6Vh43U7Pw65AFHhaQVtR3FupYeJp3B7oC\/bA53o8dD\/DgFhoGdgFF70RYXZIjGY6mjRdiRxroBTuwNg\/apwpHuk7T+nRR6\/leolUc9kUqcaa1Mleznd0gHFSDVxliHgnVvjbTyHnWgth7ClxoLgAAAaAdAByp3FNYVtGNjgnNydwH9qTBdmT+eRR8XX9BXzzW5e2zHhMFHF1lkBtf7qAk\/Ur86w2uiODOXInbEwXGniiBy52Av4eJrY9q7EimOUcF2ayDIuaRFv2nDZtLDmzC1xYAkgEO9k27xmlfENEJY4hkCHL2na175jayqSTfx61rUEJM3aXh8Ne4Mt2MmoZiotlAUqo\/aJ6UmTF73QOzbhYZl0VlPiGN\/kdKo9pez1wpEMgPk4t9RWo5K8aKstC6HZHjKyVtWxh+J3cxEXeia3iNR9KrdpXSJ7i3Ia6c\/wDxW+PBQ3vJsyKa0L5QrH3jZczJoGXl3cwB7R6HTncT4SuZ+IYpG0YA7Q5CvK1gbh4Y6iOCx177dfjXVehdWZ64+xmWytoEqB1Gh560c7n4WOQCadXdL2jRUe0hUkEvKtkjGcZRnYDssTpas12NHLnLRLe1lvbQGQ5Ev55mBHp5Gt9jKw4RMHGkq54\/syuygRAshZ2Vjq75cxFgQWXoASNGZonbPwvDjSM2uqgMRyLcza+tr356+NPutPBfuj416yWI0vY3N+RqChWy9m3OdhqfLkPD9\/8ACrwYQ252+H8aEcfvHiFEmRDkUFg8fDCKoQNlbOxbNcg9kcmW5F9cLxm\/u0ZL5sbOP2XKf9lqai2Fz6dlwbczY\/A1R7Yui3ty1ve4+dfOA3nxgIb7XiCRrrM5+d21rWdzd94saqwTER4gjLY9yXzU9D5GiUdhxlZ7kLYWMzRofIVfIBbWqCbZT4SQxspCg9k9CvSxq4wjZhXBJbnrxfQeZlpCEWpbQU5g8A8ziOMep6KPE0lEptJXZDhwsmIkEUYuT16KOpbyrQNj7Kjw0YSP1Zjzdup9PKl4HBQYOMKTYt3mPeY\/DkK7a+00iiaVnXhoMzFdbDQaAXJ51006dn7nm1q2vsUW9m8qYNM4tJIXWNYw2pYjNra5HZ15dR40N7W2rj5pXePLho4VzBGsxkYryex+Fr2GnM8o27uD400mLdVP2mQiK\/eRczMSfA5U6H7tFQkXhoXQds2Cg8rFVJOmrXbyAAorcRom6VG11s2999rpL2xfqKnRTip1MPC9vuZH7QcPjJEhlxbxuxuqqnJBYFtAPTXXpQPFhHZ1jVSXYgAeJPKtyxWGRZ5k4aMuXNY90dpl0A6HITbSgfcTZXH2hGxFkjDOx\/IfWtuE4j8RTnqVpQtjZNPGxPF0VQa0vZ\/MP9yd3ZsJhIoxLFG8meSQNHnDMbWzHMLKq2BHUnnRHsMZ4xISzNJZmY2u5sFB0AAWyiwAGlqj7Y2JCMkvvGdpVQI0rlJOJbOAhYiwS7EWtZD0q9hSqkYJCClJK1JtSSKkog4udY0Z3NlUFmNr6AXNgNSdOQpvA4OaNnbhC0rrKyCT3iNlWMl+jCyLexIGUjW16cxkXEdIPuyB858EVdQv+IkgeQuelTBDJEhPF4gyiNSyWfMSEUlha4BJPLzqkhMgSzQgkcOM6nXTXz5V5WS432tzLI6wxQmIMwjLL2igJClvO1q6r8P3HZdV9SS+wxhocDh0PafFRySMBqxjVnb4DS3p5mtAnxV3vMnCWAF0DEHNe8edbXAspK2uT73W1hcZ28pOO2ekYLFRiZMt7ZjkVQLnQXudavMNI0012ULLGxj4efiCFT22diQMzSZ1KjllRRpZxUskIcJhSVLSXF72AYJckLYBiblrkgEED5XLeLmwyAljHbQjVpLggZhlGlrHKDe13\/xWaSuEjVSX7WhLPIb9NSb6AWvoLAXPiaptv7U4SowQsWYhAvZVW1s0zlbKb9CD2gF1OoSGIwksZdo2e8l5JMnZ4gR2J96qCynTRfIXudR8\/b0bO4GKnivcK7AG9+vK\/W3I+YNbFuls2XAxYqWRI1dmVYgpzu0rMVQM+ZgVzWa9gxyXYCwFWG29kYUQJDikaRFCtlXSSSTKWOVrizEulyTZVEhJAJIpZBHzxS4ZCrBhoQQQRoQQbixrS98N0MOYMLLgxHCZIDPwHdmmdcokJJNwbL6X1+GZNTEfSux0XG4Jc5LBlGVjzRraEfPWhXDFo3ZG7ykqR5g2om9mq5dnwZuWRPmRparL\/hm2MXEvItmYER\/3iqaG\/jcXt5VzVI3wdfDVdEWmQcLu\/K9i5yDw5t8R0\/nSiPDJwUCp2R10tf1PMn5VZDHRhxFdRIRcKRqQOdvGm8ZIB018POko2wTUqufqKmWAsbtzPK\/OgD2j7w4WCN4ARJO\/ZKoQSmoN5LcvTmfrVd7TPaKQWwuDchr5ZZlPLoUiI6+LD0HjQtunusSDLL2QurMdQg8FHVz9L\/OpVI0FrkVQ4efES0rZc30+\/RBFuzvHEsSwzXRkvw2toLk6nw56+VFk20IUhLSPG8RUC4Y9rW9iB520HOhXZ2yIpBJNKMkKA21105knrb6k+VDmyNnNjMQYYewLNISe0VQGw9W1t86inw1HjJTqxlKDTvK1rXfJPqacXq4NqjtJYV8ruXE288s85iwioofsZsrFrAWufAW5aaUY7tbrLFEYpVVhJbMzC4JJAAcX+n8ambOwWD2fES7AGOJZX0u5BbIDYaks5sPE+lE+zNpQTxrlIIdDIoIs1lNmuDyIbQjmDXSlCnHRSjZbX6u3Ns4ZSlOV5vf9uxSbAwSBnmghJhIywve5KLfOYlY9iJioKhe9YN1FXy4pOROU8rNp0Bt62PKmIJBhyInVrHKUdF5qoBCG1zpqPAAipsE6PykV75zZgNb+FvuDlyPr4piOQehryUU+2DTU5CO52k5seVlAvYcv5F6iTxsguvvFuQbd4EE3A8bW6npSsNMgYCHjSSl2ZTFIqxhNGAKKTI1xrcuwsbgBB1vUbffEnC4DEM8rSFUcqzAAlpRwYx2QAbFyeXTyp\/A7GTERrJI0yStcs0cpThlW0ispsVXlYgg2JN71nHtv2y0k0WAi1uyuwvzbWOMH5sfxCrjkFm5kowrHXKflXV9K7P3VgjijQopyoq3Ki5yqBr8q6lr9jHVLoDU\/Efai8JFcxYbus5RS0sp0ZgrW7KX5G\/1BHu37wcU2zSZXOXujsqqqt+iqoF+pzGwvag\/ZGMk+1Y2VVJvJHhw5ICRsiBfeWOdhmkJsOo5rcGj3d3CCKJEXkqgXPM2HXz6n1ps0R5vHIxURxMFkYrlzXygKQSWsQbacgRfl40C7yYyWbFQR4fDySLATZBdFMqMAptkbIo4fZaSyHI51saJtr7YEErzuGdDlw8caRM8ksnaay62ym+W3jfXkKG\/Z5lZ5JMSHzxq08st1MeZlIlMrhj21jBURnu8Rj1UKkNhVFh1aeOIKI4cKiyFVPYWWRLBfE5IfiTiL86H96nOMxyQBCGVSwQXJeHJJxXnIBEadkRgDVuIRe2lEe7mdkeZgc7ZsWwI1EkgLRRgXsQiqunisZqvO+UahoQ0EkZ90Fjc8dsOkeVguVszzvIbIq8lYMbXBLQD+5uw5FzyyDDOmIUGJ0vLMVZRmMmIaNWZSvQ3OvPSsg3p2Th5drHDYIER5xGxvpmB95k8FHIeYPjWz707WTZ2y3eJTDljXD4dDqVZhoLkm5GrE3PcPOsr9kOyc+KWRx5qT5GxPzpX2DkbbhsGsUCoosF0GnkFH51YyLZIwByKqPQ3pGNXRfNgOfgQfyFPstwp80PnoDWLNEPNgkzB8q5hezW7QvqQCeQ8qDvaLtF4cDipUJDKmRCPulyEuPMZr0cYg6adaz32yNl2VKOheIHxtnBP5VpHILJkG4G7XHfiyaRr2rnkAOZ9dLD0J6UY4nEDEMIorR4ePUnlp\/ea\/U9B46nys8Bu052ZEY5kgVoVnkzjshSuYAtcWAAFyfCg3beBxCxBFkUrKEZEVTeZnkEcZTMqls2pGlrKDqDXHPhZ1qmqT7ey69z1aPG0aFLybtY7\/AJn\/AB7FptzEtimGDwY9zHYyOO7pyF+tj\/mPkL1f+z3YawY3FgBRlgiHeu3a1u4v2b20FXe5+x448MIwmRgoci+bNm+\/m635eVrVO2Go+3bRsIhlSBbpq5sH\/rj0YdB0FvGu2nFU6SpQ9K+bfV+549SbqSc5Zf8A0GN9MPiGlYrhQgQROJnkHDZYHV1ecl1CIpLaWYm562pW6UeIWSAmHjo8TrxgLLGjXd3RzKQweQljZFOoHQAL33xhkmnjgw0zSkYeI5lbLMsUwlAjAVjk1a7G3SnN0NoLHiVjlimExhaFbKMgVSZZGcKTlu8jWJYgLlHMkmngUv79A32iQUAuQykBG\/8A6EdkW63uNBem4Sk0aOVBDBWsRfzHyqLjsNOZHcTBVKqi+6uyBhYrFITozkc7HUi\/JQJmzSpijKCyZFyjwWwsPlUjQk4crco7qf2swNuV76+VgRUTaO051UC13LIiSKLKpkZY8zJc3C5y1ibEqPO1q4qoxSGWeOC5RHDu7gAkLHlsqE6KxLg5rGwRrakECBpE3C7KSJ2killAXPxULFlkcqGLMWHe1B7JA6emL7BiOO3hd2F1id3sdRaLsJ\/qymtl2kxw+HlkeaSVcuYB1UFQqlyNFU6gddazH2E4O\/2rEtqWYRj\/AL2+eYfKq\/xYn6e5sAWvKdFdUDMe3SkYwIChH2iWTEl82jASrJbKNb34fPpmtWhrNw4Wa1zbQeLHRR8SQPjQTu4RaOMAgYeNISTe5cqjPYH7thGQepJ001KcepbhRAsCTmJXoF0APgCWA9AatkoCt5p5I1w2GWeVweLxhGhDudGyEquRQEZ2K3vbLm01omxUwfB4aFJXf7XlTialuF\/6idhmN8uqx25gMKHtjy\/aMXiUMWC4YmZTGyo+eKJizubsS8lslrDKDLcjnRjglMmOcA9nDIkAW39owWaVgfxRpYeFDAkFSYiilM8meSzvlWRmzLBGTa5BEYvYElYmFiCap9i7hnDypKMuaKVFjZ2Z\/c8BFl4SZiEdps7A6HU38KFN4dsLHj2d2uuD4eUo0ThcqMLqrzJmkLMpsLsOHb7xrRYsZDgdmrKmfg4fDiVRKCJHYj3YcECzsx5W5mgPYy\/237WOIxkGz4TcQ2zeBmktz\/ZW3+ZvCjndLYgw\/wBmsNAOHf1XQ\/MfWsw9nOAfGYuXFzdpi5JJ6ySG7H4A2\/EK3nE4fLCSOaWcfhIb9KiXQtHskcpzhwO\/7u3QWFr+utSZgwj0F2ABHmwYj9aku4ZbjqL3psvddQQSt9f2qhlXG8A8xaUSRhEDe7OYEsttb25a3+FqGPaths+zMUCOShx6qwNHI5ChL2k\/\/jsZ\/wC09XHIRyRt2YYW2RhUmXOJMLEnCHNxkBtprz5mmk2WZhDiZcLEODY4c5zmRRcKbC4J5EAk2+tWe46BtmYM21OHiUnrlyi4H1ogw+zkGup0AsTcAAW5DSqszOMlpsC+78kZxAgUX4UZjOpIAQqMoN9bMRqRc2NN7urfE7UbIi3lRRl+8ACMz6ntHXTwtpRFs3Y6QzyuoAzKvS1tWJ16660MbjwEfb24Riz4i+rEl7qp4hvyzX5dKp4B+3VA\/vntdJJsUseJkZcsGGfKJBFEFm9+iyAZczgi5GvZIueVStxduxvKIuOBkwyQrGwe8jrdmZS\/MKCE0JJIYnoT2+WMaKXEGJ8LHKHgCyLHGZ4YyGMpcnXMSoHSwPpVpuu6TSSSvh4BIsERMyqvE4zp75PEZSQL2HMjpQ8Cln++xN29hJgWaOYg5VUIFW40JKxuR2WYA9oajn4WsNnovDQILIFXKPBbCw+VRNoYaVZHf7Q2UrZEEaC1kLFQ5UkA2uSNfPlaXs9gUUrouVbDwFhb6VDKRIYVSYqJpZxGr8IIOO8uhYAGyqgOgza5ib2VbWu11vZOVUc7v9oQRFEYI7tI4JURhkBWwI1JIN76BTzoQ3gp\/aZjHw+zZs0plZwVVsoXR8qAEDyc60r2ObL4WzoC2hcNMfRicp\/y2qi9tc0owaI5VnklVQEBAPeI0JOugow3YhZMPEo04aJGB5KthTlhITWAvBFdVauO0r2oGZzsFQWdxykbOLixy5VVSRYWuqA2tcXt0p\/eMIVxUs4k4UcHCsjWzl7sQL6E6ouoNu0NQ1q92OmUKPAAfKqnbkymKzTtCMRKcyqGZ3jJVAsAuAurqxOg7RvnsQ2zM0Ttx9gwnLiJIDHw24gIkzRF2EjO4uMzOIlS7ElfeXCqdBa7Ad2w5OnEnz4h7H\/ruWRM3PtF1W+vZjcCxANVmz8A0OAl4czTjEiOKBQJFRBOArGMSOzj3YeQknx0FXU+JMGAkmRRnJzRKASMsTDh8gTlyR5zz7xAuSLyMjbJ3SaOaNwYJHXEBgLqRHgwZyWIIJ4rPKxJW2oAvYEUPe3zb9oYsKp7UzfaJBf+zTsxA+RN2\/BTu4WzJnl4QlKRQ8Aq3BMM+JQZ1VWRnYiBW4rk2BZieVtBXbjf0nt5x\/ZxNwwPFICFt6M9z6NQ+o0aB7MNg8HDRKR2rBm\/abU\/Ll8K0eVAFN+Vjf0trUDY2EyKBVuRWZSKHdrFLNChs1gD3gRqCQoN\/Aa\/Gp+Ley9OQAv5nSvJhw5Q33XGQ+RHd+mnyrySPOEU63sT8KQx3Y+0Unizpe12XUW1UlTb4g0H+1hi2BxMamwSIyOfjZF+Jufwjxo8dwiEnRVF\/QAdKAvaNGV2TjHbRpFDt6syhV+C2Hwqo5Q45L3ckW2bgwq3PAiPl3B1q44rhblkXp5D61W7qMqbOwgfkMPFf\/IvM386kTY9IzlJbumTSMhQq8zcKQDysCbmtUYxwicoOVmuDcH6A8qBvZxFaLFDLIt8T\/ad43SPVdB2fDyAo1lxXeQg3sLfjuBcn0oO3CjHCxeSVpD9rILOD2XAjBVQTcqtrD08KTwU8fr\/AAwX27hMJBNMsWDDSfaGVFmmcwtlgM80xjGl8oIXQ3OviKut2tlQSYmWZBOjYeOJQmZRCpmjEhUKgGbKHGjctDblQxvNgkjeZMXtGWR1ksWjjkaS8sb2TLfhBRHctYHsm1heivdTB4xJpQ2IhkwwQEoGzSmSSzhjZFy5g1zcnpaiQSyXu2MGzmX30lmQJwwEVTcHsB8mazWN7NceVPYNwVVh3WVSPQgEVF2zh8QWkbjJwiACqpaUR2uyrKXOQkdQoNuRBsRMhC5VyABcoygcgttLfCoY0PudKodozsksbRqXkZsgQW7Sd5yxOigBb3PWw1JFXEx0qg2vKqNHI98vahIW+YiW2qBRmJGS+mtrnpQhvAIe0CRp8fs2F1Ckyh2W4awUq1sw56X+Nadh4coC\/Ks2gP2reGGykLBCXOYWIuLajoe2BY1qO0TZl9aJZFz\/AERGKeVdU0xV1FyjO8NMEVnIuEVmt1NgTYetrfGh7aeyp2MCRQNdAZCTZ3ck5mCBpl0V7AjkoJN9VU3UmsZTW7lUGU2bU3NjcWNlOoI9Rzofi2pC+0+0JJIyI4F1FuJGyuVUZs2XiwqWNrkG5sCDWjMUGuIdnbCJKFEkcTYuRY\/6tGyfZ4svlbi29K8xe18CqvDiCx+zwxzZQDlEcDx6E3F2MuW6dcsd6nQOqy4qWR\/dR5YToSAIY1VtPvEvI4sASTpqTQBu4Z5pJXghMx43u0mwxIZSyyBsRJxQsfZEZ1Vv6uMi5sKRQe7dlh2dgZcTEpzpBlR31kLzOxjDHyeRmIFuflWfew\/YxYyYhhzIRSeoXVrepI\/y1L9vu3CRBhFNyzGdwPAXiiHxIc\/KtA9m+xBh8JCltQgv6nU\/UmplgaC6COwFPEV4BXk8ZZWANiQRfwvUFEbHIrxsLjkdQeRGo+NNbLsxJ8Oz8qbjgEGHK3DFV1YjvHxbxqsxmMaKRSmivYHllvpbzufK\/I0mPkXeOOdlj6d5v2QdB8SPpQf7Z7\/0TiLeMd\/TiLejDAxWBZjdm1JH0A8qDvbNMBsqcHm5jRR4sXB\/IGqhkcclTjNuS4TZ2HRcy8SOBY5UKkmYKjGNlYjKrKti99ATy6225e0HxU+LDM5UzpIQzqyRxqiZI4srMt86sWym3Z11NSZt1XmhytKuWOHhRo6BkSfKq8Zr3uwGi3FhcnnU\/BbIGDEpVkyh45I0UWMcSokRU692yH69a05GKWyLPFf+oH7C3+Dm35mqPdd2EWIJKSFcS1hHa1ly5V0AGbTXzPOryQXndgeXBTl1Bdz9HFVW6sZSGQvEIL4iR8pN9NLMST94DNr40ngf9+jM\/wAZDisRLJIMEY8QTKzJllKpmheEs8zIImaz37JPdAAqz3F2i\/2nERzREzPGmaRC5ijjiAWOMhkTKQDz1zEk3tYCFvPtSGZpQ+NZ8NJiUkZkeSywxQsckRtaxkQdpdCWW1zRFuBtSTERSM+ISVeHAoQOjMsqqBKTl6ZiAL6nKx5EU5YCRM23x14+douGeqhhIkZWzlRfLxAtxmOvXl2at0AygLysAPTpVVt8zEyI6JHE5MbShyzhHAU2jygKWGmcs1vC1WyCwFuXSpZQzPyqg2piVSSJ5GCIpa7kgBSVsDc6XsWX8VXuKND2OdeNFnKhVzy3bkMoAvz8HPxI8KQwc9nbtLtbaM3mqD5nT\/SK0zaHNaAPY5hfeY+QjvYh1+Wv+6j\/AGjzFOWWJeqXclq2ldSEbQV1SMy3EEnhKCVzSAEqSDbI5tceNrV5uFjnkxcqNlyLicRGqhFAVUkw4AU2uL52Jse0WJN66urVmRf7HbiRx5gO28kjACwLHFKhuOukzHXrY9BTGxNmLhNowwwlsv2XFYhixuzyPNGvbNhcKqKo00Cjzrq6pKfMzDeFuNvA6yahZ1jA8FjAVR\/pv6k19JbNjAQW8BXV1TLI+ZMNemurqkojvCroVYXB5g8jWc77wjirzsoYhb9kG17geOnOva6sK\/oNKWQt3TcnDLcknxPOhD2uNmk2VEe4+MQsPHKVA\/7j866urejhdjOWH2YU724JZcBiA1xlLSqQbEPG+dD8CooDw0zSYqXFMTxZHGGbU5eEcLE+UKTbRnLDzNdXVqiHj5mjbMbNho5D3pbTMf8AEwvp5AWUeSiou6+zlhgaMFmXjXJc3JzqrG+nLtWt4V1dSYAxvqEwgnkijVihw6KjvI0KiZ8jFYeJwwwBNiFFr1ebL3YiRzic8rSBAihn7KByC1gAL+HaJtXldQ8BzHd6G91i\/wDDGpHrLdD8gNByubm9T7V1dSeBoi4qqDEYdJMRCHUMFLOARcBlHZNvEHUeetdXUiid7PIAsc9uuJnJ8znNXmO511dQ8gufd\/uLVtK6urqAP\/\/Z\" alt=\"Imagini pentru Gheorghe Constantin Nistoroiu\" name=\"THwjhT9vs-XicM:\" data-sz=\"f\" \/>,,Dac\u0103 va veni peste noi o alt\u0103 pedeaps\u0103, <span style=\"text-decoration: underline;\">\u015fi care va veni numaidec\u00e2t,<\/span> va veni pentru nerecuno\u015ftiin\u0163a noastr\u0103 a rom\u00e2nilor ortodoc\u015fi care c\u0103lc\u0103m pe jertfele martirilor. Oriunde ne-am \u00eendrepta e pic\u0103tura de s\u00e2nge pe metru p\u0103trat.,,<\/em><\/strong><\/p>\n<p style=\"text-align: right;\"><strong><em>\u00a0\u00a0\u00a0\u00a0\u00a0\u00a0\u00a0\u00a0\u00a0\u00a0\u00a0\u00a0\u00a0\u00a0\u00a0\u00a0\u00a0\u00a0\u00a0\u00a0\u00a0\u00a0\u00a0\u00a0\u00a0\u00a0\u00a0\u00a0\u00a0\u00a0\u00a0\u00a0\u00a0\u00a0\u00a0\u00a0\u00a0\u00a0\u00a0\u00a0\u00a0\u00a0\u00a0\u00a0\u00a0\u00a0\u00a0\u00a0\u00a0\u00a0\u00a0\u00a0\u00a0\u00a0\u00a0\u00a0 Arhimandrit IUSTIN PARVU<\/em><\/strong><\/p>\n<p><strong>\u00a0<\/strong><\/p>\n<p style=\"text-align: justify;\"><strong>\u00a0<em>\u201eC\u00e2nd c\u0103r\u0163ile sunt arse, poporul va sf\u00e2r\u015fi \u015fi el prin a arde.\u201d<\/em><\/strong><\/p>\n<p style=\"text-align: right;\"><strong><em>\u00a0\u00a0\u00a0 <\/em><\/strong><strong>(Heinrich Heine)<\/strong><\/p>\n<p><strong>\u00a0<\/strong><\/p>\n<p><strong>\u00a0<em>\u201eC\u00e2nd dreptul legal la libera exprimare este amenin\u0163at, c\u0103r\u0163ile vor sf\u00e2r\u015fi prin a fi arse\u201d<\/em><\/strong><strong><\/strong><\/p>\n<p style=\"text-align: right;\"><strong> (Moshe Zimmerman)<\/strong><\/p>\n<p><strong>\u00a0<\/strong><\/p>\n<p style=\"text-align: justify;\"><strong>\u00a0\u00a0 G\u00e2ndirea \u00eentru Adev\u0103r, fiind de sorginte divin\u0103 nu poate fi interzis\u0103, nu poate fi arestat\u0103 sau expulzat\u0103. <\/strong><\/p>\n<p style=\"text-align: justify;\"><strong>\u00a0<\/strong><\/p>\n<p style=\"text-align: justify;\"><strong>\u00a0\u00a0 Cel mult ea poate fi tot prin Adev\u0103r comb\u0103tut\u0103.<\/strong><\/p>\n<p style=\"text-align: justify;\"><strong>\u00a0<\/strong><\/p>\n<p style=\"text-align: justify;\"><strong>\u00a0\u00a0 Pentru dimensiunea spiritual\u0103 a continuit\u0103\u0163ii ortodoxe ve\u015fnice a Neamului cre\u015ftin, Bunul Dumnezeu h\u0103r\u0103ze\u015fte fiec\u0103rei Genera\u0163ii: dasc\u0103lii, preo\u0163ii, monahii, monahiile, poe\u0163ii, scriitorii, arti\u015ftii, geniile, profe\u0163ii, conduc\u0103torii, eroii, martirii, m\u0103rturisitorii, sfin\u0163ii, cuvio\u015fii, \u00eentr-un cuv\u00e2nt to\u0163i Slujitorii Elitei Aristocrate a Spiritului, a Jertfei mistice \u00eentru Atotcreatorul \u015fi Neamul protodac str\u0103bun. <\/strong><\/p>\n<p style=\"text-align: justify;\"><strong>\u00a0 \u00a0Elita Aceea Aleas\u0103 apar\u0163ine lui Dumnezeu \u015fi deopotriv\u0103 Neamului, at\u00e2t genera\u0163iilor trecute, a celor prezente c\u00e2t \u015fi a celor viitoare. To\u0163i sunt \u00eentr-o comuniune divin\u0103, haric\u0103, hristic\u0103 a contemporaneit\u0103\u0163ii permanente a tuturor, ca slujire, sacrificiu, misiune \u015fi voca\u0163ie, biruin\u0163\u0103 \u00eentru m\u00e2ntuire. <\/strong><\/p>\n<p style=\"text-align: justify;\"><strong>\u00a0\u00a0 Prin urmare, denigrarea, profanarea, calomnia, oprobriul, infamia, negarea, contestarea meritului sacru-voca\u0163ional, didactico-pedagogic-duhovnicesc, interzicerea tr\u0103irii ortodoxe-na\u0163ionale \u015fi a crea\u0163iei cre\u015ftin-spirituale, a atitudinii \u015fi exprim\u0103rii dumnezee\u015fti, uciderea postum\u0103 a mor\u0163ilor \u015fi a urma\u015filor lor de s\u00e2nge ori spirituali, implic\u0103 \u00een mod expres consecin\u0163a \u015fi sacrilegiul adus lui Dumnezeu, Sfin\u0163ilor Lui, Fecioarei Maria-Ocrotitoarea Daciei Mari, Neamului \u00eensu\u015fi, lumii \u00eentregi, poporului care mai tr\u0103ie\u015fte, preg\u0103tind \u015fi promulg\u00e2nd totodat\u0103 \u015fi legea mutil\u0103rii mistice a genera\u0163iilor viitoare. <em>\u00a0<\/em><\/strong><\/p>\n<p style=\"text-align: justify;\"><strong>\u00a0\u00a0 O parte din M\u0103rturisitorii credin\u0163ei str\u0103mo\u015fe\u015fti, ai suferin\u0163ei mistice \u015fi ai jertfei sfinte au \u00eembr\u0103\u0163i\u015fat voca\u0163ia \u015fi misiunea scrisului, zugr\u0103vind cuvintele \u00een alese scripturi, iar cei ce \u00eenchin\u0103 slovele numai lui Dumnezeu \u015fi Neamului le \u00eentrupeaz\u0103 \u00een sublimele Poeme ale iubirii \u015fi dragostei na\u0163ional-universale.\u00a0 <\/strong><\/p>\n<p style=\"text-align: justify;\"><strong>\u00a0\u00a0 Toate cuvintele sunt croite perfect dup\u0103 chipul \u015fi asem\u0103narea Autorului \u015fi a Celui, a Celor c\u0103rora le sunt \u00eenchinate spre cinstire. <\/strong><\/p>\n<p style=\"text-align: justify;\">\u00a0\u00a0 <strong><em>\u00cen puterea limbii<\/em>, <\/strong>spune Ecclesiastul <strong><em>este via\u0163a \u015fi moartea \u015fi cei ce o iubesc m\u0103n\u00e2nc\u0103 din rodul ei.<\/em><\/strong> (Pilde 18, 21).<\/p>\n<p style=\"text-align: justify;\"><strong>\u00a0\u00a0\u00a0 Limba sf\u00e2nt\u0103 a unei Na\u0163iuni define\u015fte \u015fi roste\u015fte crezul fiin\u0163ei Neamului, iar sensul ei jertfelnic celebreaz\u0103 Taina teologico-liturgic\u0103 a Ortodoxiei<\/strong>. <strong>\u00cen esen\u0163a ei limba \u00ee\u015fi \u00eendepline\u015fte func\u0163ia cultic\u0103, \u00een care-L sl\u0103ve\u015fte mai \u00eent\u00e2i pe Dumnezeu-Cuv\u00e2ntul, Cerul sfin\u0163ilor, iar apoi Semin\u0163ia sa \u015fi omul cre\u015ftin \u00een general. <\/strong><\/p>\n<p style=\"text-align: justify;\">\u00a0\u00a0 <strong>\u00cen graiul vechi al <em>Psaltirei<\/em>, Psalmul 116 zicea:<\/strong><\/p>\n<p style=\"text-align: justify;\"><strong>\u00a0\u00a0 <em>L\u0103uda\u0163i pre Domnul toate limbile,&#8230;<\/em> <\/strong><\/p>\n<p style=\"text-align: justify;\"><strong>\u00a0\u00a0 \u00cen S\u00e2nul limbii daco-rom\u00e2ne s-a r\u0103sp\u00e2ndit primordial mireasma Revela\u0163iei dumnezeie\u015fti a Logosului gr\u0103itor de frumos \u015fi adev\u0103r.<\/strong><\/p>\n<p style=\"text-align: justify;\"><em>\u00a0\u00a0 <strong>Cuvintele frumoase sunt un fagure de miere; dulcea\u0163\u0103 pentru suflet \u015fi t\u0103m\u0103duire pentru oase.<\/strong><\/em><strong> <\/strong>(Pilde&#8230; 16, 24)<\/p>\n<p style=\"text-align: justify;\"><strong>\u00a0\u00a0 Limba daco-rom\u00e2n\u0103 este m\u0103rturia dreptei credin\u0163e, este expresia frumuse\u0163ii sufletului ortodox \u015fi Altarul consfiin\u0163it de martiriologia milenar\u0103 a acestei Na\u0163iuii arhibinecuv\u00e2ntate. <\/strong><\/p>\n<p style=\"text-align: justify;\"><strong>\u00a0 Scrisul ales, bine chibzuit este aura m\u0103rturisitorului credin\u0163ei, a suferin\u0163ei \u015fi a demnit\u0103\u0163ii, care poart\u0103 \u00een fiin\u0163a sa admira\u0163ia, c\u00e2ntarea, slava, slova, poezia, dorul \u015fi dragostea pentru M\u00e2ntuitorul nostru Iisus Hristos \u015fi m\u00e2ndria sf\u00e2nt\u0103 a Neamului s\u0103u protodac nemuritor.<\/strong><\/p>\n<p style=\"text-align: justify;\"><strong>\u00a0\u00a0 <em>C\u0103 din cuv\u00e2nt se cunoa\u015fte \u00een\u0163elepciunea \u015fi din graiurile limbii \u00eenv\u0103\u0163\u0103tura. Nu gr\u0103i \u00eempotriva adev\u0103rului, ci ru\u015fineaz\u0103-te de lipsa ta de \u00eenv\u0103\u0163\u0103tur\u0103.<\/em> <em>Graiul dulce \u00eenmul\u0163e\u015fte pe prieteni \u015fi limba cea binegr\u0103itoare \u00eendatoreaz\u0103, deseori, la r\u0103spunsuri binevoitoare.<\/em><\/strong><em> <\/em>(\u00cen\u0163elepciunea lui Isus Sirah 4, 26-27; 6,5)<\/p>\n<p style=\"text-align: justify;\"><strong>Cuvintele de foc, sunt de fapt Oamenii jertfei, sunt versurile \u00eenv\u0103p\u0103iate sunt jur\u0103mintele ce depun m\u0103rturie peste Hrisovul de jar al suferin\u0163ei, al d\u0103ruirii, al devenirii, al \u00eennoirii acelui Neam.<\/strong><\/p>\n<p style=\"text-align: justify;\"><strong>\u00a0\u00a0\u00a0 Ele nu sunt \u201ecuvinte potrivite\u201d politic, cuvinte de clac\u0103, ci sunt Oameni ce potrivesc vie\u0163ile dup\u0103 m\u0103sura jertfei lor, r\u0103m\u00e2n\u00e2nd permanent \u00een s\u00e2nul de lumin\u0103 al L\u0103ca\u015fului dumnezeiesc.<\/strong><\/p>\n<p style=\"text-align: justify;\"><strong>\u00a0\u00a0 Cuvintele-Oameni nu sunt spuse a\u015fa ca s\u0103 te afli \u00een vorb\u0103, nu se t\u00e2r\u0103sc pe p\u0103m\u00e2nt ca vie\u0163uitoarele, ci ele gr\u0103iesc Duhului Sf\u00e2nt, tr\u0103itor, \u00een\u0103l\u0163\u00e2ndu-se ca pe o sf\u00e2nt\u0103 cuminec\u0103tur\u0103, la Cina Cerului.<\/strong><\/p>\n<p style=\"text-align: justify;\">\u00a0\u00a0 <strong>Cuvintele-Oameni nu sunt literatur\u0103, nu sunt g\u00e2nduri risipite \u00een diferite genuri epice, lirice, dramatice, satirice ori tragicomice.<\/strong><\/p>\n<p style=\"text-align: justify;\">\u00a0\u00a0 <strong>Cuvintele-Oameni \u0163esute-n t\u0103cere nu tac, ard \u015fi brodate \u00een smerenie nu ascult\u0103 se \u00eenal\u0163\u0103,<\/strong> <strong>se ridic\u0103 \u00een slav\u0103, m\u0103rturisesc \u015fi se \u00eenf\u0103ptuiesc \u00een dumnezeiescul Cuv\u00e2nt pe Care-L binecuv\u00e2nt\u0103.<\/strong><\/p>\n<p style=\"text-align: justify;\">\u00a0\u00a0 <strong>Cuvintele-Oameni sunt Vl\u0103starele cere\u015fti ale Logosului-Hristos: sunt Imnele sacre, sunt Craii credin\u0163ei, sunt Lacrimile prigoni\u0163ilor, sunt Dorurile noastre, sunt Monahii n\u0103dejdei, sunt Monahiile suferin\u0163ei, sunt bucuriile Eroilor, sunt Acatistele Martirilor, sunt Poemele M\u0103rturisitorilor, sunt Rugile Fecioarei, sunt Mirii Iubirii, sunt Cer \u015fi P\u0103m\u00e2nt, sunt Mame \u015fi Sfin\u0163i.<\/strong><\/p>\n<p style=\"text-align: justify;\"><strong>\u00a0\u00a0 Razele dumnezeie\u015fti ale M\u00e2ntuitorului se urzesc \u00een r\u00e2ul rubiniu al martirilor, podind cu suspinele lor Catedralele albastre ale Neamului. Toate sentimentele martirilor suie statornic \u00een c\u0103\u0163uie de mir \u015fi de jertf\u0103. \u00cen sufletele noastre umbrite plou\u0103 sufletele lor de lumin\u0103. \u00cen \u0163\u0103rmurile Patriei noastre se revars\u0103 mereu Curcubeul p\u0103timirii lor. Goli\u0163i de mireasma de p\u00e2ine a p\u0103m\u00e2ntului str\u0103bun, m\u0103rturisirea lor ne \u00eenvele\u015fte-ntr-o maram\u0103 de cer. Pe cioatele r\u0103mase ale Codrului fr\u00e2nt au \u00eenflorit a vi\u015fin inimile Mucenicilor. Tot asfin\u0163itul \u015fi-a topit culorile seci \u00een cugetele fr\u00e2ngerilor noastre, dar ei Brazii falnici, zelo\u015fi, cutez\u0103tori, lupt\u0103tori, temerari, biruitori ne cuminec\u0103 cu r\u0103s\u0103ritul str\u0103lucirii lor. Ne r\u0103sturn\u0103m \u00een patimile egoismului zilnic, dar Mirii de Sus ne surprind \u00een extaz cu bucuria sf\u00e2nt\u0103 a \u00eenvierii lor.<\/strong><\/p>\n<p style=\"text-align: justify;\"><strong>\u00a0<\/strong><\/p>\n<p style=\"text-align: justify;\"><strong>\u00a0\u00a0 POLITICIENI <em>\u201eALE\u015eI\u201d, <\/em>VOI\u0162I S\u0102 V\u0102 DA\u0162I SEAMA DE INFLUEN\u0162A MI\u015eC\u0102RII NA\u0162IONALISMULUI CRE\u015eTIN ROM\u00c2N \u00ceN S\u00c2NUL CULTURII ORTODOXE NA\u0162IONALE \u015fi UNIVERSALE?!?<\/strong><\/p>\n<p style=\"text-align: justify;\"><strong>\u00a0\u00a0 <\/strong><\/p>\n<p style=\"text-align: justify;\"><strong>\u00a0\u00a0 \u00cenchipui\u0163i-v\u0103 o clip\u0103 c\u0103 MI\u015eCAREA, care este sinonim\u0103 Bisericii Lupt\u0103toare n-ar fi existat de loc sau c\u0103 a\u0163i fi sugrumat-o din fa\u015f\u0103. <\/strong><\/p>\n<p style=\"text-align: justify;\"><strong>\u00a0\u00a0 R\u0102STIGNI\u0162I \u00een g\u00e2nd BINELE, FRUMOSUL, DREPTATEA, ADEV\u0102RUL \u015fi LIBERTATEA care tr\u0103iesc permanent \u00een EA.<\/strong><\/p>\n<p style=\"text-align: justify;\"><strong>\u00a0\u00a0 \u00ceNCEPE\u0162I cu Apoteoza EROILOR. Intra\u0163i \u00een fiecare tran\u015feu, \u00een fiecare ambuscad\u0103, \u00een fiecare linie \u00eent\u00e2i, \u00een fiecare cetate cucerit\u0103, \u00een fiecare lag\u0103r al deport\u0103rii \u015fi smulge\u0163i de pe chipul bravilor fiecare t\u0103cere a mor\u0163ii, din inimile r\u0103ni\u0163ilor fiecare durere, din sufletul \u00eenving\u0103torilor fiecare bucurie, din cohortele prizonierilor fiecare suferin\u0163\u0103.<\/strong><\/p>\n<p style=\"text-align: justify;\"><strong>\u00a0<\/strong><\/p>\n<p style=\"text-align: justify;\"><strong>\u00a0\u00a0 CONTINUA\u0162I cu Aura MARTIRILOR. P\u0103\u015fi\u0163i \u00een toate \u00eenchisorile \u015fi temni\u0163ele ateo-comuniste. \u015eterge\u0163i lacrimile tuturor tortura\u0163ilor, c\u0103lca\u0163i \u00een picioare umbrele Stafiilor ce mi\u015fc\u0103, \u00eencle\u015fta\u0163i-le frica, \u00eenc\u0103tu\u015fa\u0163i-le crezul, curma\u0163i-le n\u0103dejdea, \u00eencremeni\u0163i-le ruga, strivi\u0163i-le iertarea pentru vr\u0103jma\u015fi, preface\u0163i \u00een scrum toate dorurile, visele, zidi\u0163i-le de vii toate versurile, toate poeziile, toate icoanele sfinte, ale mamelor, ale copiilor, ale so\u0163iilor, ale iubitelor, ale camarazilor, ale cerului, profana\u0163i-le mormintele, crucile, gropile comune, r\u0103scoli\u0163i toat\u0103 Glia purt\u0103toare de moa\u015fte sfinte \u015fi \u00eempr\u0103\u015ftia\u0163i-le peste tot, arde\u0163i-le.<\/strong><\/p>\n<p style=\"text-align: justify;\"><strong>\u00a0<\/strong><\/p>\n<p style=\"text-align: justify;\"><strong>\u00a0\u00a0 DECLAN\u015eA\u0162I Inchizi\u0163ia \u00eempotriva G\u00c2NDIRII cre\u015ftin-ortodoxe \u00een Poezie, Cult, Filosofie, Art\u0103, Literatur\u0103, \u015etiin\u0163\u0103, Sport. <\/strong><\/p>\n<p style=\"text-align: justify;\"><strong>\u00a0<\/strong><\/p>\n<p style=\"text-align: justify;\"><strong>\u00a0\u00a0 URM\u0102RI\u0162I \u015fi \u015eTERGE\u0162I NUMELE lui HRISTOS, al FECIOAREI MARIA, al PATRIEI, al SFIN\u0162ILOR, al EROILOR, al MARTIRILOR, al GENIILOR, al marilor VOIEVOZI, al marilor VL\u0102DICI, al FECIOARELOR, al PREO\u0162ILOR, al MONAHILOR, al MONAHIILOR, al DASC\u0102LILOR, al marilor CUVIO\u015eI, al tuturor m\u0103rturisitorilor din toat\u0103 Crea\u0163ia Cre\u015ftin\u0103.<\/strong><\/p>\n<p style=\"text-align: justify;\"><strong>\u00a0<\/strong><\/p>\n<p style=\"text-align: justify;\"><strong>\u00a0\u00a0 APROPIA\u0162I-V\u0102 de SCHITURI, de M\u0102N\u0102STIRI, de TROI\u0162E, de SPITALE, de \u015eCOLI, de Institu\u0163ii, de Monumente, de tot ceea ce poart\u0103 pecetea cre\u015ftin\u0103 \u015fi D\u0102R\u00c2MA\u0162I-LE.<\/strong><\/p>\n<p style=\"text-align: justify;\"><strong>\u00a0\u00a0 EXCOMUNICA\u0162I to\u0163i ierarhii, preo\u0163ii, monahii, monahiile, arhimandri\u0163ii, care au \u00eendr\u0103znit s\u0103 intre \u00een Cler dup\u0103 iadul \u00eenchisorilor ateo-comuniste. <\/strong><\/p>\n<p style=\"text-align: justify;\"><strong>\u00a0\u00a0 CATERISI\u0162I to\u0163i Mucenicii, Cuvio\u015fii, Martirii \u015fi Sfin\u0163ii care au trecut din Temni\u0163e \u00een Sinaxar.<\/strong><\/p>\n<p style=\"text-align: justify;\"><strong>\u00a0\u00a0 ARDE\u0162I pedagogia marilor DASC\u0102LI cre\u015ftini \u015fi st\u00e2rpi\u0163i ODRASLELE lor spirituale.<\/strong><\/p>\n<p style=\"text-align: justify;\"><strong>\u00a0\u00a0 ANCHETA\u0162I fiecare raz\u0103 de soare care a m\u00e2ng\u00e2iat c\u0103p\u015foarele copiilor lor pe care i-a\u0163i persecutat \u00een toate \u015fcolile sau i-a\u0163i arestat.<\/strong><\/p>\n<p style=\"text-align: justify;\"><strong>\u00a0\u00a0 SUGRUMA\u0162I fiecare viers, voce, tril, c\u00e2nt, strig\u0103t \u015fi bucurie \u00een to\u0163i cei ce simt m\u00e2ndria regal\u0103 a FOLCLORULUI rom\u00e2nesc.<\/strong><\/p>\n<p style=\"text-align: justify;\"><strong>\u00a0\u00a0 ZIDI\u0162I orice emo\u0163ie, fior, str\u00e2ngere de m\u00e2n\u0103, \u00eembr\u0103\u0163i\u015fare, haz. <\/strong><\/p>\n<p style=\"text-align: justify;\"><strong>\u00a0\u00a0 SMULGE\u0162I bravura fiec\u0103rui soldat, epole\u0163ii fiec\u0103rui ofi\u0163er, demnitatea marilor generali, fireturile, tresele de aur, decora\u0163iile \u015fi arde\u0163i toate meritele \u015fi ordinele lor ost\u0103\u015fe\u015fti.<\/strong><\/p>\n<p style=\"text-align: justify;\"><strong>\u00a0<\/strong><\/p>\n<p style=\"text-align: justify;\"><strong>\u00a0\u00a0 ADUNA\u0162I cenu\u015fa celor ar\u015fi de vii, mai arde\u0163i-o \u00eenc\u0103 odat\u0103 \u015fi \u00eempr\u0103\u015ftia\u0163i-o din nou, \u015fti\u0163i voi pe unde..<\/strong><\/p>\n<p style=\"text-align: justify;\"><strong>\u00a0<\/strong><\/p>\n<p style=\"text-align: justify;\"><strong>\u00a0\u00a0 TOPI\u0162I toate c\u0103r\u0163ile, revistele, albumele, fotografiile, poemele, operele de art\u0103, simbolurile care au monograma verde-cre\u015ftin\u0103.<\/strong><\/p>\n<p style=\"text-align: justify;\"><strong>\u00a0<\/strong><\/p>\n<p style=\"text-align: justify;\"><strong>\u00a0\u00a0 RUPE\u0162I toate Diplomele, inven\u0163iile, cercet\u0103rile \u015fi descoperirile.<\/strong><\/p>\n<p style=\"text-align: justify;\"><strong>\u00a0\u00a0 ARDE\u0162I Codrii Verzi care i-au ad\u0103postit \u015fi i-au ap\u0103rat.<\/strong><\/p>\n<p style=\"text-align: justify;\"><strong>\u00a0\u00a0 PR\u0102V\u0102LI\u0162I st\u00e2nci peste c\u0103r\u0103rile prin care \u015fi-au purtat pa\u015fii.<\/strong><\/p>\n<p style=\"text-align: justify;\"><strong>\u00a0\u00a0 STRIVI\u0162I Florile care le-au oferit mireasma \u015fi balsamul lor.<\/strong><\/p>\n<p style=\"text-align: justify;\"><strong>\u00a0\u00a0 SCUFUNDA\u0162I toate terenurile care i-au hr\u0103nit cu roadele lor.<\/strong><\/p>\n<p style=\"text-align: justify;\"><strong>\u00a0\u00a0 OTR\u0102VI\u0162I izvoarele care le-au potolit ar\u015fi\u0163a setei sufletului.<\/strong><\/p>\n<p style=\"text-align: justify;\"><strong>\u00a0\u00a0 ACOPERI\u0162I cerul albastru \u015fi senin pe care l-au privit adeseori.<\/strong><\/p>\n<p style=\"text-align: justify;\"><strong>\u00a0\u00a0 ASTUPA\u0162I pe\u015fterile prin care s-au pustiit \u015fi s-au sih\u0103strit.<\/strong><\/p>\n<p style=\"text-align: justify;\"><strong>\u00a0\u00a0 HUIDUI\u0162I p\u0103s\u0103rile care i-au \u00eenc\u00e2ntat cu rev\u0103rsarea lor serafic\u0103. <\/strong><\/p>\n<p style=\"text-align: justify;\"><strong>\u00a0\u00a0 ALUNGA\u0162I zorii care le-au sur\u00e2s de at\u00e2tea ori speran\u0163elor. <\/strong><\/p>\n<p style=\"text-align: justify;\"><strong>\u00a0\u00a0 IZGONI\u0162I aerul care l-au respirat \u015fi \u00eencremeni\u0163i-l \u00een Siberii.<\/strong><\/p>\n<p style=\"text-align: justify;\"><strong>\u00a0\u00a0 ANULA\u0162I asocia\u0163iile, cenaclurile, ligile, funda\u0163iile, contractele de munc\u0103, pensiile, bolile, supravie\u0163uirea, \u00eenfierile, logodnele, cununiile, aspira\u0163iile, m\u00e2ntuirea, totul&#8230;<\/strong><\/p>\n<p style=\"text-align: justify;\"><strong>\u00a0\u00a0 \u00ceNFIERA\u0162I cu mistificarea voastr\u0103 toat\u0103 crea\u0163ia \u015fi adev\u0103rul lor, nimburile \u015fi aurele eroilor \u015fi sfin\u0163ilor, toate expresiile: <em>\u201eDoamne ajut\u0103\u201d, Hristos a \u00cenviat!&#8230;Hristos s-a \u00cen\u0103l\u0163at!&#8230;\u201dCu noi este Dumnezeu!\u201d,<\/em> <em>\u201eBucur\u0103-te Fecioar\u0103\u201d&#8230;\u201dNoi suntem Rom\u00e2ni!\u201d&#8230;<\/em><\/strong><\/p>\n<p style=\"text-align: justify;\"><strong>\u00a0\u00a0 STIGMATIZA\u0162I lacrima de bucurie, z\u00e2mbetul, sim\u0163irea, sur\u00e2sul, c\u0103ldura, pl\u00e2nsul, ging\u0103\u015fia, dorul, iubirea de pe chipul lor.<\/strong><\/p>\n<p style=\"text-align: justify;\"><strong>\u00a0\u00a0 LEGITIMA\u0162I atrocit\u0103\u0163ile comise asupra cre\u015ftinilor ortodoc\u015fi, respectiv asupra poporului rom\u00e2n, prin argumente puerile \u015fi justific\u0103ri privind <em>siguran\u0163a na\u0163ional\u0103&#8230;<\/em><\/strong><\/p>\n<p style=\"text-align: justify;\"><strong>\u00a0\u00a0 FOLOSI\u0162I-V\u0102 de spiritul de justi\u0163ie favorabil \u015fi de arhitoleran\u0163a Rom\u00e2nilor pentru a v\u0103 r\u0103sp\u00e2ndi peste tot r\u0103ul, minciuna, manipularea, mistificarea.<\/strong><\/p>\n<p style=\"text-align: justify;\"><strong>\u00a0\u00a0 PLASA\u0162I-V\u0102 pe un teren ideologic al violen\u0163ei, al demagogiei, al calomniei pentru a instaura un regim de teroare, doctrinar, politic \u015fi intelectual.<\/strong><\/p>\n<p style=\"text-align: justify;\"><strong>\u00a0<\/strong><\/p>\n<p style=\"text-align: justify;\"><strong>\u00a0\u00a0 N\u0102RUI\u0162I printr-o lege, Ordonan\u0163\u0103 de Urgen\u0163\u0103, na\u015fterea, copil\u0103ria, adolescen\u0163a, maturitatea, senectutea, supravie\u0163uirea, continuitatea prin urma\u015fi \u015fi decreta\u0163i c\u0103 totul este mit \u015fi legend\u0103.<\/strong><\/p>\n<p style=\"text-align: justify;\"><strong>\u00a0<\/strong><\/p>\n<p style=\"text-align: justify;\"><strong>\u00a0\u00a0 RETEZA\u0162I m\u00e2inile tuturor care se \u00eenchin\u0103 \u015fi care binecuv\u00e2nt\u0103.<\/strong><\/p>\n<p style=\"text-align: justify;\"><strong>\u00a0\u00a0 T\u0102IA\u0162I toate \u00eenrudirile, leg\u0103turile lor spiritual-cre\u015ftine cu toate marile personalit\u0103\u0163i culturale str\u0103ine \u015fi cu \u0163\u0103rile lor.<\/strong><\/p>\n<p style=\"text-align: justify;\"><strong>\u00a0<\/strong><\/p>\n<p style=\"text-align: justify;\"><strong>\u00a0\u00a0 \u00ceNCRIMINA\u0162I Decizia Tribunalului Interna\u0163ional de la Nurnberg, fiindc\u0103 nu i-a \u00eencriminat politic ca extremi\u015fti.<\/strong><\/p>\n<p style=\"text-align: justify;\"><strong>\u00a0<\/strong><\/p>\n<p style=\"text-align: justify;\"><strong>\u00a0\u00a0 \u00ceNCRIMINA\u0162I-L pe DUMNEZEU fiindc\u0103 i-a n\u0103scut, i-a crescut, i-a obl\u0103duit, i-a certat, i-a iertat \u015fi i-a iubit.<\/strong><\/p>\n<p style=\"text-align: justify;\"><strong>\u00a0<\/strong><\/p>\n<p style=\"text-align: justify;\"><strong>\u00a0\u00a0 \u00ceNCRIMINA\u0162I-L pe HRISTOS c\u0103 to\u0163i s-au r\u0103stignit pentru EL.<\/strong><\/p>\n<p style=\"text-align: justify;\"><strong>\u00a0\u00a0 \u00ceNCRIMINA\u0162I Neamul Rom\u00e2n c\u0103 to\u0163i s-au jertfit pentru el.<\/strong><\/p>\n<p style=\"text-align: justify;\"><strong>\u00a0\u00a0 ACUZA\u0162I voi \u015fi CONDAMNA\u0162I, \u00eenainte ca s\u0103 fi\u0163i Acuza\u0163i \u015fi Condamna\u0163i.<\/strong><\/p>\n<p style=\"text-align: justify;\"><strong>\u00a0\u00a0 PRIVI\u0162I f\u0103r\u0103 team\u0103 \u00een urma voastr\u0103 \u015fi smulge\u0163i din pieptul milioanelor de cre\u015ftini ortodoc\u015fi vii sau adormi\u0163i Crucea R\u0103stignirii \u015fi a \u00cenvierii M\u00e2ntuitorului \u015fi a lor.<\/strong><\/p>\n<p style=\"text-align: justify;\"><strong>\u00a0<\/strong><\/p>\n<p style=\"text-align: justify;\"><strong>\u00a0\u00a0 APOI, dac\u0103 pute\u0163i, rena\u015fte\u0163i totul dumnezeiesc \u00een Bine, Frumos, Credin\u0163\u0103, Dreptate, Adev\u0103r, Iubire \u015fi Libertate. <\/strong><\/p>\n<p style=\"text-align: justify;\"><strong>\u00a0<\/strong><\/p>\n<p style=\"text-align: justify;\"><strong>\u00a0\u00a0 <\/strong>Dup\u0103 ce i-a\u0163i r\u0103stignit pe Eminescu, Paulescu, Ha\u015fdeu, \u00een Corola de lumin\u0103 dumnezeiasc\u0103 pe care vre\u0163i s-o spulbera\u0163i, s-o \u00eengropa\u0163i sub zgura urii voastre, sub mistificarea continu\u0103 a celor peste 7 decenii, se afl\u0103 Mireasma celor mai Ale\u015fi Fii ai Neamului Dacorom\u00e2n, <strong>care au \u00eembr\u0103cat sau nu C\u0103ma\u015fa Verde, dar au urcat Drumul Golgotei Ortodoxe Rom\u00e2ne\u015fti, <\/strong>al Jertfei, al prigoanelor, al persecu\u0163iilor, al exilului, pentru Credin\u0163\u0103, Cruce \u015fi Hristos.<\/p>\n<p style=\"text-align: justify;\">\u00a0\u00a0 Fiecare a\u015fezat \u00a0\u00een r\u00e2ndul Cetei sale binecuv\u00e2ntate este un rod \u00eemplinit \u015fi \u00eensutit al sacrificiului s\u0103u sau al lor, mistic, m\u0103rturisitor \u015fi m\u00e2ntuitor pentru Dumnezeu, pentru Neam, pentru\u0162ar\u0103 \u015fi pentru sine.<\/p>\n<p style=\"text-align: justify;\">\u00a0\u00a0 S\u0103 privim c\u00e2teva Raze din Aura fiec\u0103rei Cete de M\u0103rturisitori:<\/p>\n<p style=\"text-align: justify;\">\u00a0\u00a0 <strong>Ceata Martirilor-\u00eenm\u0103nuncheaz\u0103 sute de mii de cununi:<\/strong><\/p>\n<p style=\"text-align: justify;\">\u00a0\u00a0 \u00a0&#8211;<strong>prof.<\/strong> <strong>maior<\/strong>, <strong>erou<\/strong> al primului r\u0103zboi mondial, <strong>Ion<\/strong> <strong>Zelea Codreanu<\/strong>,de\u0163. pol.;<strong> \u00a0Dr. \u00een Drept Interna\u0163ional, Corneliu Zelea Codreanu<\/strong>, de\u0163. pol., martir, ucis \u00een 1938; <strong>inginer agronom Ion Zelea Codreanu<\/strong>, ucis \u00een 21\/ 22 Sept. 1939,pe treptele bisericii din Hu\u015fi; <strong>locotenent al armatei rom\u00e2ne, brav ofi\u0163er, Horia Zelea Codreanu<\/strong>, ucis \u00een fa\u0163a casei sale din Bucure\u015fti, \u00een 1941, de S.S.I.; <strong>Decebal Zelea Codreanu<\/strong> \u015fi <strong>C\u0103t\u0103lin Zelea Codreanu<\/strong> au primit c\u00e2te 16 ani de temni\u0163\u0103 \u00eentre 1948-1964;<strong> Dr. \u00een med., Dr. \u00een Drept, Ioan Banea, <\/strong>de\u0163.pol., ucis \u00een 1939, \u00een penitenciarul R\u00e2mnicu S\u0103rat; <strong>Dr. \u00een Drept, Dr.\u00een Teologie, scriitor, publicist, Ion Mo\u0163a, <\/strong>martir, ucis la Majadahonda \u00een Spania; <strong>Dr. \u00een Drept Interna\u0163ional, scriitor, publicist, Vasile Marin, <\/strong>martir, ucis la Majadahonda \u00een Spania; <strong>Dr. \u00een Filosofie, eseist cre\u015ftin, filosof, Vasile B\u0103ncil\u0103, <\/strong>de\u0163.pol.; <strong>lic. \u00een Litere \u015fi Drept, Dr. \u00een Filologie, poet, scriitor g\u00e2ndirist, gazetar, dramaturg, prozator, eseist, mb. al Societ\u0103\u0163ii Scriitorilor Rom\u00e2ni, Pan M. Vizirescu<\/strong>;<strong> Dr<\/strong>. spec. \u00een radiologie, mb. al Misiunii Medicale franceze \u00een Yemen, de\u0163. pol. <strong>Vasile Andrei<\/strong>; <strong>deputat<\/strong> de Ialomi\u0163a, <strong>pictor-gravor<\/strong>, <strong>Alexandru Basarab<\/strong>, prizonier pe frontul de est, ucis la 8 Iulie 1941; <strong>Comandor de avia\u0163ie<\/strong> <strong>Eugen B\u0103il\u0103<\/strong>; <strong>Dr<\/strong>. chirurg <strong>Emil Bulbuc<\/strong>, ucis \u00een 1947; <strong>stud<\/strong>. <strong>\u00een medicin\u0103<\/strong>, <strong>licen\u0163iat<\/strong> <strong>\u00een filologie<\/strong>, <strong>dr<\/strong>. <strong>\u00een teologie<\/strong> <strong>Preot<\/strong> <strong>prof<\/strong>. <strong>Gheorghe Calciu-Dumitreasa<\/strong>,de\u0163.pol.; <strong>pictor<\/strong> <strong>Andronic Cantacuzino<\/strong>, ucis pe frontul de est \u00een 1941; <strong>Dr<\/strong>. \u00een <strong>Drept<\/strong> <strong>Interna\u0163ional<\/strong> cu studii la Paris \u015fi Haga, prin\u0163ul <strong>Alexandru Cantacuzino<\/strong>, ucis \u00een 1939 la \u00eenchis. R. S\u0103rat; <strong>g-ral<\/strong> <strong>de armat\u0103<\/strong>, <strong>erou<\/strong> al primului r\u0103zboi mondial, <strong>deputat<\/strong> \u00een diverse legislaturi, prin\u0163ul <strong>Gheorghe Cantacuzino<\/strong>&#8211;<strong>Gr\u0103nicerul<\/strong>; <strong>lic<\/strong>. <strong>\u00een Filologie<\/strong> <strong>Ion Caranica<\/strong>, de\u0163.pol. ucis \u00een 1938 la T\u00eenc\u0103be\u015fti; <strong>poet<\/strong>, <strong>publicist, prof. univ. Dr<\/strong>. <strong>Nicolae<\/strong> <strong>Caranica<\/strong>-Universitatea din Besancon; <strong>poet, publicist<\/strong> <strong>Valeriu C\u00e2rdu<\/strong>, de\u0163. pol. ucis la \u00eenchis. Vaslui \u00een \u201939; <strong>Av. Dr. \u00een Drept Interna\u0163ional<\/strong> <strong>Nistor Chioreanu<\/strong> de\u0163.pol.; <strong>Sterie Ciumetti<\/strong>, ucis \u00een 1933 \u015fi aruncat \u00een lacul Colentina-Bucure\u015fti; <strong>Dr. savant de reputa\u0163ie interna\u0163ional\u0103<\/strong>-autorul monografiei <em>Pelagra, <\/em><strong>Ion Claudian<\/strong>; <strong>lic. \u00een Drept, prefect de Tutova<\/strong>, pre\u015fedinte al Consiliului Na\u0163ional Rom\u00e2n din Diaspora, <strong>Hora\u0163iu Com\u0103niciu<\/strong>; <strong>lic. \u00een Drept<\/strong>, <strong>Dr. \u00een Economie<\/strong> la Paris, de\u0163. pol. (1948-1964) <strong>Alexandru Constant<\/strong>; <strong>regizor de teatru<\/strong>, <strong>poet,<\/strong> <strong>cronicar<\/strong> cu studii la Roma \u015fi Viena, so\u0163ul celebrei artiste Marietta Sadova, <strong>Haig<\/strong> <strong>Acterian<\/strong>, de\u0163. pol. ucis pe frontul de est \u00een Kuban, 1943; <strong>Dr. \u00een Drept, procuror<\/strong>, <strong>Victor Biri\u015f<\/strong>, de\u0163. pol. ucis \u00een 1964; <strong>Av<\/strong>. <strong>Nicolae Arn\u0103utu<\/strong>; <strong>erou<\/strong> pe frontul de est, de\u0163. pol. <strong>lic. \u00een Filologie<\/strong> <strong>Nicolae C\u0103linescu<\/strong>; <strong>Av. Dr<\/strong>., <strong>prefect<\/strong> de F\u0103lciu <strong>Victor Corbu\u0163<\/strong>, de\u0163. pol. (1948-1964); <strong>Av<\/strong>. <strong>Horia Cosmovici<\/strong>; <strong>prof. av. prefect<\/strong> de Hunedoara, de\u0163. pol. <strong>Iosif<\/strong> <strong>Costea<\/strong>; <strong>Av<\/strong>. Pre\u015fedintele Centrului Studen\u0163esc Bucure\u015fti, Pre\u015fedintele Uniunii Na\u0163ionale a Studen\u0163ilor Cre\u015ftini din Rom\u00e2nia, de\u0163. pol. <strong>Traian<\/strong> <strong>Cotig\u0103<\/strong>, ucis l\u00e2ng\u0103 R\u00e2\u015fnov \u00een 1939; <strong>poet, publicist, consilier de pres\u0103<\/strong> la Milano, Var\u015fovia, Madrid, Lisabona, <strong>Aron Cotru\u015f<\/strong>; <strong>Dr. \u00een medicin\u0103<\/strong>, Pre\u015fedinte al Societ\u0103\u0163ii Studen\u0163ilor Medicini\u015fti din Bucure\u015fti, <strong>Paul Craja<\/strong>, ucis la \u00eenchis. R. S\u0103rat \u00een 1939; <strong>prof. univ. dr. \u00een Istorie<\/strong> cu specializ\u0103ri la Berlin \u015fi Roma, de\u0163. pol. <strong>Vasile Cristescu<\/strong>, ucis \u00een locuin\u0163a sa din Bucure\u015fti; <strong>Av. Dr. \u00een Drept la Paris<\/strong>, <strong>prefect <\/strong>de Mehedin\u0163i, de\u0163. pol. <strong>Axente Cri\u015fu<\/strong>; <strong>ing<\/strong>. \u015feful Centrului Studen\u0163esc Timi\u015foara, <strong>Mircea Dimitriu<\/strong>; <strong>lic. al Acad. Comerciale Cluj<\/strong>, de\u0163. pol. <strong>B\u0103nic\u0103 Dobre<\/strong>, ucis la \u00eenchis. R. S\u0103rat; <strong>prof. de Ed. Fizic\u0103<\/strong> la Colegiul Na\u0163ional Sf. Sava, <strong>prefect<\/strong> de Tecuci, <strong>Ion Dobre<\/strong>, ucis \u00een 1942; <strong>lic. al Fac. de<\/strong> <strong>Chimie<\/strong> <strong>Victor Dragomirescu<\/strong>, ars de viu \u00een crematoriu \u00een 1939; <strong>prof<\/strong>. <strong>poet<\/strong>. <strong>Traian Dr\u0103goi<\/strong>; <strong>Dr. \u00een Filosofie \u015fi Litere<\/strong>, mb. al \u015ecolii rom\u00e2ne de la Roma, <strong>cercet<\/strong>. \u015fi <strong>\u015fef de sec\u0163ie<\/strong> la Inst. de Arheologie al Academiei Rom\u00e2ne, <strong>Vladimir Dumitrescu<\/strong>; <strong>ata\u015fat comercial<\/strong> \u00een Spania, <strong>diplom<\/strong>. la Roma, <strong>consul general<\/strong> la Viena <strong>Mihai<\/strong> <strong>Fotin Enescu<\/strong>; <strong>Dr. \u00een Teologie<\/strong>, Pre\u015fedintele Uniunii Na\u0163ionale a Studen\u0163ilor din Rom\u00e2nia, de\u0163. pol. <strong>Gheorghe Furdui<\/strong>, ucis la \u00eenchis. R. S\u0103rat \u00een 1939; <strong>Av. publ. istoric, scriitor, ambasador<\/strong> al Rom\u00e2niei la Atena, <strong>Constantin Gane<\/strong>, de\u0163. pol. ucis la \u00eenchis. Aiud; <strong>prof. univ. Dr. \u00een<\/strong> <strong>Filosofie<\/strong> la Univ. Buenos Aires-Argentina, <strong>Ovidiu G\u0103in\u0103<\/strong>, de\u0163. pol; <strong>prof. univ. Dr<\/strong>. <strong>Ion G\u0103v\u0103nescu<\/strong>&#8211;<em>Nestor la pedagogiei rom\u00e2ne\u015fti<\/em>; <strong>Dr.<\/strong> <strong>\u00een Litere \u015fi Filosofie<\/strong> cu specializ\u0103ri la Marburg \u015fi Roma, filolog de reputa\u0163ie interna\u0163ional\u0103 <strong>Dumitru G\u0103zdaru<\/strong>; <strong>Av. scriitor, publicist<\/strong> <strong>Victor Puiu G\u00e2rcineanu<\/strong>, de\u0163. pol. ucis \u00een <em>Noaptea rom\u00e2neasc\u0103 a Sf\u00e2ntului Bartolomeu<\/em>, 1939; \u00a0Pre\u015fedintele Asocia\u0163iei <em>Genera\u0163ia<\/em> <em>Mi\u015fc\u0103rii Studen\u0163e\u015fti de la <\/em>1922, <strong>Ilie G\u00e2rnea\u0163\u0103<\/strong>; <strong>Av<\/strong>. <strong>Corneliu<\/strong> <strong>Georgescu<\/strong>, ucis la Mittersill-Austria la 6 Mai 1945; <strong>Av<\/strong>. <strong>ministru<\/strong> al Rom\u00e2niei \u00een Spania, <strong>Radu Ghenea<\/strong>, ucis \u00een 1961; <strong>Dr. \u00een Drept<\/strong> <strong>Interna\u0163ional<\/strong>, <strong>min<\/strong>. de <strong>interne<\/strong>, de\u0163. pol. Prin\u0163ul <strong>Alexandru Ghica<\/strong>; <strong>poet, publicist<\/strong>, fondator \u015fi director al institutului de Cercet\u0103ri \u015fi Revizuirea Istoriei <strong>Simion Ghinea<\/strong>; lupt\u0103tor activ, <strong>erou-martir<\/strong> al rezisten\u0163ei anticomuniste <strong>Ion Golea<\/strong>, ucis \u00een 1953; <strong>cel mai proeminent<\/strong> <strong>editor de literatur\u0103<\/strong>-67 de titluri, cu 36 de titluri publicate \u00een francez\u0103, german\u0103, englez\u0103 \u015fi rom\u00e2n\u0103, <strong>Traian Golea<\/strong>; <strong>poet, prof. univ<\/strong>.<strong>Dr<\/strong>. \u00een <strong>Litere, <\/strong>de<strong> 4 <\/strong>ori laureat al Societ\u0103\u0163ii Scriitorilor Rom\u00e2ni \u015fi al Academiei Rom\u00e2ne pentru erudita \u015fi geniala sa crea\u0163ie mistico-literar\u0103, <strong>secret. de Stat<\/strong>, \u00een min. Culturii, <strong>Radu Gyr, <\/strong>fondatorul Teatrului evreiesc de Stat, de\u0163. pol. 23 de ani; <strong>Av<\/strong>. <strong>Ion Herghelegiu<\/strong>, ucis \u00een 1939; <strong>Nicu Iancu<\/strong>, descendent din str\u0103bunul tribun Avram Iancu; <strong>Dr. \u00een med<\/strong>. <strong>ministru<\/strong> al Muncii, S\u0103n\u0103t\u0103\u0163ii \u015fi Ocrotirilor Sociale, <strong>Vasile Ia\u015finschi<\/strong>; <strong>prefect<\/strong> de Timi\u015f-Torontal, <strong>Ghenadie Ilie<\/strong>; <strong>ing. Dr. \u00een Fizico-Chimie<\/strong>, <strong>prof. univ<\/strong>. de\u0163. pol. <strong>Eugen Ionic\u0103<\/strong>, ucis \u00een 1939; <strong>Av<\/strong>. <strong>Mile Lefter<\/strong>; <strong>poet, pictor, publ<\/strong>. <strong>Simion<\/strong> <strong>Lefter<\/strong>; <strong>poet, prozator<\/strong>, <strong>Dr. \u00een Litere<\/strong> <strong>Dumitru Leontie\u015f<\/strong>; <strong>Av. public<\/strong>. <strong>Vasile Mailat<\/strong>; <strong>dublu lic. \u00een matematic\u0103 \u015fi fizico-chimie, studii superioare de chimie-fizic\u0103 \u015fi radioactivitate la Facultatea de \u015etiin\u0163e-Paris, studii la Sorbona \u015fi <em>College de France, <\/em>prof. univ.Dr<\/strong>. \u00een <strong>Fizic\u0103 nuclear\u0103<\/strong>, <strong>cercet<\/strong>. <strong>de repute\u0163ie mondial\u0103<\/strong>, de\u0163. pol. Prin\u0163ul <strong>Gheorghe Manu<\/strong>, ucis la penitenciarul Aiud \u00een 1962; <strong>erou<\/strong> al rezisten\u0163ei anticomuniste, <strong>Zaharia Marineasa<\/strong>, de\u0163. pol. \u00eentre 1941-1964; <strong>Av. Dr. \u00een Drept, poet, prefect<\/strong> de F\u0103g\u0103ra\u015f, de\u0163. pol. \u00eentre 1941-1964, <strong>Virgil Mateia\u015f<\/strong>; <strong>elev eminent, con\u015ftiin\u0163\u0103 religioas\u0103, spirit mistic, memorialist, Virgil <\/strong>Maxim, despre care marele Duhovnic Arhimandritul Arsenie Papacioc a spus: <em>\u201eVirgil Maxim intuia perfect starea de lucru, pe care o analiza \u015fi o prezenta cu toate virgulele, cu tot \u00een\u0163elesul ei.\u201d<\/em> (Fabian Seiche, op. cit.);<em> <\/em><strong>compozitor<\/strong>, dir. gen. al Radiodifuziunii Rom\u00e2ne, <strong>Ion M\u00e2nzatu<\/strong>,<strong> <\/strong>de\u0163. pol.; <strong>prof. univ<\/strong>. <strong>Dr<\/strong>. <strong>Virgil<\/strong> <strong>Mih\u0103ilescu<\/strong>, exilat \u00een lag\u0103rele germane Berkenbruk \u015fi Dachau, fondator al Bibliotecii Rom\u00e2ne din Freiburg; <strong>Dr. \u00een med<\/strong>. Pre\u015fedintele Uniunii Na\u0163ionale a Studen\u0163ilor Cre\u015ftini Rom\u00e2ni, <strong>scriitor, public. memorialist<\/strong>, <strong>\u015eerban Milcoveanu<\/strong>; <strong>Av. prefect<\/strong> al Poli\u0163iei Capitalei, <strong>Radu<\/strong> <strong>Mironovici<\/strong>; <strong>Av.<\/strong> de\u0163. pol. <strong>Vic\u0103 Negulescu<\/strong>, ucis la Jilava \u00een 1958; <strong>prof<\/strong>. <strong>public<\/strong>. de\u0163. pol. <strong>Mircea Nicolau<\/strong>; <strong>Dr. \u00een med<\/strong>. de\u0163. pol. <strong>Vasile Noveanu<\/strong>; <strong>asist. univ. \u00een Filosofie,<\/strong> <strong>Cpnstantin Opri\u015fan<\/strong>, ucis la \u00eenchis. Aiud; <strong>pr. memorialist<\/strong>, de\u0163. pol. <strong>\u015etefan Palaghi\u0163\u0103<\/strong>; <strong>Dr. \u00een Istorie<\/strong> cu specializ\u0103ri la Bucure\u015fti \u015fi Cracovia, <strong>rector<\/strong> al Univ. Bucure\u015fti, mb. al \u015ecolii Rom\u00e2ne din Fran\u0163a, fondator al\u0103turi de Gh. Br\u0103tianu al <em>Revistei Istorice Rom\u00e2ne<\/em>, <strong>mb<\/strong>. <strong>coresp<\/strong>. al <strong>Academiei Rom\u00e2ne<\/strong> <strong>Petre P. Panaitescu<\/strong>, de\u0163. pol.; <strong>lic. al<\/strong> <strong>Academiei Comerciale, min. secretar de stat<\/strong> la Min. Finen\u0163elor, un prolific <strong>scriitor \u015fi istoric<\/strong>, <strong>Constantin Papanace<\/strong>, de\u0163. pol.; Pre\u015fedinte al Centrului Studen\u0163esc Bucure\u015fti, <strong>Ion Antoniu P\u00e2su<\/strong>, ucis \u00een 1939 \u00een lag\u0103rul de la Vaslui; <strong>prof. de rom\u00e2n\u0103, francez\u0103 \u015fi istorie<\/strong> <strong>Nicolae Petra\u015fcu<\/strong>, asasinat \u00een 1968; <strong>comisar regal, general<\/strong>, de\u0163. pol. <strong>Constantin Petrovicescu<\/strong>, ucis la \u00eenchis. Aiud \u00een 1949;\u00a0 <strong>jurist, public<\/strong>. <strong>istoric<\/strong>, de\u0163. pol. <strong>Mihail Polihroniade<\/strong>, ucis \u00een \u0103nchis. R. S\u0103rat \u00een 1939; <strong>Av. scriitor, publicist<\/strong> <strong>Traian Popescu<\/strong>; <strong>poet, public. prof<\/strong>. <strong>univ. Dr<\/strong>. <strong>Vasile Posteuc\u0103<\/strong> \u00een Germania, Canada, SUA; <strong>poet, public<\/strong>. <strong>prof. univ. Dr. \u00een Litere la Paris<\/strong>, ata\u015fat de pres\u0103 la Londra, <strong>Drago\u015f Protopopescu<\/strong>, ucis \u00een spital \u00een Bucure\u015fti \u00een 1948; <strong>Av. public<\/strong>. de\u0163. pol. <strong>Traian Puiu<\/strong>; <strong>prof. univ. Dr. \u00een Istorie la Univ. din Salzburg<\/strong>, <em>doctor<\/em> <em>honoris causa<\/em> al Univ. din Madrid, <strong>mb. al Acad. de Istorie<\/strong> a Spaniei; <strong>poet, public<\/strong>. de\u0163. pol. <strong>Virgil R\u0103dulescu<\/strong>, ucis \u00een lag\u0103rul de la Miercurea Ciuc \u00een 1939; <strong>ing. agron. prof. univ. Dr. la Univ. din<\/strong> <strong>Salamanca<\/strong>, unul din ini\u0163iatorii Funda\u0163iei Culturale Rom\u00e2ne din Madrid, <strong>Aurel R\u0103u\u0163\u0103<\/strong>; <strong>ing. prof. Dr<\/strong>. , <em>doctor honoris causa <\/em>al Univ. din Aachen, expert \u00een construc\u0163ii \u00eenalte, mb. al unor foruri interna\u0163ionale, <strong>Duiliu Sfin\u0163escu<\/strong>; <strong>lic. \u00een Drept, Litere \u015fi Filosofie, prof<\/strong>. <strong>de rom\u00e2n\u0103, min<\/strong>. sub Carol al II-lea \u015fi sub Ion Antonescu, Comandant al M. L. <strong>prolific scriitor, analist, memorialist\u00a0 \u015fi publicist<\/strong> <strong>Horia Sima<\/strong>, decorat \u00een 8 Ianuarie 1941, de c\u0103tre regele Mihai cu Ordinul <em>&lt;&lt;Steaua Rom\u00e2niei&gt;&gt;<\/em><strong> <\/strong>; <strong>prof. univ<\/strong>. <strong>Dr. Ilie Smultea<\/strong>; <strong>poet, public., eseist<\/strong> <strong>Horia Stamatu<\/strong>; <strong>prof. erou<\/strong> al rezisten\u0163ei anticomuniste <strong>Constantin Stoic\u0103nescu<\/strong>, ucis \u00een martie 1945 \u00een URSS; <strong>Dr. \u00een Drept Interna\u0163ional<\/strong>, <strong>diplomat de carier\u0103, min. de externe<\/strong>, <strong>reputat publicist \u015fi memorialist<\/strong> Prin\u0163ul <strong>Mihail<\/strong> <strong>Sturdza<\/strong>, despre care filosoful evreu Joseph de Maistre spunea: <strong><em>\u201eLa famille Sturdza est a elle seule toute une Academie\u201d<\/em><\/strong>; dipl. lupt\u0103tor, comandor, <strong>Pre\u015fedintele Comunit\u0103\u0163ii Rom\u00e2ne\u015fti din Spania<\/strong>, Prin\u0163ul Ilie Vlad Sturdza; <strong>av. dr. \u00een Drept la Bonn, public. istoric<\/strong> specialist pe problemele Basarabiei, <strong>Alexandru \u015euga<\/strong>; <strong>prof. univ. Dr. la Fac. de Medicin\u0103<\/strong> a Univ. din Ia\u015fi, <strong>Corneliu \u015eumuleanu<\/strong>; <strong>g-ral<\/strong> <strong>Ion Tarnovschi<\/strong>; <strong>prof.<\/strong> <strong>erou,<\/strong> ucis pe frontul din Ungaria \u00een 1944; <strong>stud. erou<\/strong> al luptelor de pe Oder, capturat, judecat \u015fi ucis \u00een 1953; <strong>av<\/strong>. <strong>Cristian Tell<\/strong>; <strong>Dr. \u00cen Drept<\/strong>, <strong>erou<\/strong> \u00een Spania, de\u0163. pol. <strong>Nicolae Totu<\/strong>, ucis la \u00eenchis. R. S\u0103rat; <strong>prof. dr. public. istoric<\/strong> specialist pe problemele Basarabiei, <strong>Petre V\u0103lim\u0103reanu<\/strong>; <strong>dr. \u00een med. prefect<\/strong> de Ia\u015fi, <strong>Alexandru Ventonic<\/strong>, ucis \u00een 1941; <strong>prof. scriitor, memorialist<\/strong>, de\u0163. pol. <strong>Filon Verga<\/strong>; <strong>av.<\/strong> <strong>prefect<\/strong> de Neam\u0163, de\u0163. pol. <strong>\u015etefan Ver\u015fescu<\/strong>; <strong>ing. public. min<\/strong>. al Rom\u00e2niei la Roma, <strong>Ion Victor Vojen<\/strong>; <strong>av. prefectul<\/strong> Poli\u0163iei Capitalei <strong>col<\/strong>. <strong>\u015etefan Z\u0103voianu<\/strong>, de\u0163. pol. ucis la \u00eenchis. Jilava; <strong>lic. \u00een Teologie<\/strong>, <strong>scriitor m\u0103rturisitor, ctitor, erou pe frontul de R\u0103s\u0103rit, marele Duhovnic Arhimandrit, Iustin P\u00e2rvu, <\/strong>de\u0163. pol.; <strong>Lic.<\/strong> <strong>\u00een ASE., poet, lupt. pe frontul din est, Zaharia Pan\u0103, <\/strong>de\u0163. pol.; <strong>absol. al<\/strong> <strong>\u015ec. Militare de Ofi\u0163eri de Cavalerie-Regele Ferdinand-T\u00e2rgovi\u015fte, prizonier, lic. \u015fi Doctorat \u00een Filosofie, lic. al Facult\u0103\u0163ii de Cibernetic\u0103, Gabriel Constantinescu, <\/strong>de\u0163. pol.; <strong>Dr. \u00een med., scriitor, Flor Strejnicu,<\/strong> de\u0163. pol.; <strong>lic. \u00een istorie, memorialist, eseist, poet, Demonstene Andronescu, <\/strong>de\u0163. pol.; <strong>lic. \u00een Filosofie, prof, scriitor, memorialist, Marcel Petri\u015for, <\/strong>de\u0163. pol.; <strong>lic. al Politehnicii din Bucure\u015fti, prizonier la Buchenwald, Constantin Ardelea, <\/strong>de\u0163. pol.18 ani la Aiud;<strong> lic. \u00een Drept, av. magistrat, ofi\u0163er erou pe frontul din R\u0103s\u0103rit, Constantin Puiu Atanasiu, <\/strong>de\u0163. pol. cu 18, 3 ani \u00eenchisoare; <strong>stud. la Academia Comercial\u0103, erou participant la elib. Ardealului, erou al rezisten\u0163ei anticomuniste, memorialist, poet, Petru C. Baciu, <\/strong>de\u0163. pol. cu peste 15 ani de temni\u0163\u0103; <strong>Lic. \u00een Litere \u015fi Filosofie, ofi\u0163er al Armatei Regale, erou \u015fi 10 ani de prizonierat, pictor de biserici, nominalizat pentru premiile UNITER, Radu M\u0103rculescu, <\/strong>decorat cu \u00eenalte distinc\u0163ii \u015fi ordine militare, de\u0163. pol. cu peste 15 ani de temni\u0163\u0103;<strong> preot, cercet\u0103tor istoric, erudit c\u0103rturar, Dimitrie B\u0103la\u015fa, <\/strong>de\u0163. pol.; <strong>Dr. \u00een med. Constantin Banu, <\/strong>de\u0163. pol.; <strong>lic. \u00een Litere, distins gazetar, Gabriel B\u0103l\u0103nescu, <\/strong>de\u0163. pol. cu peste 15 ani de temni\u0163\u0103, ucis de securitate, \u00een 1986,\u00een SUA; <strong>stud. de Drept, erou al Rezisten\u0163ei anticomuniste, internat la Rostock \u015fi Buchenwald, Nicolae B\u0103l\u0103nescu, <\/strong>de\u0163. pol. cu peste 17 ani de temni\u0163\u0103; <strong>Pr.<\/strong> <strong>Ioan B\u0103rda\u015f, <\/strong>de\u0163. pol. cu 16 ani de temni\u0163\u0103; <strong>dublu<\/strong> <strong>lic.<\/strong> <strong>\u00een Istorie<\/strong> \u015fi <strong>Teologie, Pr.<\/strong> <strong>\u00a0prof. scriitor, Maior, Dimitrie Bejan, prizonier 7 <\/strong>ani, de\u0163. pol.<strong> <\/strong>cu peste 16 ani de temni\u0163\u0103; <strong>lic. \u00een Teologie, pr.<\/strong> <strong>prof. Ioan Gh. Berghianu, <\/strong>de\u0163. pol. ucis la\u00eenchis. Aiud \u00een 1958;\u00a0 <strong>studii \u00een Academia Comercial\u0103, lic. \u00een Teologie, pr. Eugen Berza, <\/strong>de\u0163. pol. cu peste 17 ani de temni\u0163\u0103;<strong> lic. \u00een Drept, av. lupt\u0103tor, erou \u015fi martir, Spiru Bl\u0103naru, <\/strong>ucis \u00een 1949;\u00a0 <strong>dublu<\/strong> <strong>lic. \u00een Bele Arte \u015fi Teologie, marele duhovnic, Sofian Boghiu, <\/strong>de\u0163. pol.; <strong>erou <\/strong>decorat cu ordinul<strong> <em>B\u0103rb\u0103\u0163ie <\/em><\/strong>\u015fi<strong><em> Credin\u0163\u0103<\/em>, prozator m\u0103rturisitor, <em>reeducat <\/em>la Pite\u015fti,\u00a0 Dumitru Bordeianu<\/strong>, de\u0163. pol. cu 15 ani de temni\u0163\u0103; <strong>lic. \u00een Litere, 2 ani cu studii Teologice, un an la Conservator, absolv\u0103 \u015ecoala Militar\u0103 de Ofi\u0163eri-C\u00e2mpulung Muscel, erou pe frontul de R\u0103s\u0103rit, erou al rezisten\u0163ei anticomuniste, Olimpiu Borzea<\/strong>, de\u0163. pol., 11 ani; <strong>absolv. al Politehnicii-Timi\u015foara, ofi\u0163er de rezerv\u0103, erou, prizonier, Gheorghe Brahonshi<\/strong>, de\u0163.pol.; <strong>lic. \u00een Filosofie la Cern\u0103u\u0163i \u015fi Dr. \u00een Filosofie la Viena, cursuri de Drept, prof. univ. <\/strong>pe care prof.<strong> Richard Wahle <\/strong>l-a considerat: <strong><em>cel mai talentat student al \u00eentregii sale cariere universitare,<\/em> decan al Fac. de Litere \u015fi Filosofie-Cern\u0103u\u0163i, mb. al Academiei de \u015etiin\u0163e Politice din New York, unul dintre cei mai mari sociologi rom\u00e2ni de reputa\u0163ie mondial\u0103, ministru, Traian Br\u0103ileanu<\/strong>,de\u0163. pol. ucis \u00een \u00eenchisoarea Aiud; <strong>lic. \u00een med., Gheorghe Br\u00e2nda<\/strong>, de\u0163. pol.; <strong>lic. \u00een Teologie, pr. Liviu Br\u00e2nza\u015f<\/strong>, de\u0163. pol. cu 13 ani de \u00eenchisoare; <strong>triplu lic<\/strong>. <strong>\u00een Teologie, Filologie-sec\u0163ia Biblioteconomie \u015fi Litere-sec\u0163ia Limba \u015fi Literatura Rom\u00e2n\u0103, prof. univ. Constantin Bucescu<\/strong>, de\u0163. pol. cu 16 ani de temni\u0163\u0103; <strong>\u00eenv\u0103\u0163\u0103tor, Grigore Caraza<\/strong> de\u0163. pol. \u00een 3 etape cu \u00eentreruperi 31.08. 1949-22.07. 1977\/ 18 ani la Aiud, din care 8 \u00een zarc\u0103, a memorat peste 10.300 de versuri cu care s-a eliberat, d\u0103ruindu-le iubitorilor de poezie; <strong>lic. \u00een \u015etiin\u0163e Economice-Timi\u015foara, Marcel Cazacu<\/strong>, de\u0163. pol. 16 ani; <strong>lic. \u00een Litere, memorialist, erou pe frontul din R\u0103s\u0103rit, prizonier, erou pe frontul de vest, Nicolae C\u0103linescu<\/strong>, de\u0163. pol. victim\u0103 a<em> reeduc\u0103rii Pite\u015fti<\/em>; <strong>lic.<\/strong> <strong>\u00een teologie<\/strong>, <strong>p\u0103rintele Adrian C\u0103r\u0103u\u015fu<\/strong>, de\u0163. pol. cu peste 17 ani de \u00eenchisoare; <strong>unul din \u015fefii mi\u015fc\u0103rii de rezisten\u0163\u0103&lt;&lt;<em>Haiducii<\/em> <em>Dobrogei<\/em>&gt;&gt;, cu o re\u0163ea de peste 2000 de partizani, Nicolae Ciolacu<\/strong>, de\u0163. pol., dup\u0103 1990 se c\u0103lug\u0103re\u015fte la M-rea S\u00e2mb\u0103ta sub numele <strong>Nectarie<\/strong>; <strong>lic. \u00een Teologie, pr. Ioan F. Coli\u0163\u0103<\/strong>, de\u0163. pol. ucis \u00een lag\u0103rul de la Salcia-M\u0103cin; <strong>absolv. al \u015ecolii de Comer\u0163, mobilizat pe front, adjunct de prefect-Prahova, intr\u0103 \u00een monahism la M-rea Sih\u0103stria, Constantin-Marcu Dumitrescu<\/strong>, de\u0163. pol. \u00eentre \u201943-\u201964; <strong>lic. \u00een Drept, comisar de poli\u0163ie, erou pe frontul de R\u0103s\u0103rit, lic. \u00een Teologie, cursuri \u00een Filosofie, c\u0103lug\u0103rit la M\u0103n\u0103stirea Putna, memorialist, Arhimandritul Alexandru Adrian F\u0103ge\u0163eanu<\/strong>, de\u0163. pol.; <strong>lic. \u00een Teologie, lupt\u0103tor anticomunist, P\u0103rintele Petru I. Foc\u015f\u0103neanu<\/strong>, de\u0163. pol., ucis la \u00eenchis. Gherla \u00een 1953; <strong>lic. \u00een Teologie-Sibiu, pr. Ion Fulea<\/strong>, de\u0163. pol.; <strong>lic. \u00een Teologie, erou pe frontul de R\u0103s\u0103rit, fondatorul organiza\u0163iei de lupt\u0103 anticomunist\u0103 &lt;&lt;<em>G\u0103rzile Decebal&gt;&gt;<\/em>cu 300 de voluntari \u00een 4 jude\u0163e, P\u0103rintele Filaret G\u0103m\u0103l\u0103u<\/strong>, de\u0163. pol. cu peste 15 de temni\u0163\u0103; <strong>Pr. prof. univ. Dr. protopop de F\u0103g\u0103ra\u015f, P\u0103rintele Ioan Gl\u0103jar<\/strong>, de\u0163. pol.; <strong>scriitor, memorialist, George Popescu Glogoveanu<\/strong>, de\u0163. pol. timp de 23 de ani; <strong>absolv\u0103<\/strong> <strong>\u015ecoala de Ofi\u0163eri-Ploie\u015fti \u015fi Academia Teologic\u0103-Sibiu, memorialist, P\u0103rintele Nicolae Grebenea<\/strong>, de\u0163.pol. timp de 23 de ani; <strong>dublu lic.\u00een Litere<\/strong> \u015fi <strong>Drept, absolv\u0103 \u015ecoala de Ofi\u0163eri de rezerv\u0103, erou pe frontul de Est, prof. erou al rezisten\u0163ei anticomuniste, Petru Hamat<\/strong>, de\u0163. pol. cu peste 15 ani de \u00eenchisoare; <strong>lic. \u00een Litere \u015fi Filosofie, prof. \u015eef al Jude\u0163ului Alba, internat \u00een lag\u0103rele germane, Vasile Hanu<\/strong>, de\u0163. pol.; <strong>comisar de poli\u0163ie, erou pe frontul de R\u0103s\u0103rit, memorialist de r\u0103zboi, Tiberiu Hentea<\/strong>, de\u0163. pol.; <strong>erou al rezisten\u0163ei anticomuniste, stare\u0163ul Evghenie Hulea<\/strong>, de\u0163. pol. ucis de securitate la Gala\u0163i;\u00a0 <strong>lic. al Facult\u0103\u0163ii de Teologie-Cern\u0103u\u0163i, Dr. al Facult\u0103\u0163ii de Teologie-Bucure\u015fti, ilustru pedagog \u015fi scriitor, poet, pr. prof. univ., min. secretar \u00een Ministerul Cultelor, P\u0103rintele Ilie Imbrescu<\/strong>, de\u0163.pol. este ucis la \u00eenchisoarea Aiud \u00een 1949; <strong>lic. \u00een Teologie-Bucure\u015fti, c\u0103lug\u0103rit la M-rea Bogdana-Bac\u0103u, lupt\u0103tor anticomunist, exarh al m\u0103n\u0103stirilor din Oltenia, stare\u0163 \u015fi protosinghel Gherasim Iscu<\/strong>, de\u0163. pol. ucis \u00een penitenciarul T\u00e2rgu Ocna; <strong>stud. al Academiei Comerciale-Bra\u015fov, lupt\u0103tor anticomunist, mistic, Gheorghe jimboiu<\/strong>, de\u0163. pol. ucis la \u00eenchis. Aiud \u00een 1963; <strong>lic. al Facult\u0103\u0163ii de Teologie-Bucure\u015fti, preot misionar \u00een Transnistria, P\u0103tintele Ilie L\u0103c\u0103tu\u015fu<\/strong>, de\u0163. pol. supravie\u0163uitor, f\u0103c\u0103tor de minuni dup\u0103 moarte, propus pentru canonizare; <strong>lic. \u00een medicin\u0103, Aristide Lefa<\/strong>, de\u0163. pol., 16 ani de deten\u0163ie; <strong>lic. \u00een Teologie, trecut prin <em>reeduc\u0103rile <\/em>Pite\u015fti,p\u0103rintele Mihai Lungeanu<\/strong>, de\u0163. pol.; <strong>lic. \u00een Teologie-Ia\u015fi, P\u0103rintele \u015etefan Marcu<\/strong>, de\u0163. pol. peste 15 ani; <strong>lic. \u00een Drept, mistic al grupului <em>Valeriu Gafencu(V.G.)<\/em><\/strong>, de\u0163. pol.;<strong> dublu lic.<\/strong> <strong>al Institutului Medico-Farmaceutic \u015fi al Facult\u0103\u0163ii de Biologie-Geografie, Dr. \u00een \u015etiin\u0163e medicale, mebru-ini\u0163iator al Centrului de Rezisten\u0163\u0103 Armat\u0103 din Codrul Fetea, fondator \u015fi pre\u015fedinte al Asocia\u0163iei Filantropice Medical-Cre\u015ftine <em>Cristiana-Bra\u015fov,<\/em> ctitorul unui azil de b\u0103tr\u00e2ni \u00een ora\u015ful S\u0103cele, Teofil Mija<\/strong>, de\u0163. pol. cu 14 de temni\u0163\u0103; <strong>lic. \u015fi dr. \u00een Teologie-Cern\u0103u\u0163i, pr. prof. univ., rector al Academiei din Cern\u0103u\u0163i, p\u0103rintele Liviu Galaction Munteanu<\/strong>, de\u0163. pol., ucis la penitenciarul Aiud \u00een 1961; <strong>lic. \u00een Litere, mb. al grupului mistic \u201e<em>V.G.\u201d, <\/em>Marin Naidin<\/strong>, de\u0163. pol. cu 23 de ani temni\u0163\u0103; <strong>lic. \u00een Teologie, ctitor, duhovnic, iscusit prop\u0103v\u0103duitor \u015fi mistic tr\u0103itor, p\u0103rintele Ioan Negru\u0163iu<\/strong>, de\u0163. pol.; <strong>stud. la Politehnica-Ia\u015fi<\/strong>, <strong>Cornel Ni\u0163\u0103<\/strong>, de\u0163. pol., ucis \u00een 1950, la penitenciarul diabolic Pite\u015fti; <strong>student, aprig lupt\u0103tor cre\u015ftin, Mihai Ni\u0163\u0103<\/strong> este arestat \u00een \u201942 \u015fi ucis \u00een Zarca Aiudului \u00een 1954; <strong>lic. \u00een Teologie, torturat la Pite\u015fti, p\u0103rintele Gheorghe Opri\u015f<\/strong>, de\u0163. pol.; <strong>lic. \u00een Teologie, lupt\u0103tor \u00een organiza\u0163ia anticomunist\u0103 <em>Vlad \u0162epe\u015f II<\/em>, condus\u0103 de Gheorghe Popescu-V\u00e2lcea, p\u0103rintele Dumitru Iliescu Palanca<\/strong>, de\u0163. pol., ucis \u00een lag\u0103rul Salcia, aruncat \u00een groapa comun\u0103 de la Agaua, \u00een 1963; <strong>student al Academia Comerciale, lic. \u00een Teologie, p\u0103rintele Vasile P\u0103tra\u015fcu<\/strong>, de\u0163. pol.; <strong>ofi\u0163er \u00een rezerv\u0103, erou al celui de-al doilea r\u0103zboi mondial, decorat cu <em>Ordinul Coroana Rom\u00e2niei <\/em>\u015fi <em>Virtutea militar\u0103 <\/em>\u015fi cu <em>Ordinul Steaua Rom\u00e2niei \u00een grad de cavaler cu spade,<\/em> Nicu P\u0103un<\/strong>, de\u0163. pol. cu peste 16 ani de temni\u0163\u0103; <strong>erou al celui de-al doilea r\u0103zboi mondial cu<\/strong> <strong>10 ani de lag\u0103r la Vorkuta, r\u0103nit \u015fi prizonier la Rostoc \u015fi Buchewald<\/strong>, <strong>Nicu Popescu-Vorkuta<\/strong>, de\u0163. pol. cu peste 20 de lag\u0103r \u015fi temni\u0163\u0103; <strong>dublu lic. al Politehnicii Bucure\u015fti \u015fi al Academiei de \u00cenalte Studii Comerciale \u015fi Industriale-Bucure\u015fti, compozitor cre\u015ftin, Traian Popescu-Mac\u0103<\/strong>, de\u0163. pol. cu 16 ani de temni\u0163\u0103; <strong>lic. \u00een Filosofie \u015fi Litere, internat \u00een lag\u0103rele naziste Rostok \u015fi Buchewald, temerar lupt\u0103tor anicomunist cu 10 ani de gulag sovietic, Eugen Ra\u0163iu<\/strong>, de\u0163. pol. cu peste 18 ani de \u00eenchisoare; <strong>lic. \u00een Teologie cu voca\u0163ie de mare m\u0103rturisitor, un \u00eenfl\u0103c\u0103rat \u015fi zelos lupt\u0103tor anticomunist, purt\u0103tor al Crucii patriarhale, p\u0103rintele Ioan Sab\u0103u<\/strong>, de\u0163. pol. \u00een toate cele 3 regimuri dictatoriale; <strong>Dr. \u00een Medicin\u0103, ilustru pedagog, lupt\u0103tor tenace, Ion Simionescu<\/strong>, de\u0163. pol. ucis \u00een lag\u0103rul Peninsula-Ta\u015faul \u00een 1951; <strong>farmacist, oltean d\u00e2rz, fiul aghiotantului Generalul-Prin\u0163 Gheorghe Cantacuzino, Alexandru \u015etef\u0103nescu<\/strong>, <strong>scriitor, memorialist<\/strong>, de\u0163. pol. din \u201938<strong> <\/strong>-\u201964, c\u0103lug\u0103rit la M-rea Petru Vod\u0103; <strong>lic. \u00een Teologie-Sibiu, ctitor, p\u0103rintele Gheorghe Tarcea<\/strong>, de\u0163. pol. ucis la \u00eenchisoarea Aiud \u00een 1963 \u015fi aruncat \u00een groapa comun\u0103 din <em>R\u00e2pa Robilor<\/em>; <strong>ofi\u0163er, poliglot, lic. \u015fi dr. \u00een Drept, ilustru avocat, erou pe frontul de vest, prefect de Bra\u015fov, scriitor, Traian Trifan<\/strong>, de\u0163. pol. \u00eentre \u201941-\u201964; <strong>absolvent al Seminarului Teologic-Craiova, poet, scriitor, purt\u0103tor al Crucii patriarhale, Ilie Tudor<\/strong>, de\u0163. pol.; <strong>zelos<\/strong> <strong>lupt\u0103tor al rezisten\u0163ei anticomuniste, mare tr\u0103itor cre\u015ftin, Vasile Turtureanu<\/strong>, de\u0163. pol. cu 23 de ani de temni\u0163\u0103; <strong>lic. \u00een Teologie, lupt\u0103tor anticomunist, p\u0103rintele Ilie \u0162int\u0103<\/strong>,de\u0163. pol. sub cele 3 regimuri de dictatur\u0103; <strong>\u00eenv\u0103\u0163\u0103tor, mistic, lupt\u0103tor aprig, Nicolae \u0162o\u0163ea<\/strong>, de\u0163. pol. cu 25 de ani de temni\u0163\u0103; <strong>Dr. \u00een Med. Dumitru U\u0163\u0103-<em>doctor f\u0103r\u0103 de argin\u0163i<\/em><\/strong>, de\u0163. pol. cu 23 de ani de Aiud; <strong>studiaz\u0103<\/strong> <strong>2 ani Geografia, lic. \u00een Teologie, ctitor, duhovnic cu un har deosebit, scriitor-m\u0103rturisitor, p\u0103rintele Constantin Voicescu<\/strong>, de\u0163. pol. ucis <em>cu bune inten\u0163ii<\/em> \u00een 1997; <strong>lic. \u00een Litere \u015fi Filosofie, erou pe frontul din R\u0103s\u0103rit, 6 ani prizonier, prof. Grigore Zamfiroiu<\/strong>, de\u0163. pol. devenit monahul Andrei; <strong>lic. \u00een Teologie, deosebit prop\u0103v\u0103duitor al M\u00e2ntuitorului Hristos, ctitorul bisericii <em>Sf. Gheorghe-Toronto,<\/em> p\u0103rintele Nicolae Zelea<\/strong>, de\u0163. pol.; <strong>lic. \u00een Teologie, d\u00e2rz misionar, ctitorul bisericii <em>H\u0103\u015fdate<\/em>, purt\u0103tor al Crucii patriarhale, p\u0103rintele Gavril Zob<\/strong>, de\u0163. pol.; <strong>lic. \u015fi dr. \u00een Drept al Universit\u0103\u0163ii <em>Regele Ferdinand<\/em>-Cluj, brav lupt\u0103tor, cre\u015ftin m\u0103rturisitor, Alexandru Pop\u015for<\/strong>, de\u0163. pol. cu peste 15 ani de temni\u0163\u0103; <strong>student la Medicin\u0103, absolvent de Conservator, ne\u00eenfricat lupt\u0103tor anticomunist Mircea Mor\u0103rescu<\/strong>, de\u0163. pol.; <strong>lic. \u00een Arhitectur\u0103, poet, tr\u0103itor mistic, Drago\u015f Mor\u0103rescu<\/strong>, de\u0163. pol.; <strong>inginer, memorialist, lupt\u0103tor d\u00e2rz, Gheorghe Jijie<\/strong>, de\u0163. pol.; <strong>student str\u0103lucit, caracter demn, erou al rezisten\u0163ei anticomuniste, Ion Jijie<\/strong>, de\u0163. pol., ucis \u00een penitenciarul Aiud; <strong>\u00a0erou al rezisten\u0163ei anticomuniste, d\u00e2rz \u015fi tenace lupt\u0103tor, Gheorghe Grecu<\/strong>, de\u0163.pol.19 ani temnita Aiud; <strong>lic. alAcademiei Comerciale, caracter integru, zelos idealului s\u0103u, profesor cu voca\u0163ie, Ilie Alexandru Petrescu<\/strong>, de\u0163. pol., \u015f.a.<\/p>\n<p style=\"text-align: justify;\"><strong>\u00a0<\/strong><\/p>\n<p style=\"text-align: justify;\">\u00a0\u00a0\u00a0\u00a0\u00a0\u00a0\u00a0\u00a0\u00a0\u00a0\u00a0 <strong>MARTIRIUL FEMEILOR:<\/strong><\/p>\n<p style=\"text-align: justify;\"><strong>\u00a0<\/strong><\/p>\n<p style=\"text-align: justify;\">\u00a0 &#8211;<strong>dublu lic. \u00een Litere \u015fi Filosofie<\/strong>, ars\u0103 de vie \u00een crematoriul din Bucure\u015fti, <strong>Nicoleta Nicolescu<\/strong>, \u015eefa Cet\u0103\u0163uilor pe \u0162ar\u0103; <strong>absolvent\u0103 a Academiei Na\u0163ionale de Educa\u0163ie Fizic\u0103, cursuri de Filosofie, prof. de sport<\/strong>, monahia <strong>Maria-Mihaela Iordache<\/strong>, de\u0163. pol., ucis\u0103 \u00een \u00eenchis. Miercurea Ciuc \u00een Aprilie 1963; <strong>lic. \u00een Teologie, prof. purt\u0103toare a Crucii patriarhale, Anastasia Popescu<\/strong> (Mama Sica), de\u0163. pol.; <strong>asist. univ. la Fac. de Matematic\u0103-Univ. Ia\u015fi, Viorica P\u00e2rnac, <\/strong>de\u0163. pol.; <strong>Dr.<\/strong> <strong>\u00een med. Iolanda Popescu<\/strong>; <strong>lic.<\/strong> <strong>\u00een Litere, prof. de lb. francez\u0103,<\/strong> <strong>Liliana Codreanu, <\/strong>de\u0163. pol.;<strong> absolv. de Filologie, una dintre marile eseiste cre\u015ftine, <em>o adev\u0103rat\u0103 institu\u0163ie a memoriei na\u0163ionale, <\/em>prozatoare, m\u0103rturisitoarea Aspazia O\u0163el-Petrescu, <\/strong>de\u0163. pol.14 ani; <strong>Dr. \u00een med., poet\u0103, scriitoare<\/strong> de origine evreic\u0103, <strong>Ana-Maria Marin \/Van Saanen, <\/strong>de\u0163. pol.; <strong>absolv. de A.S.E., Paula Agape, <\/strong>de\u0163. pol.; <strong>absolv. de ASE., Maria Iora\u015f, <\/strong>de\u0163.pol.; <strong>absolv. de ASE., Cornelia Novac<\/strong>, de\u0163.pol.; <strong>stud., aprig\u0103 lupt\u0103toare, eroina Lenu\u0163a-Elena Faina, <\/strong>de\u0163. pol.;<strong> lic. \u00een Filologie clasic\u0103 \u015fi modern\u0103, asist. univ. poet\u0103 mistic\u0103, traduc\u0103toare, Zorica La\u0163cu\/Maica Teodosia, <\/strong>de\u0163. pol.; <strong>Dr. \u00een med., Adela Bl\u0103naru, <\/strong>de\u0163. pol.; <strong>lic. \u00een Litere, prof. de lb. francez\u0103, Flora Cr\u0103cea, <\/strong>de\u0163. pol.; <strong>lic. \u00een Filologie, Alexandrina Teglaru Voinea,<\/strong>de\u0163. pol.; <strong>absolv.<\/strong> <strong>de ASE., Maria Ro\u015fca Brahonschi, <\/strong>de\u0163.pol.; <strong>stud.<\/strong>, <strong>poet\u0103<\/strong>, <strong>Eugenia<\/strong>\u00a0 <strong>Indreica Damian, <\/strong>de\u0163. pol; <strong>Dr. \u00een med. Elena Ana Bumbac<\/strong>, de\u0163. pol.; <strong>stud. la Acad. Comercial\u0103, lupt\u0103toare ne\u00eenfricat\u0103, \u015eefa Cet\u0103\u0163uilor pe \u0162ar\u0103, Ecaterina G\u00e2\u0163\u0103<\/strong>, de\u0163. pol. ucis\u0103 bestial \u015fi profanat\u0103 de maiorul Vasile Bulz la \u00eenchisoarea Malmaison \u00een 1949; <strong>Dr.<\/strong> <strong>\u00een med. Natali\u0163a Nicolicescu Vasilcovschi<\/strong>, de\u0163. pol.; <strong>elev\u0103 a \u015ecolii Normale din Beiu\u015f, de o frumuse\u0163e angelic\u0103, Florica Sav<\/strong>, de\u0163. pol. omor\u00e2t\u0103 \u00een penitenciarul T\u00e2rgu Ocna \u00een 1952; <strong>student\u0103 eminent\u0103, spirit serafic, temerar\u0103 p\u00e2n\u0103 la sacrificiu, Elena Bagdad<\/strong>, de\u0163. pol., etc.<\/p>\n<p style=\"text-align: justify;\"><strong>\u00a0<\/strong><\/p>\n<p style=\"text-align: justify;\">\u00a0\u00a0 Un lot martiric este consemnat chiar \u00een ziarul <em>\u201eRom\u00e2nia liber\u0103\u201d, din 20 Iulie 1991, p. 2<\/em>: <strong><em>\u201eDespre cele 55 de fete-eleve \u015fi studente ucise mi\u015fele\u015fte-starea civil\u0103 comunist\u0103 nu pomene\u015fte nimic. Media de v\u00e2rst\u0103 a de\u0163inu\u0163ilor politici de la Tg. Ocna era sub 30 de ani. Majoritatea celor mor\u0163i acolo \u015fi arunca\u0163i de-a valma \u00een p\u0103m\u00e2nt era constituit\u0103 din elevi \u015fi din studen\u0163i.\u201d<\/em><\/strong><\/p>\n<p style=\"text-align: justify;\"><strong><em>\u00a0<\/em><\/strong><\/p>\n<p style=\"text-align: justify;\">\u00a0\u00a0 Credin\u0163a, iubirea, crezul, dreptatea, adev\u0103rul, libertatea, patriotismul, erau Camarazii ideali de drum ai elanului tineresc na\u0163ionalist dacorom\u00e2n: <strong><em>\u201eAm mers pe urmele unui ideal sf\u00e2nt,<\/em><\/strong> m\u0103rturise\u015fte eroina \u015fi sriitoarea mistic\u0103 Aspazia O\u0163el Petrescu, <strong><em>\u00eempreun\u0103. Unele am avut un rol mai modest, altele mai important, \u00een marea dram\u0103 a patriei \u00eenrobite de comunism, dar fiecare rol a fost sublim prin suferin\u0163\u0103 \u015fi d\u0103ruire. Speran\u0163a noastr\u0103 \u015fi credin\u0163a noastr\u0103 ne-au dat t\u0103rie. Am crezut nelimitat c\u0103, merg\u00e2nd cu fidelitate pe drumul Crucii asumate, \u0163in\u00e2ndu-ne una de alta ca s\u0103 nu r\u0103t\u0103cim, vom fi de folos \u0163\u0103rii \u015fi neamului. \u00cen dura noastr\u0103 peregrinare prin \u00eentrist\u0103toarele v\u0103i ale pl\u00e2ngerii am reu\u015fit s\u0103 ni-L apropiem pe Domnul, s\u0103-L \u00eent\u00e2lnim \u00een noi \u00een\u015fine, \u00een aproapele nostru \u015fi \u00een magnifica Sa\u00a0 crea\u0163ie oglindit\u0103 at\u00e2t \u00een patria noastr\u0103 c\u00e2t \u015fi \u00een \u00eentregul univers.\u201d<\/em><\/strong> (Aspazia O\u0163el-Petrescu-<em>In Memoriam Spice.<\/em> Ed. Elisavaros, Bucure\u015fti, 2008, p. 135-136)<strong><em>\u00a0 <\/em><\/strong><\/p>\n<p style=\"text-align: justify;\"><strong><em>\u00a0<\/em><\/strong><\/p>\n<p style=\"text-align: justify;\"><strong>\u00a0\u00a0 Ceata Maicilor m\u0103rturisitoare<\/strong>: Stavrofora Veronica Gur\u0103u, Mihaela Portase, Arhimandritele surori Olga \u015fi Teodosia Gologan, Anghel Calidonia, Nimfodora Cu\u015ftiuli\u0163\u0103, Monica P\u00e2ciu, Florentina B\u00e2rdan, Stavrof. Tatiana R\u0103dule\u0163, Nicoderma Vasilache, Patricia Cod\u0103u, Nicodima-Hristu, Epiharia Mu\u015fat, Pangratia Mure\u015fan, Maftidia Grancea, Filofteia Grunzi\u015for, Epistimia D\u0103nil\u0103, Atanasia Iordache, Irina Lecca, Anastasia Porfiria Ciolac, Ana-Epraxia Danielescu, Eufrosina, Magdalena Bochi, Veronica Constantinescu, Olga Glejaru, Paisia Despina B\u0103z\u0103van, Xenia, Veniamina R\u0103ducanu, Olimpiada Li\u0163escu, Gabriela Cot\u00e2rlan, Cipriana Cojocaru, Onisifora Rus, Tinca Popa, Silvia-Maria-Gabriela Vlad, Ecaterina Iordache \u015f.a.<\/p>\n<p style=\"text-align: justify;\">\u00a0\u00a0\u00a0\u00a0\u00a0\u00a0\u00a0\u00a0\u00a0\u00a0\u00a0\u00a0\u00a0\u00a0\u00a0\u00a0\u00a0\u00a0 <strong>SIMPATIZAN\u0162I<\/strong><\/p>\n<p style=\"text-align: justify;\">\u00a0 &#8211;<strong>prof.<\/strong> <strong>univ.<\/strong> <strong>Dr. \u00een Teologie cu studii de specializare la Athena, Berlin, Munchen, rector al Academiei Teologice-Sibiu, mb. al Academiei Rom\u00e2ne, unul dintre cei mai mari dogmati\u015fti ai lumii, P\u0103rintele Dumitru St\u0103niloae, <\/strong><em>doctor honoris causa al Univ. Bucure\u015fti<\/em>; <strong>studii teologice la Bucure\u015fti \u015fi Strasbourg, Dr. \u00een \u00a0Teologie-Germania, pr. prof. Ieromonah, ales episcop de Hotin, Benedict Ghiu\u015f; lic. \u00een Teologie \u015fi Litere, Dr. \u00een Teologie, reputat c\u0103rturar, pr. prof. Ion V. Georgescu, <\/strong>de\u0163. pol.; <strong>lic. \u00een Litere \u015fi Filosofie, poet, prof. vorbitor a 5 lb. str\u0103ine, Ilariu Dobridor, <\/strong>de\u0163.pol.; <strong>crit. \u015fi istoric literar, teoretician, scriitor, prof. univ. Dr. Alexandru Cior\u0103nescu, mb. de onoare al Academiei Rom\u00e2no-Americane din California, mb. fondator al Funda\u0163iei Culturale Rom\u00e2ne din Madrid; \u00a0eseist, folclorist, prozator, critic lit., poet, mb. coresp. al Academiei Rom\u00e2ne, consul gen. \u00een Anglia \u015fi Ierusalim, Marcu Beza;<\/strong> <strong>poet, prof. univ. <\/strong>la Fac. de Matematic\u0103 a Univ. Bucure\u015fti, <strong>Ion Barbu; G-ral<\/strong>;<strong> <\/strong>comandant al Lic. Militar \u201eM\u0103n\u0103stirea Dealului\u201d, <strong>Virgil R\u0103dulescu<\/strong>; <strong>G-ral, cavaler al ordinului &lt;&lt;Mihai Viteazu&gt;&gt;, Gheorghe B\u0103gulescu<\/strong>; <strong>poet, filosof, eseist, public. dramaturg, academician, Lucian Blaga<\/strong>; <strong>poet, eseist, Dan Botta<\/strong>; <strong>poet, actor, Emil Botta<\/strong>; <strong>poet, eseist, traduc\u0103tor, Ion Caraion<\/strong>; <strong>poet, publicist, Virgil Carianopol<\/strong>; <strong>lic. \u00een Fizic\u0103-Chimie <\/strong>cu specializ\u0103ri<strong> \u00een Suedia \u015fi Anglia, prof. univ. Dr. , rector, Eugen Chirnoag\u0103<\/strong>; <strong>g-ral erou, prizonier, min., Platon Chirnoag\u0103<\/strong>; <strong>g-ral, Gheorghe Costandache<\/strong>; <strong>poet<\/strong>, <strong>eseist, memorialist<\/strong>, <strong>prof. univ<\/strong>. <strong>Dr. \u00een Teologie <\/strong>cu studii de specialitate la Viena, <strong>Nichifor Crainic<\/strong>; <strong>poet, public. profesor, ata\u015fat de pres\u0103 la Sofia, Nicolae Crevedia<\/strong>; <strong>poet, public. parlamentar, prof. univ. Dr. \u00een Economie, <\/strong>fondatorul <strong>\u201eL. A. N. C., A. C. Cuza<\/strong>; <strong>G-ral Nicolae Dona<\/strong>; <strong>scriitor, eseist, Dr. \u00een Filosofie, ata\u015fat cultural la Londra \u015fi Lisabona, reputat istoric al religiilor cu o str\u0103lucit\u0103 carier\u0103 universitar\u0103 \u00een SUA, <\/strong>propus de<strong> Academia Francez\u0103 <\/strong>la<strong> <\/strong>candidatura<strong> Premiului Nobel <\/strong>pentru<strong> Literatur\u0103, Mircea Eliade<\/strong>; <strong>poet, romancier, public., prof. univ. \u00een Italia, Argentina, Fran\u0163a, Spania, Vintil\u0103 Horia<\/strong>; <strong>logician, g\u00e2nditor cre\u015ftin, filosof, formator de\u00a0 \u015ecoal\u0103 filosofic\u0103, prof. univ. Dr. cu specializare \u00een Germania, Nae Ionescu<\/strong>; <strong>prof. univ. chimist, c\u0103rturar \u015fi savant, Gheorghe Longinescu<\/strong>; <strong>g-ral Ion Macridescu<\/strong>; <strong>g-ral Ioan Arbore, <\/strong>martir, mort \u00een penit. V\u0103c\u0103re\u015fti \u00een 1954; <strong>diplom., om politic, prof.univ. Dr., economist de reputa\u0163ie interna\u0163ional\u0103, Mihail Manoilescu<\/strong>; <strong>g-ral Dumitru Mehedin\u0163i<\/strong>; <strong>etnograf, geograf, prof. univ. Dr. savant, mb. al Academiei Rom\u00e2ne, reputat pedagog, Simion Mehedin\u0163i<\/strong>; <strong>poet, fabulist, de\u0163. pol. mort \u00een \u00eenchisoare, Vasile Militaru<\/strong>; <strong>principele Nicolae de Hohenzollern<\/strong>; <strong>eseist, filosof al culturii, stud. univ. cu specializ\u0103ri \u00een Fran\u0163a, de\u0163. pol., Constantin Noica<\/strong>; <strong>prof. univ. Dr.<\/strong> <strong>fiziolog de reputa\u0163ie mondial\u0103, descoperitorul insulinei, propus pentru Premiul Nobel, care i s-a furat, Nicolae C. Paulescu<\/strong>; <strong>prof. univ. Dr., rector, mb. al Academiei Rom\u00e2ne, reputat filolog de talie european\u0103, Sextil Pu\u015fcariu<\/strong>; <strong>g-ral Mihail Racovi\u0163\u0103<\/strong>; <strong>scriitor, public. Dr. \u00een med., de\u0163. pol., Nicolae Ro\u015fu<\/strong>; <strong>scriitor, public. prof. univ. de limb\u0103 german\u0103, Ion S\u00e2n-Georgiu<\/strong>; <strong>poet, public., Barbu Slu\u015fanski<\/strong>; <strong>poet, prozator, Mircea Streinul<\/strong>; <strong>g-ral Ion Tarnoski<\/strong>; <strong>mare g\u00e2nditor cre\u015ftin, filosof de autoritate socratic\u0103, renumit economist cu studii de Drept la Berlin, de\u0163. pol., Petre \u0162u\u0163ea<\/strong>; <strong>Lic. \u00een Litere \u015fi Filosofie, Dr. \u00een Filosofie la Roma, Dr. \u00een Drept, de\u0163in\u0103tor a numeroase premii interna\u0163ionale, George Usc\u0103tescu<\/strong>; <strong>economist, sociolog, filosof cu studii \u00een Filosofie \u015fi Drept la Bucure\u015fti \u015fi Paris, de\u0163. pol. Mircea Vulc\u0103nescu, <\/strong>martir al \u00eenchis. Aiud\u00een 1952; <strong>lic. \u00een Teologie la Cern\u0103u\u0163i, absolv. al \u015ec. Militare din Bac\u0103u, pr. apoi Arhimandrit, Iloarion Argatu-ctitorul M\u0103n\u0103stirii Sf. Cruce-Brusturi<\/strong>;<strong> erou, arhimandrit Pimen B\u0103rbieru, <\/strong>de\u0163. pol cu 14, 9 ani de temni\u0163\u0103; <strong>lic. \u00een Teologie, pr. paroh, apoi monah, Valentin Bil\u0163, <\/strong>de\u0163. pol. ucis \u00een \u00eenchis. Aiud \u00een 1960; <strong>Pre\u015fedintele Consiliului Na\u0163ional Rom\u00e2n, erou- lupt\u0103tor, artizan al Marii Uniri, pr. militar, senator, Iosif Coriolan Buracu<\/strong>, de\u0163. pol.; <strong>absolv. de Teologie, erou-martir pe frontul din Rusia, Horea Buracu<\/strong>; <strong>lic. \u00een Filologie-Ia\u015fi, prof. poet, memorialist, fondator \u015fi senator PN\u0162-Mehedin\u0163i, Mihai Buracu<\/strong>, de\u0163.pol. <em>reeducat la Pite\u015fti<\/em>;<strong> poet de geniu, dramaturg, mb. al Uniunii Scriitorilor din Rom\u00e2nia, distins cu numeroase premii, Robert Eisenbraun alias Cahuleanu alias Andrei Ciurunga<\/strong>, de\u0163. pol. supranumit <em>Poetul Canalului<\/em>; <strong>sculptor bisericesc<\/strong>, <strong>erou pe frontul de Vest, lic. \u00een Teologie, c\u0103lug\u0103rit \u00een \u201948., <\/strong>arestat \u00een 3 r\u00e2nduri: \u201948-\u201949, \u201959-\u201966 \u015fi 1988 la Jilava.,<strong>ctitor, mare duhovnic<\/strong>, cel care l-a \u00eencre\u015ftinat \u015fi l-a botezat pe omul de cultur\u0103 Nicolae Steinhardt, <strong>Mihai-Mina Dobzeu<\/strong>, de\u0163. pol.; <strong>lic. \u00een Filosofie \u015fi Litere, absolv. de Drept, doctorand \u00een Teologie, ofi\u0163er-erou \u00een r\u0103zboiul din R\u0103s\u0103rit, c\u0103lug\u0103rit la M-rea Cernica, iar la 6 August 1952, va \u00eembr\u0103ca marea schim\u0103, fiul generalului Dumitru Doroban\u0163u, Nil Doroban\u0163u<\/strong>, de\u0163. pol.; <strong>lic. \u015fi Dr. \u00een Teologie, pr. prof. univ. Gheorghe I. Dr\u0103gulin<\/strong>, de\u0163. pol.; <strong>pr. prof. Dr. \u00een Teologie, rector la Acad. Teologic\u0103 Arad, cursuri de Litere \u015fi Filosofie la Cluj, premiat de Academia Rom\u00e2n\u0103, Ilarion V. Felea, <\/strong>de\u0163, pol. <em>\u201e\u00eentre cei 5.000 de prizonieri<\/em> <em>politici din<\/em> <em>Aiud, asista\u0163i de cei 400 de preo\u0163i ortodoc\u015fi\u201d<\/em>, ucis \u00een \u00eenchisoare \u00een 1961; <strong>lic.<\/strong> <strong>\u015fi<\/strong> <strong>Dr. \u00een Filosofie la Roma, lic. \u00een Teologie la Roma, Dr. \u00een Teologie la Lwow,\u00a0 pr. prof. la Academia Teologic\u0103-Cluj, Alexandru Filipa\u015fcu, <\/strong>coautor al Istoriei Bisericii Rom\u00e2ne-2vol., ucis \u00een lag\u0103rul Valea Neagr\u0103-Canal \u00een 1952; <strong>lic. \u00een Teologie-Cluj, Dr. \u00een Teologie-Sibiu, pr. prof. mare duhovnic, ctitor, Ioan Iovan<\/strong>, de\u0163. pol.;<strong> <\/strong>\u00a0<strong>lic. \u00een Teologie, lupt\u0103tor \u00een organiza\u0163ia anticomunist\u0103 <em>Babadag, <\/em>p\u0103rintele Aurel Lazarov<\/strong>, de\u0163. pol., ucis \u00een penitenciarul Aiud, \u00een 1960; <strong>lic. \u00een Teologie, erou al primului r\u0103zboi mondial, cel mai mare misionar rom\u00e2n al secolului XX, mare prop\u0103v\u0103duitor de cultur\u0103 cre\u015ftin\u0103, cel mai mare bibliofil, <\/strong>peste 500. 000 de c\u0103r\u0163i confiscate \u015fi arse de securitate, <strong>lupt\u0103tor<\/strong> \u00een <strong><em>Oastea Domnului<\/em>, protosinghel Nicodim M\u0103ndi\u0163\u0103<\/strong>, de\u0163.pol.;\u00a0 <strong>dublu lic. \u00een Teologie-Cluj \u015fi Litere \u015fi Filosofie, Dr. \u00een Teologie-Cern\u0103u\u0163i, cu studii postuniversitare la Strasbourg, Dr. \u00een Teologie-Berlin, p\u0103rintele Florea Mure\u015fan<\/strong>, de\u0163.pol., ucis \u00een penitenciarul Aiud \u00een 1961; <strong>student eminent \u00een anul V la Facultatea de Medicin\u0103-Cluj<\/strong>, ucis de securitate \u00een 1985; <strong>dublu lic. \u00een Litere \u015fi Teologie, descendent al unei caste clericale-Neagovici, cu preo\u0163i ce au p\u0103storit peste 200 de ani ortodoc\u015fii din Depresiunea Buz\u0103ului, <\/strong>\u00a0<strong>p\u0103rintele Aurel Negoescu<\/strong>, de\u0163. pol., ucis la Canal-Capul Midia \u00een 1952; <strong>Dr. \u00een med. mobilizat \u00een \u201941, pe frontul din Basarabia, medic de Batalion, primul doctor din Rom\u00e2nia care opereaz\u0103 pe cord deschis, Iosif Nicolescu<\/strong>, de\u0163. pol.; <strong>student \u00een ultimul an la Politehnica-Bucure\u015fti, mistic al grupului <em>\u201eV.G.\u201d, <\/em>Gheorghe Ni\u0163escu<\/strong>, de\u0163. pol., ucis \u00een penitenciarul T\u00e2rgu Ocna \u00een 1950; <strong>lic. \u00een Teologie, p\u0103rintele Zosim Oancea<\/strong>, de\u0163.pol. 15 ani; <strong>lic. \u00een Teologie-Bucure\u015fti, dr. Doc. \u00een Teologie-Athena, cursuri postuniversitare \u00een Istorie, Filosofie \u015fi Litere la Leipzig, Sorbona, Paris, prof. univ. Teodor M. Popescu<\/strong>, de\u0163. pol.; <strong>lic. \u015fi Dr. \u00een Filologie, prof. univ., scriitor, publicist, traduc\u0103tor, Mihai R\u0103dulescu<\/strong>, de\u0163. pol.; <strong>ne\u00eenfricat\u0103 lupt\u0103toare a Rezisten\u0163ei anticomuniste, cu o demnitate rar \u00eent\u00e2lnit\u0103, Elisabeta Rizea<\/strong>, de\u0163. pol. cu 13 ani de temni\u0163\u0103;<strong> lic. \u00een Teologie, ctitor, mare duhovnic, memorialist, p\u0103rintele Constantin S\u00e2rbu<\/strong>, de\u0163. pol.; <strong>lic. \u00een Teologie, <em>unul din st\u00e2lpii Ortodoxiei, <\/em>p\u0103rintele Ilie Stan<\/strong>, de\u0163. pol. ucis \u00een penitenciarul Aiud \u00een 1962; <strong>dublu lic. \u00een Litere \u015fi Drept, Dr., scriitor, critic literar, eseist, publicist, filosof, evreu, Nicolae Steinhardt<\/strong>,<strong> <\/strong>de\u0163. pol.,<strong> <\/strong>\u00eencre\u015ftinat \u00een \u00eenchisoare; <strong>lic. \u00een Teologie, stare\u0163 al M-rii Neam\u0163, arhimandritul Haralambie Vasilache<\/strong>, de\u0163. pol. omor\u00e2t \u00een 1962, la \u00eenchisoarea Gherlea; <strong>lic. \u00een Teologie-Bucure\u015fti, Dr. \u00een Teologie-Chi\u015fin\u0103u, scriitor, redactor, ini\u0163iator al mi\u015fc\u0103rii <em>Rugul Aprins<\/em>, stare\u0163, ctitor, Arhimandritul Vasile Vasilache<\/strong>, de\u0163. pol., etc.<strong>\u00a0\u00a0 <\/strong><\/p>\n<p style=\"text-align: justify;\"><strong>Ceata Voievodal\u0103 a Prin\u0163ilor-<\/strong>o numim reprezentativ: \u00a0Alexandru Ghica, Alexandru Cantacuzino, Gheorghe Cantacuzino, George Manu, Mihail Sturdza, Ilie Vlad Sturdza,\u00a0 Principele Nicolae.<\/p>\n<p style=\"text-align: justify;\">\u00a0\u00a0 <strong>Ceata Ierarhilor, membri, simpatizan\u0163i, p\u0103timitori; a Teologilor-Preo\u0163ilor, Monahilor \u015fi Monahiilor <\/strong>\u00eensumeaz\u0103 dup\u0103 afirma\u0163ia P\u0103rintelui Dumitru St\u0103niloae, cca. 6 000 de preo\u0163i, dup\u0103 Cicerone Ioani\u0163oiu, circa 4 000 de preo\u0163i: \u201e<em>din care 10%, circa 400 au fost uci\u015fi \u00een temni\u0163\u0103.\u201d<\/em> (Cicerone Ioani\u0163oiu-<em>Persecu\u0163ia cre\u015ftin\u0103 \u00een Rom\u00e2nia<\/em>-Casa, anul III, nr. 2\/1996, RFG; <em>Preo\u0163i cu crucea-n frunte- <\/em>Casa, anul IV,nr. 3\/1996, RFG; Dr. Manfred Zeidler-Denn ich sah vor mir unser Heer,voll des groBen Zornes, Ilja<em> <\/em>Ehremburg- FAZ Nr. 71\/24.03.95.<\/p>\n<p style=\"text-align: justify;\">\u00a0\u00cen dic\u0163ionarul statistic intitulat <strong><em>Biserica \u00eentemni\u0163at\u0103. Rom\u00e2nia 1944-1989, <\/em><\/strong>document ap\u0103rut sub egida Institutului Na\u0163ional pentru Studiul Totalitarismului, alc\u0103tuit de Paul Caravia,Virgil Constantinescu \u015fi Flori St\u0103nescu, f\u0103r\u0103 limit\u0103ri confesionale, se g\u0103sesc \u00eenregistrate <strong>2544 de persoane<\/strong>, \u00eentre care<strong> 2398 <\/strong>de persoane apar\u0163in\u00e2nd diferitelor confesiuni: <strong>ortodoc\u015fi-1725<\/strong>; <em>greco-catolici-226<\/em>; <em>romano-catolici-165<\/em>; <em>protestan\u0163i \u015fi neoprotestan\u0163i-90<\/em>; <em>de alte religii-36<\/em>.<\/p>\n<p style=\"text-align: justify;\">\u00cen studiul introductiv, neinclu\u015fi \u00een corpul dic\u0163ionarului sunt men\u0163iona\u0163i \u015fi: <strong><em>\u201e<\/em><\/strong> <strong><em>31 de ierarhi ortodoc\u015fi, sco\u015fi din scaun, sechestra\u0163i sau exila\u0163i, unii mor\u0163i \u00een \u00eemprejur\u0103ri pe c\u00e2t de obscure, pe at\u00e2t de suspecte, ca Irineu Mih\u0103lcescu sau Nicolae Popoviciu, peste 1500 de cazuri de personal ecleziastic epurat, precum \u015fi 60 de monahi despre care se \u015ftie cu certitudine c\u0103 au sprijinit Mi\u015fcarea na\u0163ional\u0103 de rezisten\u0163\u0103.\u201d<\/em><\/strong> (R\u0103zvan Codrescu-Jertfelnicia ortodox\u0103 \u00een anii comunismului, \u00een <em>Din Temni\u0163e spre Sinaxare.<\/em>Volum coordonat de Danion Vasile. Ed. Areopag, Bucure\u015fti, 2011, p. 36-37)<\/p>\n<p style=\"text-align: justify;\"><strong>Ceata Dasc\u0103lilor-<\/strong>prezent\u0103 \u00een Catalogul prof. Contantin Totir-Bistri\u0163a N\u0103s\u0103ud, cu dasc\u0103lii \u015fi \u00eenv\u0103\u0163\u0103ceii persecuta\u0163i, str\u0103muta\u0163i, deporta\u0163i, aresta\u0163i sau uci\u015fi \u00een timpul comunismului (6 martie 1945-16 Decembrie 1989), \u00een care citim cifra de 3788 (list\u0103 incomplet\u0103)<\/p>\n<p style=\"text-align: justify;\">\u00a0\u00a0 \u00centre primele texte tip\u0103rite dup\u0103 <em>Evenimentele din 1989<\/em>, se afl\u0103 articolul Pr. prof. univ. Dr. Gheorghe I. Dr\u0103gulin: <strong><em>Victimele pu\u015fc\u0103riilor comuniste \u015fi ale revolu\u0163iei \u00een aten\u0163ia aghiografului contemporan<\/em><\/strong>, publicat \u00een revista<em> \u201eBiserica Ortodox\u0103 Rom\u00e2n\u0103\u201d<\/em>, CIX (1991), nr. 7-9, pp. 91-98, \u00een care se aten\u0163ioneaz\u0103: <strong><em>\u201eSe crede c\u0103 \u00een timpul defunctei or\u00e2nduiri comuniste au func\u0163ionat \u00een \u0163ara noastr\u0103 160 de \u00eenchisori. Prin ele au trecut dou\u0103 milioane de de\u0163inu\u0163i politici, dintre care trei sute de mii au fost uci\u015fi<\/em> (\u201eRezisten\u0163a\u201d, 1\/ 1991, p. 3). <em>Alte surse dau cifra de trei milioane de pedepsi\u0163i politic, cinsprezece mii dintre ei devenind eroi ai mor\u0163ii legale<\/em>(\u201eRom\u00e2nia liber\u0103\u201d, 17-18 Aug. 1991, p. 3).<\/strong><\/p>\n<p style=\"text-align: justify;\"><strong><em>\u00a0<\/em><\/strong><\/p>\n<p style=\"text-align: justify;\">\u00a0\u00a0 <strong>Simpatizan\u0163i str\u0103ini \u015fi laurea\u0163i ai Premiului Nobel<\/strong>: Claude Bernard, Jean Lacroix, Merleau-Ponty, John C. Eccless, Jacques Monod, Heinz Pagels, Victor Weisskoph, Roger Sperry, Niels Bohr, Lyall Watson, Claudio Mutti, Julius Evola, Michelle Rallo, Dr. Iefim Haritonovici, Ariel Kaspy, Wolfgang Geiger, Baruch Kimmerling etc.<\/p>\n<p style=\"text-align: justify;\">\u00a0\u00a0 <strong>Evrei-prorom\u00e2ni<\/strong>: Ana Maria-Marin, Pr. Nicu Steinhardt, Mihail Sebastian, Edgar Papu, Oscar Lemnaru, rabinul David \u015eafran, Vasile Noveanu, C\u0103t\u0103lin Ropal\u0103, Iancu Kahana, Abramovici, Max Frohlich, Carol Beini\u015f, Iancu Avram, Adalbert Heimovici, Sora Maria Judith, Hary Brauner, Marcu Beri, Lazarovici, David Solomon, Victor Isac, Paul Goma, etc.<\/p>\n<p style=\"text-align: justify;\">\u00a0\u00a0\u00a0 <strong>Scriitori str\u0103ini \u015fi evrei prorom\u00e2nism<\/strong>: Armin Heinen, Kurt W. Treptow, Nicholas M. Nagy-Talavera, Felix Aderca, M. Gaster, H. Tiktin, Stephane Courtois, Jean-Loui Margolin, Jean-Louis Panne, Karel Bartosek, Nicolas Werth, Andrzej, Paul Johnson, Richard Pipes, Karl Radek, Maurice Pinay, Roger Garaudy, Moshe Zimmerman, Tomas Escolar, Carlo Sburlati, Michel Mourre, Denami Haider, Francisco Veiga, Gunter Klein, Gerald J. Bobango, Klaus Liepelt, Klaus Charle, Klaus P. Beer, E. Saleo, Jerome et Jean Tharaud, Nydia de Fernandez Periero, L. B. Tua, \u00a0Pierre Milza, A. Panini-Finotti, J. Nieto, Hanna Arendt, Stanley G. Payne, Ernst Nolte, George L. Mosse, Eugen Weber, Hans Rogger, Walter Laqueur, S. J. Woolf, F. L. Carsten, Peter F. Sugar, Gilbert Allardyee, M. A. Leden, Stephen Fischer, Emanuel Turczynski, Philip Rees, Scott Anderson, John Lee Anderson, Jeliu Jelev, Mariano Ambri, Joseph Rothschild, A. W. Palmer, C. A. Macartney, Ezra Mendesohn, Vincent E. McHale, Sharon Skowronski, Martin Broszat, Andreas Hillgruber, N. I. Lebedev, Teodor I. Armon, Hugh Seton-Watson, Henry L. Roberts, Rene Ristelhueber, Henri Prost, P. Shapiro, S. M. Carrington, Paul Guiraud, Ewald Hibbeln, Jean-Paul de Longchamp,\u00a0 Keith Hitchins, R. J. Crampton, Larry L. Watts, Misha Gleen, Erich Fromm, Eric Hobsbawm, Michael Joseph, Michel Bertrand, Juan\u00a0 J. Luis, Charles\u00a0 Vaugeois, Garry Allen, Johan Urwich, Matthias Rub, Oskar Uskert, Tom Gallagher etc.<\/p>\n<p style=\"text-align: justify;\">\u00a0\u00a0 La toate aceste R\u0103stigniri de credin\u0163\u0103 \u015fi iubire se mai adaug\u0103: <strong>Ceata Cruciadei<\/strong> <strong>Copiilor-cu sutele de elevi; Ceata Mucenicilor-cu miile de studen\u0163i \u00een frunte cu cei de la Pite\u015fti, Cruciada Canalului cu sutele de mii de mor\u0163i, Cruciada Poporului-cu milioanele de prigoni\u0163i, \u00een multe forme, cei de ieri, de azi \u015fi poate de m\u00e2ine&#8230;<\/strong><\/p>\n<p style=\"text-align: justify;\"><strong>\u00a0<\/strong><\/p>\n<p style=\"text-align: justify;\"><strong>\u00a0\u00a0 <\/strong>Gra\u0163ie revoltei: dup\u0103 unii, <em>Revolu\u0163iei din \u201989<\/em>, dup\u0103 al\u0163ii, <em>Loviturii de stat<\/em>, s-a permis giganticul aflux al unei uria\u015fe literaturi memorialistice concentra\u0163ioniste \u00een care au r\u0103s\u0103rit Icoane, Arhetipuri \u015fi Modele din s\u00e2nul poporului cre\u015ftin ortodox, reprezentate sub Aurele clerului, a mirenilor \u015fi a monahilor, ce s-au jertfit pentru Glie \u015fi Cruce.<\/p>\n<p style=\"text-align: justify;\">\u00a0\u00a0 Red\u0103m o mic\u0103 parte din <em>Memorialistica m\u0103rturisitoare<\/em>, subliniat\u0103 de scriitorul \u015fi poetul cre\u015ftin R\u0103zvan Codrescu:<\/p>\n<p style=\"text-align: justify;\"><strong>\u00a0\u00a0 Ioan B\u0103rda\u015f, <em>Calvarul Aiudului. Din suferin\u0163ele unui preot ortodox.<\/em><\/strong> Ed. Anastasia, Buc., 199; <strong>Dimitrie Bejan, <em>Oranki. Amintiri din captivitate.<\/em><\/strong> \/ <strong><em>Viforni\u0163a cea mare.<\/em><\/strong>Ed. Tehnic\u0103, Buc., 1995, 1996; <strong>Liviu Br\u00e2nza\u015f, <em>Raza din Catacomb\u0103. Jurnal de \u00eenchisoare.\/ Martor \u00eentr-un proces moral.<\/em><\/strong> Ed. Scara, Buc., 2001\/ Ed. Brad, 2000; <strong>Gheorghe Calciu-Dumitreasa, <em>\u015eapte cuvinte c\u0103tre tineri. R\u0103zboiul \u00eentru Cuv\u00e2nt. Cuvinte c\u0103tre tineri \u015fi alte m\u0103rturii.<\/em><\/strong> Ed. Anastasia Buc., 1996,\/ Ed. Nemira; <strong>Nicolae Ciolacu-Monahul Nectarie, <em>Haiducii Dobrogei. Rezisten\u0163a armat\u0103 anticomunist\u0103din mun\u0163ii Bagdadului.<\/em><\/strong> Col. \u201eOmul Nou\u201d, Hallandale-Florida,1995; <strong>Nicu Cr\u0103cea, <em>Dezv\u0103luiri legionare, 5 vol., <\/em>[\u00een regie proprie], <\/strong>Buc., 1994-2001; <strong>Mina Dobzeu <\/strong>(botez\u0103torul lui N. Steihardt), <strong><em>Trei strig\u0103ri \u00eempotriva lui Antihrist. Istoria adev\u0103rat\u0103 a pustnicului de la Br\u0103dice\u015fti.<\/em><\/strong> Ed. Anastasia, Buc., 1999; <strong>Nicolae Grebenea, <em>Amintiri din \u00eentuneric.<\/em><\/strong> Ed. Agora, Ia\u015fi, 1998; <strong>P\u0103rintele Marcu de la Sih\u0103stria, <em>M\u0103rturisirea unui cre\u015ftin.<\/em><\/strong> M-rea Petru Vod\u0103, 2007; <strong><em>\u00a0<\/em>Zosim Oancea, <em>Datoria de a m\u0103rturisi. \u00cenchisorile unui preot ortodox. <\/em><\/strong>Ed. Harisma, Buc., 1995; <strong>N. Steinhardt, <em>Jurnalul fericirii. <\/em><\/strong>Ed. Dacia, Cluj-Napoca, 1991. (Din Temni\u0163e&#8230;, op. cit. p. 38-39)<\/p>\n<p style=\"text-align: justify;\">\u00a0\u00a0 Ulterior avalan\u015fa lucr\u0103rilor memorialistice au umplut un ocean cre\u015ftin al m\u0103rturisirilor ortodoxe.<strong><em>\u00a0 <\/em><\/strong><\/p>\n<p style=\"text-align: justify;\"><strong>\u00a0<\/strong><\/p>\n<p style=\"text-align: justify;\"><strong>\u00a0\u00a0\u00a0\u00a0\u00a0\u00a0\u00a0\u00a0\u00a0\u00a0\u00a0\u00a0\u00a0\u00a0\u00a0\u00a0\u00a0\u00a0\u00a0\u00a0\u00a0\u00a0\u00a0\u00a0\u00a0\u00a0\u00a0\u00a0\u00a0\u00a0\u00a0\u00a0\u00a0\u00a0\u00a0\u00a0\u00a0\u00a0\u00a0\u00a0\u00a0 CONCLUZII<\/strong><\/p>\n<p style=\"text-align: justify;\"><strong>\u00a0<\/strong><\/p>\n<p style=\"text-align: justify;\">\u00a0Am strans o parte din lucr\u0103rile publicate ale acestor mari m\u0103rturisitori Dacorom\u00e2ni, doar 3258 de volume cuprinzand opere de orice gen literar.<\/p>\n<p style=\"text-align: justify;\">\u00a0\u00a0 Gama divers abordat\u0103 surprinde \u00een cea mai mare parte prin: memorialistic\u0103 concentra\u0163ionar\u0103, lucr\u0103ri de referin\u0163\u0103 \u00een teologie ortodox\u0103, istorie, filosofie, sociologie, medicin\u0103, literatur\u0103, art\u0103, memorii de r\u0103zboi, eseistic\u0103 cre\u015ftin\u0103, teatru socratic-cre\u015ftin etc.<\/p>\n<p style=\"text-align: justify;\">\u00a0\u00a0 Al\u0103turi de opera scris\u0103 se adaug\u0103 diferitele edituri, reviste, cenacluri, funda\u0163ii, asocia\u0163ii, ligi, apoi num\u0103rul mare al operelor de art\u0103 bisericeasc\u0103, obiecte de cult liturgic, acatiste, imne, psalmi, ctitorii, realiz\u0103rile privind des\u0103v\u00e2r\u015firea vie\u0163ii ortodoxe \u00eentru Hristos, prin pedagogie, cultur\u0103, \u015ftiin\u0163\u0103, monahism, cler mirean, prin discipolii pe care i-au format spiritual \u00een toate domeniile cre\u015ftine, \u00een \u0163ar\u0103 \u015fi \u00een str\u0103in\u0103tate, prin demnitate, mucenicie \u015fi sfin\u0163enie, minunile \u015fi binecuv\u00e2nt\u0103rile \u00een timpul vie\u0163ii \u015fi cele dup\u0103 urcarea lor la ceruri.<\/p>\n<p style=\"text-align: justify;\">\u00a0\u00a0 Dincolo de toate aceste \u00eentregiri memorabile \u015fi divine privind suferin\u0163a, credin\u0163a, adev\u0103rul, dragostea \u015fi m\u0103rturisirea, sublima lor \u00een\u0103l\u0163are spiritual\u0103 a fost \u015fi este binecuv\u00e2ntarea Jertfei supreme asumate prin puterea Crucii izb\u0103vitoare, biruitoare \u015fi \u00een\u0103l\u0163\u0103toare.<\/p>\n<p style=\"text-align: justify;\">\u00a0\u00a0 M\u0103rturisitorii Dreptei credin\u0163e au acumulat cel mai profund \u015fi mai m\u0103re\u0163 Tezaur al suferin\u0163elor, cea mai pur\u0103 radiografie a tr\u0103irilor mistice, cea mai divin\u0103 \u00een\u0103l\u0163are cre\u015ftin\u0103, izb\u0103vitoare: iertarea c\u0103l\u0103ilor lor:<strong><em> \u201eo mare parte dintre legionari tr\u0103iser\u0103 \u00een \u00eenchisori monahismul la modul cel mai profund \u015fi exigent.\u201d<\/em><\/strong> (Fabian Seiche-op.cit. p. 305)<\/p>\n<p style=\"text-align: justify;\">\u00a0\u00a0 Marele patriarh Justinian Marina, plin de smerit\u0103 recuno\u015ftiin\u0163\u0103 fa\u0163\u0103 zecile \u015fi sutele de mii de jertfe curate ale m\u0103rturisitorilor prigoni\u0163i \u015fi p\u0103timitori din \u00eenchisori, mul\u0163umindu-I lui Dumnezeu, \u00eei m\u0103rturise\u015fte p\u0103rintelui Ioan Negru\u0163iu: <strong><em>\u201eP\u0103rinte, nu \u015ftim cum s\u0103 v\u0103 mul\u0163umim c\u0103 ne-a\u0163i salvat Biserica! Ortodoxia noastr\u0103 a amu\u0163it aici<\/em><\/strong> (\u00een libertate, n.a.)<strong><em>. Altarele rom\u00e2ne\u015fti sau mutat \u00een \u00eenchisori!\u201d<\/em><\/strong>, iar p\u0103rintele, unul dintre cei persecuta\u0163i pentru credin\u0163\u0103 \u015fi adev\u0103r, privitor la <em>celulele<\/em> <em>devenite altare<\/em> m\u0103rturise\u015fte cu emo\u0163ie: <strong><em>\u201eSe mutaser\u0103 \u00een aceste lag\u0103re \u015fi temni\u0163e mii \u015fi zeci \u015fi sute de mii de oameni, dintre cei mai buni pe care \u00eei avea \u0163ara. Toate institu\u0163iile de baz\u0103 ale societ\u0103\u0163ii noastre erau foarte bine reprezentate. Academia Rom\u00e2n\u0103, Universitatea, facult\u0103\u0163ile, inclusiv cea de Teologie; fostele guverne \u00eempreun\u0103 cu armata, clerul \u015fi c\u0103lug\u0103rii, \u015fcolile \u015fi \u00eentreprinderile, muncitorii \u015fi \u0163\u0103ranii nedispu\u015fi s\u0103-\u015fi v\u00e2nd\u0103 sufletele satanei \u015f.a.m.d. Numai Bunul Dumnezeu \u015ftie num\u0103rul \u015fi numele victimelor, aduse ca ni\u015fte oi spre junghiere&#8230; \u015fi trecute prin rigorile torturilor, aplicate de c\u0103l\u0103i cu \u00eenalt\u0103 calificare, prin proba cumplitelor r\u0103ngi, a focului, a varului nestins, a \u00eenfomet\u0103rii, a frigului, a terorii \u015fi a umilin\u0163elor de tot felul.\u201d<\/em><\/strong> (<em>Din Temni\u0163e spre Sinaxare, <\/em>volum coordonat de Danion Vasile, cu binecuv\u00e2ntarea I.P.S. Justinian Chira al Maramure\u015fului \u015fi S\u0103tmarului. Ed. Areopag, Bucure\u015fti, 2011, p. 24-25)<\/p>\n<p style=\"text-align: justify;\">\u00a0\u00a0 Tot \u00een cadrul \u015fi contextul suferin\u0163ei, al jertfei \u015fi al m\u0103rturisirii gr\u0103ie\u015fte \u015fi <em>Voievodul Ortodoxiei,<\/em> cum \u00eel numea Rom\u00e2nul cre\u015ftin Dan Puric pe P\u0103rintele Iustin P\u00e2rvu: <strong><em>\u201eNoi purt\u0103m aceast\u0103 cruce a Gherlei, a Aiudului, a Sighetului, pentru ca s\u0103 r\u0103spl\u0103tim toate p\u0103catele neamului nostru, de la \u00eenceputurile vie\u0163ii politice dup\u0103 secolul XIX \u015fi p\u00e2n\u0103 \u00een prezent. Dac\u0103 va veni peste noi o alt\u0103 pedeaps\u0103, \u015fi care va veni numaidec\u00e2t, va veni pentru nerecuno\u015ftiin\u0163a noastr\u0103 a rom\u00e2nilor ortodoc\u015fi care c\u0103lc\u0103m pe jertfele martirilor. Oriunde ne-am \u00eendrepta e pic\u0103tura de s\u00e2nge pe metru p\u0103trat. <\/em><\/strong><\/p>\n<p style=\"text-align: justify;\"><strong><em>\u00a0\u00a0 Dac\u0103 Biserica noastr\u0103 ortodox\u0103 nu se va apropia cu toat\u0103 dragostea, cu tot dinadinsul de jertfa acestor tineri, vom avea soarta cea mai degradant\u0103 \u015fi mai disperat\u0103 a popoarelor care au disp\u0103rut de pe harta Europei. De aceea, nu ne r\u0103m\u00e2ne ast\u0103zi dec\u00e2t s\u0103 ne re\u00eentoarcem la cei pe care prin aceste jertfe \u00eenalte Dumnezeu i-a ales \u015fi i-a a\u015fezat s\u0103 moar\u0103 \u00een cele mai groaznice chinuri.\u201d<\/em><\/strong> (ibid.p. 11)<\/p>\n<p style=\"text-align: justify;\">\u00a0\u00a0 M\u0103rturisitorii dacorom\u00e2ni contemporani au fost chema\u0163i \u015fi ale\u015fi \u00eentru M\u00e2ntuitorul Hristos, ca prin mesianismul jertfei lor s\u0103 de-a suflet, con\u015ftiin\u0163\u0103 \u015fi via\u0163\u0103 \u00eennoitoare martirologiei ortodoxe universale.<\/p>\n<p style=\"text-align: justify;\">\u00a0\u00a0 Num\u0103rul aproximativ al martirilor uci\u015fi de <em>Vidra Ro\u015fie <\/em>se estimeaz\u0103 la peste dou\u0103 milioane jum\u0103tate de mucenici: <strong><em>\u201e Amploarea opera\u0163iei de deportare precedat\u0103 de arest\u0103ri<\/em><\/strong>, afirm\u0103 Gh. Boldur-L\u0103\u0163escu \u00een <em>\u201eGulagul rom\u00e2nesc \u00een cifre, p. 15-20)<\/em>, <strong><em>\u00eentre\u00a0 \u00a050 000-200 000 pentru perioada 1949-1960, sau mai plauzibil a 2. 000. 000 de \u0163\u0103rani, din r\u00e2ndul c\u0103rora circa 200 000 au murit \u00een deten\u0163ie sau \u00een lag\u0103re de munc\u0103 for\u0163at\u0103.\u201d<\/em><\/strong> (Alexandru Bidian-Der Tag der gefangenen Nationem- Pressekonferenz Bonn 15.07.89)<\/p>\n<p style=\"text-align: justify;\">\u00cen bilan\u0163ul estim\u0103rii num\u0103rului de\u0163inu\u0163ilor politici Doctorul Florin M\u0103trescu citeaz\u0103: <em>\u201eVenerabilul patriot \u015fi istoric anticomunist Cicerone Ioani\u0163oiu afirm\u0103 c\u0103 aproape 3.000.000 de rom\u00e2ni au trecut prin temni\u0163ele comuniste. Din ace\u015ftia, circa 250.000 zac \u00een gropile comune pres\u0103rate pe tot cuprinsul \u0163\u0103rii.\u201d<\/em> ( Florin M\u0103trescu- Holocaustul Ro\u015fu, Ed. Irecson, Bucure\u015fti, 2008, p.132). Doctorul M\u0103trescu merge mai departe \u015fi adun\u0103 suma par\u0163ial\u0103 a victimelor anticomuniste \u00een lucrarea sa istoric\u0103 de anvergur\u0103 interna\u0163ional\u0103 <strong>Holocaustul Ro\u015fu<\/strong>,<strong> vol. I, <\/strong>stabilind cifra de 2. 451. 400 de martiri, astfel: <em>180 000<\/em> <em>prizonieri \u00een URSS; 500 000 uci\u015fi \u00een lag\u0103re \u015fi \u00eenchisori; 200 000 uci\u015fi \u00een timpul colectiviz\u0103rii for\u0163ate; 1. 400 \u00een Revolu\u0163ia din Decembrie; 10 000 \u00een cadrul Mi\u015fc\u0103rii de partizani; 60 000 \u00een perioada ceau\u015fist\u0103; 1. 500. 000 \u00een Basarabia \u015fi Bucovina, ca teritorii \u00eenstr\u0103inate.<\/em>(Florin M\u0103trescu-<em>Holocaustul Ro\u015fu<\/em> Addenda. Ed. Irecson, Bucure\u015fti, 2008, p. 27)<\/p>\n<p style=\"text-align: justify;\">\u00a0\u00a0 Num\u0103rul aproximativ al martirilor supravie\u0163uitori ag\u0103\u0163a\u0163i ca ni\u015fte zdren\u0163e de via\u0163\u0103 dep\u0103\u015fe\u015fte cu mult cifra de un milion \u015fi jum\u0103tate.<\/p>\n<p style=\"text-align: justify;\">\u00a0\u00a0 Num\u0103rul aproximativ al celor persecuta\u0163i \u015fi prigoni\u0163i \u00eentre anii 1945-1989, trece cu mult peste dou\u0103 milioane de rom\u00e2ni cre\u015ftini.<\/p>\n<p style=\"text-align: justify;\">\u00a0\u00a0 Numai num\u0103rul victimelor regalo-carliste asasinate \u00eentre 30 Nov. 1938-22 Sept. 1939, girate de patriarhul-premier Miron Cristea a fost de 286, iar pe perioada mandatului exclusiv al lui dictatorului Carol-Lupescu statistica victimelor se aproprie de 350 de persoane ucise.<\/p>\n<p style=\"text-align: justify;\">\u00a0\u00a0 <em>\u201eDin cei 3-4 000 000 de de\u0163inu\u0163i de la noi,<\/em> spune Fabian Seiche, <em>peste 800 000 \u015fi-au l\u0103sat oasele acolo.\u201d<\/em> (Fabian Seiche-Martiri \u015fi m\u0103rturisitori din secolul XX \u00cenchisorile comuniste din Rom\u00e2nia. Ed. Agaton-F\u0103g\u0103ra\u015f, 2010, p. 273)<\/p>\n<p style=\"text-align: justify;\">\u00a0\u00a0 Numai la Salcia-Br\u0103ilei \u00een satul Agaua, \u00een gropile comune, m\u0103rturise\u015fte p\u0103rintele Viorel Ro\u015fu: <em>\u201eau fost arunca\u0163i peste 3000 de de\u0163inu\u0163i politici.\u201d<\/em> \u00a0(ibid. p. 401)<\/p>\n<p style=\"text-align: justify;\">\u00a0\u00a0 Canalul care se rev\u0103rsa cu sute de mii de martiri \u00een Marea Neagr\u0103 o f\u0103cuse <em>Ro\u015fie<\/em>: <strong><em>\u201eCanalul Dun\u0103re-Marea Neagr\u0103, \u00een 1949 folosea munca a 60.000 de persoane, iar \u00een 1951 se ajunsese la 300.000; cota de mor\u0163i ajunsese la un moment dat la 400 pe zi.\u201d<\/em><\/strong> (Florin M\u0103trescu, op. cit. vol. I, p. 133)<\/p>\n<p style=\"text-align: justify;\">\u00a0\u00a0 <em>\u201eNum\u0103rul total al locurilor de deten\u0163ie,<\/em> continu\u0103 Doctorul M\u0103trescu, <em>era de peste 120 \u015fi capacitatea de circa 96.000 de locuitori \u00een perioadele de &lt;&lt;v\u00eerf&gt;&gt;, 100% ocupate, dar cu o medie pentru 1948-1964 de 75.000!&#8230;\u00cen intervalul 1964-1990 au decedat 500.000 de fo\u015fti de\u0163inu\u0163i politici, ceea ce \u00eenseamn\u0103 o medie anual\u0103 de deces de 39,5%&#8230;, se poate presupune c\u0103, \u00een condi\u0163iile de deten\u0163ie, rata era de 20-30 de ori mai mare. raport\u00e2nd acest coeficient de multiplicare la rata normal\u0103 a mortalit\u0103\u0163ii \u00een \u0163ar\u0103 \u015fi pentru o grup\u0103 de v\u00e2rst\u0103 medie (40-44 ani), se poate deduce un num\u0103r de 500.000 de mor\u0163i&#8230; \u00cen \u00eenchisorile comuniste cu regim \u00eensp\u0103im\u00e2nt\u0103tor viz\u00e2nd exterminarea \u015fi de\u0163in\u00e2nd cote de lichidare mult mai mari fa\u0163\u0103 de medie, cifra total\u0103 (provizorie) a mor\u0163ilor \u00een Rom\u00e2nia, victime ale regimului comunist va cre\u015fte, \u00een acest context, de la 411.000 (raportat\u0103 \u00een edi\u0163ia precedent\u0103 cu 300.000, dat fiind c\u0103 cifra celor omor\u00e2\u0163i \u00een lag\u0103re \u015fi \u00eenchisori era estimat\u0103 la numai 200.000. Se ajunge astfel la o cifr\u0103 global\u0103 a victimelor &lt;&lt;holocaustului ro\u015fu&gt;&gt;, \u00een Rom\u00e2nia (except\u00e2nd Basarabia , Bucovina \u015fi restul provinciilor rom\u00e2ne\u015fti), de 891.500 de mor\u0163i.\u201d<\/em> (Vezi, Garry Allen, op. cit., \/ Johan Urwich- <em>Strig\u0103tul Golgotei r\u0103s\u0103ritene. <\/em>Verlag Kommittee der Gefangenen Nationem Munchen 1986; Filip P\u0103unescu-<em>Cunoa\u015fterea \u015fi combaterea comunismului. <\/em>Libertatea anul 8, nr. 72, Martie 1989<em>; <\/em>Constantin Dumitrescu-<em>Cetatea total\u0103. <\/em>Jon Dumitru Verlang, Munchen, 1982; <em>\u00a0<\/em>Gh. Boldur-L\u0103\u0163escu-<em>Gulagul rom\u00e2nesc \u00een cifre<\/em>; FAZ Nr. 294\/19.12.89; Matthias Rub-<em>Albanien vor cinen Neubeginn?-FAZ Nr. 162\/16.07.97<\/em>)<\/p>\n<p style=\"text-align: justify;\">\u00a0\u00a0 &#8211;<strong>De ce se prefer\u0103 <\/strong><em>Raportul oficialului Tism\u0103neanu (<strong>Tismine\u0163chi<\/strong>) <\/em>recrutat din elita comunist\u0103, demn urma\u015f al mentorilor<strong> <\/strong>cominterni\u015fti, deci girant \u015fi garant fidel al lor:<strong><em> \u201eLa provocare noi r\u0103spundem cu teroare, cu o \u00eentreit\u0103 teroare; iar, dac\u0103 va fi nevoie, vom recurge la o \u015fi mai aspr\u0103 teroare\u201d<\/em>(Lenin)<\/strong> sau \u00eendemnul lui <strong>Ilia Ehrenburg: <em>\u201eUcide-i!\u201d \u201eNem\u0163ii nu sunt oameni! Noi nu vom vorbi, noi vom omor\u00ee!\u201d <\/em><\/strong>ori expresia generalului ro\u015fu, cehul <strong>Ingr: <em>\u201eC\u00e2nd va veni ziua noastr\u0103, \u00eentreaga na\u0163iune va urma strig\u0103tul de lupt\u0103 al husi\u0163ilor; love\u015fte-i, ucide-i, nu l\u0103sa pe nimeni \u00een via\u0163\u0103!\u201d, <\/em><\/strong>ca s\u0103 nu mai vorbim de laureatul Premiului Nobel pentru Pace <strong>Elie Wiesel-<\/strong><em>P\u0103rintele holocaustului<\/em>&#8230;, care n-a vrut s\u0103 \u015ftie c\u0103 <em>Holocaustul ro\u015fu <\/em>a exterminat peste 1.200.000 de rom\u00e2ni (Puncte Cardinale, Nr. 10, Oct. 2002), iar la scar\u0103 mondial\u0103 cca. 355.602.300 de oameni (Dr. Florin M\u0103trescu, Holocaustul Ro\u015fu, op. cit. Addenda, p. 27), dintre care\u00a0 peste 250.000.000 de cre\u015ftini, pu\u0163in poate comparabil cu cifra reclamat\u0103 de evrei \u015fi \u015ftiind de fapt c\u0103 at\u00e2t holocaustul \u00eempotriva lor c\u00e2t \u015fi holocaustul ro\u015fu \u00eempotriva zecilor de popoare au avut de fapt acela\u015fi numitor privind autorii persecu\u0163iilor.<\/p>\n<p style=\"text-align: justify;\">\u00a0\u00a0 \u00cen cartea sa <em>&lt;&lt;All rivers run de sea&gt;&gt; <\/em>Elie Wiesel declara: <em>\u201eA consequence was that Sighet became Maramorosszighet again. The population joyfully greeted the first &lt;&lt;motorized&gt;&gt; units of the Hungarian Army:troops on bicycles. My mother, too, was pleased with our change of nationality. For her it was a king of return to her childhood for whitch thanks were due to God\u201d, <\/em>la pagina 28.<\/p>\n<p style=\"text-align: justify;\">\u00a0\u00a0 \u00cen cartea sa Elie Wiesel se opre\u015fte \u015fi comemoreaz\u0103 momentul primelor zile c\u00e2nd \u00een Sighet au intrat trupele ungure\u015fti, iar comunitatea maghiar\u0103 \u015fi cea evreiasc\u0103 din ora\u015f exulta bucuroas\u0103 c\u0103 <em>&lt;&lt;s-a terminat cu ocupa\u0163ia rom\u00e2neasc\u0103&gt;&gt;.<\/em><\/p>\n<p style=\"text-align: justify;\">\u00a0 \u00cen traducere rom\u00e2neasc\u0103, autorul \u00eenc\u00e2ntat \u015fi la fel de bucuros spune: <strong><em>\u201eO consecin\u0163\u0103 a fost aceea c\u0103 Sighetul a devenit din nou Maramorosszighet. Popula\u0163ia a salutat cu bucurie primele unit\u0103\u0163i &lt;&lt;motorizate&gt;&gt; ale armatei ungare: trupe pebiciclet\u0103. \u015ei mama mea s-a bucurat de schimbarea na\u0163ionalit\u0103\u0163ii. Pentru ea aceasta a \u00eensemnat o \u00eentoarcere la copil\u0103rie, fiind recunosc\u0103toare lui Dumnezeu.\u201d<\/em><\/strong><em> <\/em>(aceea\u015fi<em> <\/em>pag., 28)<\/p>\n<p style=\"text-align: justify;\">Deci, de ce <strong><em>Tismine\u0163chi,<\/em><\/strong> care retu\u015feaz\u0103, mistific\u0103, manipuleaz\u0103, cosmetizeaz\u0103, eludeaz\u0103 fenomenul concentra\u0163ionar pentru a da comunismului o <em>fa\u0163\u0103 uman\u0103, <\/em>vis-a-vis de <strong>Raportul Doctorului Florin M\u0103trescu<\/strong>, care se acrediteaz\u0103 cu autoritatea celor 1870 de lucr\u0103ri bibliografice de mare referin\u0163\u0103 mondial\u0103?!?<\/p>\n<p style=\"text-align: justify;\">\u00a0\u00a0 <strong><em>\u201eMi\u015fcarea Legionar\u0103 \u00eenainte de toate este o \u015fcoal\u0103 a prefacerii interioare, a caracterelor, a\u015fa cum cere \u015fi Biserica. Nu e vorba de o suprapunere \u00eentre Biseric\u0103 \u015fi Mi\u015fcare, ci de un punct comun: \u015fcoala legionar\u0103 urm\u0103re\u015fte formarea omului interior pe care Biserica urmeaz\u0103 s\u0103-l \u00eenduhovniceasc\u0103. Nu \u00eent\u00e2mpl\u0103tor, Mi\u015fcarea a dat procentul cov\u00e2r\u015fitor de jertfe \u00een \u00eenchisori<\/em><\/strong><em> <\/em>(<strong>peste 70% din de\u0163inu\u0163i, peste 90% din martiri!<\/strong>) (Fabian Seiche, op. cit., p. 265)<\/p>\n<p style=\"text-align: justify;\">\u00a0 \u00a0Num\u0103rul \u00een con\u015ftiin\u0163a celor care a r\u0103mas cinstirea m\u0103rturisitorilor dacorom\u00e2ni este de ordinul multor milioane.<\/p>\n<p style=\"text-align: justify;\"><strong>\u00a0\u00a0 <em>\u201eComunitatea general\u0103 a \u0162\u0103rii<\/em><\/strong> (spune scriitorul evreu-rom\u00e2n Victor Isac),<strong><em> n-ar avea dec\u00e2t de c\u00e2\u015ftigat accept\u00e2nd Mi\u015fcarea Legionar\u0103 sub onorabilitatea ei social\u0103, independent de latura politic\u0103, put\u00e2nd \u00eendeplini rolul de <\/em>&lt;&lt;sare \u00een bucate&gt;&gt;<em>, pentru dec\u0103zuta societate rom\u00e2neasc\u0103. Ea de\u0163ine secretul angaj\u0103rii rom\u00e2nilor spre corectitudine, onorabilitate \u015fi generozitate \u00een via\u0163a politic\u0103, ce ne lipsesc acum cu des\u0103v\u00e2r\u015fire, strivi\u0163i fiind de corup\u0163ie, desfr\u00e2u \u015fi iresponsabilitate.\u201d<\/em><\/strong>(Victor Isac-O istorie obiectiv\u0103 a Mi\u015fc\u0103rii Legionare. Ed. \u201eC\u0103l\u0103uza\u201d-Rom\u00e2nia, Ed. Deva, p. 38)<\/p>\n<p style=\"text-align: justify;\"><strong>\u00a0\u00a0 Fiecare m\u0103rturisitor al dreptei credin\u0163ei \u015fi al adev\u0103rului \u00eentru Iisus Hristos este un adev\u0103rat teolog al tr\u0103irii, nu institu\u0163ionalizat.<\/strong><\/p>\n<p style=\"text-align: justify;\"><strong>\u00a0<\/strong><\/p>\n<p style=\"text-align: justify;\"><strong>\u00a0\u00a0 <\/strong>Prin urmare dup\u0103 logica securistului c\u0103pitanul Ion Teodoru (de fapt, singura teorie corect\u0103 a securit\u0103\u0163ii), care l-a anchetat <strong>pe marele profesor \u015fi teolog al g\u00e2ndirii ortodoxe na\u0163ional-universale, Teodor M. Popescu, arestat \u00eentre 4-5 Martie 1959, precum c\u0103: <em>\u201eE\u015fti legionar pentru c\u0103 e\u015fti teolog, \u015fi fiind teolog e\u015fti anticomunist, iar a fi anticomunist \u00eenseamn\u0103 a fi legionar!\u201d<\/em> (<\/strong><em>Un Martir al Crucii. Via\u0163a \u015fi scrierile lui Teodor M. Popescu. Ed. Christiana, Bucure\u015fti, 2006, p. <\/em>122)<\/p>\n<p style=\"text-align: justify;\"><strong><em>\u00a0Prin urmare, \u00eenseamn\u0103 c\u0103 aproape tot poporul care a fost \u015fi este anticomunist este legionar \u015fi ca atare trebuie re-prigonit, re-arestat, re-condamnat, re-persecutat sau chiar suprimat.\u00a0 <\/em><\/strong><\/p>\n<p style=\"text-align: justify;\"><strong>\u00a0<\/strong><\/p>\n<p style=\"text-align: justify;\"><strong>\u00a0\u00a0 \u00cen iadul dezn\u0103dejdii concentra\u0163ioniste zidit de dujmanii lui Dumnezeu \u015fi ai Neamului nostru, cre\u015ftinii ortodoc\u015fi au \u00eenfipt Crucea n\u0103dejdii convertindu-l \u00eentr-un iad al smereniei. Turn\u00e2nd bucurie peste suferin\u0163\u0103 au f\u0103cut din ger, din gratii, din c\u0103tu\u015fe, din lan\u0163uri, din torturi, din foame, din umilin\u0163\u0103, din mizerie, din deport\u0103ri&#8230;, c\u0103ldur\u0103, comunicare prin morse, sculpturi pe os, crea\u0163ie, comuniune mistic\u0103, tr\u0103ire hristic\u0103, \u00een\u0103l\u0163are spiritual\u0103. <\/strong><\/p>\n<p style=\"text-align: justify;\"><strong>\u00a0<\/strong><\/p>\n<p style=\"text-align: justify;\"><strong>\u00a0\u00a0 Dar, fiecare persecu\u0163ie \u00eendreptat\u0103 \u00eempotriva spiritului ortodox provoac\u0103 la r\u00e2ndul ei rena\u015fterea unei culturi cre\u015ftine, duhovnice\u015fti, nepereche, nemuritoare \u015fi de valoare cosmic\u0103.<\/strong><\/p>\n<p style=\"text-align: justify;\"><strong>\u00a0<\/strong><\/p>\n<p style=\"text-align: justify;\"><strong>\u00a0\u00a0 Faptul c\u0103 Mi\u015fcarea Legionar\u0103 nu a fost alceva dec\u00e2t o \u00cenalt\u0103 \u015ecoal\u0103 a tr\u0103irii cre\u015ftin-ortodoxe se explic\u0103 \u015fi prin r\u00e2vna celor mai \u00eencoronate sau ne\u00eencoronate capete ale poporului rom\u00e2n, cum au fost regele Mihai \u015fi Conduc\u0103torul Ion Antonescu-reprezentan\u0163ii de v\u00e2rf ai Statului Na\u0163ional Legionar Rom\u00e2n, cu dorin\u0163a de a-\u015fi <em>\u201e\u00eenfia\u201d Mi\u015fcarea na\u0163ionalist-cre\u015ftin\u0103<\/em>. <\/strong><\/p>\n<p style=\"text-align: justify;\"><strong>\u00a0<\/strong><\/p>\n<p style=\"text-align: justify;\"><strong>\u00a0\u00a0 Generalul Ion Antonescu, dup\u0103 ce \u00eembr\u0103case deja <em>c\u0103ma\u015fa verde<\/em>, pe 6 Octombrie 1940, la o lun\u0103 de la biruin\u0163a revolu\u0163iei legionare, cu prilejul manifesta\u0163iei de amploare din capital\u0103: peste 100.000 de legionari \u00eentre cei circa 500.000 de demonstran\u0163i cu totul&#8230;, [<em>\u201eRegele Mihai<\/em>, consemneaz\u0103 Horia Sima, <em>ar fi vrut s\u0103 fie cu noi \u015fi chiar s\u0103 \u00eembrace c\u0103ma\u015fa verde, dar a fost oprit de Antonescu. Aceasta am aflat-o mai t\u00e2rziu de la \u015eeful Casei Militare a Regelui] <\/em>(Horia Sima-Era Libert\u0103\u0163ii. Statul Na\u0163ional Legionar, vol. I, Ed. Mi\u015fc\u0103rii Legionare, Madrid, 1982, p. 145-147), Antonescu deci, se adresa la Ia\u015fi prin jur\u0103m\u00e2nt regelui Mihai, la 8 Noiembrie 1940, cu aceste cuvinte memorabile atunci:<\/strong><\/p>\n<p style=\"text-align: justify;\">\u00a0 <strong><em>\u00a0\u201eA VRUT DOMNUL, SIRE, CA ZIUA MAJEST\u0102\u0162II TALE S\u0102 FIE ZIUA DE PROSL\u0102VIRE A BIRUIN\u0162EI LEGIUNII ARHANGHELULUI MIHAIL. ESTE \u015eI ACEASTA UN SEMN CARE NE VINE DE DINCOLO, O \u00ceMPLETIRE DE DESTINE. S\u0102 NE LEG\u0102M CREDIN\u0162A \u00ceN MAJESTATEA TA DE \u00ceNS\u0102\u015eI CREDIN\u0162A LEGIONAR\u0102, PENTRU CA BIRUIN\u0162A LEGIONAR\u0102 S\u0102 FIE \u015eI BIRUIN\u0162A MAJEST\u0102\u0162II TALE, IAR ZIUA MAJEST\u0102\u0162II TALE S\u0102 FIE DE-A PURURI ZIUA LEGIUNII! <\/em><\/strong><\/p>\n<p style=\"text-align: justify;\"><strong><em>AICI \u00ceN IA\u015eI, CORNELIU ZELEA CODREANU \u015eI-A AFIRMAT \u00ceNT\u00c2IA OAR\u0102 CREDIN\u0162A LUI NEBIRUIT\u0102 \u00ceN PUTERILE NEAMULUI \u015eI FAPTA LUI DE \u00ceNNOIRE R\u0102SCOLITOARE. <\/em><\/strong><\/p>\n<p style=\"text-align: justify;\"><strong><em>\u00a0\u00a0 AICI S-A Z\u0102MISLIT CU HARUL DOMNULUI \u015eI VOIN\u0162A C\u0102PITANULUI, LEGIUNEA RHANGHELULUI MIHAIL, LEGIUNE CARE, A PORNIT \u00ceN NUMELE VECHII CREDIN\u0162E, LA NOUA FAPT\u0102 ROM\u00c2NEASC\u0102, LEGIUNE CARE, \u00ceN NUMELE ARHANGHELULUI, \u015eI-A DESL\u0102N\u0162UIT ASPRIMEA JUDEC\u0102\u0162II, ALEGEREA ADEV\u0102RA\u0162ILOR ROM\u00c2NI \u015eI \u00ceNL\u0102TURAREA NEVREDNICILOR.<\/em><\/strong><\/p>\n<p style=\"text-align: justify;\"><strong><em>\u00a0\u00a0 ZIUA DE AZI ESTE ZIUA NOASTR\u0102 DE M\u0102RTURISIRE \u015eI \u00ceNCHINARE \u00ceN AMINTIREA C\u0102PITANULUI, ESTE ZIUA FAPTEI LUI DE MARTIR AL NEAMULUI ROM\u00c2NESC. <\/em><\/strong><\/p>\n<p style=\"text-align: justify;\"><strong><em>\u00a0\u00a0 PILDA LUI DE JERTFIRE ESTE O JUDECAT\u0102 \u015eI UN STRIG\u0102T: E O JUDECAT\u0102 PENTRU TOATE LA\u015eIT\u0102\u0162ILE, TR\u0102D\u0102RILE \u015eI PR\u0102BU\u015eIRILE TRECUTULUI; ESTE UN STRIG\u0102T PENTRU TOATE DATORIILE \u015eI CHEM\u0102RILE VIITORULUI.<\/em><\/strong><\/p>\n<p style=\"text-align: justify;\"><strong><em>\u00a0\u00a0 S\u0102 NU SE UITE DE NEP\u0102S\u0102TORII \u015eI P\u0102RTA\u015eII TRECUTULUI; S\u0102 NU SE UITE DE ZIDITORII VIITORULUI: EROII \u015eI JERTFI\u0162II LEGIUNII AU PUS S\u00c2NGELE LOR LA TEMELIA REGATULUI LUI MIHAI \u015eI A GENERA\u0162IEI LUI CODREANU \u015eI HORIA SIMA.\u201d<\/em><\/strong><\/p>\n<p style=\"text-align: justify;\">(Antonescu, Mare\u015falul Rom\u00e2niei \u015fi R\u0103zboaiele Re\u00eentregirii. M\u0103rturii \u015fi document\u0103ri de Iosif Constantin Dr\u0103gan, pag. 230;\/ monahul Atanasie \u015etef\u0103nescu \u00een <em>Comentar la Monografia Ora\u015fului Corabia. Audiatur et Altera Pars. <\/em>Ed. Babel-Bac\u0103u, 2003, p. 100; \/ Horia Sima,op. cit. p. 459-4)<\/p>\n<p style=\"text-align: justify;\"><strong>\u00a0\u00a0 Ce t\u00e2lc \u00eenv\u0103luia \u00een tain\u0103 de fapt mesajul lui Antonescu?!<\/strong><\/p>\n<p style=\"text-align: justify;\">\u00a0\u00a0 <strong><em>\u201eAscunde<\/em><\/strong>, spune istoricul Lavinia Daciana Dumitra\u015fcu, <strong><em>de fapt, ideea de a li-l impune, spre a-i putea controla, prin intermediul Regelui&#8230; Antonescu consider\u0103 c\u0103 eroii Legiunii prin jertfa lor \u015fi-au pus s\u00e2ngele la temelia Majest\u0103\u0163ii Sale\u201d&#8230;<\/em><\/strong>(Radiografia Dreptei Rom\u00e2ne\u015fti, op. cit. p. 418-422)<\/p>\n<p style=\"text-align: justify;\">\u00cen continuare, cu un gest patetic,<strong><em> <\/em><\/strong>Generalul continu\u0103:<\/p>\n<p style=\"text-align: justify;\">\u00a0\u00a0 <strong><em>\u201eSire,<\/em><\/strong><\/p>\n<p style=\"text-align: justify;\">\u00a0\u00a0\u00a0 <strong><em>\u201e\u00cen numele \u0163\u0103rii \u015fi al armatei, \u00een numele Mi\u015fc\u0103rii Legionare v\u0103 d\u0103ruiesc de ziua Arhanghelului Mihail, aceast\u0103 spad\u0103 istoric\u0103, purtat\u0103 pe plaiurile rom\u00e2ne\u015fti la \u00eenceputul veacului al XVII-le. Voin\u0163a \u0163\u0103rii este c\u0103 aceast\u0103 spad\u0103 s\u0103 n-o \u00eencinge\u0163i \u00een orice zi, dec\u00e2t atunci c\u00e2nd Arhanghelul Mihail v\u0103 va \u00eenvrednici s\u0103 reda\u0163i neamului toat\u0103 bucuria drept\u0103\u0163ii \u015fi toat\u0103 \u00eentruparea nou\u0103 pe care o merit\u0103; c\u00e2nd neamul va isp\u0103\u015fi, se va izb\u0103vi \u015fi va izb\u00e2ndi&#8230;<\/em><\/strong><\/p>\n<p style=\"text-align: justify;\"><strong><em>\u00a0\u00a0 S\u0103 tr\u0103i\u0163i Sire!<\/em><\/strong><\/p>\n<p style=\"text-align: justify;\"><strong><em>\u00a0\u00a0 Tr\u0103iasc\u0103 Rom\u00e2nia!<\/em><\/strong><\/p>\n<p style=\"text-align: justify;\"><strong><em>\u00a0\u00a0 Tr\u0103iasc\u0103 Legiunea!\u201d<\/em><\/strong> (Horia Sima, op. cit. p. 460)<\/p>\n<p style=\"text-align: justify;\"><strong><em>\u00a0\u00a0\u201e&#8230;Se face slujba \u00een amintirea &lt;&lt;C\u0103pitanului&gt;&gt; \u00een primul r\u00e2nd, Liceul Na\u0163ional era \u00eempodobit cu un portret al Majest\u0103\u0163ii Sale, \u00eembr\u0103cat \u00een c\u0103ma\u015fe verde, se merge apoi la Palatul mitropolitan, unde Majest\u0103\u0163ile lor primesc \u00een dar o Evanghelie \u015fi unde are loc dejunul. \u201d<\/em><\/strong> (Radiografia Dreptei Rom\u00e2ne\u015fti, op. cit. p. 422)<\/p>\n<p style=\"text-align: justify;\">\u00a0 <strong>James Alexander Ginsborg, \u00een <em>Dinastia de Hohenzollern, ieri \u015fi azi.<\/em>Ed. Jurnal de Bucure\u015fti, la pag. 26-28, f\u0103c\u00e2nd o trecere \u00een revist\u0103 a momentelor anilor 1938-1939, spune: <em>\u201eDup\u0103 asasinarea lui Corneliu Zelea Codreanu, Mihai, atunci voievod de Alba Iulia, era vizat a deveni liderul G\u0103rzii de Fier. La 6 Octombrie 1940 Regele cocheta cu Garda, la \u00eenceput de Noiembrie a vizitat, \u00eempreun\u0103 cu mama sa, o tab\u0103r\u0103 legionar\u0103 la Sarmisegetuza, iar la 8 Noiembrie a asistat la adunarea legionar\u0103 de la Ia\u015fi cu participarea lui Antonescu \u015fi a lui Horia Sima.\u201d <\/em><\/strong><\/p>\n<p style=\"text-align: justify;\"><strong>\u00a0<\/strong><\/p>\n<p style=\"text-align: justify;\"><strong>\u00a0\u00a0 \u00cen studiul marelui istoric Gheorghe Buzatu, privind Mi\u015fcarea Legionar\u0103: Istorie \u015fi Istoriografie, se consemneaz\u0103: <\/strong><\/p>\n<p style=\"text-align: justify;\"><strong>\u00a0<\/strong><\/p>\n<p style=\"text-align: justify;\">\u00a0\u00a0 <strong><em>\u201eIstoria Mi\u015fc\u0103rii Legionare constituie, probabil, nu numai unul dintre capitolele cele mai interesante ale evolu\u0163iei Rom\u00e2niei \u00een veacul XX, ci \u015fi unul dintre domeniile \u015ftiin\u0163ifice ce presupune pe viitor investiga\u0163ii de amploare \u00een biblioteci \u015fi arhive, obiectivitate \u015fi curaj \u00een abordare, perspectiv\u0103 \u015fi maximum de \u00een\u0163elegere \u00een tratarea temei \u015fi a variatelor sale aspecte, integrarea lor corect\u0103 \u00een capitole mai mult sau mai pu\u0163in cunoscute ale epocii contemporane pe plan na\u0163ional \u015fi general. Binefacerile pr\u0103bu\u015firii regimurilor comuniste \u00een Europa se vor resim\u0163i indiscutabil \u015fi pe plan istoriologic, istoricul de m\u00e2ine \u00eeng\u0103duindu-\u015fi, desigur, s\u0103 renun\u0163e la \u015fabloane, dintre care, \u00een leg\u0103tur\u0103 direct\u0103 cu istoria Mi\u015fc\u0103rii Legionare, acela privind includerea lui Corneliu Zelea Codreanu \u015fi a partizanilor s\u0103i \u00eentr-un clan al crimei organizate este cel mai persistent. Vom observa, \u00een context, c\u00e2t de straniu poate fi acest lucru de vreme ce liderii comuni\u015fti rom\u00e2ni (\u015fi nu numai ei) au sc\u0103pat unei atari &lt;&lt;\u00eencadr\u0103ri&gt;&gt;, de\u015fi realitatea istoric\u0103 este una singur\u0103, iar \u00een mod obiectiv creatorii Partidului Comunist din Rom\u00e2nia \u015fi continuatorii lor nu suport\u0103 defel vreo compara\u0163ie cu legionarii la capitolele privind politica antina\u0163ional\u0103, rolul de coloan\u0103 a V-a ap\u0103r\u00e2nd interesele Kremlinului la Bucure\u015fti sau r\u0103spunderea pentru instalarea unui regim politic ce s-a confundat, cel pu\u0163in \u00een primele decenii, cu teroarea, arbitrariul \u015fi mutilarea fiin\u0163ei na\u0163ionale, sacrificarea suveranit\u0103\u0163ii \u015fi a independen\u0163ei na\u0163ionale. Nu \u00eencape \u00eendoial\u0103, de asemenea, c\u0103 istoricul de m\u00e2ine va delimita mai pertinent rolul \u015fi locul Mi\u015fc\u0103rii Legionare \u00een \u0163ar\u0103 \u015fi \u00eentr-o Europ\u0103 m\u0103cinat\u0103 dup\u0103 1918 de conflicte, de crize economice sau de sistem profunde, de bulvers\u0103ri ale mentalit\u0103\u0163ilor, incredibile, dup\u0103 cum, \u00eentre acestea, nu va ignora disputa dintre cele trei mari-isme ale veacului nostru: capitalism, fascism \u015fi comunism.\u201d <\/em><\/strong>(Radiografia Dreptei Rom\u00e2ne\u015fti. op. cit. p. 165-166)<strong><em> <\/em><\/strong><\/p>\n<p style=\"text-align: justify;\"><strong><em>\u00a0<\/em><\/strong><\/p>\n<p style=\"text-align: justify;\"><strong>\u00a0\u00a0\u00a0\u00a0 \u00a0Legile sunt vremelnice ca si cei care cred ca se pot ascunde dupa ele !<\/strong><\/p>\n<p style=\"text-align: justify;\"><strong>\u00a0\u00a0\u00a0\u00a0 \u00a0Ridicola ramane doar teama care te face sa lupti cu propriul\u00a0 gand\u00a0 ca cine nu ti-a facut niciodata rau, vazand micimea ta continua, ar putea sa-ti faca in viitor !<\/strong><\/p>\n<p style=\"text-align: justify;\"><strong>\u00a0\u00a0\u00a0\u00a0\u00a0 Nu exista nici un dubiu ca PL-x 193\/2014 va ajunge lege prin cumul de unanimitate a ,, alesilor nostri,, !<\/strong><\/p>\n<p style=\"text-align: justify;\"><strong>\u00a0\u00a0\u00a0\u00a0 Istoria si cultura romanilor va fi mai ,, usoara,, cu toti cei amintiti mai inainte!<\/strong><\/p>\n<p style=\"text-align: justify;\"><strong>\u00a0<\/strong><\/p>\n<p style=\"text-align: justify;\"><strong>\u00a0\u00a0\u00a0\u00a0 Ca sa ridicam altare acolo unde ei au patimit pentru Dumnezeu\u00a0 si Neam mai era timp !<\/strong><\/p>\n<p style=\"text-align: justify;\"><strong>\u00a0\u00a0\u00a0\u00a0 Ca sa ridicam macar o cruce in memoria lor acolo unde se cunosc gropile comune mai aveam nevoie de cercetare !<\/strong><\/p>\n<p style=\"text-align: justify;\"><strong>\u00a0<\/strong><\/p>\n<p style=\"text-align: justify;\"><strong>\u00a0\u00a0\u00a0\u00a0\u00a0 Sa fim complici la profanarea jertfei lor inchinata lui Dumnezeu si Neamului nostru a sosit TIMPUL !<\/strong><\/p>\n<p style=\"text-align: justify;\"><strong>\u00a0<\/strong><\/p>\n<p style=\"text-align: justify;\"><strong>\u00a0\u00a0\u00a0\u00a0\u00a0 Pentru acest crez ei au dat sacrificiul suprem !<\/strong><\/p>\n<p style=\"text-align: justify;\"><strong>\u00a0\u00a0\u00a0\u00a0\u00a0 Acum,noi,\u00a0 cei care doar din studiu am ajuns sa-i cunoastem nu mai avem dreptul sa le recunoastem si sa le cinstim memoria !<\/strong><\/p>\n<p style=\"text-align: justify;\"><strong>\u00a0<\/strong><\/p>\n<p style=\"text-align: justify;\"><strong>\u00a0\u00a0\u00a0\u00a0\u00a0\u00a0 Isi poate, insa, imagina cineva ca eroii si martirii crestini ortodocsi mai au nevoie sa obtina aprobari pentru a ne veghea si apara de acolo, din Ceruri ?!<\/strong><\/p>\n<p style=\"text-align: justify;\"><strong>\u00a0\u00a0\u00a0\u00a0\u00a0\u00a0 <\/strong><\/p>\n<p style=\"text-align: justify;\"><strong>\u00a0\u00a0\u00a0\u00a0\u00a0 Cu noi este si va fi intotdeauna\u00a0 Dumnezeu ! <\/strong><\/p>\n<p style=\"text-align: justify;\"><strong>\u00a0\u00a0\u00a0\u00a0\u00a0\u00a0 <\/strong><\/p>\n<p style=\"text-align: justify;\"><strong>\u00a0<\/strong><\/p>\n<p style=\"text-align: justify;\"><strong><em>In loc de final <\/em><\/strong><\/p>\n<p style=\"text-align: justify;\"><strong><em>\u00a0<\/em><\/strong><\/p>\n<p style=\"text-align: justify;\">\u00a0\u00a0 <strong><em>\u201eBr\u0103\u0163ara mea de drum \u015fi de popas\/ Sl\u0103vite fie negrele-\u0163i carate!\/ \u00cen \u0163ara-n care g\u00e2ndul n-are glas,\/ Mai liber sunt cu m\u00e2inile legate.\u201d<\/em><\/strong><\/p>\n<p style=\"text-align: justify;\">\u00a0\u00a0\u00a0\u00a0\u00a0\u00a0\u00a0\u00a0\u00a0\u00a0\u00a0\u00a0\u00a0\u00a0\u00a0\u00a0\u00a0\u00a0\u00a0\u00a0\u00a0\u00a0\u00a0\u00a0\u00a0\u00a0\u00a0\u00a0\u00a0\u00a0\u00a0\u00a0\u00a0\u00a0\u00a0\u00a0\u00a0\u00a0\u00a0 (Ion Omescu)<strong><em> <\/em><\/strong><\/p>\n<p style=\"text-align: justify;\"><strong><em>\u00a0<\/em><\/strong><\/p>\n<p style=\"text-align: justify;\"><strong><em>\u00a0\u00a0 \u00a0\u00a0\u00a0\u00a0\u00a0\u00a0\u00a0\u00a0\u00a0\u00a0\u00a0\u00a0\u00a0\u00a0\u00a0\u00a0\u00a0\u00a0\u00a0\u00a0\u00a0\u00a0\u00a0\u00a0\u00a0\u00a0\u00a0\u00a0\u00a0\u00a0\u00a0\u00a0\u00a0\u00a0\u00a0\u00a0\u00a0\u00a0\u00a0\u00a0\u00a0\u00a0\u00a0\u00a0<\/em><\/strong><\/p>\n<p style=\"text-align: justify;\">\u00a0\u00a0 \u00a0\u00a0\u00a0\u00a0\u00a0\u00a0\u00a0\u00a0\u00a0\u00a0\u00a0\u00a0\u00a0\u00a0\u00a0\u00a0\u00a0\u00a0\u00a0\u00a0\u00a0\u00a0\u00a0\u00a0\u00a0\u00a0\u00a0\u00a0\u00a0BIBLIOGRAFIE<\/p>\n<p style=\"text-align: justify;\">\u00a0\u00a0 R\u0103zvan Codrescu-Cartea M\u0103rturisitorilor.Pentru o Istorie a \u00eenvrednicirii Rom\u00e2ne\u015fti. Ed. Rost-Funda\u0163ia Sfin\u0163ii \u00cenchisorilor. Bucure\u015fti-Pite\u015fti, 2014; Martiri pentru Hristos din Rom\u00e2nia \u00een perioada regimului comunist. Ed. I.B.M. al B.O.R.,Buc. 2007; Sfin\u0163ii \u00cenchisorilor \u00een Lumea Credin\u0163ei. Ed. Lumea Credin\u0163ei, Buc. 2014; Fabian Seiche-Martiri \u015fi m\u0103rturisitori rom\u00e2ni din secolulu XX. \u00cenchisorile comuniste din Rom\u00e2nia, Ed. Agaton,F\u0103g\u0103ra\u015f, 2010; Vasile Manea-Preo\u0163i ortodoc\u015fi \u00een \u00eenchisorile comuniste. Ed. Re\u00eentregirea-Alba Iulia, 2014; Alexandru Pop\u015for-Trecutul, s\u0103m\u00e2n\u0163\u0103 rodnic\u0103 de viitor. Ed. Bonifaciu, Buc. 1999; Flor Strejnicu-Cre\u015ftinismul Mi\u015fc\u0103rii Legionare. Ed. Imago-Sibiu, 2001; Flor Strejnicu-Mi\u015fcarea Legionar\u0103 \u015fi Evreii. Ed. Imago-Sibiu, 1996; Victor Isac-O istorie obiectiv\u0103 a Mi\u015fc\u0103rii Legionare. Ed. \u201eC\u0103l\u0103uza\u201d-Rom\u00e2nia, Ed. Deva; Gheorghe Buzatu\/ Corneliu Ciucanu\/ Cristian Sandache-Radiografia Dreptei Rom\u00e2ne\u015fti (1927-1941). Ed. FF Press, Buc. 1996; Mircea P\u0103curariu- Dou\u0103 Sute De Ani de \u00cenv\u0103\u0163\u0103m\u00e2nt Teologic la Sibiu, Sibiu, 1987; Lacrima prigoanei, II. vol. Ed. S\u00e2nziana, Buc. 2009; Ieromonah Siluan Antoci-Monagii ortodoxe purt\u0103toare de lumin\u0103 \u00een \u00eentunericul comunist, II-vol. Ed. Doxologia, Ia\u015fi, 2010; Poe\u0163ii Dup\u0103 Gratii-Ed. M\u0103n\u0103stirea Petru Vod\u0103, 2010; P\u0103rintele Voicescu , un Duhovnic al Cet\u0103\u0163ii. Ed. Bizantin\u0103, Buc. 2002; Aspazia O\u0163el-Petrescu-In Memoriam Spice. Ed. Elisavaros, Buc. 2008, Constantin Totir-Catalogul Dasc\u0103lilor \u015fi \u00cenv\u0103\u0163\u0103ceilor uci\u015fi \u00een lupta \u00eempotriva comunismului 6 Martie 1945-16 Decembrie 1989. Ed. George Co\u015fbuc Bistri\u0163a, 2004; Roger Garaudy-Miturile fondatoare ale politicii israeliene. Trad. Al. Popescu, Ed. Alma Tip, Oradea-1998; Gabriel Constantinescu-Evreii \u00een Rom\u00e2nia. Ed. Fronde, Alba Iulia-Paris, 2000; Gabriel Constantinescu-Marginalii la Talmud. Ed. Dacia Cluj-Napoca, 1999; Grigore Caraza-Aiud \u00cens\u00e2ngerat. Ed. Vremea XXI, 2004; Radu Iftimovici-Ve\u015fnica mea pomenire. Ed. Curtea Veche, Bucure\u015fti, 2014; Cicerone Ioani\u0163oiu-<em>Persecu\u0163ia cre\u015ftin\u0103 \u00een Rom\u00e2nia<\/em>-Casa, anul III, nr. 2\/1996, RFG; <em>Preo\u0163i cu crucea-n frunte- <\/em>Casa, anul IV,nr. 3\/1996, RFG; Dr. Manfred Zeidler-Denn ich sah vor mir unser Heer,voll des groBen Zornes, Ilja<em> <\/em>Ehremburg- FAZ Nr. 71\/24.03.95; Garry Allen, <em>American Opinion, September 1975; <\/em>Alexandru Bidian &#8211; Der Tag der gefangenen Nationem- Pressekonferenz Bonn 15.07.89;<\/p>\n<p style=\"text-align: justify;\">Florin M\u0103trescu-<em>Holocaustul Ro\u015fu<\/em>-vol.I-II+Addenda. Ed. Irecson, Bucure\u015fti, 2008; Johan Urwich- <em>Strig\u0103tul Golgotei r\u0103s\u0103ritene. <\/em>Verlag Kommittee der Gefangenen Nationem Munchen 1986; Filip P\u0103unescu-<em>Cunoa\u015fterea \u015fi combaterea comunismului. <\/em>Libertatea anul 8, nr. 72, Martie 1989; Constantin Dumitrescu-<em>Cetatea total\u0103. <\/em>Jon Dumitru Verlang, Munchen, 1982; FAZ Nr. 294\/19.12.89; Matthias Rub-<em>Albanien vor cinen Neubeginn?-FAZ Nr. 162\/16.07.97; FAZ\u00a0 Nr. 122\/29.05.91, \u201eSchlagt sie, totet sie!\u201d <\/em>)<\/p>\n","protected":false},"excerpt":{"rendered":"<p>,,Dac\u0103 va veni peste noi o alt\u0103 pedeaps\u0103, \u015fi care va veni numaidec\u00e2t, va veni pentru nerecuno\u015ftiin\u0163a noastr\u0103 a rom\u00e2nilor [&#038;hellip<\/p>\n","protected":false},"author":1,"featured_media":0,"comment_status":"closed","ping_status":"closed","sticky":false,"template":"","format":"standard","meta":{"footnotes":""},"categories":[3],"tags":[],"class_list":["post-24307","post","type-post","status-publish","format-standard","hentry","category-articole"],"_links":{"self":[{"href":"https:\/\/www.marianagurza.ro\/blog\/wp-json\/wp\/v2\/posts\/24307","targetHints":{"allow":["GET"]}}],"collection":[{"href":"https:\/\/www.marianagurza.ro\/blog\/wp-json\/wp\/v2\/posts"}],"about":[{"href":"https:\/\/www.marianagurza.ro\/blog\/wp-json\/wp\/v2\/types\/post"}],"author":[{"embeddable":true,"href":"https:\/\/www.marianagurza.ro\/blog\/wp-json\/wp\/v2\/users\/1"}],"replies":[{"embeddable":true,"href":"https:\/\/www.marianagurza.ro\/blog\/wp-json\/wp\/v2\/comments?post=24307"}],"version-history":[{"count":4,"href":"https:\/\/www.marianagurza.ro\/blog\/wp-json\/wp\/v2\/posts\/24307\/revisions"}],"predecessor-version":[{"id":24309,"href":"https:\/\/www.marianagurza.ro\/blog\/wp-json\/wp\/v2\/posts\/24307\/revisions\/24309"}],"wp:attachment":[{"href":"https:\/\/www.marianagurza.ro\/blog\/wp-json\/wp\/v2\/media?parent=24307"}],"wp:term":[{"taxonomy":"category","embeddable":true,"href":"https:\/\/www.marianagurza.ro\/blog\/wp-json\/wp\/v2\/categories?post=24307"},{"taxonomy":"post_tag","embeddable":true,"href":"https:\/\/www.marianagurza.ro\/blog\/wp-json\/wp\/v2\/tags?post=24307"}],"curies":[{"name":"wp","href":"https:\/\/api.w.org\/{rel}","templated":true}]}}