{"id":24312,"date":"2015-06-28T13:23:38","date_gmt":"2015-06-28T13:23:38","guid":{"rendered":"http:\/\/www.marianagurza.ro\/blog\/?p=24312"},"modified":"2015-06-28T13:25:05","modified_gmt":"2015-06-28T13:25:05","slug":"george-roca-interviu-cu-dr-catalina-oana-curceanu-%e2%80%93-organizator-al-celui-de-al-xxxix-lea-congres-al-academiei-romano-americane","status":"publish","type":"post","link":"https:\/\/www.marianagurza.ro\/blog\/2015\/06\/28\/george-roca-interviu-cu-dr-catalina-oana-curceanu-%e2%80%93-organizator-al-celui-de-al-xxxix-lea-congres-al-academiei-romano-americane\/","title":{"rendered":"George Roca: Interviu cu Dr. C\u0103t\u0103lina Oana Curceanu, organizator al celui de al XXXIX-lea Congres al Academiei Rom\u00e2no-Americane"},"content":{"rendered":"<p style=\"text-align: justify;\"><strong><a href=\"http:\/\/www.marianagurza.ro\/blog\/wp-content\/uploads\/2015\/06\/CURCEANU-Catalina-2.jpg\"><img loading=\"lazy\" decoding=\"async\" class=\"alignleft size-medium wp-image-24313\" title=\"CURCEANU Catalina 2\" src=\"http:\/\/www.marianagurza.ro\/blog\/wp-content\/uploads\/2015\/06\/CURCEANU-Catalina-2-224x300.jpg\" alt=\"\" width=\"224\" height=\"300\" srcset=\"https:\/\/www.marianagurza.ro\/blog\/wp-content\/uploads\/2015\/06\/CURCEANU-Catalina-2-224x300.jpg 224w, https:\/\/www.marianagurza.ro\/blog\/wp-content\/uploads\/2015\/06\/CURCEANU-Catalina-2.jpg 600w\" sizes=\"auto, (max-width: 224px) 100vw, 224px\" \/><\/a>George ROCA: V\u0103 mul\u0163umesc pentru accepatarea acestui interviu. \u015etiu c\u0103 sunte\u0163i foarte ocupat\u0103 \u00een aceast\u0103 perioad\u0103 a anului (2015), c\u00e2nd pe l\u00e2ng\u0103 munca dumneavoastr\u0103 de cercetare v\u0103 ocupa\u0163i \u015fi de organizarea celui de al XXXIX Congres al Academiei Rom\u00e2no-Americane. Deorece a\u015f dori s\u0103 v\u0103 prezint mai \u00een detaliu citiorior no\u015ftri v-a\u015f ruga s\u0103 ne relata\u0163i pentru \u00eenceput c\u00e2teva aspecte din via\u0163a dumneavoastr\u0103 petrecut\u0103 \u00een Rom\u00e2nia. M\u0103 refer aici la copil\u0103rie, via\u0163a de familie, educa\u0163ie, bucurii, realiz\u0103ri \u015fi desigur primele succese. <\/strong><\/p>\n<p style=\"text-align: justify;\"><strong>C\u0103t\u0103lina Oana CURCEANU: <\/strong>M-am n\u0103scut \u00een frumoasa Transilvanie, mai precis la Bra\u015fov; p\u0103rin\u0163ii mei s-au mutat \u00eens\u0103 la Sf\u00e2ntu Gheorghe (Covasna) c\u00e2nd \u00eenc\u0103 eram \u00eenc\u0103 prea mic\u0103 s\u0103-mi pot aduce aminte. Am avut o copil\u0103rie frumoas\u0103, \u00eempreun\u0103 cu cele dou\u0103 surori ale mele, Lumini\u0163a \u015fi Mona, \u00eenconjurat\u0103 de dragostea p\u0103rin\u0163ilor mei, Elena \u015fi Aurel, \u015fi a bunicii care ne-a crescut, Ana. \u00cen copil\u0103rie am studiat vioar\u0103, am f\u0103cut balet \u015fi dansuri populare \u015fi eram \u00eenscris\u0103 la biblioteca ora\u015fului pe care o frecventam cu mare pasiune.<\/p>\n<p style=\"text-align: justify;\">Interesul meu pentru \u015ftiin\u0163a a luat na\u015ftere pe c\u00e2nd aveam vreo 10 ani \u2013 c\u00e2nd \u00eempreun\u0103 cu tat\u0103l meu ne uit\u0103m la stele \u015fi \u00eencercam s\u0103 le descifr\u0103m misterul, c\u0103ut\u00e2nd inclusiv&#8230; extratere\u015ftrii. Pasiunea aceasta nu m-a abandonat de atunci niciodat\u0103 \u2013 ba dimpotriv\u0103, s-a \u00eente\u0163it! Din acest motiv, \u00eempreun\u0103 cu p\u0103rin\u0163ii, am decis s\u0103-mi \u00eencerc soarta \u015fi s\u0103 merg s\u0103 studiez la faimosul liceu de Matematic\u0103 \u015fi Fizic\u0103 nr 4 de la M\u0103gurele (Bucure\u015fti). Acest liceu \u2013 lipit de facultatea de fizic\u0103 \u2013 preg\u0103tea copii din toat\u0103 \u0163ara \u00een domeniul \u015ftiin\u0163ei \u2013 \u00een special al matematicii \u015fi fizicii. A\u015fa c\u0103 m-am transferat la M\u0103gurele c\u00e2nd avea 14 ani \u2013 \u00een c\u0103minul \u00een care st\u0103teau mul\u0163i dintre elevi. O via\u0163\u0103 intens\u0103 \u2013 dificil\u0103, dar \u015fi frumoas\u0103! O perioad\u0103 de timp \u00een care am studiat mult \u015fi cu pasiune, sub \u00eendrumarea unor dasc\u0103li de excep\u0163ie (profesorul P\u0103curaru la matematic\u0103 \u015fi profesoara Ru\u015fet la fizic\u0103 au jucat un rol important \u00een via\u0163a mea). \u00cen aceast\u0103 perioad\u0103, pe l\u00e2ng\u0103 studiul \u201c\u015ftiin\u0163elor\u201d citeam orice apucam \u2013 de la Joyce la Rebreanu, de la Garcia Marquez la Dostoievski. Ce ani frumo\u015fi! Desigur, eram \u00een \u201esocialism\u201d \u2013 cu p\u0103r\u0163ile lui rele (\u00eengr\u0103direa libert\u0103\u0163ii&#8230;) dar \u015fi cu p\u0103r\u0163ile lui bune (o \u015fcoal\u0103 excelent\u0103 la care aveau acces cei care doreau cu adev\u0103rat s\u0103 studieze). Nu a fost u\u015for s\u0103 m\u0103 desprind de cas\u0103 la o v\u00e2rst\u0103 a\u015fa de fraged\u0103 \u2013 \u015fi a fost \u015fi mai greu pentru p\u0103rin\u0163i! P\u0103rin\u0163i minuna\u0163i \u2013 \u00een mare parte ceea ce sunt ast\u0103zi este meritul lor. Mama mea, Elena, m\u0103 prive\u015fte poate din cer, cu tata ne auzim zilnic \u2013 la 80 de ani a \u00eenv\u0103\u0163at s\u0103 utilizeze noile tehnologii \u015fi devine pe zi ce trece tot mai interesat \u015fi mai brav \u00een a folosi modernele aparate. Surorile mele au venit \u015fi ele s\u0103 studieze la liceul de la M\u0103gurele! La ora actual\u0103, Lumini\u0163a Costea, profesor de fizic\u0103, este actualul director al colegiului \u201eMihai Viteazul\u201d din Sf\u00e2ntu Gheorghe, iar Mona Peride, director de V\u00e2nz\u0103ri \u015fi Marketing la IT SMART DISTRIBUTION. Am \u00eenv\u0103\u0163at mereu foarte bine; mi-a pl\u0103cut s\u0103 studiez \u2013 \u00eemi place \u00een continuare! Ceea ce m\u0103 caracterizeaz\u0103 de mic copil este curiozitatea \u2013 pentru lume, pentru Univers: cine suntem, de unde venim \u015fi \u00eencotro ne \u00eendrept\u0103m?<\/p>\n<p style=\"text-align: justify;\"><strong>George ROCA: Dup\u0103 terminarea liceului care a fost motiva\u0163ia dumneavoastr\u0103 de a studia fizica? Cum au fost anii de facultate? De unde pasiunea pentru fizic\u0103 atomic\u0103?<\/strong><\/p>\n<p style=\"text-align: justify;\"><strong>C\u0103t\u0103lina Oana CURCEANU: <\/strong>Am decis s\u0103 studiez fizic\u0103 cu mult \u00eenainte de a termina liceul. Practic de c\u00e2nd aveam 12-13 ani. Dac\u0103 nu a\u015f fi studiat fizic\u0103 poate a\u015f fi ales matematica \u2013 \u00eens\u0103 \u00een momentul alegerii nu am avut nici un dubiu. Fizica, \u015ftiin\u0163a \u00een general, era \u015fi este strada vietii mele. Pasiunea pentru fizic\u0103 nuclear\u0103 \u015fi a particulelor s-a n\u0103scut mai t\u00e2rziu \u2013 ini\u0163ial doream s\u0103 studiez Universul; \u00een facultate \u00eens\u0103 am \u00een\u0163eles c\u0103 studiul particulelor \u015fi al fizicii atomice \u015fi nucleare de fapt ne ajut\u0103 s\u0103 \u00een\u0163elegem \u015fi Universul! O armonie incredibil\u0103 care ne apare la orice pas: da la cuarcuri la galaxii, de la fotoni la g\u0103urile negre.<\/p>\n<p style=\"text-align: justify;\">\u00cen facultate am studiat cu pasiune \u015fi cu&#8230; \u00eend\u00e2rjire. Acest lucru mi-a fost de mare folos \u2013 pe de o parte am ajuns s\u0103 \u00een\u0163eleg mai bine multe fenomene ale naturii, pe de alta am absolvit facultatea ca \u015fef de promo\u0163ie, av\u00e2nd \u2013 da\u0163i-mi voie s\u0103 m\u0103 m\u00e2ndresc pu\u0163in \u2013 nota 10 la toate examenele \u2013 10 pe linie! Eram oare un \u201e\u015foarece de bibliotec\u0103\u201d? Nu \u2013 nu cred! Aveam multe alte pasiuni \u2013 mergeam la teatru, la cinema, citeam \u015fi de c\u00e2te ori aveam ocazia d\u0103deam o fug\u0103 la Sf\u00e2ntu Gheorghe s\u0103-mi v\u0103d nepo\u0163ica, Adina.<\/p>\n<p style=\"text-align: justify;\">La terminarea facult\u0103\u0163ii, a Masteratului \u00een Fizica Particulelor Elementare \u015fi a Fizicii Nucleare, \u00een 1989, am fost repartizat\u0103 (c\u00e2\u0163i dintre tinerii de ast\u0103zi \u015ftiu ce este aia o reparti\u0163ie la finalul facult\u0103\u0163ii?) la reactorul nuclear de putere zero de l\u00e2ng\u0103 Pite\u015fti. De acolo \u2013 imediat dup\u0103 \u201crevolu\u0163ie\u201d \u2013 m-am \u00eentors la Bucure\u015fti \u2013 la institutul de fizic\u0103 \u2013 cel mai prestigios institut de cercetare \u00een domeniul fizicii din Rom\u00e2nia, IFIN-HH, de unde am plecat spre Italia, unde sunt \u015fi acum.<\/p>\n<p style=\"text-align: justify;\"><strong>George ROCA: A\u0163i fost declarat\u0103 de mul\u0163i oameni de competen\u0163a unul dintre cei mai buni cercet\u0103tori \u015ftiin\u0163ifici rom\u00e2ni. Care sunt studiile post universitare pe care le-a\u0163i absolvit \u015fi aderen\u0163a dumneavoastr\u0103 (\u00een continuare) la Institutul de Fizic\u0103 de la M\u0103gurele?<\/strong><\/p>\n<p style=\"text-align: justify;\"><strong>C\u0103t\u0103lina Oana CURCEANU: <\/strong>Nu pot comenta aceast\u0103 declara\u0163ie! Cred c\u0103 sunt un om de \u015ftiin\u0163\u0103 valoros, dar v\u0103 asigur c\u0103 exist\u0103 mul\u0163i al\u0163i rom\u00e2ni cunoscu\u0163i \u015fi faimo\u015fi \u00een domeniul cercet\u0103rii \u015ftiin\u0163ifice \u00een lume! Din fericire ne reprezent\u0103m \u0163ara cu m\u00e2ndrie \u015fi cu valoare.<\/p>\n<p style=\"text-align: justify;\">Cum spuneam anterior, dup\u0103 absolvirea facult\u0103\u0163ii de fizic\u0103 \u015fi a unui Master \u00een domeniul fizicii particulelor elementare \u015fi al fizicii nucleare, am ajuns \u00een 1990 la IFIN-HH, la M\u0103gurele, unde am efectuat activitate de cercetare deja din timpul facult\u0103\u0163ii \u2013 pentru lucrarea de diploma de absolvire \u015fi pentru cea de Masterat.<\/p>\n<p style=\"text-align: justify;\">In 1991 am ajuns \u00een Italia, unde am lucrat \u00een cadrul grupului italian la experimentul OBELIX de la CERN (Geneva), activitate care mi-a permis ob\u0163inerea titlului de doctor \u00een fizic\u0103 (PhD) la IFIN-HH.<\/p>\n<p style=\"text-align: justify;\">Chiar dac\u0103 sunt \u00een Italia de mul\u0163i ani, am r\u0103mas mereu \u00een contact cu Rom\u00e2nia, unde sunt r\u0103d\u0103cinile mele. Am colaborat \u015fi continui s\u0103 colaborez cu colegii din IFIN-HH, la ora actual\u0103 M\u0103gurele fiind \u00een aten\u0163ia lumii \u00eentregi pentru infrastructura (ELI-NP) care este \u00een construc\u0163ie acolo \u015fi care ne va permite s\u0103 efectu\u0103m experimente de v\u00e2rf \u00een cadrul fizicii nucleare \u015fi nu numai.<\/p>\n<p style=\"text-align: justify;\"><strong>George ROCA: Av\u00e2nd at\u00e2tea realiz\u0103ri importante \u00een domeniul \u015ftiin\u0163ific ce va determinat totu\u015fi s\u0103 pleca\u0163i din Rom\u00e2nia? Care a fost impactul cu Italia? <\/strong><\/p>\n<p style=\"text-align: justify;\"><strong>C\u0103t\u0103lina Oana CURCEANU: <\/strong>Am plecat din Rom\u00e2nia la \u00eenceput pentru o lun\u0103 de zile \u2013 cu o burs\u0103 de studiu la institutul LNF-INFN (Laboratori Nazionali di Frascati dell\u2019Istituto Nazionale di Fisica Nucleare). Nu mi-a\u015f fi imaginat niciodat\u0103 c\u0103 voi r\u0103m\u00e2ne \u00een Italia&#8230;<\/p>\n<p style=\"text-align: justify;\">Dar a\u015fa a fost s\u0103 fie! M-am sim\u0163it imediat ca acas\u0103 \u00een Italia \u2013 colegii m-au apreciat, m-au ajutat \u015fi m-au \u00eendrumat. Am ob\u0163inut diverse contracte, am avut multe responsabilit\u0103\u0163i si am participat la un concurs pe care l-am c\u00e2\u015ftigat devenind cercet\u0103tor (staff position) la INFN. A urmat un alt concurs (da, sunt competitiva \u015fi nu m\u0103 las!), \u00een urma c\u0103ruia am devenit Primo Ricercatore la LNF-INFN. Am grupul meu de cercetare \u015fi efectu\u0103m diverse experimente de v\u00e2rf at\u00e2t \u00een Italia c\u00e2t \u015fi la CERN \u015fi \u00een Japonia. Italia face parte din mine, este a doua mea \u0163ar\u0103.<\/p>\n<p style=\"text-align: justify;\"><strong>George ROCA: \u015ei totu\u015fi, dup\u0103 terminarea studiilor de ce a\u0163i r\u0103mas \u00een Italia \u015fi nu a\u0163i plecat \u00een Statele Unite ale Americii sau \u00eentr-o alt\u0103 \u0163ar\u0103 cu o tradi\u0163ie mai r\u0103sun\u0103toare \u00een domeniu? Sunt convins c\u0103 vi s-au f\u0103cut oferte&#8230; <\/strong><\/p>\n<p style=\"text-align: justify;\"><strong>C\u0103t\u0103lina Oana CURCEANU: <\/strong>Nu mi-a trecut niciodat\u0103 prin cap s\u0103 merg \u00een Statele Unite. \u00cen Italia m\u0103 simt \u015fi m-am sim\u0163it excelent, am efectuat \u015fi continui s\u0103 realizez experimente extrem de interesante. Conduc un grup de cercet\u0103tori din toat\u0103 lumea care efectueaz\u0103 experimente chiar aici, \u00een Italia, la acceleratorul DAFNE de la Frascati \u2013 unul dintre pu\u0163inele acceleratoare \u00een func\u0163iune din lume (pentru cercetare). Nu este retoric ceea ce spun \u2013 \u00eens\u0103 cercetarea \u00een Italia, cu toate problemele de la ora actual\u0103, lipsa de bani, probleme organizatorice, etc., este o cercetare s\u0103n\u0103toas\u0103, cu r\u0103d\u0103cini profunde. S\u0103 nu uit\u0103m c\u0103 Enrico Fermi era italian. Vreau s\u0103 dau Italiei ceea ce ea mi-a dat mie \u2013 calitate, speran\u0163\u0103 \u015fi&#8230; rezultate!<\/p>\n<p style=\"text-align: justify;\"><strong>George ROCA: C\u00e2teva cuvinte despre \u201cCERN\u201d, \u201cDEAR\u201d \u015fi \u201cParticula lui Dumnezeu\u201d. Care a fost aportul dumneavoastr\u0103 la aceste proiecte?<\/strong><\/p>\n<p style=\"text-align: justify;\"><strong>C\u0103t\u0103lina Oana CURCEANU: <\/strong>La CERN am contribuit la realizarea a dou\u0103 experimente \u2013 OBELIX \u015fi DIRAC \u2013 care c\u0103utau obiecte exotice: mezoni exotici (OBELIX) \u015fi atomi (pionium) exotici (DIRAC). DEAR este experimentul care m-a lansat \u00een Italia \u015fi \u00een lume \u2013 experimentul a fost efectuat la acceleratorul DAFNE de la Frascati la \u00eenceput de mileniu. La \u00eenceput eram \u00een&#8230; 3 (c\u00e2nd l-am propus) \u2013 pe urm\u0103 am realizat o colaborare interna\u0163ional\u0103 \u00een cadrul c\u0103reia am reu\u015fit s\u0103 m\u0103sur\u0103m diverse tipuri de atomi exotici \u2013 rezultatele studiilor noastre fiind extrem de importante at\u00e2t \u00een fizica particulelor elementare, c\u00e2t \u015fi \u00een cea nuclear\u0103, dar \u015fi \u00een astrofizic\u0103 (structura stelelor de neutroni). La ora actual\u0103 conduc grupul care realizeaz\u0103 a treia genera\u0163ie de experimente la acceleratorul DAFNE pentru studiul atomilor exotici (experimentul SIDDHARTA-2). De c\u00e2\u0163iva ani conduc \u015fi o echip\u0103 de cercetare care efectueaz\u0103 studii de mecanic\u0103 cuantic\u0103 la laboratorul subteran italian de la Gran Sasso (unul dintre cele mai faimoase laboratoare din lume). Acolo realiz\u0103m experimentul VIP \u2013 care caut\u0103 semnale ale unei posibile \u201eviol\u0103ri ale principiului de excluziune al lui Pauli\u201d. Ar fi o descoperire senza\u0163ional\u0103! Nu am avut nici un aport specific la g\u0103sirea \u201eParticulei lui Dumnezeu\u201d.<\/p>\n<p style=\"text-align: justify;\"><strong>George ROCA: Ce proiecte de viitor ave\u0163i? Dorin\u0163e, vise, speran\u0163e? <\/strong><\/p>\n<p style=\"text-align: justify;\"><strong>C\u0103t\u0103lina Oana CURCEANU: <\/strong>Doresc s\u0103 continui \u015fi s\u0103 realizez cu succes experimentele SIDDHARTA-2 \u2013 care ne va permite s\u0103 realiz\u0103m prima m\u0103sur\u0103toare a deuteriului kaonic din lume &#8211; \u015fi experimentul VIP, la Gran Sasso. \u00cen viitor a\u015f dori s\u0103 realizez multe alte experimente \u2013 precum AMADEUS (un experiment la acceleratorul DAFNE care studiaz\u0103 ce se petrece cu particulele \u00abstranii\u00bb (care con\u0163in cuarcul \u00abstraniu\u00bb) \u00een materia nuclear\u0103, sau experimente la Gran Sasso care caut\u0103 s\u0103 verifice teorii alternative la actuala mecanica cuantic\u0103. Pe urm\u0103 mi-a\u015f dori s\u0103 realizez un experiment \u00een Rom\u00e2nia \u2013 la ELI-NP! Ar fi minunat!<\/p>\n<p style=\"text-align: justify;\">Vise \u2013 am multe \u2013 nu toate legate de \u015ftiin\u0163\u0103; multe sunt legate de societate \u2013 de tineri \u015fi de viitorul lor. Av\u00e2nd 3 nepo\u0163i, fiii surorilor mele (Adina, Eric \u015fi Anastasia), mi-a\u015f dori s\u0103 aib\u0103 o via\u0163\u0103 frumoas\u0103 \u2013 \u00een care s\u0103 aib\u0103 vise! \u015ei s\u0103 poate s\u0103 le realizeze. Mi-ar pl\u0103cea s\u0103 contribui \u015fi eu! Pe de o parte prin \u015ftiin\u0163\u0103, pe de alta prin activit\u0103\u0163ile \u2013 multe \u2013 de divulgare \u015ftiin\u0163ific\u0103 pe care le efectuez.<\/p>\n<p style=\"text-align: justify;\">Speran\u0163e? Sper s\u0103 r\u0103m\u00e2n curioas\u0103 toat\u0103 via\u0163a \u2013 s\u0103 continui s\u0103 cercetez misterele lumii; \u015fi s\u0103 am unde \u015fi cu cine s\u0103 realizez aceste speran\u0163e. \u015ei mai sper s\u0103 v\u0103d \u00een ochii celorlal\u0163i o lic\u0103rire de curiozitate \u015fi un z\u00e2mbet care o \u00eenso\u0163e\u015fte.<\/p>\n<p style=\"text-align: justify;\"><strong>George ROCA: Care a fost motiva\u0163ia dumneavoastr\u0103 pentru a deveni membru al Academiei Rom\u00e2no-Americane? <\/strong><\/p>\n<p style=\"text-align: justify;\"><strong>C\u0103t\u0103lina Oana CURCEANU: <\/strong>Academia Rom\u00e2no-American\u0103 este o institu\u0163ie de mare prestigiu, care a jucat un rol deosebit \u00een perioada socialismului \u015fi continu\u0103 s\u0103 joace un rol important. Este o onoare s\u0103 fac parte din aceast\u0103 Academie \u2013 din care fac parte oameni de cultur\u0103, oameni de \u015ftiin\u0163\u0103 \u2013 adev\u0103rate valori cu care \u0163ara noastr\u0103, dar \u015fi alte \u0163\u0103ri, se pot m\u00e2ndri.<\/p>\n<p style=\"text-align: justify;\"><strong>George ROCA: Ca membru al Academiei Rom\u00e2no-Americane am aflat cu bucurie c\u0103 anul acesta Congresul al XXXIX-lea va fi organizat din nou \u00een Italia. Este pentru a doua oar\u0103 \u00een ultimii trei ani c\u00e2nd Italia este gazda acestui eveniment. \u00cen perioada 29 mai &#8211; 4 iunie 2012 cel de al XXXVI-lea Congres ARA a fost organizat la Bari, de c\u0103tre LUM School of Management. Director (organizator): Dr. Domenico Morrone de la University LUM \u201eJean Monet\u201d (Bari). Dup\u0103 trei ani, \u00een anul 2015, iat\u0103-ne din noi \u00cen frumoasa Italie, de data aceasta la Frascati, l\u00e2ng\u0103 Roma. Director (organizator) Dr. Catalia Oana Curceanu de la Laboratori Nazionali di Frascati. Care va fi aportul dumneavoastr\u0103 la bun\u0103 desf\u0103\u015furare a acestui important eveniment? <\/strong><\/p>\n<p style=\"text-align: justify;\"><strong>C\u0103t\u0103lina Oana CURCEANU: <\/strong>Sunt organizatorul principal (chair) al acestui Congres. Este o mare bucurie dar \u015fi o mare responsabilitate. Am ob\u0163inut sprijinul institutului meu (LNF-INFN) pentru realizarea acestui important eveniment. \u00cei a\u015ftept pe participan\u0163i cu ner\u0103bdare \u015fi mare bucurie, fiind convins\u0103 c\u0103 acest Congres va duce la \u00eent\u0103rirea comunit\u0103\u0163ii rom\u00e2ne\u015fti prezenta pretutindeni \u00een lume.<\/p>\n<p style=\"text-align: justify;\"><strong>George ROCA: C\u00e2teva detalii despre tematica congresului \u015fi subiectele care vor fi dezb\u0103tute cu prec\u0103dere. C\u00e2\u0163i membri s-au \u00eenscris cu lucr\u0103ri la sesiunile de prezentare \u015fi dezbatere?<\/strong><\/p>\n<p style=\"text-align: justify;\"><strong>C\u0103t\u0103lina Oana CURCEANU: <\/strong>La ora actual\u0103 avem circa 40-50 de \u00eenscri\u015fi (num\u0103rul este \u00eens\u0103 provizoriu). Se vor dezbate tematici din domeniul \u015ftiin\u0163ei, al tehnologiei, chimiei sau medicinei, dar \u015fi tematici legate de patrimoniul cultural al Rom\u00e2niei. Vom organiza inclusiv trei mese rotunde dedicate culturii romane, al educa\u0163iei \u015fi al identit\u0103\u0163ii rom\u00e2ne\u015fti.<\/p>\n<p style=\"text-align: justify;\"><strong>George ROCA: Pentru informarea celor interesa\u0163i de acest eveniment v\u0103 rog s\u0103 ne relata\u0163i \u00een ce perioad\u0103 se va desf\u0103\u015fura congresul. Ce activit\u0103\u0163i extracurricum vor avea loc?<\/strong><\/p>\n<p style=\"text-align: justify;\"><strong>C\u0103t\u0103lina Oana CURCEANU: <\/strong>Congresul va avea loc \u00een perioada 28 \u2013 31 iulie 2015 la Frascati. Vom organiza o vizit\u0103 \u00een cadrul institutului, la acceleratorul DAFNE, o cin\u0103 cu specific&#8230; italian \u015fi, serile, ne vom dep\u0103na amintirile \u015fi vom \u201epune \u0163ara la cale\u201d. Mul\u0163i dintre participan\u0163i vor r\u0103m\u00e2ne 1-2 zile \u00een plus s\u0103 viziteze Roma \u015fi nici c\u0103 s-ar putea altfel.<\/p>\n<p style=\"text-align: justify;\"><strong>George ROCA: V\u0103 mul\u0163umesc pentru interesantele r\u0103spunsuri \u015fi v\u0103 doresc mult succes \u00een toate proiectele dumneavoastr\u0103. <\/strong><\/p>\n<p style=\"text-align: justify;\"><strong>C\u0103t\u0103lina Oana CURCEANU: <\/strong>Eu v\u0103 mul\u0163umesc! Am apreciat mult \u00eentreb\u0103rile dumneavoastr\u0103 deoarece mi-au permis s\u0103-mi deschid sufletul \u015fi&#8230; mintea, s\u0103 vorbesc despre r\u0103d\u0103cinile mele, despre speran\u0163ele mele \u015fi despre prezent \u015fi viitor. \u00centr-un Univers care continua s\u0103 ne minuneze \u2013 un Univers interior \u00eentr-un Univers exterior.<\/p>\n<p style=\"text-align: justify;\">&#8212;&#8212;&#8212;&#8212;&#8212;&#8212;&#8212;&#8212;&#8212;&#8212;&#8212;&#8212;&#8212;&#8212;<\/p>\n<p style=\"text-align: justify;\">A consemnat,<\/p>\n<p style=\"text-align: justify;\"><strong>\u00a0<\/strong><\/p>\n<p style=\"text-align: justify;\"><strong>George ROCA<\/strong><\/p>\n<p style=\"text-align: justify;\"><strong>Membru Emeritus al Academiei<\/strong> <strong>Rom\u00e2no-Americane <\/strong><\/p>\n<p style=\"text-align: justify;\"><strong>Sydney, Australia \u2013 Frascati, Italia<\/strong><\/p>\n<p style=\"text-align: justify;\"><strong>28 iunie 2015<\/strong><\/p>\n<p style=\"text-align: justify;\"><strong>\u00a0<\/strong><\/p>\n","protected":false},"excerpt":{"rendered":"<p>George ROCA: V\u0103 mul\u0163umesc pentru accepatarea acestui interviu. \u015etiu c\u0103 sunte\u0163i foarte ocupat\u0103 \u00een aceast\u0103 perioad\u0103 a anului (2015), c\u00e2nd [&#038;hellip<\/p>\n","protected":false},"author":1,"featured_media":0,"comment_status":"closed","ping_status":"closed","sticky":false,"template":"","format":"standard","meta":{"footnotes":""},"categories":[3],"tags":[],"class_list":["post-24312","post","type-post","status-publish","format-standard","hentry","category-articole"],"_links":{"self":[{"href":"https:\/\/www.marianagurza.ro\/blog\/wp-json\/wp\/v2\/posts\/24312","targetHints":{"allow":["GET"]}}],"collection":[{"href":"https:\/\/www.marianagurza.ro\/blog\/wp-json\/wp\/v2\/posts"}],"about":[{"href":"https:\/\/www.marianagurza.ro\/blog\/wp-json\/wp\/v2\/types\/post"}],"author":[{"embeddable":true,"href":"https:\/\/www.marianagurza.ro\/blog\/wp-json\/wp\/v2\/users\/1"}],"replies":[{"embeddable":true,"href":"https:\/\/www.marianagurza.ro\/blog\/wp-json\/wp\/v2\/comments?post=24312"}],"version-history":[{"count":4,"href":"https:\/\/www.marianagurza.ro\/blog\/wp-json\/wp\/v2\/posts\/24312\/revisions"}],"predecessor-version":[{"id":24316,"href":"https:\/\/www.marianagurza.ro\/blog\/wp-json\/wp\/v2\/posts\/24312\/revisions\/24316"}],"wp:attachment":[{"href":"https:\/\/www.marianagurza.ro\/blog\/wp-json\/wp\/v2\/media?parent=24312"}],"wp:term":[{"taxonomy":"category","embeddable":true,"href":"https:\/\/www.marianagurza.ro\/blog\/wp-json\/wp\/v2\/categories?post=24312"},{"taxonomy":"post_tag","embeddable":true,"href":"https:\/\/www.marianagurza.ro\/blog\/wp-json\/wp\/v2\/tags?post=24312"}],"curies":[{"name":"wp","href":"https:\/\/api.w.org\/{rel}","templated":true}]}}