{"id":24325,"date":"2015-06-29T11:45:06","date_gmt":"2015-06-29T11:45:06","guid":{"rendered":"http:\/\/www.marianagurza.ro\/blog\/?p=24325"},"modified":"2015-06-29T11:45:06","modified_gmt":"2015-06-29T11:45:06","slug":"harry-ross-versuri","status":"publish","type":"post","link":"https:\/\/www.marianagurza.ro\/blog\/2015\/06\/29\/harry-ross-versuri\/","title":{"rendered":"Harry Ross: Versuri"},"content":{"rendered":"<p style=\"text-align: center;\"><a href=\"http:\/\/www.marianagurza.ro\/blog\/wp-content\/uploads\/2015\/06\/hary-ross4.jpg\"><img loading=\"lazy\" decoding=\"async\" class=\"size-full wp-image-24326\" title=\"hary ross\" src=\"http:\/\/www.marianagurza.ro\/blog\/wp-content\/uploads\/2015\/06\/hary-ross4.jpg\" alt=\"\" width=\"188\" height=\"268\" \/><\/a><\/p>\n<p style=\"text-align: left;\">\n<p><strong><em>Marii uita\u021bi<\/em><\/strong><strong><em><\/em><\/strong><\/p>\n<p><strong>\u00a0<\/strong><\/p>\n<p>Somn f\u0103r\u0103 vise<\/p>\n<p>Sub grele pietre de morm\u00e2nt<\/p>\n<p>Chipuri \u2013 stele<\/p>\n<p>Eroi uita\u021bi de lume<\/p>\n<p>Dormind ad\u00e2nc<\/p>\n<p>&nbsp;<\/p>\n<p>I-am v\u0103zut \u00een academii<\/p>\n<p>Dar \u015fi \u00een laboratoare<\/p>\n<p>Ori la nasa de scris<\/p>\n<p>Onora\u021bi de premii \u0219i alte onoruri,<\/p>\n<p>Iubi\u021bi au fost<\/p>\n<p>\u00cen tot ce-au d\u0103ruit<\/p>\n<p>Gloria lumii i-a acoperit<\/p>\n<p>&nbsp;<\/p>\n<p>\u015ei?<\/p>\n<p>Uita\u021bi sunt acum<\/p>\n<p>Pentru totdeauna<\/p>\n<p>Chipuri-stele<\/p>\n<p>Au luminat ere<\/p>\n<p>Cu\u00a0 idei novatoare<\/p>\n<p>\u0219i putere<\/p>\n<p><strong><\/strong><\/p>\n<p>&nbsp;<\/p>\n<p><strong>\u00a0<\/strong><\/p>\n<p><strong><em>\u00a0<\/em><\/strong><\/p>\n<p><strong><em>Ne doare<\/em><\/strong><\/p>\n<p><strong>\u00a0<\/strong><\/p>\n<p>Ne doare cuv\u00e2ntul rostit f\u0103r\u0103 noim\u0103<\/p>\n<p>Ne doare ciobul aruncat \u00een obraz,<\/p>\n<p>Ne doare eroul c\u0103zut \u00een lupt\u0103<\/p>\n<p>\u015ei cerul ne doare, \u00een apusu-i lezat<\/p>\n<p>Ne doare g\u00e2ndul m\u00e2njit cu noroi<\/p>\n<p>\u015ei satele \u00eenecate-n ploi<\/p>\n<p>Ne doare femeia, roas\u0103 de boli<\/p>\n<p>\u015ei pruncii nen\u0103scu\u0163i din flori<\/p>\n<p>&nbsp;<\/p>\n<p>O ran\u0103 imens\u0103-i planeta de ieri<\/p>\n<p>Dar \u0219i cea\u00a0 cea de \u00a0fa\u0163\u0103<\/p>\n<p>Poate \u015fi lumea ce veni-va<\/p>\n<p>Cu ciuperci topind atomul<\/p>\n<p>Pref\u0103c\u00e2nd \u00een cenu\u015f\u0103 totul<\/p>\n<p>\u015ei catedrale, \u015fi mun\u0163i, \u015fi omul<\/p>\n<p>&nbsp;<\/p>\n<p><strong>\u00a0<\/strong><\/p>\n<p><strong>\u00a0<\/strong><\/p>\n<p><strong><em>Pe unde treci<\/em><\/strong><\/p>\n<p><strong>\u00a0<\/strong><\/p>\n<p>E dreptul nostru<\/p>\n<p>s\u0103 vis\u0103m alei str\u0103juite<\/p>\n<p>cu \u00a0brazi \u00eenal\u0163i<\/p>\n<p>\u015fi ramuri sublime<\/p>\n<p>ve\u0219nic\u00a0 verzi<\/p>\n<p>Vis\u0103m c\u00e2mpuri ro\u0219ii cu maci<\/p>\n<p>Viori c\u00e2nt\u00e2nd cioc\u00e2rlii<\/p>\n<p>ochii str\u0103lucesc privind<\/p>\n<p>dincolo de z\u0103ri<\/p>\n<p>o lume \u00een alte culori<\/p>\n<p>Ne trec prin fa\u021b\u0103 c\u0103l\u0103re\u0163i gonind<\/p>\n<p>pe cai de poveste<\/p>\n<p>Aduc\u00e2nd lumin\u0103, bra\u0163e cu flori<\/p>\n<p>cuvinte \u00eenfl\u0103c\u0103rate<\/p>\n<p>culese din sori<\/p>\n<p>&nbsp;<\/p>\n<p><strong><em>\u00a0<\/em><\/strong><\/p>\n<p><strong><em>\u00a0<\/em><\/strong><\/p>\n<p><strong><em>Piatr\u0103 s\u0103 fiu<\/em><\/strong><\/p>\n<p><strong>\u00a0<\/strong><\/p>\n<p>De muri-voi, nu vreau s\u0103 fiu uitat<\/p>\n<p>\u00centr-un col\u0163 de memorie,<\/p>\n<p>Nici \u00een p\u0103m\u00eent \u00eengropat<\/p>\n<p>Nici pref\u0103cut \u00een cenu\u015f\u0103<\/p>\n<p>P\u0103strat\u0103 \u00eentr-o amfor\u0103 de lut,<\/p>\n<p>Pe-un raft pr\u0103fuit \u015fi mut<\/p>\n<p>&nbsp;<\/p>\n<p>Piatr\u0103 de r\u00e2u s\u0103 m\u0103 prefac<\/p>\n<p>Valurilor s\u0103 le fiu pe plac<\/p>\n<p>Sirenele s\u0103-mi c\u00e2nte lieduri de Verdi,<\/p>\n<p>Pesc\u0103ru\u015fii s\u0103-mi recite<\/p>\n<p>Sonete de Shakespeare,<\/p>\n<p>Iar apele repezi s\u0103-mi spele fa\u0163a<\/p>\n<p>Cu\u00a0 \u015fuvoaie de m\u0103rgele reci, ca ghea\u0163a<\/p>\n<p>Alte pietre\u00a0 s\u0103-mi \u0163in\u0103 tov\u0103r\u0103\u015fie<\/p>\n<p>A\u015fa s\u0103 tr\u0103iesc pe vecie<\/p>\n<p>&nbsp;<\/p>\n<p>Visul acesta<\/p>\n<p>Ce-ar putea oare s\u0103 fie<\/p>\n<p>Dec\u00eet\u00a0 o stranie strof\u0103 de poezie<\/p>\n<p>&nbsp;<\/p>\n<p><strong>\u00a0<\/strong><\/p>\n<p><strong><em>\u00a0<\/em><\/strong><\/p>\n<p><strong><em>\u00cen g\u00e2nd<\/em><\/strong><\/p>\n<p><strong>\u00a0<\/strong><\/p>\n<p>\u00cen g\u00e2nd, da, ne topim<\/p>\n<p>Unul \u00een altul<\/p>\n<p>Dar bra\u0163ele nu mai au putere,<\/p>\n<p>S\u0103 \u00eembr\u0103\u0163i\u015feze<\/p>\n<p>Ochii nu mai v\u0103d stelele<\/p>\n<p>Juc\u0103u\u015fe din ale tale priviri<\/p>\n<p>G\u00e2ndul tr\u0103ie\u015fte \u015fi te dore\u015fte<\/p>\n<p>G\u00e2ndul e arma cea din urm\u0103<\/p>\n<p>Care se \u00eenfrunt\u0103<\/p>\n<p>S\u0103 recucereasc\u0103 cetatea pierdut\u0103<\/p>\n<p>\u00een amor<\/p>\n<p>Cu g\u00e2ndul nu te joci<\/p>\n<p>El e prezent permanent<\/p>\n<p>Nesubjugat<\/p>\n<p>Delicat<\/p>\n<p>Te cheam\u0103 s\u0103 rena\u015fti<\/p>\n<p>A\u015fa cum erai odat\u0103<\/p>\n<p>C\u00eend via\u0163a avea for\u0163\u0103<\/p>\n<p>\u015ei\u00a0 darurile toate<\/p>\n<p>Ce\u00a0 dau vie\u021bii<\/p>\n<p>Sens, sev\u0103<\/p>\n<p>\u0218i lumina dimine\u0163ii<\/p>\n<p>&nbsp;<\/p>\n<p style=\"text-align: center;\"><strong>\u00a0Harry Ross<\/strong><\/p>\n<p style=\"text-align: center;\">Israel<\/p>\n","protected":false},"excerpt":{"rendered":"<p>Marii uita\u021bi \u00a0 Somn f\u0103r\u0103 vise Sub grele pietre de morm\u00e2nt Chipuri \u2013 stele Eroi uita\u021bi de lume Dormind ad\u00e2nc [&#038;hellip<\/p>\n","protected":false},"author":1,"featured_media":0,"comment_status":"closed","ping_status":"closed","sticky":false,"template":"","format":"standard","meta":{"footnotes":""},"categories":[3],"tags":[],"class_list":["post-24325","post","type-post","status-publish","format-standard","hentry","category-articole"],"_links":{"self":[{"href":"https:\/\/www.marianagurza.ro\/blog\/wp-json\/wp\/v2\/posts\/24325","targetHints":{"allow":["GET"]}}],"collection":[{"href":"https:\/\/www.marianagurza.ro\/blog\/wp-json\/wp\/v2\/posts"}],"about":[{"href":"https:\/\/www.marianagurza.ro\/blog\/wp-json\/wp\/v2\/types\/post"}],"author":[{"embeddable":true,"href":"https:\/\/www.marianagurza.ro\/blog\/wp-json\/wp\/v2\/users\/1"}],"replies":[{"embeddable":true,"href":"https:\/\/www.marianagurza.ro\/blog\/wp-json\/wp\/v2\/comments?post=24325"}],"version-history":[{"count":2,"href":"https:\/\/www.marianagurza.ro\/blog\/wp-json\/wp\/v2\/posts\/24325\/revisions"}],"predecessor-version":[{"id":24328,"href":"https:\/\/www.marianagurza.ro\/blog\/wp-json\/wp\/v2\/posts\/24325\/revisions\/24328"}],"wp:attachment":[{"href":"https:\/\/www.marianagurza.ro\/blog\/wp-json\/wp\/v2\/media?parent=24325"}],"wp:term":[{"taxonomy":"category","embeddable":true,"href":"https:\/\/www.marianagurza.ro\/blog\/wp-json\/wp\/v2\/categories?post=24325"},{"taxonomy":"post_tag","embeddable":true,"href":"https:\/\/www.marianagurza.ro\/blog\/wp-json\/wp\/v2\/tags?post=24325"}],"curies":[{"name":"wp","href":"https:\/\/api.w.org\/{rel}","templated":true}]}}