{"id":24354,"date":"2015-07-02T09:43:16","date_gmt":"2015-07-02T09:43:16","guid":{"rendered":"http:\/\/www.marianagurza.ro\/blog\/?p=24354"},"modified":"2015-07-02T09:43:16","modified_gmt":"2015-07-02T09:43:16","slug":"valeriu-dulgheru-tara-mea-de-dincolo-de-prut","status":"publish","type":"post","link":"https:\/\/www.marianagurza.ro\/blog\/2015\/07\/02\/valeriu-dulgheru-tara-mea-de-dincolo-de-prut\/","title":{"rendered":"Valeriu Dulgheru: \u0162ara mea de dincolo de Prut&#8230;"},"content":{"rendered":"<p style=\"text-align: right;\" align=\"right\"><em><img decoding=\"async\" class=\"alignleft\" src=\"data:image\/jpeg;base64,\/9j\/4AAQSkZJRgABAQAAAQABAAD\/2wCEAAkGBxQPEhQUEBQUFBUUFBUUFBQQFRQVFBQUFBQXFhgUFBQYHCggGBolGxUUITEhJSorLi4uFx8zODUsNygtLisBCgoKDg0OGxAQGCwcHyQsLCwsLCwsLCwsLCwsLCssLCwsLCwsLCssLC0sLCwsNywsLCwsLCwsLCwsLCwsLiwsLP\/AABEIAP0AxwMBIgACEQEDEQH\/xAAcAAACAgMBAQAAAAAAAAAAAAAAAQIEBQYHAwj\/xABEEAABAwIDBAcEBgYKAwAAAAABAAIRAwQFEiExQVFhBgcTInGBkTKhscEUI0JSYoIzcpLR4fAkQ1Njc6Kys8LxNDXS\/8QAGgEBAAMBAQEAAAAAAAAAAAAAAAECAwQFBv\/EACURAQEAAgMAAgEDBQAAAAAAAAABAhEDITESQVEEIjITYXHB4f\/aAAwDAQACEQMRAD8A6colSShWVIKQUVIIGhMIRJIThIogihNCJCcJBUa2NW7DD69IHhnaT6BBkEKhTxq3dsrMPnp67FeY4OEggjiDI9UDSUkkCKipJIBCEIEkU0kESkVIpIgkITRL0USpJFEIqQSUgpDCEBSUBJKSEESFSxXEW21MvfrsAA0kkwNd2pHylV8ex+jZj6xwzHYydfEgagc1oeIYg+\/cHZnFoMta0uY0HjLTMxppxKW6TJb4WL4pcXj3NqEtojXs6TmsmCJzkmN\/2jrEiN+IdWptMDNu7ppseD+YSDrt8xpuzlvhkgAxA2ACGjwb81bt8KaP4rO5\/htjw79azZUGhzoD4dxjMCTOhnUbe6ZHKQCM7gN7VtHANzvaCBBLO8J4Oc2DljWdo36rJtw1vD3K2y0AGxV\/qVf+hGQp9MbWS2o99FwEkV6VRmmzNmjLl5zCzlCs2o0OY5rmkSHMIc0jkRoVpl7hzajQ0iQNWzOh4tjVp5iCtUbeXGE1y5gLqZ2tkZao7xMwP0jY2gAnnrF8c5WWXHcXXykquGYg24ptqM2EePoRtHA\/OQrcK7MkJpFEEkU0kCSKZSQCEIRL0QU0kQSaEKQwpJBNQHC1Lp10vFgwspQ6sQIB1yzGvjBmP4Tty+eek+KOurqqZlrajwDJIMOILvMzEfZDRuCCH1t3VzVXuc57pe4nZyHDSNNNy3vD7cMaGgQAFqvRyjrmPl6z71uNAbPXxWOd7dHFNRdotVpjV4UgrlELF0xOkyV6lidML1Kqv9K+RUcUsmVmFjxIO3iOYO4jbPJZV7VUqj+Sitm2G6H40y2qPtbjuOblbTcAeze2SQ7b3Scw02CNq30Fcv6XWo7tUaFmkidATvjgfitx6GYwbq3Gf9JTOR8QQeDxyIXXhl8o4eTH43TYEkIV1CKRTUSiCKEJIGhJCJe6RTSKIJCEwpDCkohTaoFTGK\/ZUKz9e5SqO026MJ0Xzjb0oGXbxjf\/AAXdusW77LD7ji9raQ8ajwCPSVwyjtj1Q+2z4PoPitktKi17DaMNHyWUtnQ4blz5OrDxsFu6dyuUTqsXbgjj71fo1As66MV1sqebmosIUX6FVWsehKr1CvTMF5vRLDY7Rz0ag\/CfcJWL6r70trmnple0xtJJEEa8BB\/bPBZ+5b3XA8D8FpvQh+W7pECfrAPDNLT8VvxVxc87djTQkVu5yJUSgpIBCSEDQkhErCEIUoIoCEKAwnKSaDn\/AFvVnGlQpCYc51R3MsADR\/mJ8guaUbXK4SJXWOsuiHMozuNT3Bq5vUMh0eMn+eCrb3peY9bZzDwMgVik8TruVSwE028171LQkHQkcGnU+KwtdGMe9TGw0GDJG4a\/DQLGDpNXDhLCATpLTr4Lwbhb6rXEvyme6xhLQNdZcNXEjfp+7MYVhTW25bWfNQkSJc9mUACHNcdST3tNQd+1Ol5Mtr+F44Kog6O4HSVmqtQgA8tVpdOzNGs4A6EtjWQCdoBO3+O\/atzuGzTA5R7lnemkaliuL1yYp93zJMcYA2JYdi9UQKvek6OBEeBO0eYXpi+C03tNMGCSC0uGYaCIIjWdu\/00QOjzW0WtkioCXdpTa1kyIy5QNRv1ESTEKdzXauUu+mabddqxx35SI8ljOgeFZ7nNsFI5ieJ3NPOfmstZWpayHkE7CRpO6Y\/7V\/oba9lmB3tA\/ZI\/+lbivbLlxum0pFNRJXU5ESoppFAkIQiQmkhBZQmkpQCkmkoQaYUQpIlqHWK0ltCP71vmWtj4FaFbUWuY5rhB+1xBgx811rpFhn0miWj2mkPZzcPs+YJHoua16US4wPvaQSRpB8NVln1dunjvyx08LOoGho4aei2agM0bxG8\/zotRZodeK2LCapIhZZNONfOHg6jTwgL2FoAPDirNvB2qlj12KVNzvTmVRtrpi7ghz9NgOnithI+r1WsYJTLz3tvzW1vpwwKbEY14soNeNdo81Jtk0bAAq9vVhxCyUgqi+lS4blaVZwGe02aQ6PCGj4qlfVdFl8BoABzhsPdaTOwbYndPwV+KbyY811jWVKgVJRcuxwkoplJEBJNJEhCaEFpCSEQEIQiAmkhCGqVxg1vVcXVKFNzne0XNEnZrPHQa7VdTRbenHMWtTRrVKZ+w9zfEA6HzEHzXrh13kKyfT62yXZduqMY\/zAyH\/R71r7xFNx5t+IlYZR0YZfbcLa60nctb6QXRquHAatH71kM31Ld86nXcNVjH1KdUwTr\/ADoq44tcs+k8ExgMflqDLJ0O5bfXxJhZoZI3NMk8gOK02jgzahEknw4eKy9hZijIDIH3jqfWVNxRjmyFMF4DiMrtoE7OROxWWViRKr9u0b9YSBkOPgfP+YWeWLSZmH53sH42j\/MAt3ctLwejNemPxB37Mu+S3Mrfhmo5Oa7qKiVIqJWrFFJSUUCQmhEhCSEFpCEIgIQhEBCE0SEwEAJwg1HrIsw6gyrvpvy\/lqD97R6lc\/a+WuHJdD6wMVpNp\/Rj3qtVvaBoMZKdNwJqO5EjKBvJPArmjhlOizy9a4eNlwOuHUy06xxVe8wmi0lwZ7RklpI18lj8HuuzfrsKz5phxHA8OKzvTfHuPO0w9g9h9RvCKh+DpCvC2DvafUJ454\/0gKsbIs9kn3nxVplA6Tr70Xl0hUw2kRGWY1l5LjPmVM90BvE+7arFRuUKjVrS4xuEDlvJ8gqIvTYujFtLn1Ts\/Rt5nQuPwHqs+Vi+iOJ0ru0o1KHs5A0tkEsePaa7nMmd8g71liF1YzUceV3XmVAr0IUSFKqCUJkJFAkIQiSQmhBZQmnCIJCcJhqCMKQCkGrVekPWDY2MtNTtqg\/q7aHkHg585G+Znkg2kBah026fUcNmmyK1zupA92nI0dWcPZ\/VGp5DVc7x7rUvLiW2+W1pnT6vvVvOq4aH9UDxWikzqZJJJJJkknUkneURtu3RSrVxS8uq9y\/M80MhcBAaXkBga3c1opmB47SSV7XNMscWPEOaYI4HbPhz4I6pSM1yN\/1J8vrFvmKYKy5bJ7rwIa9u0ciPtDkfcpuHym4vhnr1z0s3rL4XiOWGv3bCvLEcGq2x77ZZuqM1b572+enNeNOhm2LGz8t5+Y2tl2PJQpXQDtDzgLWaVlWJhsrJWmDOkZiZJ0DJJPgN\/gq+L7tvjMXV2I7vecdGgbZ\/crOA4QXd5+oHtE6hzvuDiBtKyuC9ETE1vq272g\/WO8XD2R4a+CyeOVWWltVeAGso0ajgBsAYwkAeY96tx8e+6z5OT8Pnno1j1bDagqW7vwvY7VlVg+y8fAjUTpvnsmBdYtldQ17\/AKPUMdy4hrSeDavsnXjB5Lg1NsADgAPcpELZzSvqOJgjYdhGw8wd6iQvnHAukdzYH+i1nMb\/AGZ71I+NJ3d8xB5romC9bbHANvaLmHYalt3mbNppuOZvkXInbpBCgVQwfpFa3v8A41em87ck5ag8aTod7lk3NUDyKSmQlCJRQgoQWwFMBaZjvWZZWo+qf9KfubbkZB+vVPdHgJPJc36QdZF7eS1j\/o1M6ZLYkPI\/FWPeP5co5KUbdnxvpHa2I\/pNdjDEhk5qp8KbZd7loGN9b41bZUPCpdGB4ikw6+bh4LlB2k7yZJ3k8Sd5QiGXxzpRd30\/SK73NP8AVtOSl4dm2AfOVhcseSml\/wBohGElMhKEG2dWVbJdOG59OPNpkfErr9nUjQrk3VlbNq16rJh5ptdTPBzHTPvC6vSbmaHRB1Dh91zTDm+RBWmPgztGxa9s6GVhMT6EMcc9sRTdOtM\/o3fq\/cPqOQmVew+6LDB2LDdaPSY2dnkpOy1rkmmwt9prAJqPHDQhoO4vCrnPy04971HhZYTWqOyNa0Ee04vYQ0SQCQ0k6wY4xtG1bpgmCsthI7zz7VR208gPsjl8Vwnq1xR9neNqMBLHNLa7QdtFozF0TqWRmG+A4DavopzhEjfsjesZJ9N+fHPC6qFw+Aua9cWKdlY9kPauKjWfkYe0efDutb+ddEcwvOq4v16XQ+k0aIOtOnmI4ZydvjHuWs6c1c0QEkKFSIQmUkC4ctRyPELasE6f3tpDe17Zg+xcgv0\/DUkPHqRyWqpoOz4L1oWtaBctfbO4malLyqNEj8zR4rc7W4ZWYH0nsqMOx9Nwe0\/mbovmZXMKxWtaPz21V9Jx25Do4cHsMtd5gonb6QIQucYB1qMc0tvqZa4DSpbtzNf40yZYfAkeCFCdxycphI7UwpVNCSakJJvxQ7+CagCSaRQbP1c3Ip31MneHN9Y\/cu3VgKdQH7FeByFYCB+00R4tHFcB6KAm6pxuJPkF9BUmNr0cr9Q4Dx8QdxlWl0tIj2XuXJOtTE+0u3UoBFKnSYHHax7s1V4Gmkh9MH9X061QeQ4seZcI733mnY7x015griuO1xV+kV3H9NUdl55nS0eAaB5NU5+L8X8oxlFp7IlhALWl0yQYkN7saz3l9B9XN26vh1t2v6SmwUnztPZ6NcfFuU+a4b0VsW1bik15BAp1ajRG1wGw66Q0uM\/hXa+hYNIub9h7ZHJzNIPi0+5ZYzrbr\/XZW5yX6kbVVeGAuOwCV8wdOb19e8qVKntOgu4Nn2WDkGZB5L6Ixe9EH7rASebhu8vj4L5ox+rnuq5\/vHD9nu\/8VaOGqIQkmioUU0igEJShBJCSTzogkxJMaIQQKkFE7kwgaEIQRdyTa6UFQI102\/JBMpFNIoMv0UP9KpcyR7l9C2LYYPBfPnQ8TeUB+P8A4lfQ9H2R4KVoo31E5pb7Rbl8Brr71xHpPfh1V1Ol+jpjsxGwkOBcfVoHkeK6v06xn6JavyH62oC1h+7m0LvKVxjtqZqAmlDAMpY1xmcsZs28z3lXK9adXDx7\/dpl8Ixo2raJyNc2nW7Rxy98scw03sB4FrjHNdo6PVszXZDoWh7SN41GnkuIUG0iR2geKRc6Qwy9rdcsE7SDlnzXReqXEi6mKbjrTzU\/ywHN92nkq4X6dX67i1rOT67bJ0juAykBszEDyGpXzvVqZ3Od95znftOLvmu59ZhdRoZwJYBUE8HFhyg+JBXCWiFd5eVNMJJIqHO4JIhCAQkmEDSdu8fgmotOvgP5+SCZSQShBA7EwVAGDBRSO7hog9QhAQgTkgEP+B\/gmUCSKaRQZ7oOJvrf9c\/7bl30PyNn0XA+gn\/sLX\/FP+29dyxOpDDHCB8ypWjmXWHdh8S45nOlojQtaCDru1cNOfJadUpMDWFr8znTnbEZNTpO\/d6rY+lNu+5ujTpAHsqLSQXAAS6SZP67FrtlZvrGKTC8gAkN2wSBPqQs8vXqcEkwnf8AdmDaBtFjxUY4v2sb7TNvteg9VsvQFjra4plxblrtDm5XSe6YOYbj3wPI8Fq9jRdUAFNrnmJhgLjGmsDdqPVXOj1Ts7uiRp3oP8fRUx9d36vDfBe\/O3QuuO9yWBZvqvYPIOBK4YusdeVfuWjN5NR3kA35lcnK3r5yhJMJkKEIwkmVEIGgITQJxUWfFKofepBA4QjMhBF7ZXix3eK9C0jZ6FeGfvILYKag0qSAcJSBkApqDN\/In36oJJFNJBneg\/8A59p\/jtHrI+a7TdVe2eGN2DauD4FXNO4ovbtbVpkftBd2wKh2dI1H7cpeZ4AEqYmONY7Uz3FZ2utRwG7Rvc9ICp21ZzDNNxbIIJY4gkHaCRuXrd3r7jK6odQwNEACG6ndv1Oq9MRv3XDg54aCGhvcblnmeeqyr3sMbMcZr6XsNun0iHUnFjgIDm6GD\/0PQKxhVQivSEwHVabXcwXj5gLwfeCqGxTYzK2D2YjOdO8fT3lWvpDHPtgymKbm1KQe8EntHZ2DNG7YT+bkqz+Tq5Z8uG\/t9l\/3pd65bvPeUaf9lbgnxqOJ+DQtBWf6eXfbX9d33cjB+VgP\/JYALe+vljSTQoEXlJATAQEIKZUHFB5zJ8FJQZsUgUEwEJApoCVUuBBkKyDKr3bY1Qe9Mqa8Lc6L2QSXk0948wvReTtHAoPVJNIoLWEn66jP9tS\/3GrvvSWr2NhcuGhbQqR4lpaPeV8+Wzoc0nc5p9CCu1dZlxFuKJcGirUDXOOoawPaCTxEuB8lMWw9crt3UhSeHtcamnZuaYa3SDmE67jvUrMUctTtS8PDfqgwAtLoOjuGuXyledagG1Mge1wlozjRneAkzroCSCeRU8Qsjb1DTeWlwAJLDI13TxWT3ur9+9ruEU6bie2qGmA2QQ3NJkaQOUqduASwveGQ+m4ZvtOFRncB3E668l43Ni+3cG1AASJEEHSSJ9QV49IbepQZTztLS4h7CY1yhrpEH8TT5qs9bcvJJw5X5ezr\/jHYtW7SvXftzVqhB4tzkN90KqEgmFs+ZOUnbPFCCPcgTQmmCoEoGSvGs7RehKrXDtgPigk0r1avFjF7MEIGmiEIFChWHdK9FCqJBQV7VytBUaJ1VxhSCag9qkgoAFCTNnqmgi4SCBwPwXQesfFO1qUmNMgUKT54mp359A1aA1ZG7uC9zC7UilQZ5U6DGD\/TPml8a8P85\/l6Ci7Lmyuy7M0HLPDNs3j1UGs5ae5TbcvydnmOSc2XdOmvuHoF70L57Kb6TT3KntCAeAMHdIAHksunu4\/JCm\/XU8tTw2AKvjNcuLGkkhghoJJDQdYaNwWTw3EH0BUDMsVG5XZhMQDBHA94\/wAhYK7MvKY+s\/1uVnDZp5lNJMrV4IbxQkdylPJBApFNzlEoAlVHauMq0VUoHU+KgelFsL3UQ1NSJhCQQg\/\/2Q==\" alt=\"Imagini pentru \u0162ara mea de dincolo de Prut...valeriu dulgheru\" name=\"iyPUOpGJxOcLdM:\" data-sz=\"f\" \/>\u201eTara mea de dincolo de Prut,<br \/>\nmi s-a dat porunca sa te uit\u2026\u201d.<\/em><\/p>\n<p style=\"text-align: right;\" align=\"right\"><strong>(Nicolae Dabija)<\/strong><\/p>\n<p align=\"right\"><strong>\u00a0<\/strong><\/p>\n<p align=\"right\"><strong><em>\u00a0<\/em><\/strong><\/p>\n<p style=\"text-align: justify;\">\u00a0\u00a0 La 28 iunie 1940 ni s-a dat ordin s\u0103 te uit\u0103m. Zilele acestea s-au \u00eemplinit 75 de ani de la acest trist eveniment. Comisarii sovietici asista\u0163i de lep\u0103d\u0103turi autohtone \u00eemi ordonau s\u0103-l uit pe fratele de peste Prut, iar pentru a-l uita mai u\u015for m-a deportat \u00een cel\u0103lalt cap\u0103t al lumii, tocmai \u00een fundul Siberiei la Cercul Polar. Celor l\u0103sa\u0163i (deocamdat\u0103) la vatr\u0103 li se spunea c\u0103 de acum \u00eenainte pe veci au o alt\u0103 \u0163ar\u0103 \u2013 u.r.s.s., iar \u0163arcul se nume\u015fte \u201e<em>republica sovietic\u0103 socialist\u0103 moldoveneasc\u0103\u201d.<\/em> \u00cenv\u0103\u0163\u0103torii \u00een mare parte adu\u015fi de peste Nistru le spuneau copiilor veni\u0163i la \u015fcoal\u0103 la 1 septembrie c\u0103 au o alt\u0103 \u0163ar\u0103, c\u0103 trebuie s\u0103 \u00eenve\u0163e o alt\u0103 hart\u0103, o alt\u0103 limb\u0103 \u2013 limba moldoveneasc\u0103, \u00eembr\u0103cat\u0103 \u00een alte straie \u2013 grafia slav\u0103 (chirilic\u0103). Locul chipului luceaf\u0103rului poeziei rom\u00e2ne\u0219ti &#8211; Eminescu \u00een clas\u0103 \u00eel ocupa portretul \u201e<em>celui mai iubit dintre oameni\u201d<\/em> I. Stalin. V\u0103 pute\u0163i imagina starea elevului rom\u00e2n de ieri devenit peste noapte octombrel, pionier, comsomolist sovietic, impus s\u0103-\u015fi uite r\u0103d\u0103cinile, \u0163ara, str\u0103mo\u015fii, tradi\u0163iile, limba \u00eembr\u0103cat\u0103 \u00een straiele ei naturale \u2013 grafie latin\u0103. Iar cei care refuzau s\u0103-\u015fi uite \u0162ara erau deporta\u0163i, \u00eempu\u015fca\u0163i.<\/p>\n<p style=\"text-align: justify;\">Trecu\u0163i prin deport\u0103ri \u00een c\u00e2teva valuri, prin \u00eenchisorile nkvd-iste, prin cumplita foamete din 1946-47, c\u00e2nd unii au fost adu\u015fi la stare animalic\u0103, prin colectivizarea for\u0163at\u0103, prin toate treptele \u015fcolii sovietice, menirea c\u0103rora era dezna\u0163ionalizarea, rusificarea \u015fi formarea noului om sovietic \u2013 \u201e<em>homo sovieticus\u201d,<\/em> marea majoritate de rom\u00e2ni basarabeni nu \u015fi-au uitat r\u0103d\u0103cinile, apartenen\u0163a de neam. Chiar \u015fi dup\u0103 50 de ani de urgie sovietic\u0103, de satanism comunist la sf\u00e2r\u015fitul anilor 90\u2019 aceast\u0103 a\u015fchie de popor rom\u00e2n a ren\u0103scut ca pas\u0103rea Phoenix din cenu\u015f\u0103. Mi\u015fcarea popular\u0103 constituit\u0103 \u00een Frontul Popular era cea mai puternic\u0103 \u00een fosta u.r.s.s. Aceast\u0103 mi\u015fcare ia trezit \u015fi pe fra\u0163ii de peste Prut. \u00cens\u0103 prea repede s-a stins, nefiind atins scopul principal \u2013 revenirea acas\u0103. Frontul Popular, \u00eenc\u0103put pe m\u00e2na tr\u0103d\u0103torului Iu. Ro\u015fca, s-a transformat \u00eencetul cu \u00eencetul \u00eentr-o forma\u0163iune politic\u0103 antina\u0163ional\u0103, care s-a stins lent p\u00e2n\u0103 \u015fi-a dat ob\u015ftescul sf\u00e2r\u015fit. Visul de reunire cu \u0162ara se stingea \u015fi el \u00eencet. Nu se mai vorbe\u015fte ast\u0103zi despre Frontul Popular (rebotezat ulterior ppcd), despre liderul lui Iu. Ro\u015fca. \u201e<em>Maurul \u015fi-a f\u0103cut treaba, maurul poate s\u0103 plece<\/em>\u201d. \u015ei a plecat. Au venit al\u0163ii care au preluat flamura c\u0103zut\u0103 \u015fi ne-au \u00eendemnat spre un nou orizont \u2013 cel al integr\u0103rii europene. Cu c\u00e2t\u0103 am\u0103r\u0103ciune \u00een suflet constat\u0103m ast\u0103zi c\u0103 \u015fi unii dintre ace\u015ftia ne-au tr\u0103dat amarnic a\u015ftept\u0103rile. M\u0103 refer la cea mai \u00eensemnat\u0103 (ca pondere \u00een organul legislativ) forma\u0163iune politic\u0103 de centru \u2013 dreapta \u2013 PLDM, condus\u0103 de V. Filat (de partidul lui Lupu nici nu mai vorbesc, acesta nu este al nostru). At\u00e2t de aproape de acest vis la 28 iunie 2014, c\u00e2nd Iu. Leanc\u0103 a semnat Acordul de Asociere la Uniunea European\u0103, \u015fi at\u00e2t de departe suntem ast\u0103zi. Politicienii no\u015ftri au transformat acest vector european \u00eentr-un miraj. Cu c\u00e2t ne-am apropiat mai mult de el cu at\u00e2t mai departe suntem ast\u0103zi. Prin g\u0103in\u0103riile politice \u015fi financiare din ultimul timp au compromis extrem de mult acest vis, au compromis numele de politician, au compromis guvernarea democratic\u0103 proeuropean\u0103.<\/p>\n<p style=\"text-align: justify;\">\u00a0\u00a0 Ceva e putred \u00een Danemarca noastr\u0103. Pe toate c\u0103ile posibile s-a creat o impresie eronat\u0103 despre politicul basarabean unde se crede c\u0103 nu mai e locul cumsec\u0103deniei, bunelor moravuri. Poate de aceea oamenii cumsecade cu o bun\u0103 preg\u0103tire \u015fi cu sim\u0163ul durerii de Neam nu-\u015fi g\u0103sesc locul \u00een politica basarabean\u0103. Dorin Chirtoac\u0103 este unul dintre pu\u0163inii. Priveam cu dezgust b\u0103t\u0103ile electorale \u015fi \u00eel comp\u0103timeam pe Dorin Chirtoac\u0103 atacat b\u0103d\u0103r\u0103ne\u015fte de tot soiul de du\u015fmani \u015fi \u201e<em>prieteni\u201d<\/em>. Cu toate acestea Dorin a c\u00e2\u015ftigat Capitala, a c\u00e2\u015ftigat cu un scor hot\u0103r\u00e2tor \u00een pofida comportamentului mai mult dec\u00e2t b\u0103d\u0103r\u0103nesc al oponen\u0163ilor lui. <strong>Bavo Dorin! <\/strong>Ciuma ro\u015fie a fost oprit\u0103 la por\u0163ile ora\u015fului nu \u00eens\u0103 \u015fi lichidat\u0103. Mare a fost dezam\u0103girea talimbului Dodon \u00een noaptea de dup\u0103 alegeri care atunci c\u00e2nd situa\u0163ia era deja clar\u0103 s-a cobor\u00e2t la un limbaj de birjar. E de \u00een\u0163eles, are de f\u0103cut raport \u015fefului \u015fi nu prea are ce raporta la at\u00e2\u021bia bani cheltui\u0163i (pu\u0163ini bani l-au costat puzderia de megabanere re\u00eennoite de c\u00e2teva ori pe parcursul campaniei electorale, corturile ro\u015fii cu oameni angaja\u0163i \u00eempr\u0103\u015ftiate prin tot ora\u015ful, tonele de maculatur\u0103 electoral\u0103 distribuit\u0103 la kilograme (fiind \u00eentr-un troleibus la sta\u0163ie taxatoarea s-a apropiat de un astfel de cort ro\u015fu primind un bra\u0163 de ziare. La \u00eentrebarea mea ce va face cu at\u00e2tea ziare ea mi-a r\u0103spuns \u201e<em>Sunt bune pentru \u015ftersul geamurilor troleibuzului!\u201d)?<\/em> Actualmente toat\u0103 clasa politic\u0103 este compromis\u0103 \u00een fa\u0163a cet\u0103\u0163enilor. Nu \u00een zadar institu\u0163iile statului se bucur\u0103 de cel mai prost raiting. La aceasta au contribuit \u00een mare parte mijloacele de informare \u00een mas\u0103 aservite unor grupuri de interes sau aflate \u00een goan\u0103 dup\u0103 senza\u0163ii, partidele politice, scopul de baz\u0103 al c\u0103rora nu este propunerea unor solu\u0163ii mai bune pentru a scoate aceast\u0103 a\u015fchie de popor at\u00e2t de prost guvernat\u0103 din mizeria material\u0103 \u015fi moral\u0103, ci distrugerea cu orice pre\u0163 a oponen\u0163ilor politici, promovarea nepotismului, cum\u0103trismului \u015fi corup\u0163iei. Pe scena politic\u0103 a ap\u0103rut un nou tip uman, pentru care sensul vie\u0163ii este achizi\u0163ia, consumul \u015fi parada. Este un fenomen trist \u015fi foarte periculos \u00een politica promovat\u0103 pe malul B\u00e2cului.<\/p>\n<p style=\"text-align: justify;\">Toate acestea au dus la erodarea puterii, la pierderea lamentabil\u0103 a \u00eencrederii \u00een guvernare. Alegerile locale recente au confirmat acest lucru. \u00cen Chi\u015fin\u0103u, unde electoratul este mai informat, PLDM are doar 2 consilieri, iar PDM \u2013 doar unu. At\u00e2t de murdare au fost aceste alegeri. Pe parcursul campaniei electorale se crea impresia c\u0103 acest lucru se f\u0103cea \u00een mod special dirijat de undeva de cineva. Ar putea exista un plan bine chibzuit al Kremlinului de erodare c\u00e2t mai puternic\u0103 a puterii, a for\u0163elor proeuropene democrate. De fapt nu le este prea greu s\u0103-\u015fi ating\u0103 scopul deoarece cei din v\u00e2rful puterii democrate le-au ajutat puternic prin g\u0103in\u0103riile politice \u015fi financiare din ultimul timp. Tot mai mult constat \u015fi eu ca \u015fi cunoscutul intelectual rom\u00e2n Andrei Ple\u015fu c\u0103 \u201e<em>\u0162ara mea nu mai are mare leg\u0103tur\u0103 cu mine. E \u0163ara altora: a unei re\u0163ele de indivizi care au ajuns la v\u00e2rf prin grosolane manevre de partid, de familie \u015fi de ga\u015fc\u0103. Fa\u0163\u0103 de \u0163ara \u201elor\u201d m\u0103 simt nu numai str\u0103in, ci pur \u015fi simplu amenin\u0163at\u2026Se fur\u0103 lacom, se fur\u0103 obraznic, se fur\u0103 p\u00e2n\u0103 la pierderea instinctului de conservare. Infractorii se simt infailibili, invulnerabili, nemuritori\u2026Dac\u0103 sunt prin\u015fi, se declar\u0103 victimele unor manevre politice. \u00cencearc\u0103 eventual, s\u0103 scape, turn\u00e2ndu-se \u00eentre ei\u201d.<\/em> Parc\u0103 sunt scrise cu referire la situa\u0163ia actual\u0103 din Basarabia. Numai la noi se poate \u00eent\u00e2mpla a\u015fa ceva ca unul dintre principalii \u00eenvinui\u0163i de furtul secolului \u015f\u0103-\u015fi cumpere imunitate cu voturile orheienilor. La \u00eentrebarea unui orheian de ce l-au vot pe cel \u00eenvinuit de furtul miliardelor el a r\u0103spuns non\u015falant \u201e<em>Poate a investi ceva din ceea ce a furat la Orhei\u201d<\/em>. Sf\u00e2nt\u0103 naivitate s\u0103 nu o numesc mai dur. Acela\u015fi lucru \u00eel putem spune \u015fi referitor la B\u0103l\u0163i unde un alt ho\u0163oman legat cu lumea interlop\u0103 c\u00e2\u015ftig\u0103 alegerile din primul tur cu majoritate de voturi ale b\u0103l\u0163enilor! Pentru mult\u0103 lume este clar c\u0103 scenariile B\u0103l\u0163i \u015fi Chi\u015fin\u0103u fac parte din aceea\u015fi schem\u0103 construit\u0103 la Kremlin. V\u0103 pute\u0163i imagina c\u0103 R. Usat\u00eei obi\u015fnuit cu luxul Moscovei (unde are o \u00eentreag\u0103 mo\u015fie cu o suprafa\u0163\u0103 de 2 ha \u015fi un adev\u0103rat conac) sau al Chi\u015fin\u0103ului a fost liber dispus s\u0103-\u015fi lege destinul de aceast\u0103 urbe provincial\u0103. Nu observa\u0163i \u00een discursurile lui cum tinde la postul de pre\u015fedinte al Republicii (s\u0103 ne fereasc\u0103 Domnul de aceast\u0103 n\u0103past\u0103!). Prostul nu este suficient de prost dac\u0103 nu este \u015fi fudul. Sau tovar\u0103\u015fa Z. Grecean\u00eei, fost prim ministru, este oare \u00eenc\u00e2ntat\u0103 de acest post de primar al Capitalei, care mai cere s\u0103 te mai ca\u021b\u0103ri uneori pe schele de construc\u0163ie sau s\u0103 te cobori \u00een subteranele re\u0163elelor de canalizare (o priveam pe tovar\u0103\u015f\u0103 \u00een noapte de dup\u0103 alegeri \u015fi nu am observat s\u0103 fie distrus\u0103 de insucces!). Este clar c\u0103 fac acest lucru la ordinul celor care-i pl\u0103tesc, iar ordinele se execut\u0103. Scopul Kremlinului este s\u0103 fie c\u00e2t mai r\u0103u \u00een acest col\u0163 de \u0163ar\u0103, s\u0103 fie compromise c\u00e2t mai mult ramurile puterii \u015fi atunci aceast\u0103 a\u015fchie de popor va fi o prad\u0103 u\u015foar\u0103 \u015fi singur\u0103 \u00ee\u015fi va pune juv\u0103\u0163ul pe g\u00e2t prin \u201e<em>vot democratic\u201d<\/em>.<\/p>\n<p style=\"text-align: justify;\">C\u00e2nd m\u0103 g\u00e2ndesc c\u0103 ace\u015fti indivizi \u00eemi hot\u0103r\u0103sc soarta m\u0103 cutremur. La ce timpuri, la ce moravuri am ajuns. Partidele politice au devenit simple trambuline pentru afaceri\u015fti \u015fi ho\u0163omani iar noi \u00eei \u00eenjur\u0103m \u00een g\u00e2nd \u00eens\u0103 \u00eei vot\u0103m fiindc\u0103 nu avem al\u0163ii, fiindc\u0103 \u00een locul lor ar veni al\u0163ii mult mai periculo\u015fi. Iar miticii moldovene\u015fti profit\u0103 de impasibilitatea situa\u0163iei noastre. Biserica face propagand\u0103 electoral\u0103 pentru reprezentatul satanei chiar \u00een biseric\u0103! Mai toate televiziunile ruse\u015fti fac campanie electoral\u0103 doar pentru un singur candidat (Z. Grecean\u00eei), iar pu\u0163inele din cele na\u0163ionale o fac pe impar\u0163ialii, promov\u00e2nd de altfel nemeritul. Diver\u015fi \u201e<em>anali\u015fti politici\u201d<\/em> devin exper\u0163i mai \u00een toate domeniile sp\u0103l\u00e2ndu-le creierii telespectatorilor.<\/p>\n<p style=\"text-align: justify;\"><strong>Cei de f\u0103cut \u00een aceast\u0103 situa\u0163ie ambigu\u0103 \u015fi deosebit de dificil\u0103?<\/strong> Exist\u0103 dou\u0103 c\u0103i de salvare de pericolul asiatic \u015fi aceste c\u0103i trebuie s\u0103 se complementeze una pe alta: continuarea pa\u015filor de integrare european\u0103 \u015fi reactualizarea ideii de Reunire cu Patria-mam\u0103! De\u015fi tot mai iluzorie va trebui de sus\u0163inut pe toate c\u0103ile ideea de integrare european\u0103 sau ce a mai r\u0103mas din ea. Aici avem nevoie de o coalizare mai larg\u0103 a for\u0163elor democrate, care trebuie s\u0103 lupte pe dou\u0103 fronturi: \u00eempotriva lui Dodon \u015fi Usat\u00eei, care \u00ee\u015fi doresc acapararea puterii, rezilierea Acordului de Asociere \u015fi reorientarea spre uniunea euroasiatic\u0103 (rus\u0103!); \u015fi \u00eempotriva celor care au furat miliardele (Plahotniuc, Filat, dar \u015fi Voronin, Dodon, Grecean\u00eei, \u015eor \u015f.a.). S\u0103 te arunci cu pieptul dezgolit asemenea lui Matrosov nu faci prea mare treab\u0103. Nu pot accepta nici \u00een ruptul capului aruncarea tuturora \u00een acela\u015fi ceaun cum fac cei de la Jurnal TV \u015fi Platforma DA, unde \u00eei g\u0103sim pe pre\u015fedintele N. Timofte, Iu. Leanc\u0103, dar \u015fi pe D. Chirtoac\u0103 al\u0103turi de Plahotniuc, Filat, Voronin, Dodon, Grecean\u00eei \u015f.a. Ideea integr\u0103rii europene mai este \u00eenc\u0103 sus\u0163inut\u0103 de electorat. Drept dovad\u0103 sunt rezultatele ultimelor alegeri generale locale unde electoratul le-a mai dat o \u015fans\u0103 partidelor proeuropene, vot\u00e2nd \u00een peste \u00be de raioane candida\u0163i proeuropeni \u00een func\u0163iile de primari locali \u015fi consilieri. \u00cens\u0103 un vechi proverb rom\u00e2nesc spune c\u0103 \u201e<em>ulciorul nu se duce de multe ori la f\u00e2nt\u00e2n\u0103\u201d<\/em>, p\u00e2n\u0103 la urm\u0103 se stric\u0103. De-ar \u00een\u0163elege acest lucru guvernan\u0163ii.<\/p>\n<p style=\"text-align: justify;\">O alt\u0103 cale tot mai frecvent auzit\u0103 \u00een ultimul timp este Reunirea cu \u0162ara, de la trupul c\u0103reia am fost rup\u0163i la 28 iunie 1940. Ve-\u0163i spune c\u0103 e pu\u0163in real\u0103, dar s\u0103 ne amintim c\u00e2t de real\u0103 era la \u00eenceputul anilor \u015faizeci ai sec. XIX mica Unire a Principatelor Moldova \u015fi Muntenia. A devenit posibil\u0103 doar dup\u0103 pierderea de c\u0103tre Rusia a r\u0103zboiului din Crimeea. \u015ei Marea Unire de la 1918 nu ar fi fost posibil\u0103 dac\u0103 \u00een rezultatul primului r\u0103zboi mondial imperiile austro-ungar \u015fi rus nu se destr\u0103mau. Aceast\u0103 cale, destul de real\u0103 \u00een anii 90, pe parcurs a fost serios compromis\u0103. Lum\u00e2narea aproape stins\u0103 a Re\u00eentregirii a fost preluat\u0103 de tinerii rom\u00e2ni de pe ambele maluri ale Prutului, viitorul c\u0103rora este cel mai mult compromis de situa\u0163ia actual\u0103. Ace\u015fti minuna\u0163i tineri au organizat mitingul de comemorare a 203 ani de la raptul Basarabiei de la 1812, la care au participat peste 40000 de manifestan\u0163i. Tot ace\u015fti tineri organizeaz\u0103 tocmai trei evenimente majore: Marea Adunare Na\u021bional\u0103 (5 iulie 2015), Mar\u0219ul lui \u0218tefan cel Mare si podul de flori de la Prut (11 iulie 2015). S\u0103-i sus\u0163inem cu to\u0163ii \u00een nobila lor idee, \u00eendemnul lor c\u0103tre noi fiind \u201e<em>Vara asta doar a\u0219a pute\u021bi contribui pentru Unire. Orice om care \u0219i-o dore\u0219te trebuie s\u0103 fie prezent m\u0103car la unul dintre evenimente; \u00een caz contrar \u2013 va privi de la televizor cum al\u021bii fac Unirea. Punctul de apogeu pentru tot ce \u00eenseamn\u0103 Unire este acum, \u00een iulie. Este acum sau niciodat\u0103 pentru oricine viseaz\u0103 la Unire. Dac\u0103 nici cu aceast\u0103 ocazie nu l\u0103s\u0103m tot ce avem de f\u0103cut la o parte \u0219i nu ne dedic\u0103m doar Unirii pentru o zi, pentru o s\u0103pt\u0103m\u00e2n\u0103, atunci c\u00e2nd?<\/em>\u201d.<\/p>\n<p style=\"text-align: justify;\">Vorbind \u00een limbajul bravilor tineri s\u0103 vedem ce ne une\u015fte: aceea\u015fi limb\u0103, istorie, cultur\u0103, tradi\u0163ii, religie, tricolor. De fapt suntem aceea\u015fi doar desp\u0103r\u0163i\u0163i temporar la 28 iunie 1940. \u201e<em>De ce avem nevoie de unire?<\/em>\u201d se \u00eentreab\u0103 tinerii. Pentru c\u0103 doar: \u201e<em>Dac\u0103 DNA-ul trece Prutul \u2013 ho\u0163ii vor intra la pu\u015fc\u0103rie, iar noi vom sc\u0103pa de corup\u0163ie; Dac\u0103 vom institui leul moldovenesc ca valut\u0103 na\u0163ional\u0103\u2013vom avea o pia\u0163\u0103 valutar\u0103 stabil\u0103; Dac\u0103 autostr\u0103zile rom\u00e2ne\u0219ti vor ajunge \u015fi la Chi\u015fin\u0103u \u2013 vom conecta infrastructura noastr\u0103 rutier\u0103 cu cea european\u0103; Dac\u0103 Republica Moldova se va integra \u00een Rom\u00e2nia \u2013 va accede automat \u00een UE \u015fi NATO, elimin\u00e2nd astfel pericolul unui r\u0103zboi ca cel din Ucraina; Dac\u0103 vom beneficia \u015fi noi de sistemul de educa\u0163ie din Rom\u00e2nia \u2013 condi\u0163iile de trai ale studen\u0163ilor s-ar \u00eembun\u0103t\u0103\u0163i vizibil, iar bursele tinerilor ar fi de nivel european; Dac\u0103 procurorii de la Bucure\u015fti vin la noi \u2013 se va recupera miliardul furat; Dac\u0103 vom tr\u0103i ca-n Rom\u00e2nia \u2013 salariile noastre vor fi \u00een mediu de 530 Euro; Dac\u0103 ne vom aproviziona \u00een \u00eentregime cu gazul rom\u00e2nesc \u2013 vom pl\u0103ti mai pu\u0163in \u015fi nu vom depinde de cel rusesc; Dac\u0103 vom beneficia de granturile, pe care le are Rom\u00e2nia la dispozi\u0163ie \u00een urm\u0103torii ani \u2013 la noi ar ajunge miliarde de euro subven\u0163ii pentru agricultur\u0103; Dac\u0103 vom putea trece Prutul f\u0103r\u0103 grani\u0163e\u2013ne vom bucura de Munte \u015fi Mare la noi acas\u0103\u201d. <\/em><\/p>\n<p style=\"text-align: justify;\">La cele spuse de tineri a\u015f mai putea ad\u0103uga: pensiile ar fi ca-n Rom\u00e2nia de apr. 300 Euro \u00een loc de 70-80 Euro; cercet\u0103torii \u015ftiin\u0163ifici ar avea salarii la nivelul celor europene; cadrele didactice vor avea salarii \u00eentre 500-1000 Euro nu 80-150 Euro cum este acum la noi.<\/p>\n<p style=\"text-align: justify;\">\u015ei atunci s\u0103 ne \u00eentreb\u0103m: de ce nu facem REUNIREA? \u201e\u2026<em>Dar de-o fi s\u0103 mi te uit, suflet al meu\/, Uite-m\u0103 pre mine Dumnezeu!\u201d.<\/em><\/p>\n<p><em>\u00a0<\/em><\/p>\n<p><strong><em>\u00a0<\/em><\/strong><\/p>\n<p align=\"right\"><strong><em>Valeriu Dulgheru<\/em><\/strong><\/p>\n<p>&nbsp;<\/p>\n<p>&nbsp;<\/p>\n","protected":false},"excerpt":{"rendered":"<p>\u201eTara mea de dincolo de Prut, mi s-a dat porunca sa te uit\u2026\u201d. (Nicolae Dabija) \u00a0 \u00a0 \u00a0\u00a0 La 28 [&#038;hellip<\/p>\n","protected":false},"author":1,"featured_media":0,"comment_status":"closed","ping_status":"closed","sticky":false,"template":"","format":"standard","meta":{"footnotes":""},"categories":[3],"tags":[],"class_list":["post-24354","post","type-post","status-publish","format-standard","hentry","category-articole"],"_links":{"self":[{"href":"https:\/\/www.marianagurza.ro\/blog\/wp-json\/wp\/v2\/posts\/24354","targetHints":{"allow":["GET"]}}],"collection":[{"href":"https:\/\/www.marianagurza.ro\/blog\/wp-json\/wp\/v2\/posts"}],"about":[{"href":"https:\/\/www.marianagurza.ro\/blog\/wp-json\/wp\/v2\/types\/post"}],"author":[{"embeddable":true,"href":"https:\/\/www.marianagurza.ro\/blog\/wp-json\/wp\/v2\/users\/1"}],"replies":[{"embeddable":true,"href":"https:\/\/www.marianagurza.ro\/blog\/wp-json\/wp\/v2\/comments?post=24354"}],"version-history":[{"count":1,"href":"https:\/\/www.marianagurza.ro\/blog\/wp-json\/wp\/v2\/posts\/24354\/revisions"}],"predecessor-version":[{"id":24355,"href":"https:\/\/www.marianagurza.ro\/blog\/wp-json\/wp\/v2\/posts\/24354\/revisions\/24355"}],"wp:attachment":[{"href":"https:\/\/www.marianagurza.ro\/blog\/wp-json\/wp\/v2\/media?parent=24354"}],"wp:term":[{"taxonomy":"category","embeddable":true,"href":"https:\/\/www.marianagurza.ro\/blog\/wp-json\/wp\/v2\/categories?post=24354"},{"taxonomy":"post_tag","embeddable":true,"href":"https:\/\/www.marianagurza.ro\/blog\/wp-json\/wp\/v2\/tags?post=24354"}],"curies":[{"name":"wp","href":"https:\/\/api.w.org\/{rel}","templated":true}]}}