{"id":24570,"date":"2015-07-28T16:26:33","date_gmt":"2015-07-28T16:26:33","guid":{"rendered":"http:\/\/www.marianagurza.ro\/blog\/?p=24570"},"modified":"2015-07-28T16:26:33","modified_gmt":"2015-07-28T16:26:33","slug":"anatol-covali-cum-sa-dispari","status":"publish","type":"post","link":"https:\/\/www.marianagurza.ro\/blog\/2015\/07\/28\/anatol-covali-cum-sa-dispari\/","title":{"rendered":"Anatol Covali: Cum s\u0103 dispari"},"content":{"rendered":"<p style=\"text-align: center;\"><a href=\"http:\/\/www.marianagurza.ro\/blog\/wp-content\/uploads\/2015\/07\/anatol_covali_1426788582.jpg\"><img loading=\"lazy\" decoding=\"async\" class=\"size-medium wp-image-24571\" title=\"anatol_covali_1426788582\" src=\"http:\/\/www.marianagurza.ro\/blog\/wp-content\/uploads\/2015\/07\/anatol_covali_1426788582-199x300.jpg\" alt=\"\" width=\"199\" height=\"300\" srcset=\"https:\/\/www.marianagurza.ro\/blog\/wp-content\/uploads\/2015\/07\/anatol_covali_1426788582-199x300.jpg 199w, https:\/\/www.marianagurza.ro\/blog\/wp-content\/uploads\/2015\/07\/anatol_covali_1426788582.jpg 300w\" sizes=\"auto, (max-width: 199px) 100vw, 199px\" \/><\/a><\/p>\n<p><strong>Cum s\u0103 dispari<\/strong><\/p>\n<p>&nbsp;<\/p>\n<p>Cum s\u0103 dispari c\u00e2nd e\u015fti ce am mai drag<br \/>\npe-al vie\u0163ii mele-nc\u00e2nt\u0103tor meleag<\/p>\n<p>&nbsp;<\/p>\n<p>pe care de c\u00e2nd stai e prim\u0103var\u0103<br \/>\nplin\u0103 de c\u00e2ntec \u015fi superbe flori<br \/>\nce-nmiresmeaz\u0103-ai no\u015ftri splendizi zori<br \/>\nce par \u00een mine ardere solar\u0103.<\/p>\n<p>&nbsp;<\/p>\n<p>Cum s\u0103 dispari c\u00e2nd e\u015fti ce am mai sf\u00e2nt<br \/>\ndin ziua-n care-n sufletul t\u0103u cant<\/p>\n<p>&nbsp;<\/p>\n<p>\u015fi \u00ee\u0163i colind prin inim\u0103 \u015fi minte<br \/>\nconvins c\u0103 niciodat\u0103 n-o s\u0103 pierd<br \/>\niubirea ta pe care o dezmierd<br \/>\ncu toate c\u0103 tot timpul e fierbinte.<\/p>\n<p>&nbsp;<\/p>\n<p>Cum s\u0103 dispari c\u00e2nd \u015ftiu c-al nostru \u0163el<br \/>\nva str\u0103luci \u015fi-n ve\u015fnicii la fel.<\/p>\n<p>&nbsp;<\/p>\n<p align=\"center\"><strong>Anatol Covali<\/strong><\/p>\n<p>&nbsp;<\/p>\n","protected":false},"excerpt":{"rendered":"<p>Cum s\u0103 dispari &nbsp; Cum s\u0103 dispari c\u00e2nd e\u015fti ce am mai drag pe-al vie\u0163ii mele-nc\u00e2nt\u0103tor meleag &nbsp; pe care [&#038;hellip<\/p>\n","protected":false},"author":1,"featured_media":0,"comment_status":"closed","ping_status":"closed","sticky":false,"template":"","format":"standard","meta":{"footnotes":""},"categories":[3],"tags":[],"class_list":["post-24570","post","type-post","status-publish","format-standard","hentry","category-articole"],"_links":{"self":[{"href":"https:\/\/www.marianagurza.ro\/blog\/wp-json\/wp\/v2\/posts\/24570","targetHints":{"allow":["GET"]}}],"collection":[{"href":"https:\/\/www.marianagurza.ro\/blog\/wp-json\/wp\/v2\/posts"}],"about":[{"href":"https:\/\/www.marianagurza.ro\/blog\/wp-json\/wp\/v2\/types\/post"}],"author":[{"embeddable":true,"href":"https:\/\/www.marianagurza.ro\/blog\/wp-json\/wp\/v2\/users\/1"}],"replies":[{"embeddable":true,"href":"https:\/\/www.marianagurza.ro\/blog\/wp-json\/wp\/v2\/comments?post=24570"}],"version-history":[{"count":2,"href":"https:\/\/www.marianagurza.ro\/blog\/wp-json\/wp\/v2\/posts\/24570\/revisions"}],"predecessor-version":[{"id":24573,"href":"https:\/\/www.marianagurza.ro\/blog\/wp-json\/wp\/v2\/posts\/24570\/revisions\/24573"}],"wp:attachment":[{"href":"https:\/\/www.marianagurza.ro\/blog\/wp-json\/wp\/v2\/media?parent=24570"}],"wp:term":[{"taxonomy":"category","embeddable":true,"href":"https:\/\/www.marianagurza.ro\/blog\/wp-json\/wp\/v2\/categories?post=24570"},{"taxonomy":"post_tag","embeddable":true,"href":"https:\/\/www.marianagurza.ro\/blog\/wp-json\/wp\/v2\/tags?post=24570"}],"curies":[{"name":"wp","href":"https:\/\/api.w.org\/{rel}","templated":true}]}}