{"id":24582,"date":"2015-07-29T07:48:29","date_gmt":"2015-07-29T07:48:29","guid":{"rendered":"http:\/\/www.marianagurza.ro\/blog\/?p=24582"},"modified":"2015-07-29T07:48:29","modified_gmt":"2015-07-29T07:48:29","slug":"viorel-roman-germanizarea-europei","status":"publish","type":"post","link":"https:\/\/www.marianagurza.ro\/blog\/2015\/07\/29\/viorel-roman-germanizarea-europei\/","title":{"rendered":"Viorel Roman: Germanizarea Europei"},"content":{"rendered":"<p style=\"text-align: justify;\"><a href=\"http:\/\/www.marianagurza.ro\/blog\/wp-content\/uploads\/2015\/07\/ROMAN-Viorel-wb22.png\"><img loading=\"lazy\" decoding=\"async\" class=\"alignleft size-full wp-image-24583\" title=\"ROMAN-Viorel-wb2\" src=\"http:\/\/www.marianagurza.ro\/blog\/wp-content\/uploads\/2015\/07\/ROMAN-Viorel-wb22.png\" alt=\"\" width=\"150\" height=\"200\" \/><\/a>Chestiunea German\u0103 (1400-) \u015fi Chestiunea Oriental\u0103 (1774-1923) sunt vechi, de aceea e firesc ca lumea \u00een criz\u0103 se \u00eentreb\u0103: Se germanizeaz\u0103 Europa sau se europenizeaz\u0103 Germania? Apar\u0163in greco-ortodocsii de Europa sau de Eurasia?<\/p>\n<p style=\"text-align: justify;\">\u00cen Europa\/UE pia\u0163a neagr\u0103 e de 50% din activitatea economic\u0103, PIB, la greco-ortodoc\u015fi, 25% la catolici \u015fi 10% la protestan\u0163i. Aceste decalajele de corup\u0163ie \u015fi moned\u0103 unica \u20ac agraveaz\u0103 criz\u0103, \u00een care fiecare trage spuza pe turt\u0103 lui.<\/p>\n<p style=\"text-align: justify;\">Se redeschide Chestiunea German\u0103, se urm\u0103re\u015fte, reusi din nou distrugerea Europei Centrale, \u20ac? R\u0103zboaiele, de treizeci de ani, 1618-1648, cele napoleoniene, 1799-1815, cele mondiale, 1914-1945, au reu\u015fit mereu distrugerea Germaniei.<\/p>\n<p style=\"text-align: justify;\">Integrarea RFG \u00een UE a \u00eempiedicat reapari\u0163ia Reich-ului. C\u00e2nd, cu sprijinul Rusiei, Germania s-a ref\u0103cut in 1991 brusc, Anglia \u015fi Fran\u0163a au fost din nou \u00eempotriva. Numai dizolvarea armatei germane \u00een NATO \u015fi diluarea DM \u00een \u20ac a potolit spiritele.<\/p>\n<p style=\"text-align: justify;\">Sl\u0103biciunea competitiva a tarilor din sud PIIGS au \u00eempins \u00eens\u0103 Germania, cu un export de 1.000 de miliarde de \u20ac\/an, \u00een fa\u0163\u0103. Se va degrada Germania sau va disciplina ea Europa? Antata, f\u0103r\u0103 Rusia, adica Franta, Anglia, SUA nu mai pot prinde \u00een cle\u015fte, pe dou\u0103 fronturi, Germania, c\u0103 1914-1945.<\/p>\n<p style=\"text-align: justify;\">Germania \u00eencotro? La Atena se arde drapelul german \u015fi portretul d-nei Merkel e \u00eempodobit cu svastica nazist\u0103. Londra nu renun\u0163a la industria ei financiar\u0103 non-UE. Nu numai Italia \u015fi Spania sunt dep\u0103\u015fite de competitivitatea \u015fi fiscalitatea german\u0103.<\/p>\n<p style=\"text-align: justify;\">Rom\u00e2nii stau cu un picior \u00een Europa \u015fi cu cel\u0103lalt \u00een Eurasia. \u015ei cum Moscova \u00eent\u00e2rzie refacerea unit\u0103\u0163ii cre\u015ftine, moldovenii sunt din ce \u00een ce mai mult asiatici \u015fi nici Bucure\u015ftiul n-are inca nici un proiect na\u0163ional sau european credibil.<\/p>\n<p style=\"text-align: justify;\">Integrarea rom\u00e2nilor \u00een UE\/NATO n-a rupt lan\u0163urile grele ale duhovniciei \u015fi soborniciei moscovite \u015fi constantinopolitane care blocheaz\u0103 emanciparea lor. Formularea e din perioada interbelic\u0103, c\u00e2nd ardelenii sperau c\u0103 ortodocsii moldo-valahii se vor coace. Dar Stalin lichideaz\u0103 Unirea cu Roma \u015fi \u00eei integreaz\u0103 pe to\u0163i \u00eentr-o satrapie asiatic\u0103, a c\u0103ror urm\u0103ri sunt \u015fi ast\u0103zi evidente. Mul\u0163i \u015fi-o doresc din nou!<\/p>\n<p style=\"text-align: justify;\">Moldo-valahii au fapta unirii,1 859, 1918, dar ideea nationala, europeana e a \u015ecolii Ardelene. De aceea \u00eencercarea Partidei ortodoxe, FRN, PMR, PCR, FSN, PDSR, PSD, PNL, USL, PC de a-\u015fi \u00eensu\u015fi, plagia \u015fi ideea na\u0163ional\u0103 e contraproductiva, iar folosirea \u00een dialogul cu vestul a curentelor culturale, a masoneriei, a dinastiei etc. este neconving\u0103toare, nu pot \u00eenlocuii imperativul: Toate drumurile duc la Roma!<\/p>\n<p style=\"text-align: justify;\">Soarta romanilor depinde de meandrele Chestiunii Germane \u015fi a celei Orientale, cu resorturi si \u0163eluri diferite. De aceea criza na\u0163ional\u0103 si sociala se poate dep\u0103\u015fi numai prin continuarea dialogului \u00eenceput in anul de gratie 1999 la Bucure\u015fti de Preafericitul papa Ioan Paul II \u015fi refacerea unit\u0103\u0163ii cu Roma.<\/p>\n<p style=\"text-align: justify;\"><a href=\"http:\/\/viorel-roman-bremen.over-blog.de\/\" target=\"_blank\">viorel-roman-bremen.over-blog.de<\/a><\/p>\n<p style=\"text-align: justify;\"><a href=\"http:\/\/www.viorel-roman.ro\/\" target=\"_blank\">www.viorel-roman.ro<\/a><\/p>\n","protected":false},"excerpt":{"rendered":"<p>Chestiunea German\u0103 (1400-) \u015fi Chestiunea Oriental\u0103 (1774-1923) sunt vechi, de aceea e firesc ca lumea \u00een criz\u0103 se \u00eentreb\u0103: Se [&#038;hellip<\/p>\n","protected":false},"author":1,"featured_media":0,"comment_status":"closed","ping_status":"closed","sticky":false,"template":"","format":"standard","meta":{"footnotes":""},"categories":[3],"tags":[],"class_list":["post-24582","post","type-post","status-publish","format-standard","hentry","category-articole"],"_links":{"self":[{"href":"https:\/\/www.marianagurza.ro\/blog\/wp-json\/wp\/v2\/posts\/24582","targetHints":{"allow":["GET"]}}],"collection":[{"href":"https:\/\/www.marianagurza.ro\/blog\/wp-json\/wp\/v2\/posts"}],"about":[{"href":"https:\/\/www.marianagurza.ro\/blog\/wp-json\/wp\/v2\/types\/post"}],"author":[{"embeddable":true,"href":"https:\/\/www.marianagurza.ro\/blog\/wp-json\/wp\/v2\/users\/1"}],"replies":[{"embeddable":true,"href":"https:\/\/www.marianagurza.ro\/blog\/wp-json\/wp\/v2\/comments?post=24582"}],"version-history":[{"count":2,"href":"https:\/\/www.marianagurza.ro\/blog\/wp-json\/wp\/v2\/posts\/24582\/revisions"}],"predecessor-version":[{"id":24585,"href":"https:\/\/www.marianagurza.ro\/blog\/wp-json\/wp\/v2\/posts\/24582\/revisions\/24585"}],"wp:attachment":[{"href":"https:\/\/www.marianagurza.ro\/blog\/wp-json\/wp\/v2\/media?parent=24582"}],"wp:term":[{"taxonomy":"category","embeddable":true,"href":"https:\/\/www.marianagurza.ro\/blog\/wp-json\/wp\/v2\/categories?post=24582"},{"taxonomy":"post_tag","embeddable":true,"href":"https:\/\/www.marianagurza.ro\/blog\/wp-json\/wp\/v2\/tags?post=24582"}],"curies":[{"name":"wp","href":"https:\/\/api.w.org\/{rel}","templated":true}]}}