{"id":25162,"date":"2015-10-22T17:18:58","date_gmt":"2015-10-22T17:18:58","guid":{"rendered":"http:\/\/www.marianagurza.ro\/blog\/?p=25162"},"modified":"2015-10-23T09:42:48","modified_gmt":"2015-10-23T09:42:48","slug":"vasile-ilica-patriot-roman-prigonit-de-statul-fara-istorie-ucrainean","status":"publish","type":"post","link":"https:\/\/www.marianagurza.ro\/blog\/2015\/10\/22\/vasile-ilica-patriot-roman-prigonit-de-statul-fara-istorie-ucrainean\/","title":{"rendered":",,VASILE ILICA &#8211; patriot rom\u00e2n, prigonit de statul f\u0103r\u0103 istorie ucrainean&#8221;, a plecat \u00een ve\u0219nicie"},"content":{"rendered":"<p style=\"text-align: justify;\"><span style=\"font-size: medium;\">\u00a0<a href=\"http:\/\/www.marianagurza.ro\/blog\/wp-content\/uploads\/2015\/10\/0000000Dl-Vasile-Ilica-Basarabia-Bucovina.Info_.jpg\"><img loading=\"lazy\" decoding=\"async\" class=\"alignleft size-medium wp-image-25163\" title=\"0000000Dl-Vasile-Ilica-Basarabia-Bucovina.Info_\" src=\"http:\/\/www.marianagurza.ro\/blog\/wp-content\/uploads\/2015\/10\/0000000Dl-Vasile-Ilica-Basarabia-Bucovina.Info_-204x300.jpg\" alt=\"\" width=\"204\" height=\"300\" srcset=\"https:\/\/www.marianagurza.ro\/blog\/wp-content\/uploads\/2015\/10\/0000000Dl-Vasile-Ilica-Basarabia-Bucovina.Info_-204x300.jpg 204w, https:\/\/www.marianagurza.ro\/blog\/wp-content\/uploads\/2015\/10\/0000000Dl-Vasile-Ilica-Basarabia-Bucovina.Info_.jpg 218w\" sizes=\"auto, (max-width: 204px) 100vw, 204px\" \/><\/a> VASILE ILICA \u2013 de origine Bucovinean, veteran de r\u0103zboi \u0219i membru al Soc. \u201eM. Eminescu\u201c din Cern\u0103u\u0163i, ce dup\u0103 1990, c\u00e2nd a ie\u0219it la pensie, \u0219i-a dedicat toat\u0103 activitatea culegerii de date \u0219i informa\u021bii cu privire la momentele dramatice cu care s-a confruntat popula\u021bia din nordul Bucovinei \u00een primul an de ocupa\u021bie sovietic\u0103 (1940\u20131941).<\/span><\/p>\n<div style=\"text-align: justify;\"><span style=\"font-size: medium;\"><br \/>\n<\/span><\/div>\n<p style=\"text-align: justify;\"><span style=\"font-size: medium;\">1. Curriculum vitae:<\/span><\/p>\n<p style=\"text-align: justify;\"><span style=\"font-size: medium;\">N\u0103scut la data de 11 Noiembrie 1924 \u00een comuna Brosc\u0103u\u0163ii Noi \u2013 fostul jude\u0163 Storojine\u0163 din nordul Bucovinei. Cursurile primare le-am urmat \u00een comuna natal\u0103, iar cele secundare la Liceul Regele Ferdinand I din ora\u015ful Storojine\u0163, unde m\u0103 surprind dou\u0103 evenimente de mare importan\u0163\u0103 istoric\u0103 pentru nordul Bucovinei:\u00a0<\/span><\/p>\n<p style=\"text-align: justify;\"><span style=\"font-size: medium;\">&#8211; 28 iunie 1940 \u2013 prima cedare, c\u00e2nd absolvisem 4 clase gimnaziale \u015fi am urmat \u00een perioada 1940\u20131941 un an de \u015fcoal\u0103 la \u015fcoala general\u0103 \u00eenfiin\u0163at\u0103 de autorit\u0103\u0163ile sovietice la Storojine\u0163;\u00a0<\/span><\/p>\n<p style=\"text-align: justify;\"><span style=\"font-size: medium;\">&#8211; 25 martie 1944 \u2013 data c\u00e2nd am absolvit cele 8 clase la Liceul Regele Ferdinand I din Storojine\u0163 \u015fi am luat calea refugiului \u00een Rom\u00e2nia \u00een ora\u015ful Timi\u015foara, unde am sus\u0163inut examenul de bacalaureat.\u00a0<\/span><\/p>\n<p style=\"text-align: justify;\"><span style=\"font-size: medium;\">Rom\u00e2nia fiind \u00een plin r\u0103zboi am fost \u00eenrolat \u00een armat\u0103 \u015fi trimis la \u015fcoala de ofi\u0163eri de geniu din Bucure\u015fti \u2013 Sec\u0163ia Construc\u0163ii, pe care am absolvit-o \u00een iunie 1946 cu gradul de sublocotenent. \u00a0\u00cen perioada iunie\u2013octombrie 1944 m\u0103 g\u0103seam \u00een zona operativ\u0103 de la G\u0103ie\u015fti-Ione\u015fti, unde era dizlocat\u0103 \u015fcoala de ofi\u0163eri de geniu din Bucure\u015fti, particip\u00e2nd imediat dup\u0103 23 august 1944 la unele ac\u0163iuni de dezarmare \u015fi anihilare a unor unit\u0103\u0163i germane \u00een retragere. Dup\u0103 trecerea \u00een rezerv\u0103 \u00een 1949 am activat \u00een cadrul diverselor \u00eentreprinderi de construc\u0163ii \u00een calitate de \u015fef de \u015fantier sau \u015fef de sector (la \u015fantiere de anvergur\u0103 mai mare) \u00een zona jude\u0163elor Baia Mare \u015fi Bihor. Ultimii 25 de ani din cariera mea de constructor le-am prestat la Institutul Jude\u0163ean de Proiectare Bihor, unde m-am specializat \u00een studii \u015fi lucr\u0103ri de sistematizare rural\u0103 \u015fi teritorial\u0103 \u00een calitate de proiectant principal \u015fi \u015fef de colectiv de proiectare. Dup\u0103 1989, c\u00e2nd am ie\u0219it la pensie, am f\u0103cut dese c\u0103l\u0103torii \u00een Basarabia \u015fi nordul Bucovinei, ca membru \u015fi activist cultural voluntar al Asocia\u0163iei \u201ePro Basarabia \u015fi Bucovina\u201c \u2013 Filiala Bihor, dedic\u00e2ndu-m\u0103 ac\u0163iunilor de str\u00e2ngere a leg\u0103turilor cu rom\u00e2nii din nordul Bucovinei \u015fi ai celor de dincolo de Prut. \u00cen 1992 am devenit membru \u015fi colaborator al Societ\u0103\u0163ii pentru Cultura Rom\u00e2neasc\u0103 \u201eMihail Eminescu\u201c din Cern\u0103u\u0163i, c\u0103reia i-am donat o important\u0103\u00a0bibliotec\u0103 de carte rom\u00e2neasc\u0103 (cca. 2000 c\u0103r\u0163i \u015fi.reviste literare), pe care le-am mo\u015ftenit de la unchiul meu Mihai Ilica, profesor de limba \u015fi literatura rom\u00e2n\u0103 \u00een ora\u015ful Chi\u015fin\u0103u \u00een perioada 1920\u20131943 (v. detalii \u00een vol. \u201eBucovina abandonat\u0103\u201c \u2013 pag. 447\u2013456). \u00cen desele deplas\u0103ri f\u0103cute \u00een nordul Bucovinei \u00een perioada 1991\u20131998 m-am dedicat str\u00e2ngerii de materiale \u015fi m\u0103rturii legate de evenimentele ce au avut loc \u00een preajma datei de 1 aprilie 1941 l\u00e2ng\u0103 F\u00e2nt\u00e2na Alb\u0103, ac\u0163iune ce s-a concretizat prin apari\u0163ia a unei serii de lucr\u0103ri dedicate relat\u0103rii unor evenimente dramatice de istorie tr\u0103it\u0103, cu care s-a confruntat popula\u021bia din nordul Bucovinei chiar \u00een primul an de ocupa\u021bie sovietic\u0103.\u00a0<\/span><\/p>\n<p style=\"text-align: justify;\"><span style=\"font-size: medium;\"><br \/>\n<\/span><\/p>\n<p style=\"text-align: justify;\"><span style=\"font-size: medium;\">2. C\u0103r\u021bi ap\u0103rute \u00een perioada 2000\u20132011\u00a0<\/span><\/p>\n<p style=\"text-align: justify;\"><span style=\"font-size: medium;\"><br \/>\n<\/span><\/p>\n<p style=\"text-align: justify;\"><span style=\"font-size: medium;\">1) Volumul \u201eF\u00e2nt\u00e2na Alb\u0103 o m\u0103rtirie de s\u00e2nge\u201c \u2013 Editura Imprimeria de Vest Oradea, 1999, 320 pagini. Lucrarea a fost lansat\u0103 la cel de al III-lea Congres al Intelectualit\u0103\u021bii din Nordul Bucovinei (5 martie 2000);\u00a0<\/span><\/p>\n<p style=\"text-align: justify;\"><span style=\"font-size: medium;\">2) Volumul \u201eMartiri \u0219i m\u0103rturii din Nordul Bucovinei\u201c \u2013 Editura Imprimeria de Vest Oradea, 2003, 477 pagini. Aceast\u0103 lucrare a necesitat mai bine de 7 ani de documentare \u00een r\u00e2ndul victimelor stalinismului, \u00een diverse arhive \u0219i \u00een presa timpului. Dup\u0103 lansare, aceast\u0103 carte a beneficiat de o frumoas\u0103 recenzie a ziaristei Maria Toac\u0103 intitulat\u0103 \u201eFile s\u00e2nger\u00e2nde din cartea neagr\u0103 a neamului\u201c publicat\u0103 \u00een revista Zorile Bucovinei, din 4 mai 2004;\u00a0<\/span><\/p>\n<p style=\"text-align: justify;\"><span style=\"font-size: medium;\">3) Volumul \u201eBucovina <\/span><span style=\"font-size: medium;\">abandonat\u0103\u201c \u2013 Editura Imprimeria de Vest Oradea, 2010, 476 pagini. Aceast\u0103 carte a fost lansat\u0103 \u00een cadrul simpozionului \u201eS\u0103rb\u0103toarea c\u0103r\u021bii\u201c, organizat de Societatea pentru cultur\u0103 rom\u00e2neasc\u0103 \u201eMihai Eminescu\u201c din Cern\u0103u\u021bi, la data de 25 aprilie 2010, prilej cu care mi s-a acordat o diplom\u0103 de onoare;\u00a0<\/span><\/p>\n<p style=\"text-align: justify;\"><span style=\"font-size: medium;\">4) \u201eBucovina pe calea re\u00eentregirii \u2013 1775\u20131918\u201c, 152 pagini \u2013 Editura \u201eProvita\u201c din Cluj, lucrare \u00eenchinat\u0103 unirii Bucovinei din 1918 \u0219i distribuit\u0103 studen\u021bilo \u0219i elevilor bucovineni \u0219i basarabeni ce au studiat \u00een Rom\u00e2nia.\u00a0<\/span><\/p>\n<p style=\"text-align: justify;\"><span style=\"font-size: medium;\">5) \u201eBasarabia la \u00eent\u00e2lnire cu istoria \u2013 1917\u20131918\u201c \u2013 Editura \u201eProvita\u201c din Cluj, lucrare \u00eenchinat\u0103 unirii Basarabiei, ce de asemenea a fost distribuit\u0103 studen\u021bilor \u0219i elevilor din Bucovina \u0219i Basarabia.\u00a0<\/span><\/p>\n<p style=\"text-align: justify;\"><span style=\"font-size: medium;\">6) Volumul \u201eMomente din istoria zbuciumat\u0103 a Bucovinei \u2013 episodul Nordul Bucovinei zon\u0103 de ocupa\u021bie a URSS (1940\u20131991)\u201c \u2013 Editura Imprimeria de Vest Oradea, 2011, 239 pagini, lucrare propus\u0103 a fi prezentat\u0103 la simpozionul \u201e70 de ani de la masacrul de l\u00e2ng\u0103 F\u00e2nt\u00e2na Alb\u0103\u201c (31 martie 2011) \u2013 simpozion organizat de Societatea Golgota din Cern\u0103u\u021bi.<\/span><\/p>\n<p style=\"text-align: justify;\"><span style=\"font-size: medium;\">Aceast\u0103 carte a fost trimis\u0103 \u00een prealabil Soc. \u201eGolgota\u201c din Cern\u0103u\u021bi spre a fi anun\u021bat\u0103 \u0219i prezentat\u0103 la simpozionul din 31 martie 2011. Marea surpriz\u0103 pentru autor a fost faptul c\u0103 la prezentarea sa, la simpozionul respectiv i s-a comunicat c\u0103 acest simpozion este dedicat \u00een mod exclusiv victimelor de la F\u00e2nt\u00e2na Alb\u0103, iar \u00een programul simpozionului nu a fost prev\u0103zut nici un fel de lans\u0103ri de carte. Nu mi-a r\u0103mas nimic de f\u0103cut dec\u00e2t s\u0103 \u00eempachetez c\u0103r\u021bile cu care am venit, s\u0103 p\u0103r\u0103sesc respectiva adunare \u0219i s\u0103 trec pe la redac\u021biile de pres\u0103 ce public\u0103 \u00een limba rom\u00e2n\u0103 spre a m\u0103 pl\u00e2nge pentru modul neprincipial \u0219i totul nepoliticos \u00een care am fost tratat. \u00centr-o discu\u021bie avut\u0103 cu Dl. V. B\u00e2cu, pre\u0219edintele Soc. \u201eM. Eminescu\u201c al c\u0103rei membru cotizant sunt \u00eenc\u0103 din 1992, aceasta mi-a confirmat faptul c\u0103 a fost chestionat de c\u0103tre organele SBU (organul de securitate al Ucrainei) asupra activit\u0103\u021bii mele publicistice \u00een regiunea Cern\u0103u\u021bi \u0219i i s-a comunicat c\u0103 at\u00e2t titlul c\u00e2t \u0219i con\u021binutul c\u0103r\u021bii despre care se face vorbire sunt \u201eprovocatoare\u201c. Personal nu am fost \u00eentrebat \u0219i nici nu mi s-au cerut vreo explica\u021bie din partea organelor respective. \u00cen prim\u0103vara anului 2012, potrivit unui obicei mai vechi de a s\u0103rb\u0103tori Sf. Pa\u0219ti \u00een Bucovina mea natal\u0103, pe data de 2 aprilie 2012 m-am prezentat la punctul vamal ucrainean \u201ePorubnoe\u201c \u00een drumul meu spre Cern\u0103u\u021bi unde mi s-a comunicat c\u0103 am \u201einterdic\u021bie\u201c de intrare \u00een Ucraina pe timp de cinci ani. Abia \u00een acest moment am realizat faptul c\u0103 aceast\u0103 m\u0103sur\u0103 luat\u0103 de autorit\u0103\u021bile ucrainene de la Cern\u0103u\u021bi se constituie ca m\u0103sur\u0103 de \u201erepresalii\u201c \u00eempotriva autorului c\u0103r\u021bii \u201eMomente din istoria zbuciumat\u0103 a Bucovinei \u2013 episodul: Nordul Bucovinei zon\u0103 de ocupa\u021bie a URSS (1940\u20131991)\u201c, lucrare \u00een care pentru prima dat\u0103 se public\u0103 un num\u0103r de \u0219ase liste, traduse \u00een limba rom\u00e2n\u0103, cu numele a 222 de\u021binu\u021bi politici bucovineni ce se g\u0103seau \u00een iunie 1941 \u00een \u00cenchisoarea din Cern\u0103u\u021bi, unde au fost condamna\u021bi la moarte \u0219i executa\u021bi de c\u0103tre organele UKGB \u00een perioada 28 iunie\u20133 iulie 1941. \u00cen acest fel s-a concretizat \u201er\u0103spunsul\u201c autorit\u0103\u021bilor de la Cen\u0103u\u021bi la efortul autorului de a aduce la cuno\u0219tin\u021ba public\u0103 o crim\u0103 colectiv\u0103 comis\u0103 de c\u0103tre regimul totalitar sovietic \u00eempotriva popula\u021biei din nordul Bucovinei. Aceast\u0103 m\u0103sur\u0103 cu care s-a intervenit \u00een noiembrie 2010 a fost luat\u0103 de c\u0103tre reprezentan\u021bii a noii administra\u021bii instalate \u00een 2009, respectiv Partidul Regiunilor a lui Iamucovici, care dup\u0103 cum se \u0219tie s-a instalat la conducerea Ucrainei cu sprijinul material \u0219i politic din partea Moscovei \u0219i deci nu putea permite anumite dezv\u0103luiri \u201edelicate\u201c cu privire la activit\u0103\u021bile NKVD-ului din perioada de dup\u0103 22 iunie 1941, c\u00e2nd Reichul german a atacat URSS-ul pun\u00e2nd \u00een mi\u0219care planul \u201eBarbarossa\u201c. Toate lans\u0103rile ale c\u0103r\u021bilor de mai sus au fost organizate de c\u0103tre Soc. \u201eM. Eminescu\u201c \u00een cadrul unor \u00eentruniri publice anun\u021bate \u00een prealabil \u00een presa rom\u00e2neasc\u0103 din regiunea\u00a0Cern\u0103u\u021bi. \u00cen general c\u0103r\u021bile mele au fost apreciate \u00een mod pozitiv de c\u0103tre cititorii din regiune, iar unele dintre ele au fost onorate cu diplome de onoare adresate autorului, iar studiile de mai sus sunt dedicate unor evenimente dramatice din istoria Bucovinei, despre care au scris \u0219i autori ucraineni. \u00cen egal\u0103 m\u0103sur\u0103, masacrele acelui regim au fost condamnate chiar de c\u0103tre autorit\u0103\u021bile statului ucrainean de dup\u0103 1991. \u00cemi vine greu s\u0103 cred c\u0103 m\u0103sura interdic\u021biei de a intra \u00een Ucraina este legat\u0103 de publicarea unor lucr\u0103ri asupra trecutului totalitar sovietic, despre care \u0219i \u00een Ucriana s-au scris mii de alte lucr\u0103ri. De altfel, toat\u0103 lumea civilizat\u0103 a condamnat masacrele regimului totalitar sovietic \u0219i nu v\u0103d motive pentru ca elucidarea unor asemenea evenimente s\u0103 fie penalizat\u0103 cu \u201einterdic\u021bia\u201c de a intra \u00een Ucraina. Sunt la v\u00e2rsta de 88 de ani \u0219i \u00eemi vine greu s\u0103 cred c\u0103 prezint vreun pericol pentru Ucraina. \u00cen consecin\u021b\u0103 consider c\u0103 faptul de a mi se interzice intrarea \u00een Ucraina pentru efortul de elucidare a unor crime s\u0103v\u00e2r\u0219ite de c\u0103tre regimul totalitar sovietic egaleaz\u0103 cu dorin\u021ba de a se \u201ecamufla\u201c \u0219i pe mai departe aceste crime, ce timp de 70 de ani nu au fost cunoscute, iar listele celor 222 de de\u021binu\u021bi politici executa\u021bi la \u00cenchisoarea din Cern\u0103u\u021bi (\u00een perioada 28 iunie\u20133 iulie 1941) pentru prima dat\u0103 au fost traduse \u00een limba rom\u00e2n\u0103, publicate \u00een cartea de mai sus \u0219i aduse la cuno\u0219tin\u021ba opiniei publice din Bucovina \u0219i din Rom\u00e2nia. \u00cen cazul c\u00e2nd aceast\u0103 str\u0103danie a mea deranjeaz\u0103 \u00een momentul de fa\u021b\u0103 autorit\u0103\u021bile ucrainene, iar inten\u021bia mea de a deconspira asemenea genocid comis \u00eempotriva unor membrii ai popula\u021biei din nordul Bucovinei nu este bine venit, \u00eenseamn\u0103 c\u0103 Ucraina nu mai este interesat\u0103 de promovarea spiritului \u0219i a unor valori europene, iar m\u0103sura de \u201einterdic\u021bie\u201c dictat\u0103 \u00eempotriva persoanei mele \u00een acest caz apare pe deplin justificat\u0103. \u00cen cazul c\u00e2nd aceast\u0103 concluzie a mea nu corespunde realit\u0103\u021bilor din Ucraina \u0219i dac\u0103 aceast\u0103 m\u0103sur\u0103 a fost luat\u0103 \u00een urma unor informa\u021bii gre\u0219it interpretate, atunci ar trebui s\u0103 mi se comunice acest lucru \u00een urma Contesta\u021biei depuse la autorit\u0103\u021bile din Cern\u0103u\u021bi \u00eenc\u0103 din data de 12 aprilie 2012. 7) Volumul \u201eBucovina noastr\u0103 \u2013 Antologie istoric\u0103 1775\u20132010\u201c \u2013 Editura Imprimeria de Vest Oradea 2011, 695 pagini \u2013 lansat\u0103 la 26 octombrie 2012 \u00een cadrul unei manifest\u0103ri culturale \u00eenchinat\u0103 \u201eToamnei Or\u0103dene\u201c, manifestare g\u0103zduit\u0103 de Casa de Cultur\u0103 a Municipiului Oradea, prilej cu care a fost lansat \u0219i Nr. 3 (46) al revistei \u201eFamilia Rom\u00e2n\u0103\u201c \u2013 revist\u0103 trimestrial\u0103 de cultur\u0103 \u0219i credin\u021b\u0103 rom\u00e2neasc\u0103 \u00eenchinat\u0103 solidarit\u0103\u021bii rom\u00e2nilor de pretutindeni, editat\u0103 de Biblioteca Jude\u021bean\u0103 \u201ePetre Dulfu\u201c din Baia Mare. Cu prilejul acestei lans\u0103ri s-au produs dou\u0103 documente:\u00a0<\/span><\/p>\n<ul>\n<li>un DVD \u00een care s-au \u00eenregistrat principalele momente artistice \u0219i lu\u0103rile de cuv\u00e2nt ai participan\u021bilor la aceast\u0103 manifestare cultural\u0103,<\/li>\n<li>o diplom\u0103 de onoare acordat\u0103 autorului c\u0103r\u021bii de mai sus de c\u0103tre Redac\u021bia revistei \u201eFamilia Rom\u00e2n\u0103\u201c din Baia Mare, drept recunoa\u0219tere pentru contribu\u021bia sa \u00een decursul anilor cu materiale \u0219i articole \u00eenchinate spiritului de solidaritate cu rom\u00e2ni de pretutindeni.<\/li>\n<\/ul>\n<p style=\"text-align: justify;\"><span style=\"font-size: medium;\">Autorul volumului \u201eBucovina noastr\u0103 \u2013 Antologie istoric\u0103 1775\u20132010\u201c \u0219i de data aceasta a r\u0103mas credincios modului de prezentare a coper\u021bii c\u0103r\u021bilor scrise anterior, \u00een sensul de a eviden\u021bia epocile istorice \u0219i st\u0103p\u00e2nirile c\u0103rora a apar\u021binut Bucovina \u00een decursul istoriei sale. Cuprinsul c\u0103r\u021bii se refer\u0103 la o perioad\u0103 istoric\u0103 de 235 de ani fiind \u00eemp\u0103r\u021bit pe capitole ce corespund epocilor prefigurate pe coperta c\u0103r\u021bii, iar scopul urm\u0103rit de prezenta lucrare este evocat \u00een \u201eMottoul\u201c de pe prima pagin\u0103 a c\u0103r\u021bii cu care se adreseaz\u0103 tinerei genera\u021bii de bucovineni ce din motive cunoscute nu a avut \u0219ansa de a fi informat\u0103 cu obiectivitatea necesar\u0103 despre tr\u0103irile fericite \u0219i nefericite ale \u00eenainta\u0219ilor s\u0103i. Fiecare capitol al c\u0103r\u021bii este \u00eenso\u021bit de anexe \u00een care se public\u0103 o serie \u00eentreag\u0103 de documente, memorandumuri, rezolu\u021bii \u0219i chiar tratate ce s-au produs \u00een prioadele istorice respective \u00eenso\u021bite \u0219i de unele imagini foto, aceasta spre a se u\u0219ura documentarea celor ce se vor apleca \u00een viitor asupra cercet\u0103rii a unor momente din istoria Bucovinei. \u00cen cele ce urmeaz\u0103 se va trece succint \u00een revist\u0103 principalele evenimente extrem de dureroase ce au avut loc chiar \u00een primul an (1940\u20131941) de ocupa\u021bie sovietic\u0103, evenimente ce fac parte din istoria tr\u0103it\u0103 \u0219i de autorul acestor evoc\u0103ri. A. Masacrul de la cotul Prutului, \u00een aval de Her\u021ba \u00een apropierea satului Lunca \u00een noaptea de 6\/7 februarie 1941 De mult\u0103 vreme o serie de istorici reclam\u0103 faptul c\u0103 nu au fost publicate documente oficiale \u00een leg\u0103tur\u0103 cu crimele comise de c\u0103tre regimul totalitar sovieetic \u00eempotriva popula\u021biei din nordul Bucovinei \u0219i din \u021ainutul Her\u021ba. \u00cen leg\u0103tur\u0103 cu acest aspect al problematicii bucovinene \u021bin s\u0103 precizez faptul c\u0103 documente oficiale s-au publicat doar \u00een cazurile \u00een care s-au pronun\u021bat sentin\u021be de c\u0103tre tribunalele militare ce au judecat unele ac\u021biuni colective organizate cu scopul de a for\u021ba trecerea frontierei a URSS: \u2013 \u00cen noaptea de 6\/7 februarie se semnaleaz\u0103 \u00eencercarea de trecerea frontierei de stat al URSS \u00een zona de la Lunca Prutului unde un grup de cca 400 de tineri rom\u00e2ni din satele Buda-Mahala, Ostri\u021ba-Mahala, Coteni, Boian, Horecea M\u0103n\u0103stirii, Horecea Urban\u0103, Plaiul Cosminului, Ceahor \u0219i Coravia, datorit\u0103 presiunilor ce se f\u0103ceau asupra lor de c\u0103tre prim\u0103riile respective spre a-i convinge s\u0103 plece la munc\u0103 la diverse mine \u0219i \u0219antiere de pe cuprinsul URSS, ace\u0219tia datorit\u0103 suspiciunilor ce le aveau \u00een leg\u0103tur\u0103 cu asemenea oferte\u00a0au preferat s\u0103 dea ascultare unui agent provocator trimis de NKVD, care s-a oferit s\u0103-i \u201eajute\u201c s\u0103 treac\u0103 frontiera URSS spre Rom\u00e2nia. Detalii \u00een leg\u0103tur\u0103 cu acest eveniment s-au publicat \u00een cartea de mai sus la pag. 75. Acest gest s-a soldat cu adev\u0103rat\u0103 dram\u0103 uman\u0103: \u2013 din cei cca 400 ce au participat la aceast\u0103 ac\u021biune doar 57 au reu\u0219it s\u0103 treac\u0103 frontiera \u00een Rom\u00e2nia (a se vedea m\u0103rturia lui Mihai Cr\u0103iu\u021b din satul Ostri\u021ba Mahala, v. pag. 75) \u2013 din cei cca 150 de supravie\u021buitori ce au fost aresta\u021bi pentru cercet\u0103ri \u2013 50 au fost condamna\u021bi de c\u0103tre Curtea Mar\u021bial\u0103 a armatei a 12-a din Kiev, care prin sentin\u021ba pronun\u021bat\u0103 la data de 31 martie 1941 a condamnat la moarte un num\u0103r de 12 de\u021binu\u021bi, iar 38 au primit sentin\u021be de c\u00e2te 10 ani \u00eenchisoare, cu pierderea tuturor drepturilor cet\u0103\u021bene\u0219ti \u0219i confiscarea averii fiind califica\u021bi tr\u0103d\u0103tori ai patriei socialiste (a se vedea art. semnat de Petru Grior la pag. 80). \u2013 din cei cca 200 <\/span><span style=\"font-size: medium;\">de mor\u021bi ce au fost \u00eengropa\u021bi \u00een gropi comune chiar \u00een lunca Prutului au fost recuperate cadavrele a 107 victime ce au fost \u00eenhumate \u00een cimitirul satului Mahala \u00een toamna anului 1941, c\u00e2nd nordul Bucovinei a fost reocupat de c\u0103tre trupele rom\u00e2ne (a se vedea montajul foto de la pag. 86\u201387). B. Masacrul de la F\u00e2nt\u00e2na Alb\u0103 (1 aprilie 1941) \u2013 La data de 1 aprilie 1941 a avut loc mar\u0219ul a cca 2.500 de rom\u00e2ni de pe valea Siretului Mic din raioanele Storojine\u021b \u0219i Hliboca ce au dat crezare unor \u201ezvonuri\u201c lansate cu scop de provocare ale NKVD-ului \u0219i a unit\u0103\u021bilor de gr\u0103niceri din zona de frontier\u0103 cu Rom\u00e2nia, cum c\u0103 dup\u0103 repatrierea nem\u021bilor din Basarabia \u0219i Bucovina \u00een toamna anului 1940 a venit \u0219i r\u00e2ndul rom\u00e2nilor s\u0103 \u201ebeneficieze\u201c de dreptul de re\u00eentregire a familiilor \u00een urma anex\u0103rii nordului Bucovinei de c\u0103tre URSS (a se vedea detalii la pag. 88). \u00cen cadrul acestui articol, s-a \u021binut seam\u0103 de materialele publicate de c\u0103tre ziaristul Ion Dominte \u00een ziarul \u201eBucovina\u201c din Cern\u0103u\u021bi \u00eentr-o serie de articole din perioada februarie\u2013mai 1942 a evenimentelor tragice de la F\u00e2nt\u00e2na Alb\u0103. De asemenea s-a \u021binut seam\u0103 de materialele publicate de ziaristul ucrainean Micola Rubane\u021b \u00een revista \u201eLindena i svit\u201c ce apare la Kiev, care \u00eentr-o anchet\u0103 documentar\u0103 din octombrie 1991 s-a ocupat de procesul intentat de c\u0103tre Tribunalul Militar, ce prin sentin\u021ba Nr. 12969\/1941 a condamnat un num\u0103r de 22 de de\u021binu\u021bi politici participan\u021bi la manifest\u0103rile din 1 aprilie 1941, la pedepse de 8 \u0219i 10 ani \u00eenchisoare cu pierderea drepturilor cet\u0103\u021bene\u0219ti \u0219i confiscarea averii, iar o singur\u0103 sentin\u021b\u0103 de condamnare la moarte a lui Grijincu Vasile a lui Ion din P\u0103tr\u0103u\u021bii de Jos ce a fost hot\u0103r\u00e2t\u0103 de c\u0103tre o comisie special\u0103 din cadrul Comisariatului Poporului pentru Afacerile Interne de la Moscova care \u00een procesul-verbal Nr. 85 din 17 oct. 1942 precizeaz\u0103: \u201eGrijincu Vasile Ivanovici pentru participare la ogrup\u0103 antisovietic\u0103 \u0219i \u00eencercare de a tr\u0103da patria \u2013 s\u0103 fie \u00eempu\u0219cat, iar avutul personal s\u0103 fie confiscat.\u201c<\/span><\/p>\n<p style=\"text-align: justify;\"><span style=\"font-size: medium;\">Detalii asupra acestui capitol au fost tratate \u00een vol. \u201eMartiri \u0219i m\u0103rturii din Nordul Bucovinei\u201c (v. pag. 79\u2013124 \u0219i 307\u2013317). C\u00e2t despre tragediile \u0219i co\u0219marul la care a fost supus\u0103 familia lui Grijincu Vasile acestea au fost relatate \u00een vol. \u201eDrum spre Golgota\u201c scris de c\u0103tre Dr. Docent Ilie Popescu \u0219i publicat la Editura \u201eMoldova\u201c din Ia\u0219i \u00een 1994. Este demn de men\u021bionat faptul c\u0103 Dl. Dr. Docent Ilie Popescu de la Universitatea din Cern\u0103u\u021bi este fiul legitim a lui Vasile Grijincu din P\u0103tr\u0103u\u021bii de Jos, care avea doar v\u00e2rsta de 7 ani c\u00e2nd mama lui Veronica Popescu \u0219i \u00eenc\u0103 7 fra\u021bi minori au fost ridica\u021bi \u00een plin\u0103 iarn\u0103, din satul P\u0103tr\u0103u\u021bii de Jos \u2013 raionul Storojine\u021b \u0219i du\u0219i \u00een deportare \u00een Kazacstan, unde au petrecut \u00een chin \u0219i complit\u0103 mizerie timp de doi ani (1946\u20131948). Un fragment din cuprinsul c\u0103r\u021bii \u201eDrum spre Golgota\u201c a fost publicat \u00een vol. \u201eMartiri \u0219i m\u0103rturii din nordul Bucovinei\u201c la pag. 226\u2013230. C. O mare dram\u0103 na\u021bional\u0103 \u2013 marea deportare din noaptea de 12\/13 iunie 1941 \u00cen noaptea de 12\/13 iunie ca urmare a evenimentelor s\u00e2ngeroase ce s-au desf\u0103\u0219urat la Lunca \u0219i F\u00e2nt\u00e2na Alb\u0103 \u0219i a anchetelor f\u0103cute de c\u0103tre comisii formate din activi\u0219tii ai partidului comunist de la comune \u0219i raioane care au stabilit liste de cet\u0103\u021beni ce au avut vreo leg\u0103tur\u0103 cu respectivele evenimente cu propunerea de a fi dizloca\u021bi \u00een alte zone ale URSS, fiind considera\u021bi du\u0219mani periculo\u0219i ai or\u00e2nduirii sovietice. La \u00eentocmirea listelor respective s-a lucrat o perioad\u0103 de timp destul de \u00eendelungat\u0103 (1 aprilie\u20131 iunie 1941), iar aceast\u0103 activitate se desf\u0103\u0219ura \u00een cel mai strict secret. \u00cen stabilirea candida\u021bilor ce urmau s\u0103 apar\u0103 pe aceste liste se aveau \u00een vedere urm\u0103toarele priorit\u0103\u021bi: \u2013 familii ce au avut vreo tangen\u021b\u0103 cu demonstra\u021biile de protest legate de evenimentele s\u00e2ngeroase de la Lunca \u0219i F\u00e2nt\u00e2na Alb\u0103; \u2013 familii ai c\u0103ror membrii au f\u0103cut parte din partidele istorice de pe timpul Rom\u00e2niei; \u2013 fo\u0219tii primari, perceptori, jandarmi \u0219i comisari ce au lucrat \u00een administra\u021bia rom\u00e2neasc\u0103; \u2013 familii a c\u0103ror membrii se g\u0103seau concentra\u021bi \u00een armata rom\u00e2n\u0103; \u2013 familii de chiaburi \u0219i proprietari de p\u0103m\u00e2nt ce au fost declara\u021bi \u2013 du\u0219mani ai poporului sovietic; \u2013 familii de \u021b\u0103rani din comune \u2013 proprietari de c\u0103ru\u021be \u0219i cai, ce s-au eschivat de la muncile voluntare \u00een folos ob\u0219tesc, ordonate de c\u0103tre primarii comunelor respective;<\/span><\/p>\n<p style=\"text-align: justify;\"><span style=\"font-size: medium;\">\u2013 mai intrau \u00een discu\u021bie familii ce prin munc\u0103 cinstit\u0103 au realizat gospod\u0103rii prospere, ce st\u00e2rneau invidia cozilor de topor de prin prim\u0103rii. Ace\u0219tia abia a\u0219teptau ca proprietarii respectivi sp fie \u201es\u0103lta\u021bi\u201c din casele lor, ca s\u0103-\u0219i poat\u0103 \u00eensu\u0219i bunurile r\u0103mase. De bun\u0103 seam\u0103 listele erau extrem de variate, iar con\u021binutul lor se modifica destul de des \u00een func\u021bie de unele \u201einterven\u021bii\u201c ce se f\u0103ceau din partea unor persoane influen\u021be interesate \u00een a-\u0219i salva rudele sau prietenii de la deportare. De multe ori asemenea \u201earanjamente\u201c se rezolvau prin mit\u0103 b\u0103neasc\u0103. Pe data de 1 iunie 1941, opera\u021biunea de \u00eentocmire a listelor a fost sistat\u0103 \u0219i a \u00eenceput preg\u0103tirea concret\u0103 a ac\u021biunii de deportare prin: \u2013 concentrarea mijloacelor de transport \u0219i a garniturilor de vagoane \u00een re\u0219edin\u021belor raionale, \u2013 concentrarea unit\u0103\u021bilor de militari din cadrul NKVD-ului ce trebuiau s\u0103 \u00eenso\u021beasc\u0103 vagoanele cu deporta\u021bi p\u00e2n\u0103 la destina\u021biile respective. Toate aceste opera\u021biuni era supravegheate cu mare stricte\u021be de c\u0103tre comisiile de activi\u0219ti ai partidului comunist-bol\u0219evic. M\u0103rturii \u00een leg\u0103tur\u0103 cu desf\u0103\u0219urarea transportului spre zonele de destina\u021bie, c\u00e2t \u0219i modul cum se desf\u0103\u0219urau muncile \u00een unit\u0103\u021bile agricole (colhozuri \u0219i sovhozuri) din localit\u0103\u021bile de destina\u021bie s-au ob\u021binut de la supravie\u021buitorii ce s-au \u00eentors \u00een perioada 1946\u20131950 din deportare (a se vedea vol. \u201eMartiri \u0219i m\u0103rturii din nordul Bucovinei\u201c \u2013 cap. IV, pag. 215\u2013265). D. Marea foamete din anii 1946\u20131947 o alt\u0103 dram\u0103 na\u021bional\u0103 Despre \u201emarea foamete\u201c ce a b\u0103ntuit \u00een Basarabia \u0219i Bucovina \u00een perioada 1946\u20131947 s-a vorbit \u00een vol. \u201eMartiri \u0219i m\u0103rturii din nordul Bucovinei\u201c (v. pag. 265\u2013307). Ce trebuie re\u021binut din con\u021binutul cap. V din respectiva lucrare este faptul c\u0103 autorit\u0103\u021bile sovietice \u00een urma unor cereri ale deporta\u021bilor adresate t\u0103tucului Stalin, au \u00eenceput s\u0103 permit\u0103 re\u00eentoarcerea acestora \u00een localit\u0103\u021bile de ba\u0219tin\u0103 din Bucovina cu inten\u021bia ascuns\u0103 c\u0103 aceia ce nu au scombat \u00een timpul perioadei de deportare \u00ee\u0219i vor g\u0103si sf\u00e2r\u0219itul \u00een malaxorul foametei ce b\u0103ntuia \u00een Bucovina \u0219i Basarabia. \u00cen localit\u0103\u021bile de ba\u0219tin\u0103 din Bucovina \u0219i din Basarabia autorit\u0103\u021bile sovietice au \u00eenceput \u00een prealabil o vast\u0103 ac\u021biune de str\u00e2ngere, \u00een contul unor datorii imaginare a ultimelor r\u0103m\u0103\u0219i\u021be de cereale ce mai existau prin gospod\u0103riile oamenilor, cu scopul de a le complica la maximum existen\u021ba, drept represalii pentru faptul c\u0103 popula\u021bia rom\u00e2neasc\u0103 din nordul Bucovinei, \u00een perioada 1941\u20131944 c\u00e2nd provincia se g\u0103sea sub administra\u021bia rom\u00e2neasc\u0103 ar fi colaborat cu autorit\u0103\u021bile rom\u00e2ne.<\/span><\/p>\n<p style=\"text-align: justify;\"><span style=\"font-size: medium;\">Din m\u0103rturiile supravie\u021buitorilor rezult\u0103 \u00eencerc\u0103rile tragice la care au fost supu\u0219i locuitorii satelor bucovinene datorit\u0103 t\u0103v\u0103lugului foametei ce s-a rev\u0103rsat asupra lor provoc\u00e2nd mii de victime. aceste victime nu sunt eviden\u021biate de nici un fel de statistic\u0103, deoarece autorit\u0103\u021bile au considerat ca numeroasele decese ce s-au datorat foametei, au avut loc \u00een localit\u0103\u021bile de ba\u0219tin\u0103 fiind considerate drept \u201edecese naturale\u201c. Aceast\u0103 tragedie na\u021bional\u0103 prin care a trecut popula\u021bia rom\u00e2neasc\u0103 din nordul Bucovinei (de re\u021binut faptul c\u0103 aceast\u0103 situa\u021bie disperat\u0103 a fost men\u021binut\u0103 de autorit\u0103\u021bi \u00een special \u00een raioanele cu popula\u021bie rom\u00e2neasc\u0103). Acest dezastru putea fi evitat deoarece URSS, \u00een perioada la care ne referim, a primit ca ajutor umanitar din partea USA \u0219i a Canadei milioane de tone de gr\u00e2u \u0219i porumb, dar nici un gr\u0103unte din aceste ajutoare nu a ajuns la popula\u021bia \u00eenfometat\u0103 din Basarabia \u0219i din nordul Bucovinei.<\/span><\/p>\n<p style=\"text-align: justify;\"><span style=\"font-size: medium;\">\u00cen completarea prezentei relat\u0103ri consider\u0103m necesar a prezenta urm\u0103toarele materiale:\u00a0<\/span><\/p>\n<p style=\"text-align: justify;\"><span style=\"font-size: medium;\"><br \/>\n<\/span><\/p>\n<p style=\"text-align: justify;\"><span style=\"font-size: medium;\">1) Prefa\u021ba la vol. \u201eF\u00e2nt\u00e2na Alb\u0103 \u2013 o m\u0103rturie de s\u00e2nge\u201c, semnat\u0103 de profesor Grigore C. Bostan \u2013 membru de Onoare al Academiei Rom\u00e2ne, \u00een care se sugereaz\u0103 necesitatea de ad\u00e2ncire \u0219i completare a materialelor prezentate.\u00a0<\/span><\/p>\n<p style=\"text-align: justify;\">2) Cap. \u201eARGUMENT\u201c din vol. \u201eMartiri \u0219i m\u0103rturii din nordul Bucovinei\u201c cu prezentarea principalelor motiva\u021bii, precum \u0219i unele declara\u021bii pe de-a dreptul \u0219ocante f\u0103cute de victime ce au supravie\u021buit suferin\u021belor \u00eendurate \u00een gulagurile sovietice precum \u0219i abordarea unor noi capitole destinate coresponden\u021bei \u0219i recenziilor publicate pentru primul volum precum \u0219i folclorul bucovinenilor inspirat din tragediile datorate persecu\u021biilor staliniste. Un capitol special a fost destinat prezent\u0103rii troi\u021belor din diferite sate \u0219i localit\u0103\u021bi pe care au fost gravate numele celor ce nu s-au mai \u00eentors din deportare.<\/p>\n<p style=\"text-align: justify;\">3) Cuv\u00e2nt de \u00eenceput la vol. \u201eMartiri \u0219i m\u0103rturii din nordul Bucovinei\u201c (v. pag. 21) \u00een care este prezentat\u0103 \u0219i analizat\u0103 modalitatea de abordare a fenomenelor, a documentelor precum \u0219i a m\u0103rturiilor \u0219ocante ale supravie\u021buitorilor ce au reu\u0219it s\u0103 se \u00eentoarc\u0103 la b\u0103\u0219tin\u0103 de unde au fost ridica\u021bi \u00een urm\u0103 cu 5\u20136 ani, \u0219i transporta\u021bi \u00een vagoane de animale \u00een zone \u00een care supravie\u021buirea era considerat\u0103 un adev\u0103rat miracol.<\/p>\n<p style=\"text-align: justify;\"><span style=\"font-size: medium;\"><br \/>\n<\/span><\/p>\n<p style=\"text-align: justify;\"><strong><span style=\"font-size: medium;\">\u00centocmit la 15.01.2013 Vasile ILICA \u2013 veteran de r\u0103zboi \u0219i membru al Soc. \u201eM. Eminescu\u201c din Cern\u0103u\u021bi.<\/span><\/strong><\/p>\n<p style=\"text-align: justify;\"><em>https:\/\/sites.google.com\/site\/vasileilica1918\/vasile-ilica<\/em><\/p>\n<p style=\"text-align: center;\">***<\/p>\n<p style=\"text-align: justify;\">De citit \u0219i:<a href=\"http:\/\/basarabia-bucovina.info\/2014\/05\/05\/cercetatorul-vasile-ilica-interzis-in-ucraina-distins-cu-premiul-mile-carpenisan-pentru-curaj-si-excelenta-in-jurnalism-2014-de-catre-civic-media-si-basarabia-bucovina-info\/\"> http:\/\/basarabia-bucovina.info\/2014\/05\/05\/cercetatorul-vasile-ilica-interzis-in-ucraina-distins-cu-premiul-mile-carpenisan-pentru-curaj-si-excelenta-in-jurnalism-2014-de-catre-civic-media-si-basarabia-bucovina-info\/<\/a><\/p>\n<p style=\"text-align: justify;\">\n<p><a href=\"http:\/\/www.zorilebucovinei.com\/news\/show\/1267\/\">http:\/\/www.zorilebucovinei.com\/news\/show\/1267\/<\/a><\/p>\n<p style=\"text-align: justify;\">\n<p style=\"text-align: justify;\">\n<p style=\"text-align: justify;\">P.S. \u00cen data de 20 octombrie 2015, bucovineanul patriot Vasile ILICA, a plecat \u00een ve\u0219nicie. Liber \u0219i drept, al\u0103turi de iubitorii de neam.<\/p>\n<p style=\"text-align: justify;\">Urma s\u0103 ne vedem&#8230;Dar, timpul&#8230;\u0219i vrerea Domnului&#8230;R\u0103mas bun, prietene!<\/p>\n<p style=\"text-align: justify;\"><em>Mariana Gurza<\/em><\/p>\n","protected":false},"excerpt":{"rendered":"<p>\u00a0 VASILE ILICA \u2013 de origine Bucovinean, veteran de r\u0103zboi \u0219i membru al Soc. \u201eM. Eminescu\u201c din Cern\u0103u\u0163i, ce dup\u0103 [&#038;hellip<\/p>\n","protected":false},"author":1,"featured_media":0,"comment_status":"closed","ping_status":"closed","sticky":false,"template":"","format":"standard","meta":{"footnotes":""},"categories":[3,6],"tags":[],"class_list":["post-25162","post","type-post","status-publish","format-standard","hentry","category-articole","category-linkuri-externe"],"_links":{"self":[{"href":"https:\/\/www.marianagurza.ro\/blog\/wp-json\/wp\/v2\/posts\/25162","targetHints":{"allow":["GET"]}}],"collection":[{"href":"https:\/\/www.marianagurza.ro\/blog\/wp-json\/wp\/v2\/posts"}],"about":[{"href":"https:\/\/www.marianagurza.ro\/blog\/wp-json\/wp\/v2\/types\/post"}],"author":[{"embeddable":true,"href":"https:\/\/www.marianagurza.ro\/blog\/wp-json\/wp\/v2\/users\/1"}],"replies":[{"embeddable":true,"href":"https:\/\/www.marianagurza.ro\/blog\/wp-json\/wp\/v2\/comments?post=25162"}],"version-history":[{"count":6,"href":"https:\/\/www.marianagurza.ro\/blog\/wp-json\/wp\/v2\/posts\/25162\/revisions"}],"predecessor-version":[{"id":25165,"href":"https:\/\/www.marianagurza.ro\/blog\/wp-json\/wp\/v2\/posts\/25162\/revisions\/25165"}],"wp:attachment":[{"href":"https:\/\/www.marianagurza.ro\/blog\/wp-json\/wp\/v2\/media?parent=25162"}],"wp:term":[{"taxonomy":"category","embeddable":true,"href":"https:\/\/www.marianagurza.ro\/blog\/wp-json\/wp\/v2\/categories?post=25162"},{"taxonomy":"post_tag","embeddable":true,"href":"https:\/\/www.marianagurza.ro\/blog\/wp-json\/wp\/v2\/tags?post=25162"}],"curies":[{"name":"wp","href":"https:\/\/api.w.org\/{rel}","templated":true}]}}