{"id":25820,"date":"2016-03-19T09:36:21","date_gmt":"2016-03-19T09:36:21","guid":{"rendered":"http:\/\/www.marianagurza.ro\/blog\/?p=25820"},"modified":"2016-03-19T09:36:21","modified_gmt":"2016-03-19T09:36:21","slug":"viorel-roman-alternativa-pentru-germania","status":"publish","type":"post","link":"https:\/\/www.marianagurza.ro\/blog\/2016\/03\/19\/viorel-roman-alternativa-pentru-germania\/","title":{"rendered":"Viorel Roman &#8211; Alternativa pentru Germania"},"content":{"rendered":"<p style=\"text-align: justify;\"><a href=\"http:\/\/www.marianagurza.ro\/blog\/wp-content\/uploads\/2016\/03\/ROMAN-Viorel-wb.jpg\"><img loading=\"lazy\" decoding=\"async\" class=\"size-medium wp-image-25821 alignleft\" title=\"ROMAN-Viorel-wb\" src=\"http:\/\/www.marianagurza.ro\/blog\/wp-content\/uploads\/2016\/03\/ROMAN-Viorel-wb-225x300.jpg\" alt=\"\" width=\"225\" height=\"300\" srcset=\"https:\/\/www.marianagurza.ro\/blog\/wp-content\/uploads\/2016\/03\/ROMAN-Viorel-wb-225x300.jpg 225w, https:\/\/www.marianagurza.ro\/blog\/wp-content\/uploads\/2016\/03\/ROMAN-Viorel-wb.jpg 600w\" sizes=\"auto, (max-width: 225px) 100vw, 225px\" \/><\/a>Teama de Alternativa pentru Germania \/ Alternative f\u00fcr Deutschland (AfD), pentru cursul politic al d-nei cancelar federal Angela Merkel este nejustificat\u0103, chiar dac\u0103 succesul electoral recent al noului partid \u00een patru landuri e spectaculos \u015fi pus gre\u015fit pe seama \u201einvaziei arabe\u201c, cum a calificat aceast\u0103 \u201erealitate social\u0103\u201c papa Francisc. (Osservatore Romano, venerd\u00ec 4 marzo 2016)<\/p>\n<p style=\"text-align: justify;\">\n<p style=\"text-align: justify;\">Mai toat\u0103 lumea e \u00eempotriva renun\u0163\u0103rii la grani\u0163e \u015fi la resemnarea \u00een fata invaziei islamicilor \u015fi idolatrilor afro-asiatici. Dar nu asta e dilema AfD-ului, ci faptul c\u0103 germanii, mai ales cei din est, sunt \u00eempotriva reeduc\u0103rii postbelice politic corect\u0103, dup\u0103 cea marxist-leninista a \u00eencetat brusc, odat\u0103 cu Lag\u0103rul de trist\u0103 amintire, pe c\u00e2nd cea anglo-americana e \u00eenc\u0103 promovat\u0103 de establishment. Pactul de la Var\u015fovia s-a desfiin\u0163at, NATO se extinde mereu.<\/p>\n<p style=\"text-align: justify;\">\n<p style=\"text-align: justify;\">F\u0103r\u0103 trupe ruso-sovietice, mai ales electoratul din fosta zona de ocupa\u0163ie socialist\u0103 a ales AfD-ul f\u0103r\u0103 complexe \u00een fata na\u0163ionalismului Frontului Na\u0163ional din Fran\u0163a, antisemitismului, Partidului Jobbik din Ungaria, mi\u015fc\u0103rii izola\u0163ioniste engleze etc., pentru c\u0103 a\u015fa zisa Armat\u0103 de pe Rin a Marii Britanii se va retrage din Germania \u00een anul 2020, iar cea a SUA r\u0103m\u00e2ne sine die.<\/p>\n<p style=\"text-align: justify;\">\n<p style=\"text-align: justify;\">Discursul xenofob, islamofob, antisemit, anti\u0163iganesc a la Donald Tramp, Le Pen, Jobbik etc. e str\u0103in AfD-lui. Pu\u0163in sunt \u00eempotriva salv\u0103rii de la faliment a greco-ortodocsilor cu sute de miliade de euro, sau a invaziei arabe, care a dep\u0103\u015fit deja un milion de refugia\u0163i. Antisemitismul e tabu \u015fi \u00een afara legii. Noutatea e c\u0103 pentru prima dat\u0103 se pune la \u00eendoial\u0103 \u00een RFG binefacerile reeduc\u0103rii postbelice.<\/p>\n<p style=\"text-align: justify;\">\n<p style=\"text-align: justify;\">AfD-ul urm\u0103re\u015fte ca reformele genera\u0163iei 1968, implicit ale armatelor de ocupa\u0163ie, s\u0103 fie corectate din punct de vedere al valorilor tradi\u0163ionale care au generat succesele \u015ftiin\u0163ifice, tehnologice etc. Multiculturalitatea \u015fi incluziunea nu dau rezultatele scontate. De aceea \u015fcolile trebuie s\u0103 revin\u0103 la \u201enormal\u201c prin educarea separat\u0103 a handicapa\u0163ilor, cele islamice, ale Coranului s\u0103 fie \u00eenchise, iar \u00een universit\u0103\u0163i s\u0103 fie desfiin\u0163ate cotele celor neperforman\u0163i.<\/p>\n<p style=\"text-align: justify;\">\n<p style=\"text-align: justify;\">Genera\u0163ia anului 1968, prima de dup\u0103 r\u0103zboi, reeducata \u00een interesul ocupa\u0163ilor de o parte \u015fi alta a Cortinei de Fier, a subminat sistematic valorile \u015fi normele germane tradi\u0163ionale. Dup\u0103 reunificare, viziunea marxist\u0103 dispare, \u00een timp ce for\u0163area societ\u0103\u0163ii multiculturale, neutr\u0103 din punct de vedere al orient\u0103rii sexuale, cotelor de promovare a femeii, handicapa\u0163ilor etc. continu\u0103. Omul alb a lui Donald Trump ca \u015fi francezul, maghiarul, germanul de r\u00e2nd se simte dezavantajat, caut\u0103 o Alternativ\u0103.<\/p>\n<p style=\"text-align: justify;\"><strong>\u00a0<\/strong><\/p>\n<p><strong>Prof. Dr. Viorel Roman<\/strong><strong><\/strong><\/p>\n<p><strong>C<\/strong><strong>onsilier academic la Universitatea din Bremen<\/strong><strong> <\/strong><\/p>\n<p><a href=\"http:\/\/www.viorel-roman.ro\">www.viorel-roman.ro<\/a><\/p>\n<p><strong>Timi\u015foara<\/strong><\/p>\n<p><strong>17 martie 2016<\/strong><\/p>\n<p>&nbsp;<\/p>\n<p>&nbsp;<\/p>\n<p>&nbsp;<\/p>\n","protected":false},"excerpt":{"rendered":"<p>Teama de Alternativa pentru Germania \/ Alternative f\u00fcr Deutschland (AfD), pentru cursul politic al d-nei cancelar federal Angela Merkel este [&#038;hellip<\/p>\n","protected":false},"author":1,"featured_media":0,"comment_status":"closed","ping_status":"closed","sticky":false,"template":"","format":"standard","meta":{"footnotes":""},"categories":[3],"tags":[],"class_list":["post-25820","post","type-post","status-publish","format-standard","hentry","category-articole"],"_links":{"self":[{"href":"https:\/\/www.marianagurza.ro\/blog\/wp-json\/wp\/v2\/posts\/25820","targetHints":{"allow":["GET"]}}],"collection":[{"href":"https:\/\/www.marianagurza.ro\/blog\/wp-json\/wp\/v2\/posts"}],"about":[{"href":"https:\/\/www.marianagurza.ro\/blog\/wp-json\/wp\/v2\/types\/post"}],"author":[{"embeddable":true,"href":"https:\/\/www.marianagurza.ro\/blog\/wp-json\/wp\/v2\/users\/1"}],"replies":[{"embeddable":true,"href":"https:\/\/www.marianagurza.ro\/blog\/wp-json\/wp\/v2\/comments?post=25820"}],"version-history":[{"count":2,"href":"https:\/\/www.marianagurza.ro\/blog\/wp-json\/wp\/v2\/posts\/25820\/revisions"}],"predecessor-version":[{"id":25823,"href":"https:\/\/www.marianagurza.ro\/blog\/wp-json\/wp\/v2\/posts\/25820\/revisions\/25823"}],"wp:attachment":[{"href":"https:\/\/www.marianagurza.ro\/blog\/wp-json\/wp\/v2\/media?parent=25820"}],"wp:term":[{"taxonomy":"category","embeddable":true,"href":"https:\/\/www.marianagurza.ro\/blog\/wp-json\/wp\/v2\/categories?post=25820"},{"taxonomy":"post_tag","embeddable":true,"href":"https:\/\/www.marianagurza.ro\/blog\/wp-json\/wp\/v2\/tags?post=25820"}],"curies":[{"name":"wp","href":"https:\/\/api.w.org\/{rel}","templated":true}]}}