{"id":25824,"date":"2016-03-19T09:40:08","date_gmt":"2016-03-19T09:40:08","guid":{"rendered":"http:\/\/www.marianagurza.ro\/blog\/?p=25824"},"modified":"2016-03-19T09:40:08","modified_gmt":"2016-03-19T09:40:08","slug":"horia-muntenus-comunicat","status":"publish","type":"post","link":"https:\/\/www.marianagurza.ro\/blog\/2016\/03\/19\/horia-muntenus-comunicat\/","title":{"rendered":"Horia Muntenus &#8211; Comunicat"},"content":{"rendered":"<p align=\"center\"><a href=\"http:\/\/www.marianagurza.ro\/blog\/wp-content\/uploads\/2016\/03\/MUNTENUS-Horia-MAR2016.jpg\"><img loading=\"lazy\" decoding=\"async\" class=\"size-medium wp-image-25825 aligncenter\" title=\"MUNTENUS Horia MAR2016\" src=\"http:\/\/www.marianagurza.ro\/blog\/wp-content\/uploads\/2016\/03\/MUNTENUS-Horia-MAR2016-300x203.jpg\" alt=\"\" width=\"300\" height=\"203\" srcset=\"https:\/\/www.marianagurza.ro\/blog\/wp-content\/uploads\/2016\/03\/MUNTENUS-Horia-MAR2016-300x203.jpg 300w, https:\/\/www.marianagurza.ro\/blog\/wp-content\/uploads\/2016\/03\/MUNTENUS-Horia-MAR2016.jpg 800w\" sizes=\"auto, (max-width: 300px) 100vw, 300px\" \/><\/a><\/p>\n<p align=\"center\"><strong>Horia MUNTENUS<\/strong><\/p>\n<p align=\"center\">\n<p align=\"center\"><strong>COMUNICAT<\/strong><\/p>\n<p>&nbsp;<\/p>\n<p style=\"text-align: justify;\">Pe data de 18 martie 2016, \u00een Bucure\u015fti, a fost convocat\u0103 o \u015fedin\u0163\u0103 a Adun\u0103rii Generale a Uniunii Scriitorilor. Nu voi putea participa deoarece calitatea mea de membru a fost suspendat\u0103 \u00een anul 2011 pentru neplata cotiza\u0163iei, an \u00een care am luat decizia s\u0103 nu mai pl\u0103tesc un ban acestei organiza\u0163ii p\u00e2n\u0103 c\u00e2nd USR nu va da publicit\u0103\u0163ii lista membrilor s\u0103i care au fost ofi\u0163eri acoperi\u0163i ai Securit\u0103\u0163ii, informatori ai Securit\u0103\u0163ii sau membri ai nomenclaturii comuniste \u015fi p\u00e2n\u0103 c\u00e2nd USR nu va lua decizia excluderii lor din aceast\u0103 organiza\u0163ie.<\/p>\n<p style=\"text-align: justify;\">\nDe asemenea, am hot\u0103r\u00e2t s\u0103 nu mai pl\u0103tesc cotiza\u0163ia, \u00een condi\u0163iile \u00een care USR se \u00eemp\u0103rt\u0103\u015fe\u015fte dintr-o lege pe care eu o consider discriminatorie \u015fi anticonstitu\u0163ional\u0103 \u2013 legea care prive\u015fte plata din bugetul statului a unor indemniza\u0163ii de pensionari, membri ai USR, indemniza\u0163ii care sunt exprimate de un procent de 50% din fiecare pensie.<\/p>\n<p style=\"text-align: justify;\">\n<p style=\"text-align: justify;\">S-a ajuns astfel \u00een situa\u0163ia de a fi pl\u0103tite sume fabuloase, din banii publici, \u00een fiecare lun\u0103, de at\u00e2\u0163ia ani, unor \u00eenv\u00e2rti\u0163i grafomani, megalomani, \u00een dezinteresul total fa\u0163\u0103 de sus\u0163inerea real\u0103 a actului creator. Subliniez c\u0103 aceast\u0103 lege func\u0163ioneaz\u0103 de ani buni, dar c\u0103 ea poate fi atacat\u0103 oric\u00e2nd de acum \u00eenainte. Verificarea dosarelor unor a\u015fa zi\u015fi scriitori, membri ai USR, va eviden\u0163ia falsul grotesc pe care l-au folosit un imens num\u0103r de pensionari pentru a incasa bani publici, in mod fraudulos.<\/p>\n<p>&nbsp;<\/p>\n<p>&nbsp;<\/p>\n<p align=\"center\"><strong>&#8212;&#8212;&#8212;&#8212;&#8212;&#8212;&#8212;&#8212;&#8212;&#8212;&#8212;&#8212;<\/strong><\/p>\n<p align=\"center\"><strong>Horia MUNTENUS<\/strong><\/p>\n<p align=\"center\"><strong>Cluj-Napoca<\/strong><\/p>\n<p align=\"center\"><strong>17 martie 2016<\/strong><\/p>\n","protected":false},"excerpt":{"rendered":"<p>Horia MUNTENUS COMUNICAT &nbsp; Pe data de 18 martie 2016, \u00een Bucure\u015fti, a fost convocat\u0103 o \u015fedin\u0163\u0103 a Adun\u0103rii Generale [&#038;hellip<\/p>\n","protected":false},"author":1,"featured_media":0,"comment_status":"closed","ping_status":"closed","sticky":false,"template":"","format":"standard","meta":{"footnotes":""},"categories":[3],"tags":[],"class_list":["post-25824","post","type-post","status-publish","format-standard","hentry","category-articole"],"_links":{"self":[{"href":"https:\/\/www.marianagurza.ro\/blog\/wp-json\/wp\/v2\/posts\/25824","targetHints":{"allow":["GET"]}}],"collection":[{"href":"https:\/\/www.marianagurza.ro\/blog\/wp-json\/wp\/v2\/posts"}],"about":[{"href":"https:\/\/www.marianagurza.ro\/blog\/wp-json\/wp\/v2\/types\/post"}],"author":[{"embeddable":true,"href":"https:\/\/www.marianagurza.ro\/blog\/wp-json\/wp\/v2\/users\/1"}],"replies":[{"embeddable":true,"href":"https:\/\/www.marianagurza.ro\/blog\/wp-json\/wp\/v2\/comments?post=25824"}],"version-history":[{"count":2,"href":"https:\/\/www.marianagurza.ro\/blog\/wp-json\/wp\/v2\/posts\/25824\/revisions"}],"predecessor-version":[{"id":25827,"href":"https:\/\/www.marianagurza.ro\/blog\/wp-json\/wp\/v2\/posts\/25824\/revisions\/25827"}],"wp:attachment":[{"href":"https:\/\/www.marianagurza.ro\/blog\/wp-json\/wp\/v2\/media?parent=25824"}],"wp:term":[{"taxonomy":"category","embeddable":true,"href":"https:\/\/www.marianagurza.ro\/blog\/wp-json\/wp\/v2\/categories?post=25824"},{"taxonomy":"post_tag","embeddable":true,"href":"https:\/\/www.marianagurza.ro\/blog\/wp-json\/wp\/v2\/tags?post=25824"}],"curies":[{"name":"wp","href":"https:\/\/api.w.org\/{rel}","templated":true}]}}