{"id":26126,"date":"2016-04-27T06:58:25","date_gmt":"2016-04-27T06:58:25","guid":{"rendered":"http:\/\/www.marianagurza.ro\/blog\/?p=26126"},"modified":"2016-04-27T06:58:25","modified_gmt":"2016-04-27T06:58:25","slug":"camelia-cristea-crucea","status":"publish","type":"post","link":"https:\/\/www.marianagurza.ro\/blog\/2016\/04\/27\/camelia-cristea-crucea\/","title":{"rendered":"Camelia Cristea: Crucea"},"content":{"rendered":"<p style=\"text-align: center;\"><img decoding=\"async\" src=\"https:\/\/encrypted-tbn0.gstatic.com\/images?q=tbn:ANd9GcSRC__b2YuIkPBrlaUmbPC13zJT3-dn3cEgsIBNEzclnlBYFBXx2Q\" alt=\"Imagini pentru crucea\" name=\"EKf0N5R44GeRjM:\" data-src=\"https:\/\/encrypted-tbn0.gstatic.com\/images?q=tbn:ANd9GcSRC__b2YuIkPBrlaUmbPC13zJT3-dn3cEgsIBNEzclnlBYFBXx2Q\" data-sz=\"f\" \/><\/p>\n<p><strong>Crucea<\/strong><\/p>\n<p>&nbsp;<\/p>\n<p>Fiecare cas\u0103-\u015fi are crucea sa.<br \/>\nD\u0103-mi putere Doamne s\u0103 o duc pe-a mea!<br \/>\nVremurile sunt tulburi, noi ne-am \u00eenr\u0103it<br \/>\n\u015ei-am uitat de Tine, c\u00e2t ai p\u0103timit!<\/p>\n<p>&nbsp;<\/p>\n<p>S\u0103pt\u0103m\u00e2na Mare, Denii an de an,<br \/>\nD\u0103-mi credin\u0163\u0103 Doamne, n\u0103dejde s\u0103 am,<br \/>\nSalciile toate \u00een genunchi se pun<br \/>\n\u015ei durerea-\u0162i mare, lumii ele-o spun!<\/p>\n<p>&nbsp;<\/p>\n<p>Fream\u0103t\u0103 anarhic, gloata disperat\u0103,<br \/>\nTu te rogi cu mil\u0103 : -Iart\u0103-le lor Tat\u0103!<br \/>\nR\u0103stignit pe cruce, t\u00e2lharii hulesc,<br \/>\nUn sobor de \u00eengeri, \u00een psalmi te m\u0103resc!<\/p>\n<p>&nbsp;<\/p>\n<p>Iart\u0103-ne P\u0103rinte, mare-i neputin\u021ba!<br \/>\nFirul e sub\u0163ire, slab\u0103 e credin\u0163a,<br \/>\nC\u00e2nt\u0103 iar coco\u015ful, noi ne lep\u0103d\u0103m<br \/>\n\u0218i \u00een schimb lumin\u0103 venim s\u0103 lu\u0103m!<\/p>\n<p align=\"center\"><strong>Camelia Cristea<\/strong><\/p>\n","protected":false},"excerpt":{"rendered":"<p>Crucea &nbsp; Fiecare cas\u0103-\u015fi are crucea sa. D\u0103-mi putere Doamne s\u0103 o duc pe-a mea! Vremurile sunt tulburi, noi ne-am [&#038;hellip<\/p>\n","protected":false},"author":1,"featured_media":0,"comment_status":"closed","ping_status":"closed","sticky":false,"template":"","format":"standard","meta":{"footnotes":""},"categories":[3],"tags":[],"class_list":["post-26126","post","type-post","status-publish","format-standard","hentry","category-articole"],"_links":{"self":[{"href":"https:\/\/www.marianagurza.ro\/blog\/wp-json\/wp\/v2\/posts\/26126","targetHints":{"allow":["GET"]}}],"collection":[{"href":"https:\/\/www.marianagurza.ro\/blog\/wp-json\/wp\/v2\/posts"}],"about":[{"href":"https:\/\/www.marianagurza.ro\/blog\/wp-json\/wp\/v2\/types\/post"}],"author":[{"embeddable":true,"href":"https:\/\/www.marianagurza.ro\/blog\/wp-json\/wp\/v2\/users\/1"}],"replies":[{"embeddable":true,"href":"https:\/\/www.marianagurza.ro\/blog\/wp-json\/wp\/v2\/comments?post=26126"}],"version-history":[{"count":2,"href":"https:\/\/www.marianagurza.ro\/blog\/wp-json\/wp\/v2\/posts\/26126\/revisions"}],"predecessor-version":[{"id":26129,"href":"https:\/\/www.marianagurza.ro\/blog\/wp-json\/wp\/v2\/posts\/26126\/revisions\/26129"}],"wp:attachment":[{"href":"https:\/\/www.marianagurza.ro\/blog\/wp-json\/wp\/v2\/media?parent=26126"}],"wp:term":[{"taxonomy":"category","embeddable":true,"href":"https:\/\/www.marianagurza.ro\/blog\/wp-json\/wp\/v2\/categories?post=26126"},{"taxonomy":"post_tag","embeddable":true,"href":"https:\/\/www.marianagurza.ro\/blog\/wp-json\/wp\/v2\/tags?post=26126"}],"curies":[{"name":"wp","href":"https:\/\/api.w.org\/{rel}","templated":true}]}}