{"id":26221,"date":"2016-05-11T17:31:55","date_gmt":"2016-05-11T17:31:55","guid":{"rendered":"http:\/\/www.marianagurza.ro\/blog\/?p=26221"},"modified":"2016-05-11T17:33:23","modified_gmt":"2016-05-11T17:33:23","slug":"vavila-popovici-in-cheia-imponderabila-a-visului-poezia-diasporei","status":"publish","type":"post","link":"https:\/\/www.marianagurza.ro\/blog\/2016\/05\/11\/vavila-popovici-in-cheia-imponderabila-a-visului-poezia-diasporei\/","title":{"rendered":",,Vavila Popovici \u00een cheia imponderabil\u0103  a Visului &#8211; Poezia diasporei&#8221;"},"content":{"rendered":"<p style=\"text-align: center;\">\u00a0<strong><img loading=\"lazy\" decoding=\"async\" src=\"http:\/\/www.marianagurza.ro\/blog\/wp-content\/uploads\/2012\/06\/vavila-popovici.jpg\" alt=\"\" width=\"188\" height=\"269\" \/><\/strong><\/p>\n<p><strong><span style=\"text-decoration: underline;\">Poezia diasporei<\/span><\/strong><\/p>\n<p><strong>\u00a0<\/strong><\/p>\n<p><strong>Vavila POPOVICI \u00een cheia imponderabil\u0103\u00a0 a Visului <\/strong><\/p>\n<p><strong>\u00a0<\/strong><\/p>\n<p><strong><em>O mie \u0219i una de\u2026 pove\u0219ti, 2016*<\/em><\/strong><\/p>\n<p><strong>\u00a0<\/strong><\/p>\n<p><strong>Tu \u0219i eu<\/strong><\/p>\n<p><em>Tu \u2013 cufundat de diminea\u021ba p\u00e2n\u0103 seara<\/em><\/p>\n<p><em>\u00een realul plin de striden\u021be<\/em><\/p>\n<p><em>eu \u2013 pierdut\u0103 \u00een visul<\/em><\/p>\n<p><em>plin de lini\u0219ti, frumuse\u021bi \u0219i speran\u021be.<\/em><\/p>\n<p><em>Tu \u2013 slujitor al zeului Timp,<\/em><\/p>\n<p><em>eu \u2013 ie\u0219it\u0103 din timp, zbur\u00e2nd <\/em>&#8230;.<\/p>\n<p>&nbsp;<\/p>\n<p style=\"text-align: justify;\">Iat\u0103 un fragment din arta poetic\u0103 a Vavilei Popovici, cheie \u00eenrourat\u0103 a feminit\u0103\u021bii care invoc\u0103 Visul ca stare imponderabil\u0103 \u00eentre real \u0219i ireal, \u00eentre dual \u0219i trial, cum ar pune Popper \u0219i Konrad. EL \u0219i EA, \u00eentru revela\u021bie exiten\u021bial\u0103. Ampla antologie selectiv\u0103, <em>O mie \u0219i una de&#8230; poeme<\/em>, este parafraz\u0103 a capodoperei universale <em>O mie \u0219i una de nop\u021bi<\/em>&#8230; cod universal al condi\u021biei bipolare umane&#8230; r\u0103sucind \u00eentrebarea A FI au A NU FI: \u00eentre starea de veghe \u0219i cea de vis.<\/p>\n<p style=\"text-align: justify;\">Erudi\u021bia poetesei rom\u00e2nco &#8211; bucovinene tr\u0103itoare \u00een exilul american&#8230; transpare c\u00e2nd explicit, c\u00e2nd ini\u021biatic, cu o excelent\u0103 intui\u021bie a noimei poieion, \u00een limba rom\u00e2neasc\u0103.<\/p>\n<p style=\"text-align: justify;\">Diaspora rom\u00e2n\u0103 de pretutindeni o poate revendica \u00een pleiada de zestre semantic\u0103 a cunoa\u0219terii prin revela\u021bie deopotriv\u0103 realist\u0103 \u0219i mistic\u0103.<\/p>\n<p style=\"text-align: justify;\">Am avut onoarea de a-i prefa\u021ba Antologia, una testamentar\u0103: sus\u021bin aidoma tradi\u021biei noastre poporane, c\u0103 sufletul este asemenea mierlei albe din balad\u0103, cuib\u0103rind unde \u00eel duce v\u00e2ntul, \u00eens\u0103 neuit\u00e2nd a se \u00eentoarce acas\u0103&#8230; \u00centreaga-i oper\u0103, nu doar cea poetic\u0103, asta probeaz\u0103. <em>Iar \u00een serenitatea dendrologic\u0103, EA este Floarea de Lotus&#8230;<\/em><\/p>\n<p style=\"text-align: justify;\">Ci nu doar mierla, paserea sufletului din mitologia rom\u00e2nilor, ci \u0219i Privighetoarea makedonskian\u0103, <strong>(\u00een realitate Privighetorul!, n)&#8230; <\/strong>sau M\u0103iastra ( Arheopterix, Phoenix) \u00a0este cea care c\u00e2nt\u0103, c\u00e2nd \u201eliliacul e-nflorit\u201d&#8230; Vavila Popovici intuie\u0219te semnifica\u021bia gemelar\u0103 a sufletului &#8230; \u00eentre starea imponderabil\u0103 \u0219i degravifiat\u0103 dintre VEGHE \u0219i VIS.<\/p>\n<p style=\"text-align: justify;\">Ci\u00a0 pentru c\u0103\u00a0 totul este ceea ce semnific\u0103&#8230;, \u00een poezie, necum ochii sco\u0219i ai privighetorii, spre a c\u00e2nta crez\u00e2nd c\u0103 e noapte, sau asasinul Ivan cel Groaznic, care scotea ochii arhitec\u021bilor&#8230; eu \u021bin cartea pe genunchi \u0219i EA pare o pas\u0103re cu aripi deschise, gata din nou a-\u0219i lua zborul &#8230;, <strong>Eu \u2013 ie\u0219it\u0103 din timp, zbur\u00e2nd\u201d&#8230;<\/strong><\/p>\n<p style=\"text-align: justify;\">\n<p style=\"text-align: justify;\">\u00centr-adev\u0103r, \u00a0din preaplin, sufletul nu decade \u00een real, (ismul nici \u201esocialist\u201d, nici \u201ecapitalist\u201d), EL fiind \u00een Continuum Acum, Sofia &#8211; Fiul. \u00cen catedrala din auz, cum scrie Mircea Petean.<\/p>\n<p style=\"text-align: justify;\"><strong>\u00a0\u00a0\u00a0\u00a0\u00a0 C\u0103 dac\u0103 n-ar fi, nu s\u2013ar povesti. <\/strong><\/p>\n<p style=\"text-align: justify;\"><em>\u00a0<\/em><\/p>\n<p style=\"text-align: justify;\"><em>* ISBN 978-1-29-9070-0<\/em><\/p>\n<p>&nbsp;<\/p>\n<p><strong>Eugen Evu<\/strong><\/p>\n<p><strong>\u00a0<\/strong><\/p>\n<p>&nbsp;<\/p>\n","protected":false},"excerpt":{"rendered":"<p>\u00a0 Poezia diasporei \u00a0 Vavila POPOVICI \u00een cheia imponderabil\u0103\u00a0 a Visului \u00a0 O mie \u0219i una de\u2026 pove\u0219ti, 2016* \u00a0 [&#038;hellip<\/p>\n","protected":false},"author":1,"featured_media":0,"comment_status":"closed","ping_status":"closed","sticky":false,"template":"","format":"standard","meta":{"footnotes":""},"categories":[3],"tags":[],"class_list":["post-26221","post","type-post","status-publish","format-standard","hentry","category-articole"],"_links":{"self":[{"href":"https:\/\/www.marianagurza.ro\/blog\/wp-json\/wp\/v2\/posts\/26221","targetHints":{"allow":["GET"]}}],"collection":[{"href":"https:\/\/www.marianagurza.ro\/blog\/wp-json\/wp\/v2\/posts"}],"about":[{"href":"https:\/\/www.marianagurza.ro\/blog\/wp-json\/wp\/v2\/types\/post"}],"author":[{"embeddable":true,"href":"https:\/\/www.marianagurza.ro\/blog\/wp-json\/wp\/v2\/users\/1"}],"replies":[{"embeddable":true,"href":"https:\/\/www.marianagurza.ro\/blog\/wp-json\/wp\/v2\/comments?post=26221"}],"version-history":[{"count":4,"href":"https:\/\/www.marianagurza.ro\/blog\/wp-json\/wp\/v2\/posts\/26221\/revisions"}],"predecessor-version":[{"id":26224,"href":"https:\/\/www.marianagurza.ro\/blog\/wp-json\/wp\/v2\/posts\/26221\/revisions\/26224"}],"wp:attachment":[{"href":"https:\/\/www.marianagurza.ro\/blog\/wp-json\/wp\/v2\/media?parent=26221"}],"wp:term":[{"taxonomy":"category","embeddable":true,"href":"https:\/\/www.marianagurza.ro\/blog\/wp-json\/wp\/v2\/categories?post=26221"},{"taxonomy":"post_tag","embeddable":true,"href":"https:\/\/www.marianagurza.ro\/blog\/wp-json\/wp\/v2\/tags?post=26221"}],"curies":[{"name":"wp","href":"https:\/\/api.w.org\/{rel}","templated":true}]}}