{"id":26367,"date":"2016-06-03T18:27:05","date_gmt":"2016-06-03T18:27:05","guid":{"rendered":"http:\/\/www.marianagurza.ro\/blog\/?p=26367"},"modified":"2016-06-03T18:46:34","modified_gmt":"2016-06-03T18:46:34","slug":"george-alexander-asteptam-eliberarea-din-captivitate-a-tuturor-copiilor-romani","status":"publish","type":"post","link":"https:\/\/www.marianagurza.ro\/blog\/2016\/06\/03\/george-alexander-asteptam-eliberarea-din-captivitate-a-tuturor-copiilor-romani\/","title":{"rendered":"George Alexander: A\u0219tept\u0103m eliberarea din captivitate a tuturor copiilor rom\u00e2ni!"},"content":{"rendered":"<p style=\"text-align: justify;\"><strong><a href=\"http:\/\/www.marianagurza.ro\/blog\/wp-content\/uploads\/2016\/06\/george-alexander-foto-stirile-pro-tv.png\"><img loading=\"lazy\" decoding=\"async\" class=\"size-thumbnail wp-image-26368 alignleft\" title=\"george-alexander-foto-stirile-pro-tv\" src=\"http:\/\/www.marianagurza.ro\/blog\/wp-content\/uploads\/2016\/06\/george-alexander-foto-stirile-pro-tv-150x150.png\" alt=\"\" width=\"150\" height=\"150\" \/><\/a>COPIII BODNARIU SE \u00ceNTORC ACAS\u0102\u2026<\/strong><\/p>\n<p style=\"text-align: justify;\">Am a\u015fteptat cu sufletul la gur\u0103, to\u021bi, aceast\u0103 veste!<br \/>\nEste ceea ce ne-am dorit s\u0103 auzim \u015fi, indiscutabil!, este un pas \u00eenainte.<\/p>\n<p style=\"text-align: justify;\">Vom respecta, de asemenea, nevoia de lini\u015fte \u015fi de intimitate netulburat\u0103 a familiei Bodnariu. (\u201c<em><a href=\"https:\/\/armoniamagazineusa.com\/2016\/06\/03\/municipalitatea-naustdal-s-a-inteles-cu-parintii-marius-ruth-bodnariu-sa-aduca-toti-cei-cinci-copii-acasa\/\">Municipalitatea Naustdal s-a \u00een\u021beles cu p\u0103rin\u021bii s\u0103 aduc\u0103 to\u021bi cei cinci copii acas\u0103!<\/a><\/em>\u201d)<\/p>\n<p style=\"text-align: justify;\"><strong>DAR\u2026<\/strong><br \/>\nS\u0103 nu uit\u0103m c\u0103 sunt mul\u021bi al\u021bi p\u0103rin\u021bi care-\u015fi a\u015fteapt\u0103 copiii fura\u021bi de Barnevernet\u2026<br \/>\nCe se \u00eent\u00e2mpl\u0103 cu copiii familiei Nan, de exemplu?<br \/>\nDar cu Avramescu-Cortez?<br \/>\nDar cu cei ai familiei R\u0103dulescu?<br \/>\nDar cu copilul Herminei Gheorghe, \u00een Danemarca?<br \/>\nDar cu copiii Cameliei Smical\u0103, \u00een Finlanda?<br \/>\nDar cu copiii lui Florin Barbu?<\/p>\n<p style=\"text-align: justify;\">Dar cu mul\u021bi al\u021bii care sunt nevoi\u021bi s\u0103 r\u0103m\u00e2n\u0103, deocamdat\u0103, anonimi?!\u2026 \u00cen Norvegia sau \u00een alte \u021b\u0103ri.<\/p>\n<p style=\"text-align: justify;\">\u2026 Sub presiunea opiniei publice, Norvegia a stins un incendiu acum. Dar, strategia oric\u0103rei \u021b\u0103ri nu este s\u0103 sting\u0103 incendii ca un pompier. Ci s\u0103 lucreze preventiv, echitabil, s\u0103-\u015fi asume r\u0103spunderea pentru gre\u015felile f\u0103cute.<\/p>\n<p style=\"text-align: justify;\"><strong>A\u015eTEPT\u0102M ELIBERAREA DIN CAPTIVITATE, DECI, A TUTUROR COPIILOR ROM\u00c2NI!<\/strong><br \/>\n(\u2026 indiferent dac\u0103 vreo institu\u021bie sau \u021bar\u0103 are t\u0103ria moral\u0103 s\u0103 recunoasc\u0103 sau nu, abuzurile comise\u2026)<\/p>\n<p>Sursa: <a href=\"https:\/\/armoniamagazineusa.com\/2016\/06\/03\/george-alexander-asteptam-eliberarea-din-captivitate-deci-a-tuturor-copiilor-romani\/\" target=\"_blank\" data-saferedirecturl=\"https:\/\/www.google.com\/url?hl=ro&amp;q=https:\/\/armoniamagazineusa.com\/2016\/06\/03\/george-alexander-asteptam-eliberarea-din-captivitate-deci-a-tuturor-copiilor-romani\/&amp;source=gmail&amp;ust=1465064220796000&amp;usg=AFQjCNEkqJXAFszAisTK9a-UGciwW1POqQ\">https:\/\/armoniamagazineusa.<wbr>com\/2016\/06\/03\/george-<wbr>alexander-asteptam-eliberarea-<wbr>din-captivitate-deci-a-<wbr>tuturor-copiilor-romani\/<\/wbr><\/wbr><\/wbr><\/wbr><\/a><\/p>\n","protected":false},"excerpt":{"rendered":"<p>COPIII BODNARIU SE \u00ceNTORC ACAS\u0102\u2026 Am a\u015fteptat cu sufletul la gur\u0103, to\u021bi, aceast\u0103 veste! Este ceea ce ne-am dorit s\u0103 [&#038;hellip<\/p>\n","protected":false},"author":1,"featured_media":0,"comment_status":"closed","ping_status":"closed","sticky":false,"template":"","format":"standard","meta":{"footnotes":""},"categories":[3,6],"tags":[],"class_list":["post-26367","post","type-post","status-publish","format-standard","hentry","category-articole","category-linkuri-externe"],"_links":{"self":[{"href":"https:\/\/www.marianagurza.ro\/blog\/wp-json\/wp\/v2\/posts\/26367","targetHints":{"allow":["GET"]}}],"collection":[{"href":"https:\/\/www.marianagurza.ro\/blog\/wp-json\/wp\/v2\/posts"}],"about":[{"href":"https:\/\/www.marianagurza.ro\/blog\/wp-json\/wp\/v2\/types\/post"}],"author":[{"embeddable":true,"href":"https:\/\/www.marianagurza.ro\/blog\/wp-json\/wp\/v2\/users\/1"}],"replies":[{"embeddable":true,"href":"https:\/\/www.marianagurza.ro\/blog\/wp-json\/wp\/v2\/comments?post=26367"}],"version-history":[{"count":3,"href":"https:\/\/www.marianagurza.ro\/blog\/wp-json\/wp\/v2\/posts\/26367\/revisions"}],"predecessor-version":[{"id":26370,"href":"https:\/\/www.marianagurza.ro\/blog\/wp-json\/wp\/v2\/posts\/26367\/revisions\/26370"}],"wp:attachment":[{"href":"https:\/\/www.marianagurza.ro\/blog\/wp-json\/wp\/v2\/media?parent=26367"}],"wp:term":[{"taxonomy":"category","embeddable":true,"href":"https:\/\/www.marianagurza.ro\/blog\/wp-json\/wp\/v2\/categories?post=26367"},{"taxonomy":"post_tag","embeddable":true,"href":"https:\/\/www.marianagurza.ro\/blog\/wp-json\/wp\/v2\/tags?post=26367"}],"curies":[{"name":"wp","href":"https:\/\/api.w.org\/{rel}","templated":true}]}}