{"id":26449,"date":"2016-06-10T17:20:43","date_gmt":"2016-06-10T17:20:43","guid":{"rendered":"http:\/\/www.marianagurza.ro\/blog\/?p=26449"},"modified":"2016-06-10T17:20:43","modified_gmt":"2016-06-10T17:20:43","slug":"monica-ilas-despre-vise","status":"publish","type":"post","link":"https:\/\/www.marianagurza.ro\/blog\/2016\/06\/10\/monica-ilas-despre-vise\/","title":{"rendered":"Monica Ila\u0219: despre vise"},"content":{"rendered":"<p style=\"text-align: center;\"><img loading=\"lazy\" decoding=\"async\" src=\"http:\/\/i0.wp.com\/farm8.staticflickr.com\/7266\/26952132973_c4db74b46e_m.jpg?resize=160%2C160&amp;ssl=1\" alt=\"Monica Ila\u015f\" width=\"160\" height=\"160\" \/><\/p>\n<p><strong>despre vise<\/strong><\/p>\n<p>&nbsp;<\/p>\n<p>Ochii de stele \u00een care \u00eennoptam<br \/>\nau r\u0103st\u0103lm\u0103cit visele<br \/>\n\u015fi-au prelungit<br \/>\nb\u0103t\u0103ile inimii spre copil\u0103rie.<\/p>\n<p>&nbsp;<\/p>\n<p>\u00cengenunchia\u0163i sub icoana cerului<br \/>\nam privit \u00eenapoi.<\/p>\n<p>&nbsp;<\/p>\n<p>Am g\u0103sit doar poarta deschis\u0103<br \/>\na timpului !<br \/>\n\u015ei de o parte \u015fi de cealalt\u0103<br \/>\nat\u00e2rnau gra\u0163ios ecourile str\u0103mo\u015filor<br \/>\ncuprinse de frica nelini\u015ftii noastre.<\/p>\n<p>&nbsp;<\/p>\n<p>Parc\u0103 ar fi vrut s\u0103 ne spun\u0103 :<br \/>\n\u201eOpri\u0163i-v\u0103 \u015fi privi\u0163i \u00eenapoi !\u201d<br \/>\nDar totul se petrecea<br \/>\n\u00een fantezia anotimpurilor<br \/>\n\u015fi \u00een unda transparent\u0103 a ultimului<br \/>\nsemn de exclamare !<\/p>\n<p>&nbsp;<\/p>\n<p align=\"center\"><strong>Monica Ila\u0219<\/strong><\/p>\n<p align=\"center\">Italia<\/p>\n","protected":false},"excerpt":{"rendered":"<p>despre vise &nbsp; Ochii de stele \u00een care \u00eennoptam au r\u0103st\u0103lm\u0103cit visele \u015fi-au prelungit b\u0103t\u0103ile inimii spre copil\u0103rie. &nbsp; \u00cengenunchia\u0163i [&#038;hellip<\/p>\n","protected":false},"author":1,"featured_media":0,"comment_status":"closed","ping_status":"closed","sticky":false,"template":"","format":"standard","meta":{"footnotes":""},"categories":[3],"tags":[],"class_list":["post-26449","post","type-post","status-publish","format-standard","hentry","category-articole"],"_links":{"self":[{"href":"https:\/\/www.marianagurza.ro\/blog\/wp-json\/wp\/v2\/posts\/26449","targetHints":{"allow":["GET"]}}],"collection":[{"href":"https:\/\/www.marianagurza.ro\/blog\/wp-json\/wp\/v2\/posts"}],"about":[{"href":"https:\/\/www.marianagurza.ro\/blog\/wp-json\/wp\/v2\/types\/post"}],"author":[{"embeddable":true,"href":"https:\/\/www.marianagurza.ro\/blog\/wp-json\/wp\/v2\/users\/1"}],"replies":[{"embeddable":true,"href":"https:\/\/www.marianagurza.ro\/blog\/wp-json\/wp\/v2\/comments?post=26449"}],"version-history":[{"count":2,"href":"https:\/\/www.marianagurza.ro\/blog\/wp-json\/wp\/v2\/posts\/26449\/revisions"}],"predecessor-version":[{"id":26451,"href":"https:\/\/www.marianagurza.ro\/blog\/wp-json\/wp\/v2\/posts\/26449\/revisions\/26451"}],"wp:attachment":[{"href":"https:\/\/www.marianagurza.ro\/blog\/wp-json\/wp\/v2\/media?parent=26449"}],"wp:term":[{"taxonomy":"category","embeddable":true,"href":"https:\/\/www.marianagurza.ro\/blog\/wp-json\/wp\/v2\/categories?post=26449"},{"taxonomy":"post_tag","embeddable":true,"href":"https:\/\/www.marianagurza.ro\/blog\/wp-json\/wp\/v2\/tags?post=26449"}],"curies":[{"name":"wp","href":"https:\/\/api.w.org\/{rel}","templated":true}]}}