{"id":26789,"date":"2016-07-27T08:52:07","date_gmt":"2016-07-27T08:52:07","guid":{"rendered":"http:\/\/www.marianagurza.ro\/blog\/?p=26789"},"modified":"2016-07-27T08:54:36","modified_gmt":"2016-07-27T08:54:36","slug":"daniela-gifu-interviu-cu-domnul-prof-dr-hab-constantin-gaindric-membru-al-academiei-de-stiinte-a-moldovei","status":"publish","type":"post","link":"https:\/\/www.marianagurza.ro\/blog\/2016\/07\/27\/daniela-gifu-interviu-cu-domnul-prof-dr-hab-constantin-gaindric-membru-al-academiei-de-stiinte-a-moldovei\/","title":{"rendered":"Daniela G\u00ceFU: Interviu cu Domnul Prof. dr. hab. Constantin Gaindric, membru al Academiei de \u0218tiin\u021be a Moldovei"},"content":{"rendered":"<p style=\"text-align: justify;\"><strong><a href=\"http:\/\/www.marianagurza.ro\/blog\/wp-content\/uploads\/2016\/07\/GAINDRIC-Constantin-wb.jpg\"><img loading=\"lazy\" decoding=\"async\" class=\"size-medium wp-image-26790 alignleft\" title=\"GAINDRIC-Constantin-wb\" src=\"http:\/\/www.marianagurza.ro\/blog\/wp-content\/uploads\/2016\/07\/GAINDRIC-Constantin-wb-225x300.jpg\" alt=\"\" width=\"225\" height=\"300\" srcset=\"https:\/\/www.marianagurza.ro\/blog\/wp-content\/uploads\/2016\/07\/GAINDRIC-Constantin-wb-225x300.jpg 225w, https:\/\/www.marianagurza.ro\/blog\/wp-content\/uploads\/2016\/07\/GAINDRIC-Constantin-wb.jpg 600w\" sizes=\"auto, (max-width: 225px) 100vw, 225px\" \/><\/a>Daniela G\u00ceFU: Un reper de profesionalism, o figur\u0103 luminos\u0103, un om al echilibrului, devotat, sofisticat, galant, educat, uneori \u00eensingurat&#8230; sunt doar c\u00e2teva tr\u0103s\u0103turi pe care le ave\u0163i. C\u00e2t de bine v-am creionat portretul, stimate Domnule Profesor?<\/strong><\/p>\n<p style=\"text-align: justify;\"><strong>\u00a0<\/strong><\/p>\n<p style=\"text-align: justify;\"><strong>Constantin GAINDRIC:<\/strong> Din calificativele ce mi le atribui\u0163i consider mai apropiate de original om al echilibrului (numai \u00een unele cazuri), devotat, uneori \u00eensingurat\u2026 Dar \u015fi pedant (o calitate nu prea agreat\u0103 de colegi).<\/p>\n<p style=\"text-align: justify;\"><strong>Daniela G\u00ceFU: V-a\u015f propune s\u0103 ne \u00eentoarcem \u00een timp&#8230; Istorisi\u0163i-ne c\u00e2teva amintiri din copil\u0103rie. Primii ani de \u015fcoal\u0103. <\/strong><\/p>\n<p style=\"text-align: justify;\"><strong>\u00a0<\/strong><\/p>\n<p style=\"text-align: justify;\"><strong>Constantin GAINDRIC:<\/strong> Un singur copil \u00eentr-o familie de \u0163\u0103rani care citeau ziare, dac\u0103 vreun vecin, fiind la B\u0103l\u0163i, cump\u0103ra \u015fi ruga s\u0103 i se citeasc\u0103, ca s\u0103 \u015ftie dac\u0103 nu se va \u00eencepe iar r\u0103zboi. C\u0103r\u0163i erau doar c\u00e2teva \u015fi acelea departe de interesele lor. Am fost un copil destul de boln\u0103vicios, retras, care a fost \u00eenscris la \u015fcoal\u0103 deoarece o sal\u0103 de clas\u0103 se afla chiar \u00een casa noastr\u0103. C\u00e2nd p\u0103rin\u0163ii plecau, eram l\u0103sat pe seama \u00eenv\u0103\u0163\u0103toarei \u015fi r\u0103spundeam la \u00eentreb\u0103ri c\u00e2nd altcineva nu \u015ftia r\u0103spunsul. La un control, \u00een prim\u0103vara anului 1948, inspectorul o \u00eentreb\u0103 pe dna Obad\u0103, \u00eenv\u0103\u0163\u0103toarea, de ce nu-l las\u0103 pe micu\u0163ul din banca \u00eent\u00e2ia, care tot timpul ridic\u0103 m\u00e2na, s\u0103 r\u0103spund\u0103. A fost nevoit\u0103 s\u0103 m\u0103 ridice s\u0103 r\u0103spund, iar \u00een registru a ap\u0103rut numele meu. Probabil s-a temut doamna \u00eenv\u0103\u0163\u0103toare s\u0103 spun\u0103 c\u0103 \u00eenc\u0103 nu eram elev.<\/p>\n<p style=\"text-align: justify;\">Am citit mult. Spre regret numai ce era \u00een biblioteca s\u0103teasc\u0103 \u015fi cea a \u015fcolii. Cine selecta acele c\u0103r\u0163i nu \u015ftiu. Acum \u00eemi dau seama c\u00e2t de departe era fondul de carte de ce ar fi fost necesar. Eram privilegiat: aveam acces liber la rafturi, mi se permitea s\u0103 aleg 4-5 c\u0103r\u0163i. Au fost tentative din partea unor profesori s\u0103 m\u0103 \u00eenscrie la corul \u015fcolii. Cu greu am fost scutit de aceasta, \u00een schimbul particip\u0103rii la ansamblul de dansuri cu care am ajuns s\u0103 evolu\u0103m \u015fi la Festivalul Republican \u00een 1957, la care se f\u0103cea o selec\u0163ie pentru Festivalul Mondial al Tineretului \u015fi Studen\u0163ilor de la Moscova. Ansamblul nostru\u00a0 nu a trecut filtrul. \u00cen anul cinci al facult\u0103\u0163ii, dup\u0103 sesiunea de iarn\u0103, am fost trimi\u015fi \u00een \u015fcolile care nu aveau profesori de matematic\u0103. \u00cen satul Mile\u015fti, raionul Nisporeni, unde am fost trimis, profesorul de munc\u0103 era cel ce preda matematica. Dup\u0103 o s\u0103pt\u0103m\u00e2n\u0103 de a\u015fteptare \u00een Nisporeni am ajuns la destina\u0163ie (venise cu un tractor cineva de la gospod\u0103ria agricol\u0103 din Mile\u015fti, deoarece drumurile erau desfundate \u015fi alte mijloace de transport nu\u00a0 reu\u015feau s\u0103\u00a0 circule). P\u00e2n\u0103 am reu\u015fit s\u0103 g\u0103sesc o gazd\u0103, o s\u0103pt\u0103m\u00e2n\u0103 am dormit \u00een cancelarie. Eram cu 2-3 ani mai \u00een v\u00e2rst\u0103 dec\u00e2t elevii clasei a zecea. Acum m\u0103 mir cum de am reu\u015fit s\u0103 stabilesc rela\u0163iile ce mi-au permis s\u0103 duc sarcina cu succes.<\/p>\n<p style=\"text-align: justify;\"><strong>Daniela G\u00ceFU: Practic, v-a\u0163i n\u0103scut \u015fi v-a\u0163i format \u00een perioada \u201csocialismului dezvoltat\u201d, c\u00e2nd grafia latin\u0103 a fost interzis\u0103. Am avut bucuria s\u0103 descop\u0103r ata\u015famentul fa\u0163\u0103 de valorile rom\u00e2ne\u015fti. Cum a\u0163i descrie cei 47 de ani din via\u0163a dumneavoastr\u0103 p\u00e2n\u0103 c\u00e2nd a ap\u0103rut prima publica\u0163ie scris\u0103 \u00een limba rom\u00e2n\u0103 cu grafie latin\u0103? C\u00e2t de greu a fost s\u0103 v\u0103 adapta\u0163i?<\/strong><\/p>\n<p style=\"text-align: justify;\"><strong>\u00a0<\/strong><\/p>\n<p style=\"text-align: justify;\"><strong>Constantin GAINDRIC:<\/strong> Primele c\u0103r\u0163i\u00a0 citite \u015fi manualele au fost cu grafie chirilic\u0103, \u00eens\u0103 am avut\u00a0 de la un unchi al mamei vreo 4 c\u0103r\u0163i cu grafie latin\u0103. \u00cemi amintesc de romanul \u201eBen-Hur\u201d, o istorie a cre\u015ftinismului (autorul <a title=\"Lew Wallace\" href=\"https:\/\/en.wikipedia.org\/wiki\/Lew_Wallace\">Lew Wallace<\/a>), pe care l-am recitit iarna aceasta, \u201eR\u0103zboi \u015fi pace\u201d de L. Tolstoi, o carte despre preocup\u0103rile de fenomene paranormale ale unui vestit fizician \u015fi chimist englez William Crookes \u015fi o nuvel\u0103 \u00een versuri (nu \u015ftiu nici autorii, nici denumirile, deoarece nu avea \u00a0primele pagini) despre un oarecare Ion S\u0103racul. V\u0103 da\u0163i seama c\u00e2t de potrivit\u0103 lectur\u0103 era pentru un copil de 8-9 ani\u2026 Peste mul\u0163i ani am \u00eenceput s\u0103-mi colectez o bibliotec\u0103 \u00een rom\u00e2n\u0103, din c\u0103r\u0163i procurate de la libr\u0103ria \u201eDrujba\u201d din Moscova, unde v\u00e2nau c\u0103r\u0163i rom\u00e2ne\u015fti cei ce f\u0103ceau studii \u00een metropol\u0103. Erau foarte ieftine \u015fi ne puteam permite chiar cu bursele noastre. \u00cen perioada 1965-1966 am abonat, fiind \u00een Moscova, ziare editate la Bucure\u015fti. Revenind la Chi\u015fin\u0103u, abonasem s\u0103pt\u0103m\u00e2nalul \u201eLiteratura \u015fi Arta\u201d,\u00a0 \u00eens\u0103 nu aveam r\u0103bdarea s\u0103 ajung acas\u0103 \u015fi f\u0103ceam coad\u0103 la chio\u015fc, s\u0103-l citim cu colegii de diminea\u0163\u0103. Mi se pare c\u0103 nimeni din cei ce au \u0163inut o carte \u00een m\u00e2n\u0103, nu au avut nevoie de o adaptare special\u0103 la grafia latin\u0103. Sper c\u0103 nu gre\u015fesc.<\/p>\n<p style=\"text-align: justify;\">S-a scris \u015fi s-a vorbit mult despre perioada rena\u015fterii na\u0163ionale. De firea mea nu sunt revolu\u0163ionar. Nu ies la tribun\u0103, consider\u00e2nd c\u0103 dac\u0103 persoana \u00ee\u015fi face datoria con\u015ftiincios acest fapt este un argument mai de valoare. \u015ei totu\u015fi, am participat \u015fi la mitinguri \u015fi la Marea Adunare Na\u0163ional\u0103 din 27 august la care s-a votat Declara\u0163ia de Independen\u0163\u0103. \u00centreba\u0163i de ata\u015famentul fa\u0163\u0103 de valorile rom\u00e2ne\u015fti. Cred c\u0103 \u00een primul r\u00e2nd ar fi cazul de vorbit de valori general umane. \u015ei s\u0103 nu v\u0103 mire afirma\u0163ia c\u0103 \u00een Uniunea Sovietic\u0103 am avut norocul s\u0103 avem acces la valorile literare universale. S-au tradus \u00een rus\u0103 cei mai mari scriitori occidentali (excep\u0163ie cei contemporani, ce \u00een mod direct nu agreau ideologia promovat\u0103). \u015ei toate c\u0103r\u0163ile erau accesibile ca pre\u0163. Se citea, se discuta. Practic, \u00een fiecare locuin\u0163\u0103 erau c\u0103r\u0163i, mai ales c\u00e2nd editurile din Chi\u015fin\u0103u au purces la editarea a c\u00e2te 100-200 de mii de exemplare ale celor mai solicita\u0163i autori. \u015ei la Chi\u015fin\u0103u o perioad\u0103 mic\u0103 de timp se g\u0103seau c\u0103r\u0163i ale autorilor rom\u00e2ni, dar mai mult traduceri, \u00eens\u0103 foarte repede a disp\u0103rut aceast\u0103 posibilitate. O cuno\u015ftin\u0163\u0103, \u015fef de sec\u0163ie la departamentul comer\u0163 cu c\u0103r\u0163i, \u00eemi spunea cum baloturi nedespachetate erau returnate \u00a0cu motiva\u0163ia \u201ela Chi\u015fin\u0103u nu se solicit\u0103 dec\u00e2t albumele de art\u0103 \u00een limba rom\u00e2n\u0103\u201d.<\/p>\n<p style=\"text-align: justify;\"><strong>Daniela G\u00ceFU: Dup\u0103 terminarea studiilor liceale ce v-a determinat s\u0103 v\u0103 \u00eenscrie\u0163i la Institutul Pedagogic de Stat \u201eAlecu Russo\u201d din B\u0103l\u0163i!? Ce eminen\u0163i dasc\u0103li v-au marcat parcursul ini\u0163ial? <\/strong><\/p>\n<p style=\"text-align: justify;\"><strong>\u00a0<\/strong><\/p>\n<p style=\"text-align: justify;\"><strong>Constantin GAINDRIC:<\/strong> \u00cen \u015fcoala medie (licee nu erau \u00een URSS) eram pasionat nu numai de matematic\u0103, dar \u015fi de chimie. \u015etim cu to\u0163ii ce influen\u0163\u0103 are un profesor erudit, pasionat de disciplina ce o pred\u0103. Iar profesorul de chimie, dl. Jamba, m-a sf\u0103tuit s\u0103 m\u0103 \u00eenscriu la Facultatea de Chimie a Universit\u0103\u0163ii din Chi\u015fin\u0103u. Nu \u015ftiu, dac\u0103 am fi discutat acum, \u00een caz de \u00eemi acceptau actele. Mi s-a spus \u00eens\u0103, c\u0103 deoarece nu aveam nici 16 ani \u00eemplini\u0163i, s\u0103 vin c\u00e2nd voi avea 17 ani. \u2013 a\u015fa erau regulile pentru admiterea la chimie.<\/p>\n<p style=\"text-align: justify;\">La B\u0103l\u0163i astfel de restric\u0163ii nu erau. Astfel m-am \u00eenscris la matematic\u0103, av\u00e2nd norocul s\u0103 ascult prelegerile profesorilor Valentin Belousov, Israel Gohberg, Vasile Ceban, care au influen\u0163at \u015fi mai departe via\u0163a mea. Peste ani am devenit \u015fi colegi la Institutul de Matematic\u0103 cu Centru de Calcul.<\/p>\n<p style=\"text-align: justify;\"><strong>Daniela G\u00ceFU: Dup\u0103 terminarea facult\u0103\u0163ii a\u0163i \u00eenceput s\u0103 lucra\u0163i \u00een domeniul cercet\u0103rii la Institutul Central Economico-Matematic al Academiei de \u015etiin\u0163e a Uniunii Sovietice din Moscova. De ce Moscova?\u00a0 Cum a\u0163i descrie acea perioad\u0103?<\/strong><\/p>\n<p style=\"text-align: justify;\"><strong>\u00a0<\/strong><\/p>\n<p style=\"text-align: justify;\"><strong>Constantin GAINDRIC:<\/strong> Dup\u0103 facultate am fost \u00eenrolat \u00een armata sovietic\u0103. Profesorul V. Belousov, care deja activa \u00een Institutul de Matematic\u0103, mi-a spus ca la \u00eentoarcere s\u0103 apelez la domnia sa. Cei trei profesori din B\u0103l\u0163i m-au recomandat academicianului Vladimir Andrunachievici, directorul\u00a0 Institutului, care a g\u0103sit pentru mine un post de laborant superior. Peste vreo 3 s\u0103pt\u0103m\u00e2ni eram deja delegat la Moscova, la Institutul Central Economico-Matematic al Academiei de \u015etiin\u0163e a Uniunii Sovietice, pentru un stagiu de doi ani \u00een domeniul model\u0103rii matematice a proceselor din economie. Era un institut recent format la insisten\u0163a unor personalit\u0103\u0163i marcante, academicienii V. Nemcinov, L. Cantorovici (laureat al Premiului Nobel), N. Fedorenco \u015fi al\u0163ii, care vedeau necesitatea unor abord\u0103ri contemporane a problemelor economiei. Am avut norocul s\u0103 particip la mai multe evenimente, av\u00e2nd colegi cercet\u0103tori matematicieni \u015fi economi\u015fti, cu viziuni moderne, complet diferi\u0163i de marea majoritate a economi\u015ftilor \u00eenchista\u0163i \u00een dogmele promovate de oficialit\u0103\u0163i.<\/p>\n<p style=\"text-align: justify;\"><strong>Daniela G\u00ceFU: La c\u00e2\u0163iva ani dup\u0103 fixarea pe post la Institutul Central Economico-Matematic al Academiei de \u015etiin\u0163e a Uniunii Sovietice din Moscova, v-a\u0163i sus\u0163inut teza de candidat \u00een \u015ftiin\u0163e tehnice (echivalent cu actualul titlu de doctor) la acela\u015fi institut, apoi vi se confer\u0103 titlul \u015ftiin\u0163ifico-didactic de cercet\u0103tor \u015ftiin\u0163ific superior. Practic, p\u00e2n\u0103 la c\u00e2\u015ftigarea independen\u0163ei Republicii Moldova, dumneavoastr\u0103 v\u0103 \u00eemplinea\u0163i profesional \u00een inima fostei URSS. Cum a\u0163i descrie to\u0163i ace\u015fti ani? Ce bariere a\u0163i \u00eent\u00e2mpinat, dac\u0103 le-a\u0163i \u00eent\u00e2mpinat? <\/strong><\/p>\n<p style=\"text-align: justify;\"><strong>\u00a0<\/strong><\/p>\n<p style=\"text-align: justify;\"><strong>Constantin GAINDRIC:<\/strong> Cred c\u0103 este o confuzie. M-am \u00eentors la Chi\u015fin\u0103u la Institut dup\u0103 doi ani, \u00een octombrie 1966. \u00centre timp \u00een URSS se promova ideea cre\u0103rii unui sistem centralizat de planificare, bazat pe metode economico-matematice utiliz\u00e2nd calculatoarele. La Moscova se formase un Institut de cercet\u0103ri \u00een \u00a0problemele planific\u0103rii \u015fi un centru de calcul al Comitetului de Stat al Planific\u0103rii al Uniunii Sovietice. \u015ei\u00a0 \u00een fiecare din cele 15 republici din componen\u0163a Uniunii Sovietice s-au creat centre de calcul ale Comitetelor republicane de planificare. De aceea s-a solicitat s\u0103 fie delegat la o structur\u0103 a Comitetului republican pentru\u00a0 planificare cineva, care ar consulta \u015fi ajuta la formarea centrului de calcul. La moment \u00een Institutul de Matematic\u0103 mai era un coleg dr. D. Zambi\u0163chi, care f\u0103cuse o specializare la Institutul Central Economico-Matematic.<\/p>\n<p style=\"text-align: justify;\">Nu cunosc considerentele, de ce \u00een iunie 1967 anume eu am fost transferat la dispozi\u0163ia\u00a0 Comitetului republican\u00a0 pentru\u00a0 planificare. A\u015fa c\u0103 \u00een 1970, la 29 ani ne\u00eemplini\u0163i, am fost numit director al Centrului de Calcul al Comitetului Republican pentru Planificare (Gosplanului).\u00a0 Continuam cercet\u0103rile, \u00eens\u0103 mediul nu era prea prielnic. Numai \u00een octombrie 1977 am reu\u015fit s\u0103 m\u0103 \u00eentorc \u00een Institutul de Matematic\u0103. Am prezentat \u015fi sus\u0163inut teza de doctor (numit\u0103 \u00een URSS de candidat \u00een \u015ftiin\u0163e, cea de a doua fiind de doctor \u00een \u015ftiin\u0163e) la Institutul Central Economico-Matematic. Se abordau problemele model\u0103rii func\u0163ion\u0103rii\u00a0 transportului de m\u0103rfuri. De ce \u00een \u015ftiin\u0163e tehnice (\u00een Rom\u00e2nia inginere\u015fti)? Datorit\u0103 nomenclatorului specialit\u0103\u0163ilor \u015ftiin\u0163ifice din acele timpuri. Specialitatea \u201eInformatica\u201d \u00een Republica Moldova a fost inclus\u0103 \u00een nomenclatorul specialit\u0103\u0163ilor \u015ftiin\u0163ifice doar \u00een anul 2004.<\/p>\n<p style=\"text-align: justify;\"><strong>Daniela G\u00ceFU: Studiile doctorale le-a\u0163i finalizat \u00een anul 2000, c\u00e2nd vi s-a conferit titlul de doctor habilitat la Universitatea Tehnic\u0103 a Moldovei. A\u015fa a\u0163i ales s\u0103 lucra\u0163i \u00een mediul academic? Sau v-a\u0163i \u00eemp\u0103r\u0163it \u00eentre cercetare \u015fi catedr\u0103? Ce materii\/\u015ftiin\u0163e a\u0163i predat studen\u0163ilor dvs.? <\/strong><\/p>\n<p style=\"text-align: justify;\"><strong>\u00a0<\/strong><\/p>\n<p style=\"text-align: justify;\"><strong>Constantin GAINDRIC:<\/strong> Ar fi cazul de precizat, a doua treapt\u0103 &#8211; doctor habilitat &#8211; exist\u0103 \u00een c\u00e2teva \u0163\u0103ri europene: Fran\u0163a, Ungaria&#8230; (\u015fi \u00een Rom\u00e2nia a existat titlul de doctor-docent). Prima tez\u0103 (cea de doctor) se axa pe unele generaliz\u0103ri ale problemei a mai mul\u0163i comis-voiajori \u015fi aplica\u0163ii la transportarea partidelor mici de m\u0103rfuri. Teza de doctor habilitat avea titlul \u201eMetode matematice de fundamentare a deciziilor \u00een probleme slab formalizate.\u201d Practic, toat\u0103 activitatea mea a decurs \u00een institu\u0163ii de cercetare. Aici m\u0103 sim\u0163eam acas\u0103. Am \u0163inut \u015fi cursuri la Universitate,\u00a0 Academia de studii economice, \u00eens\u0103 doar episodic.<\/p>\n<p style=\"text-align: justify;\"><strong>Daniela G\u00ceFU: \u00cen anul 2007 a\u0163i fost ales membru corespondent al Academiei de \u015etiin\u0163e a Moldovei. Este o recunoa\u015ftere impresionant\u0103 a profesionalismului dumneavoastr\u0103. Povesti\u0163i-ne despre acel context \u015fi condi\u0163iile favorizante ale acestei numiri.<\/strong><\/p>\n<p style=\"text-align: justify;\"><strong>\u00a0<\/strong><\/p>\n<p style=\"text-align: justify;\"><strong>Constantin GAINDRIC:<\/strong> Am fost ales membru corespondent al Academiei de \u015etiin\u0163e a Moldovei \u00een anul 2007. Cred c\u0103 p\u00e2n\u0103 la titlul de profesor universitar sau cercet\u0103tor este o recunoa\u015ftere a profesionalismului \u015fi meritele persoanei. Membru al Academiei po\u0163i deveni doar dac\u0103 pe l\u00e2ng\u0103 calit\u0103\u0163i apar \u015fi unele circumstan\u0163e favorabile ce deseori nu depind de persoana \u00een cauz\u0103. S\u0103 ne amintim c\u00e2\u0163i scriitori clasici, pe care \u00eei citim \u015fi ast\u0103zi, nu au fost membri ai Academiei Franceze, iar mul\u0163i din fo\u015ftii membri ai Academiei Franceze sunt uita\u0163i cu des\u0103v\u00e2r\u015fire.<\/p>\n<p style=\"text-align: justify;\"><strong>Daniela G\u00ceFU: A\u0163i scris nenum\u0103rate studii \u015fi c\u0103r\u0163i de specialitate. Pute\u0163i s\u0103 enumera\u0163i c\u00e2teva titluri \u015fi tematica pe care o abordeaz\u0103?<\/strong><\/p>\n<p style=\"text-align: justify;\"><strong>\u00a0<\/strong><\/p>\n<p style=\"text-align: justify;\"><strong>Constantin GAINDRIC:<\/strong> Am \u00eenceput cercet\u0103rile cu metode de optimizare, inclusiv multicriterial\u0103, cu prec\u0103dere pentru unele probleme de func\u0163ionare a \u00eentreprinderilor de transport auto. Cu timpul, acumul\u00e2nd o experien\u0163\u0103 nu prea reu\u015fit\u0103 de conlucrare cu cei ce ar fi trebuit s\u0103 fie beneficiarii acestor cercet\u0103ri, m-am orientat spre sistemele suport pentru decizii (SSD). \u00cen aceste sisteme, destinate ajutor\u0103rii deciden\u0163ilor, se mizeaz\u0103 pe conlucrarea sistemului cu persoana, iar solu\u0163ia propus\u0103 de sistem este mai u\u015for acceptat\u0103, deoarece \u00een elaborare particip\u0103\u00a0 decidentul. Calculele de rutin\u0103 \u00een SSD \u00eei revin calculatorului, iar decidentul este cel ce alege varianta, care \u00een cea mai mare m\u0103sur\u0103 corespunde viziunii sale de \u201eoptim\u201d. Am luat \u00een ghilimele, deoarece nu orice solu\u0163ie optimal\u0103, \u00een sensul inclus \u00een modelul matematic, \u0163ine cont de toate criteriile de care se conduce decidentul, dar \u015fi de unele preferin\u0163e ale sale, care \u00een fond nu pot fi formalizate \u015fi incluse \u00een modelul procesului. \u00a0Deci, am trecut de la sisteme rigide la unele ce conlucreaz\u0103 cu persoana.<\/p>\n<p style=\"text-align: justify;\">Am publicat ceva peste 150 lucr\u0103ri, inclusiv 2 monografii, 3 capitole \u00een monografii\u00a0 colective, 2 dintre ele reeditate de 2 ori \u00een SUA. Am fost coeditor la 3 culegeri de articole \u015ftiin\u0163ifice. Dintre titluri: Luarea deciziilor. Metode\u00a0 \u015fi tehnologii; Considerente asupra edific\u0103rii societ\u0103\u0163ii informa\u0163ionale \u00een\u00a0 Moldova; A decision support system for Resources planning in scientific and technical programs; Fuzzy evalution processing in Decision Support Systems; \u00a0Decision support systems in ultrasound diagnostics; Concept of computer-aided tools for diagnostics and classification of early stages of non-alcoholic fatty liver disease; Emergency-SonaRes: A System for Ultrasound Diagnostics Support in Extreme Cases; SonaRes Platform for Development of Medical Informatics Applications; Re-engineering of SonaRes Knowledge Base for On-Site Triage Task in Mass Casualty. Din titluri se vede c\u0103 toate preocup\u0103rile mele \u0163in de luarea deciziilor &#8211; mai \u00eenainte \u00een probleme legate de transporturi, reparti\u0163ia finan\u0163\u0103rii proiectelor \u00een cadrul unor programe de stat. Ultimii ani sunt dedica\u0163i diferitelor probleme ce \u00eei preocup\u0103 pe medici: diagnosticarea, stabilirea unor criterii\u00a0 pentru categorizarea anumitor maladii. Conlucr\u00e2nd cu speciali\u015fti de cea mai \u00eenalt\u0103 calificare, dup\u0103 lungi discu\u0163ii \u00eencepem a \u00een\u0163elege limbajul medicilor, iar d\u00e2n\u015fii \u00een\u0163eleg ce pot cere de la noi. Cu at\u00e2t mai mare este satisfac\u0163ia ambelor p\u0103r\u0163i &#8211; a medicilor c\u0103 au ob\u0163inut un instrumentar performant care \u00eei ajut\u0103 s\u0103 \u00a0g\u0103seasc\u0103 o cale reu\u015fit\u0103 de tratament a pacientului, iar a informaticienilor c\u0103 au reu\u015fit s\u0103 elaboreze ceva nou \u015fi util. De fiecare dat\u0103 c\u0103ut\u0103m s\u0103 vedem ce este deja realizat \u00een lume \u015fi, dac\u0103 este ceva similar, s\u0103 g\u0103sim solu\u0163ii care \u00eenl\u0103tur\u0103 neajunsurile lor.<\/p>\n<p style=\"text-align: justify;\"><strong>Daniela G\u00ceFU: Ne cunoa\u015ftem de c\u00e2\u0163iva ani prin intermediul evenimentelor \u015ftiin\u0163ifice organizate fie de dumneavoastr\u0103, fie de noi cei de la Facultatea de Informatic\u0103 din Ia\u015fi. Cum \u015fi c\u00e2nd s-a produs aceast\u0103 puternic\u0103 colaborare \u00eentre cele dou\u0103 institu\u0163ii? <\/strong><\/p>\n<p style=\"text-align: justify;\"><strong>\u00a0<\/strong><\/p>\n<p style=\"text-align: justify;\"><strong>Constantin GAINDRIC:<\/strong> \u00cen anul 1992 am participat la o conferin\u0163\u0103 organizat\u0103 de un membru corespondent al Academiei Rom\u00e2ne, H. N. Teodorescu, dup\u0103 care au urmat vizite reciproce de c\u00e2teva ori pe an a colegilor din Institutul de Informatic\u0103 Teoretic\u0103 \u015fi a Facult\u0103\u0163ii de Informatic\u0103 din Ia\u015fi la Chi\u015fin\u0103u \u015fi ale colegilor mei la Ia\u015fi. V\u0103 fac o dest\u0103inuire. Vin la Ia\u015fi cu dragoste de c\u00e2te ori am cea mai mic\u0103 ocazie. \u015ei colegii din Ia\u015fi sunt printre cei mai a\u015ftepta\u0163i la Chi\u015fin\u0103u. Dar \u015fi la Bucure\u015fti am colegi, prieteni. Cum? Probabil nu numai tangen\u0163e \u00een cercetare, dar \u015fi ceva mai mult dec\u00e2t colegialitate \u00eentre persoane, iar aceasta a condus \u015fi la oficializarea rela\u0163iilor \u00eentre institu\u0163ii.<\/p>\n<p style=\"text-align: justify;\"><strong>Daniela G\u00ceFU: Ave\u0163i rude \u00een Rom\u00e2nia? De unde aceast\u0103 dragoste necondi\u0163ionat\u0103 de poporul Rom\u00e2n? <\/strong><\/p>\n<p style=\"text-align: justify;\"><strong>\u00a0<\/strong><\/p>\n<p style=\"text-align: justify;\"><strong>Constantin GAINDRIC:<\/strong> La Bac\u0103u din 1940 a\u00a0 locuit un unchi al mamei, pe care l-am vizitat fiind invitat la Uzina de avioane (produceau, mi se pare, avioane de v\u00e2n\u0103toare tip MIG) pentru consulta\u0163ii. \u00a0D\u00e2nsul a fost la Chi\u015fin\u0103u de c\u00e2teva ori. La \u00eentrebarea de \u201edragoste necondi\u0163ionat\u0103 de poporul Rom\u00e2n\u201d cred c\u0103 a\u015f r\u0103spunde cu\u00a0 \u00eentrebarea: \u00a0Dumneavoastr\u0103 iubi\u0163i\u00a0 poporul Rom\u00e2n?<\/p>\n<p style=\"text-align: justify;\"><strong>Daniela G\u00ceFU: Sunte\u0163i redactor \u015fef al unei reviste de limb\u0103 englez\u0103 numit\u0103 semnificativ \u201eComputer Science Journal of Moldova\u201d. Care sunt obiectivele \u015fi dezideratele acestei publica\u0163ii? Cu ce alte reviste a\u0163i colaborat \u015fi colabora\u0163i \u00een prezent?<\/strong><\/p>\n<p style=\"text-align: justify;\"><strong>\u00a0<\/strong><\/p>\n<p style=\"text-align: justify;\"><strong>Constantin GAINDRIC:<\/strong> Cu 24 ani \u00een urm\u0103, cu un grup de colegi (printre care Svetlana Cojocaru, Victor Ufnarovski, Iurie Pecerski, Galina Magariu), \u00een urma unor lungi \u015fi controversate discu\u0163ii, am ini\u0163iat, prima \u00een Republica Moldova, revista de informatic\u0103 \u015fi singura pe atunci de limb\u0103 englez\u0103. Anul 1993 nu era din cei ce favoriza editarea revistelor. Nici salariile nu se achitau la timp. Am avut norocul (s\u0103 vede\u0163i c\u0103 at\u00e2t de frecvent vorbesc de noroc), de domnul Andrei Vartic \u015fi funda\u0163ia cultural\u0103 Basarabia, care c\u00e2t a existat, dar, spre regret, a existat numai un an, a pl\u0103tit facturile tipografiei, celelalte lucr\u0103ri fiind voluntariatul colegilor. Cum scriam \u00een adresarea c\u0103tre cititori, revista pentru noi era un simbol real al independen\u0163ei noastre \u015fi sper\u0103m c\u0103 va fi util\u0103\u00a0 \u015fi interesant\u0103. Simbol al independen\u0163ei, deoarece nu trebuia s\u0103 cerem permisiunea Moscovei pentru a o edita. Scopul nostru primordial a fost \u015fi este de a promova cercet\u0103rile efectuate \u00een Institut \u015fi \u00een Universit\u0103\u0163ile din Republica Moldova, dar \u015fi de a ini\u0163ia colabor\u0103ri cu colegi din centrele de cercetare din Europa \u015fi din lume. Cu satisfac\u0163ie pot s\u0103 constat c\u0103 pe l\u00e2ng\u0103 autorii tradi\u0163ionali din Rom\u00e2nia, Rusia, Ucraina, public\u0103m rezultatele cercet\u0103torilor din Fran\u0163a, SUA, Germania, Italia, Elve\u0163ia, Vietnam, Suedia, Bulgaria, Polonia, Spania, Marea Britanie, Mexic, Ungaria, China, Austria, Grecia, Japonia, India, Iran, Finlanda, Canada \u015fi \u00eenc\u0103 vreo 15 \u0163\u0103ri. Sunt onorat s\u0103 particip \u00een colegiile redac\u0163ionale a unor reviste \u015ftiin\u0163ifice din Rom\u00e2nia, Ucraina, Federa\u0163ia Rus\u0103, Bulgaria\u2026<\/p>\n<p style=\"text-align: justify;\"><strong>Daniela G\u00ceFU: \u015etiu c\u0103 nu v-a\u0163i retras din activitate niciodat\u0103 cu adev\u0103rat. De fapt, sunt oameni care nu se \u201cpensioneaz\u0103\u201d niciodat\u0103, ceea ce m\u0103 determin\u0103 s\u0103 v\u0103 \u00eentreb, ce proiecte de viitor ave\u0163i? Am \u00een vedere t\u0103r\u00e2mul profesional, f\u0103r\u0103 \u00eens\u0103 a-l ignora pe cel personal. <\/strong><\/p>\n<p style=\"text-align: justify;\"><strong>\u00a0<\/strong><\/p>\n<p style=\"text-align: justify;\"><strong>Constantin GAINDRIC:<\/strong> Nici nu inten\u0163ionez. \u00cencerc s\u0103 continui elaborarea unor sisteme informatice pentru medici. Este un domeniu care, pe l\u00e2ng\u0103 atractivitate, ar fi de real folos pentru popula\u0163ie. Se resimte \u00eens\u0103 dificultatea interac\u0163iunii cu medicii. P\u00e2n\u0103 acum am avut norocul s\u0103 colabor\u0103m cu persoane extrem de receptive \u015fi doritoare s\u0103 realizeze ceva nou. Sper s\u0103 reu\u015fim \u015fi \u00een alte proiecte. V\u00e2rsta de pensionare am dep\u0103\u015fit-o. Mai am c\u00e2teva datorii: doi doctoranzi s\u0103-\u015fi termine cercet\u0103rile, un proiect cu colegii din Germania \u015fi Austria s\u0103-l realiz\u0103m. \u015ei atunci mai vedem.<\/p>\n<p style=\"text-align: justify;\"><strong>Daniela G\u00ceFU: Cur\u00e2nd, pe data de 11 septembrie, ve\u0163i \u00eemplini 75 de ani! O v\u00e2rst\u0103 frumoas\u0103! Un secret pe care merit\u0103 s\u0103-l dezv\u0103luim cititorilor no\u015ftri! \u00cen realitate, prin aceast\u0103 extraordinar\u0103 statur\u0103 atletic\u0103, p\u0103re\u0163i mult mai t\u00e2n\u0103r. Cum a\u0163i reu\u015fit s\u0103 v\u0103 men\u0163ine\u0163i forma fizic\u0103 \u015fi aceast\u0103 prospe\u0163ime de invidiat? Face\u0163i sport? Ave\u0163i o diet\u0103 special\u0103? <\/strong><\/p>\n<p style=\"text-align: justify;\"><strong>\u00a0<\/strong><\/p>\n<p style=\"text-align: justify;\"><strong>Constantin GAINDRIC:<\/strong> Orice v\u00e2rst\u0103 are farmecul ei. Nimic nu am de ascuns. Ceva ce \u0163ine de ereditate. \u015ei tat\u0103l era \u00eenalt, \u015fi cei doi fii suntem de aceea\u015fi statur\u0103. Cu 4-5 ani \u00een urm\u0103 puteam face schimb de costume. Am lucrat permanent. Nu am f\u0103cut sport (nu de performan\u0163\u0103) dec\u00e2t p\u00e2n\u0103 la 22 de ani. Nu am diet\u0103 \u015fi nu am avut.<\/p>\n<p style=\"text-align: justify;\"><strong>Daniela G\u00ceFU: C\u00e2nd am aflat c\u0103 ziua dumneavoastr\u0103 este pe 11 septembrie, ca s\u0103 n-o uit, imediat am asociat-o cu tragicul eveniment din America, 11 septembrie 2001. Ce p\u0103rere ave\u0163i, dumneavoastr\u0103, care a\u0163i tr\u0103it o via\u0163\u0103 \u00een Moscova, de situa\u0163ia politic\u0103 mondial\u0103?<\/strong><\/p>\n<p style=\"text-align: justify;\"><strong>\u00a0<\/strong><\/p>\n<p style=\"text-align: justify;\"><strong>Constantin GAINDRIC:<\/strong> Eram cu colegii la o cafenea, celebr\u00e2nd \u00eemplinirea a 60 de ani, c\u00e2nd cineva mi-a spus de eveniment. L-am rugat s\u0103 nu anun\u0163e, altfel c\u00e2\u0163iva din cei prezen\u0163i, care aveau copii \u00een SUA, ar fi plecat, cu toate c\u0103 nu ar fi reu\u015fit s\u0103-i contacteze. Cred c\u0103 de vreo 20 de ani, c\u00e2nd am \u00een\u0163eles c\u0103 nu am nici cea mai mic\u0103 posibilitate s\u0103 influen\u0163ez evenimentele, c\u00e2nd m-am dezam\u0103git de politicienii din Republica Moldova, am \u00eencetat s\u0103 mai citesc ziare, s\u0103 privesc emisiuni politice. Pe Internet pot citi informa\u0163ia succint\u0103 \u015fi, numai rareori, mai detaliat\u0103. G. Simenon, cunosc\u00e2nd pre\u015fedin\u0163i, prim mini\u015ftri \u015fi al\u0163i mari demnitari din multe \u0163\u0103ri se mira cum de ajung la putere persoane cu a\u015fa calit\u0103\u0163i intelectuale \u015fi morale. \u015ei la marile puteri se \u00eent\u00e2lne\u015fte acest fenomen. Exemplele le cunoa\u015ftem.<\/p>\n<p style=\"text-align: justify;\"><strong>Daniela G\u00ceFU: Deoarece acest interviu este mai pu\u0163in conven\u0163ional, mi-am permis s\u0103 v\u0103 pun unele \u00eentreb\u0103ri care nu apar\u0163in de domeniul \u015ftiin\u0163ei. A\u015f mai avea o ultim\u0103 \u00eentrebare. Ce v\u0103 bucur\u0103 \u015fi ce v\u0103 sup\u0103r\u0103 cel mai mult!? <\/strong><\/p>\n<p style=\"text-align: justify;\"><strong>\u00a0<\/strong><\/p>\n<p style=\"text-align: justify;\"><strong>Constantin GAINDRIC:<\/strong> M\u0103 sup\u0103r\u0103 \u015fi m\u0103 \u00eentristeaz\u0103 ce se \u00eent\u00e2mpl\u0103 la noi, \u00een Republica Moldova. Am avut mari speran\u0163e, \u00eens\u0103 cei ce au ajuns la putere confirm\u0103 spusele lui G. Simenon. Orizontul lor, atitudinea fa\u0163\u0103 de educa\u0163ie, \u015ftiin\u0163\u0103, fa\u0163\u0103 de popor denot\u0103 poate nu rea voin\u0163\u0103, \u00eens\u0103 cert neprofesionalism \u015fi lips\u0103 de scrupule. Nici cea mai boln\u0103vicioas\u0103 imagina\u0163ie nu ar promova\u00a0 ceea ce se promoveaz\u0103 \u00een Republica Moldova.<\/p>\n<p style=\"text-align: justify;\">Prea pu\u0163ine lucruri m\u0103 bucur\u0103. Dar s\u0103 nu exagerez. M\u0103 bucur\u0103 copiii \u015fi nepo\u0163ii. M\u0103 bucur\u0103 colegii, succesele lor. M\u0103 bucur\u0103 c\u0103 reu\u015fim s\u0103 realiz\u0103m unele proiecte cu colegii din Rom\u00e2nia, Germania. Tinerii talenta\u0163i m\u0103 bucur\u0103. A\u015f vrea s\u0103 fie mai mul\u0163i \u015fi mai insisten\u0163i. M\u0103 bucur\u0103 c\u0103 \u00eenc\u0103 mai este ceva de care m\u0103 pot bucura.<\/p>\n<p style=\"text-align: justify;\"><strong>Daniela G\u00ceFU: Cu emo\u0163ie \u015fi nespus\u0103 bucurie m\u0103rturisesc faptul c\u0103 am reu\u015fit s\u0103 duc la bun sf\u00e2r\u015fit un interviu de suflet! V\u0103 mul\u0163umesc c\u0103 a\u0163i r\u0103spuns invita\u0163iei de a ne \u00eemp\u0103rt\u0103\u015fi din plin\u0103tatea vie\u0163ii dumneavoastr\u0103. V\u0103 doresc putere de munc\u0103, inspira\u0163ie \u015fi s\u0103n\u0103tate!<\/strong><\/p>\n<p style=\"text-align: justify;\">&#8212;&#8212;&#8212;&#8212;&#8212;&#8212;&#8212;&#8212;&#8212;&#8212;&#8212;&#8212;&#8212;&#8212;&#8211;<\/p>\n<p style=\"text-align: justify;\"><em>* <strong>Constantin GAINDRIC<\/strong>, n\u0103scut la 11 septembrie 1941 \u00een satul Z\u0103icani, raionul R\u00ee\u015fcani. Doctor habilitat (\u00een \u015ftiin\u0163e tehnice), cercet\u0103tor \u015ftiin\u0163ific principal, profesor universitar, conduc\u0103tor \u015ftiin\u0163ific, membru corespondent al Academiei de \u015etiin\u0163e a Moldovei, fondator \u015fi redactor \u015fef al publica\u0163iei Computer Science Journal of Moldava, membru al multor colegii redac\u0163ionale de reviste \u015ftiin\u0163ifice, membru al Societ\u0103\u0163ii Balcanice de Sisteme Fuzzy, a Societ\u0103\u0163ii rom\u00e2ne de modelare matematic\u0103 etc. <\/em><\/p>\n<p style=\"text-align: justify;\">A consemnat,<\/p>\n<p style=\"text-align: justify;\"><strong>Daniela G\u00ceFU <\/strong><\/p>\n<p style=\"text-align: justify;\"><strong>Ia\u015fi, Rom\u00e2nia<\/strong><\/p>\n<p style=\"text-align: justify;\"><strong>Iulie 2016<\/strong><\/p>\n","protected":false},"excerpt":{"rendered":"<p>Daniela G\u00ceFU: Un reper de profesionalism, o figur\u0103 luminos\u0103, un om al echilibrului, devotat, sofisticat, galant, educat, uneori \u00eensingurat&#8230; sunt [&#038;hellip<\/p>\n","protected":false},"author":1,"featured_media":0,"comment_status":"closed","ping_status":"closed","sticky":false,"template":"","format":"standard","meta":{"footnotes":""},"categories":[3],"tags":[],"class_list":["post-26789","post","type-post","status-publish","format-standard","hentry","category-articole"],"_links":{"self":[{"href":"https:\/\/www.marianagurza.ro\/blog\/wp-json\/wp\/v2\/posts\/26789","targetHints":{"allow":["GET"]}}],"collection":[{"href":"https:\/\/www.marianagurza.ro\/blog\/wp-json\/wp\/v2\/posts"}],"about":[{"href":"https:\/\/www.marianagurza.ro\/blog\/wp-json\/wp\/v2\/types\/post"}],"author":[{"embeddable":true,"href":"https:\/\/www.marianagurza.ro\/blog\/wp-json\/wp\/v2\/users\/1"}],"replies":[{"embeddable":true,"href":"https:\/\/www.marianagurza.ro\/blog\/wp-json\/wp\/v2\/comments?post=26789"}],"version-history":[{"count":3,"href":"https:\/\/www.marianagurza.ro\/blog\/wp-json\/wp\/v2\/posts\/26789\/revisions"}],"predecessor-version":[{"id":26792,"href":"https:\/\/www.marianagurza.ro\/blog\/wp-json\/wp\/v2\/posts\/26789\/revisions\/26792"}],"wp:attachment":[{"href":"https:\/\/www.marianagurza.ro\/blog\/wp-json\/wp\/v2\/media?parent=26789"}],"wp:term":[{"taxonomy":"category","embeddable":true,"href":"https:\/\/www.marianagurza.ro\/blog\/wp-json\/wp\/v2\/categories?post=26789"},{"taxonomy":"post_tag","embeddable":true,"href":"https:\/\/www.marianagurza.ro\/blog\/wp-json\/wp\/v2\/tags?post=26789"}],"curies":[{"name":"wp","href":"https:\/\/api.w.org\/{rel}","templated":true}]}}