{"id":27368,"date":"2016-09-13T06:13:17","date_gmt":"2016-09-13T06:13:17","guid":{"rendered":"http:\/\/www.marianagurza.ro\/blog\/?p=27368"},"modified":"2016-09-13T06:14:24","modified_gmt":"2016-09-13T06:14:24","slug":"andriana-cheptine-interviu-cu-mihai-ghimpu-%e2%80%93-presedintele-partidului-liberal-din-republica-moldova","status":"publish","type":"post","link":"https:\/\/www.marianagurza.ro\/blog\/2016\/09\/13\/andriana-cheptine-interviu-cu-mihai-ghimpu-%e2%80%93-presedintele-partidului-liberal-din-republica-moldova\/","title":{"rendered":"Andriana CHEPTINE: Interviu cu Mihai Ghimpu, Pre\u0219edintele Partidului Liberal din Republica Moldova"},"content":{"rendered":"<p style=\"text-align: justify;\"><strong><em><a href=\"http:\/\/www.marianagurza.ro\/blog\/wp-content\/uploads\/2016\/09\/GHIMPU-Mihai-wb.jpg\"><img loading=\"lazy\" decoding=\"async\" class=\"size-medium wp-image-27369 alignleft\" title=\"GHIMPU-Mihai-wb\" src=\"http:\/\/www.marianagurza.ro\/blog\/wp-content\/uploads\/2016\/09\/GHIMPU-Mihai-wb-225x300.jpg\" alt=\"\" width=\"225\" height=\"300\" srcset=\"https:\/\/www.marianagurza.ro\/blog\/wp-content\/uploads\/2016\/09\/GHIMPU-Mihai-wb-225x300.jpg 225w, https:\/\/www.marianagurza.ro\/blog\/wp-content\/uploads\/2016\/09\/GHIMPU-Mihai-wb.jpg 600w\" sizes=\"auto, (max-width: 225px) 100vw, 225px\" \/><\/a>\u201eObiectivul meu este s\u0103 devin primul pre\u015fedinte unionist ales al Republicii Moldova \u015fi s\u0103 declan\u015fez procesul de unire cu Rom\u00e2nia\u201d <\/em><\/strong><\/p>\n<p style=\"text-align: justify;\"><em>\u00cen cadrul unui interviu acordat portalului TRIBUNA, Pre\u015fedintele Partidului Liberal (PL), Mihai Ghimpu a vorbit despre ce a stat la baza deciziei de a se implica \u00een campania pentru alegerile preziden\u0163iale, pe cine consider\u0103 principalul oponent, \u00een ce m\u0103sur\u0103 crede c\u0103 va fi important \u00een aceste alegeri factorul extern, cum crede c\u0103 va fi campania electoral\u0103, dac\u0103 admite ideea c\u0103 PR-ul negru ar putea predomina, dar \u015fi a f\u0103cut un pronostic c\u00eend Moldova se va uni cu Rom\u00e2nia \u015fi un pronostic c\u00eend R. Moldova va adera la UE.<\/em><em><\/em><\/p>\n<p style=\"text-align: justify;\">&#8212;&#8212;&#8212;&#8212;&#8212;&#8212;&#8212;&#8212;&#8212;&#8212;<\/p>\n<p style=\"text-align: justify;\"><strong>\u00a0<\/strong><\/p>\n<p style=\"text-align: justify;\"><strong>Andriana C<\/strong><strong>HEPTINE: <\/strong><strong>Dle Pre\u015fedinte, ce a stat la baza deciziei <\/strong><strong>d<\/strong><strong>vs. de a v\u0103 implica \u00een campania pentru alegerile preziden\u0163iale?<\/strong><\/p>\n<p style=\"text-align: justify;\"><strong>M<\/strong><strong>ihai <\/strong><strong>G<\/strong><strong>HIMPU<\/strong><strong>:<\/strong>\u00a0Primul motiv este c\u0103 am fost desemnat ca atare de c\u0103tre structurile de conducere ale partidului nostru, \u00een urma unei analize complexe bazate pe rezultatele cercet\u0103rilor sociologice. Faptul c\u0103 eu \u015fi Partidul Liberal, conform sondajului Magenta\/FUMN, suntem asocia\u0163i cu unionismul \u015fi Unirea de c\u0103tre 50% din electorat \u2013 la mare distan\u0163\u0103 de al\u0163i candida\u0163i \u015fi alte partide \u2013 au fost elemente determinante.<\/p>\n<p style=\"text-align: justify;\">Al doilea motiv, \u015fi cel mai important, este pentru a da r\u0103spunsul corect celor care cred c\u0103 R. Moldova merge \u00eentr-o direc\u0163ie gre\u015fit\u0103, circa 80%, adic\u0103 o dezam\u0103gire f\u0103r\u0103 precedent la noi. \u00cen aceast\u0103 campanie vreau s\u0103 \u00eei conving pe aleg\u0103tori c\u0103 singura solu\u0163ie realist\u0103 pentru a r\u0103spunde la o bun\u0103 parte din nelini\u015ftile \u015fi problemele lor este Unirea cu Rom\u00e2nia, de fapt revenirea la \u0162ara Mam\u0103. Noi, Partidul Liberal, am crezut de fiecare dat\u0103 asta, chiar dac\u0103 contextul politic \u015fi situa\u0163ia \u00een care ne-am aflat nu ne-a permis s\u0103 spunem asta de fiecare dac\u0103. Am fost obliga\u0163i s\u0103 facem alian\u0163e cu partide neunioniste \u2013 a\u015fa cum suntem \u015fi azi -, dar asta nu \u00eenseamn\u0103 c\u0103 am renun\u0163at la crezul nostru unionist. Niciodat\u0103. Dac\u0103 a\u015f renun\u0163a la unionism nu a\u015f mai fi Mihai Ghimpu, iar Partidul Liberal nu ar mai fi Partidul Liberal. Noi suntem unioni\u015fti \u015fi punctum.<\/p>\n<p style=\"text-align: justify;\"><strong>Andriana C<\/strong><strong>HEPTINE: <\/strong><strong>Unele sondaje arat\u0103 c\u0103 sunte\u0163i cel mai atractiv politician pentru segmentul de electorat unionist. Pe ce alte categorii de aleg\u0103tori ve\u0163i miza?<\/strong><\/p>\n<p style=\"text-align: justify;\"><strong>M<\/strong><strong>ihai <\/strong><strong>G<\/strong><strong>HIMPU<\/strong><strong>:<\/strong>\u00a0Principalul bazin electoral la care se adreseaz\u0103 campania mea este bazinul unionist, a\u015fa cum este el reflectat de sondajele cele mai recente. Este vorba despre cei 28% de unioni\u015fti convin\u015fi, care vor Unirea, \u015fi de celelalte circa 22% de unioni\u015fti pragmatici, respectiv cei care sunt de acord cu Unirea din motive pragmatice, adic\u0103 avantaje socio-economice. Vorbim despre peste 50% electorat, jum\u0103tate din cet\u0103\u0163enii R. Moldova care, mobiliza\u0163i, convin\u015fi, sco\u015fi la vot, pot da primul Pre\u015fedinte unionist ales al R. Moldova. La ace\u015ftia se adaug\u0103 rom\u00e2nii moldoveni din diaspora, mul\u0163i dintre ei unioni\u015fti av\u00e2nd deja cet\u0103\u0163enia rom\u00e2n\u0103. Pentru mul\u0163i dintre ei este clar c\u0103 se vor \u00eentoarce acas\u0103 \u00eentr-un singur caz: \u00een Rom\u00e2nia Mare! \u00cen Rom\u00e2nia Unit\u0103! Adic\u0103 se vor \u00eentoarce din spa\u0163iul UE \u015fi NATO, unde muncesc acum, tot \u00een UE \u015fi NATO. Altfel, dac\u0103 nu facem Unirea, nu se va mai \u00eentoarce nimeni \u00een R. Moldova, ne fur\u0103m singuri c\u0103ma\u015fa dac\u0103 credem altfel. \u015ei tinerii no\u015ftri vor pleca, iar\u0103\u015fi vom sacrifica genera\u0163ii\u2026 Unirea este singura solu\u0163ie pe care o au moldovenii din R. Moldova sau din afara ei, indiferent de na\u0163ionalitate.<\/p>\n<p style=\"text-align: justify;\">Acestui electorat m\u0103 adresez eu \u015fi acesta este obiectivul meu \u00een alegerile din 30 octombrie: s\u0103 devin primul Pre\u015fedinte unionist ales al R. Moldova \u015fi s\u0103 declan\u015fez procesul de Unire cu \u0162ara Mam\u0103.\u00a0Toate calculele pe care le-am f\u0103cut noi \u015fi echipa noastr\u0103 de campanie arat\u0103 clar c\u0103 \u00een actual context de f\u0103r\u00e2mi\u0163are politic\u0103, candidatul liberal unionist are \u015fanse reale s\u0103 intre \u00een turul al doilea. A\u015f vrea s\u0103 fie clar c\u0103 eu nu v\u00e2nd iluzii. Partidul Liberal a c\u00e2\u015ftigat 14,68% la alegerile din 29 iulie 2009, ca partid unionist, un electorat care se poate recupera ast\u0103zi, dar acum, dup\u0103 at\u00e2tea e\u015fecuri ale guvern\u0103rilor \u015fi dup\u0103 ratarea \u015fansei europene, unionismul este \u015fi mai prezent \u00een mintea \u015fi sufletul electoratului dec\u00e2t era \u00een 2009. Pe fondul disensiunilor \u015fi a disip\u0103rii electoratului, se va trece \u00een turul al II-lea cu un procent de 16-18%, iar \u00een turul al II-lea poten\u0163ialul de unioni\u015fti de peste 50% va face diferen\u0163a. Un candiat unionist poate c\u00e2\u015ftiga Pre\u015fedin\u0163ia! Ce trebuie s\u0103 \u00een\u0163eleag\u0103 electoratul unionist este c\u0103 nu e deloc o utopie. Am vorbit cu mult\u0103 lume \u015fi de la Chi\u015fin\u0103u \u015fi de la Bucure\u015fti \u015fi le-am spus c\u0103 ast\u0103zi exist\u0103 o \u015fans\u0103 extraordinar\u0103 ca un unionist s\u0103 ajung\u0103 Pre\u015fedinte.<\/p>\n<p style=\"text-align: justify;\">E \u015fansa noastr\u0103 \u015fi nu trebuie s\u0103 o irosim, dac\u0103 vom crede \u00een ea \u015fi to\u0163i vom lucra pentru asta. E timpul ca unionismul asumat s\u0103 ajung\u0103 din strad\u0103 \u015fi din spa\u0163iul public \u00een institu\u0163iile cel mai \u00eenalte din R. Moldova. E timpul pentru primul Pre\u015fedinte unionist ales care s\u0103 declan\u015feze procesul de Unire.<\/p>\n<p style=\"text-align: justify;\"><strong>Andriana C<\/strong><strong>HEPTINE: <\/strong><strong>Din c\u00eete se vede, \u00een aceste alegeri, am putea avea un num\u0103r record de candida\u0163i. \u00cen opinia dvs., aceasta e bine sau e r\u0103u? Nu va fi derutat aleg\u0103torul?<\/strong><\/p>\n<p style=\"text-align: justify;\"><strong>M<\/strong><strong>ihai <\/strong><strong>G<\/strong><strong>HIMPU<\/strong><strong>:<\/strong>\u00a0\u00centr-o democra\u0163ie situa\u0163ie este cea pe care o dore\u015fte electoratul. Dac\u0103 vrea lumea s\u0103 candideze, este liber\u0103 s\u0103 o fac\u0103. Sunt primele alegeri directe dup\u0103 anul 2000 \u015fi pot s\u0103 \u00een\u0163eleg dorin\u0163a multora de a candida. Dar electoratul \u015fi-a dat seama c\u0103 mul\u0163i dintre cei care vor s\u0103 candideze sunt iepuri pu\u015fi de st\u0103p\u00e2nii lor s\u0103 alerge dup\u0103 voturi pentru a defavoriza al\u0163i candida\u0163i sau de a induce confuzie. Vor fi din \u0103\u015ftia \u015fi pe culoarul unionist, dar am \u00eencredere \u00een discern\u0103m\u00e2ntul electoratului c\u0103ruia eu m\u0103 adresez. Electoratul meu nu va fi derutat. Electoratul meu, electoratul unionist, este mai inteligent dec\u00e2t alte electorate. \u00cen aceast\u0103 campanie m\u0103 voi str\u0103dui, \u00eempreun\u0103 cu Partidul Liberal \u015fi to\u0163i prietenii no\u015ftri, s\u0103 ajungem la acest electorat, s\u0103 intru cu el \u00een dialog, s\u0103 \u00eel mobilizez la vot. Iar dup\u0103 turul al doilea problema nu se mai pune. Electoratul va avea de ales \u00eentre candidatul Rusiei, care ne va federaliza \u015fi ne va duce \u00een Uniunea Vamal\u0103 \u015fi Uniunea Eurasiatic\u0103, \u015fi candidatul unionist, care va duce R. Moldova \u00een UE \u015fi NATO prin Unirea cu Rom\u00e2nia. Alte op\u0163iune realiste nu vor exista \u00een aceast\u0103 campanie.<\/p>\n<p style=\"text-align: justify;\"><strong>Andriana C<\/strong><strong>HEPTINE: <\/strong><strong>Pe cine considera\u0163i principalul dvs. oponent \u00een alegerile preziden\u0163iale?<\/strong><\/p>\n<p style=\"text-align: justify;\"><strong>M<\/strong><strong>ihai <\/strong><strong>G<\/strong><strong>HIMPU<\/strong><strong>:<\/strong>\u00a0Am spus deja. Pe candidatul Moscovei, liderul socialist Igor Dodon \u2013 trompeta Kremlinului. Dodon Pre\u015fedinte va fi cea mai mare nenorocire politic\u0103 \u015fi geopolitic\u0103 pentru R. Moldova \u015fi regiune. Dodon nu doar c\u0103 va falsifica iar\u0103\u015fi limba \u015fi istoria noastr\u0103, dar Dodon \u00eenseamn\u0103 transnistrizare, federalizare, adic\u0103 Rusia. Dodon va sus\u0163ine federalizarea \u00een R. Moldova \u015fi va \u00eenfige prin asta un cu\u0163it \u00een spate \u015fi Ucrainei.<\/p>\n<p style=\"text-align: justify;\">Eu fac un apel electoratului, dar \u015fi oficialilor UE sau cei americani s\u0103 nu se lase \u00een\u015fela\u0163i. Dodon acum \u00eembrac\u0103 uneori haine de miel, vorbe\u015fte de men\u0163inerea cursului european, dar \u00een\u0103untru st\u0103 un lup. S\u0103 nu se lase nimeni \u00een\u015felat, pentru c\u0103 Moscova a mai procedat a\u015fa \u015fi \u00een alte p\u0103r\u0163i. S\u0103 ne amintim situa\u0163ia din Ucraina, dup\u0103 venirea la putere a lui Viktor Ianukovici. Ini\u0163ial s-a crezut c\u0103 Ianukovici nu e total \u00een m\u00e2na ru\u015filor, dar, dup\u0103 ce Ianukovici a c\u00e2\u015ftigat puterea ca Pre\u015fedinte, ru\u015fii au plecat imediat la Kiev, iar Ianukovici a acceptat \u015fi semnat imediat tot ce i-au cerut ru\u015fii \u2013 \u00een special prelungirea prezen\u0163ei militare ruse la Sevastopol \u015fi interzicerea prezen\u0163ei agen\u0163ilor americani \u00een Sevastopol. Ru\u015fi au ac\u0163ionat rapid \u015fi au ob\u0163inut ce au vrut. A\u015fa se va \u00eent\u00e2mpla \u015fi cu noi.<\/p>\n<p style=\"text-align: justify;\">Odat\u0103 ajuns Pre\u015fedinte, Dodon va intra \u00een negocieri cu ru\u015fii pentru Transnistria, iar visul Moscovei de a transnistriza \u015fi federaliza republica noastr\u0103 se va \u00eemplini. Aici e pericolul cu Dodon, care, pentru a pl\u0103ti serviciile pe care Moscova i le face \u00een campanie, va federaliza republica, \u015fi, \u00een acela\u015fi timp, va cere \u015fi banii de la UE. Dodon este omul Rusiei care vrea \u00een continuare bani de la europeni.<\/p>\n<p style=\"text-align: justify;\">De aceea noi, liberalii, am acceptat Coali\u0163ia de ast\u0103zi \u015fi am pornit aceast\u0103 lupt\u0103 cu Igor Dodon \u015fi to\u0163i cei care vor s\u0103 ne \u00eemping\u0103 sub controlul direct al Moscovei. Acesta este primul impuls \u00een aceast\u0103 lupt\u0103 preziden\u0163ial\u0103.<\/p>\n<p style=\"text-align: justify;\">Ceilal\u0163i candida\u0163i nu sunt adversarii no\u015ftri politici \u00een aceast\u0103 campanie: indiferent c\u0103 este vorba despre candidatul puterii sau cei din opozi\u0163ie, ei doar se \u00een\u015feal\u0103 \u015fi \u00een\u015feal\u0103 publicul cu solu\u0163ii de genul: lupta \u00eempotriva corup\u0163iei, prosperitate \u015fi modernizarea republici etc. Ideile sunt frumoase, doar c\u0103 ei nu pot face asta. Dac\u0103 se putea face s-ar fi f\u0103cut pe c\u00e2nd R. Moldova avea sprijin european, avea vizibilitate, sprijin, \u015fanse de integrare. Dar acest timp a trecut. Iar aceste slogane, dac\u0103 erau eventual valabile la alegerile trecute, ast\u0103zi sunt iluzii. R. Moldova nu are \u015fanse de integrare european\u0103 cel pu\u0163in pentru o genera\u0163ie, iar singura solu\u0163ia este Unirea cu Rom\u00e2nia, prin care vom intra direct \u015fi \u00een UE \u015fi \u00een NATO, adic\u0103 sub umbrela protectoare a Occidentului. Orice alt mesaj, indiferent de la cine vine, este o minciun\u0103.<\/p>\n<p style=\"text-align: justify;\">Noi nu vom intra \u00een lupt\u0103 cu ace\u015fti candida\u0163i dac\u0103 nu vom fi ataca\u0163i. Nu cu ei avem noi de dat b\u0103t\u0103lia. \u015ei eu m\u0103 bazez pe discern\u0103m\u00e2ntul electoratului, mai ales a celui unionist, care sunt convins c\u0103 a \u00een\u0163eles cum stau lucrurile \u00een realitate \u015fi nu mai vrea s\u0103 calce pe aceea\u015fi grebl\u0103 \u015fi s\u0103 mai aud\u0103 iar\u0103\u015fi lucruri pe care le-a mai auzit deja.<\/p>\n<p style=\"text-align: justify;\">Eu, \u00een calitate de candidat care \u015fi-a asumat idealul unionist nu de azi de ieri, acestor oameni care vor cu adev\u0103rat integrarea euroatlantic\u0103 a R. Moldova m\u0103 adresez. Campania mea electoral\u0103 la fi o invita\u0163ie la bun\u0103stare, prosperitate \u015fi securitate prin Unire \u015fi integrare euroatlantic\u0103. Este o invita\u0163ie ca rom\u00e2nii moldoveni s\u0103 stea \u015fi ei pentru prima dat\u0103 drep\u0163i \u00een fa\u0163a Istoriei \u015fi s\u0103 conteze cu adev\u0103rat. S\u0103 \u00ee\u015fi aleag\u0103 singuri soarta! Nu dodonii, sevciucii sau \u015feful lor, Vladimir Putin s\u0103 ne decid\u0103 soarta. Campania mea preziden\u0163ial\u0103 invit\u0103 rom\u00e2nii moldoveni s\u0103 fac\u0103 Unirea \u015fi s\u0103 fim \u015fi noi, m\u0103car odat\u0103 \u00een via\u0163\u0103, germani! S\u0103 facem Unirea cum au f\u0103cut-o \u015fi germanii.<\/p>\n<p style=\"text-align: justify;\"><strong>Andriana C<\/strong><strong>HEPTINE: <\/strong><strong>Cum crede\u0163i c\u0103 va fi campania electoral\u0103? Admite\u0163i ideea c\u0103 PR-ul negru ar putea predomina?<\/strong><\/p>\n<p style=\"text-align: justify;\"><strong>M<\/strong><strong>ihai <\/strong><strong>G<\/strong><strong>HIMPU<\/strong><strong>:<\/strong>\u00a0PR-ul negru a fost o constant\u0103 a vie\u0163ii noastre publice, din p\u0103cate. Va fi foarte prezent \u015fi \u00een campania electoral\u0103. Dar eu nu m\u0103 tem de a\u015fa ceva. Noi, liberalii, suntem vechi \u00een politic\u0103, lumea \u015ftie ce am f\u0103cut \u015fi ce nu am f\u0103cut. Eu am fost atacat sistematic, de toate for\u0163ele politice. Nu vrea s\u0103 par altceva dec\u00e2t sunt \u015fi lumea \u015ftie ce am f\u0103cut \u015fi care este crezul meu ad\u00e2nc. Nu de PR-ul negru m\u0103 tem cel mai mult, ci de faptul c\u0103 presa de la noi \u00een acest moment, cu rare excep\u0163ii, este cartelizat\u0103 \u015fi \u00ee\u015fi sus\u0163ine propriul candidat. Dac\u0103 te ui\u0163i la televiziunile de la noi, \u00een\u0163elegi \u00een 5 minute ce for\u0163e politice stau \u00een spate. Totul este politizat, cartelizat, ca s\u0103 nu mai vorbim de influen\u0163a televiziunilor \u015fi a mass-media ruseasc\u0103 la noi \u00een republic\u0103. Privi\u0163i televiziunile \u015fi vede\u0163i de c\u00e2te ori \u015fi unde mai apare Mihai Ghimpu. E clar c\u0103 nu plac st\u0103p\u00e2nilor de televiziuni. Ceea ce este mai grav este altceva: Dodon, candidatul Rusiei, nu este atacat nici de televiziunea Puterii, nici de televiziunea Opozi\u0163iei. Cum vine asta? Nu vi se pare ciudat? De candidatul explicit al Moscovei NU se atinge practic nicio televiziune?!!<\/p>\n<p style=\"text-align: justify;\">Dar, asta este, eu sunt obi\u015fnuit s\u0103 fiu boicotat de televiziuni, eu m\u0103 bazez \u00een continuare pe discern\u0103m\u00e2ntul unioni\u015ftilor, a electoratului liberal, care cite\u015fte presa, internetul, este informat \u015fi va vota dup\u0103 o bun\u0103 chibzuial\u0103. Acest electorat nu se las\u0103 p\u0103c\u0103lit \u015fi \u00eel \u00eendemn s\u0103 nu risipeasc\u0103 votul unionist pentru candida\u0163i care nu au \u015fanse s\u0103 intre \u00een turul al doilea.<\/p>\n<p style=\"text-align: justify;\"><strong>Andriana C<\/strong><strong>HEPTINE: <\/strong><strong>\u00cen ce m\u0103sur\u0103 crede\u0163i c\u0103 va fi important \u00een aceste alegeri factorul extern? Se vor implica for\u0163e din exterior, \u00eencerc\u00eend s\u0103 influen\u0163eze alegerile?<\/strong><\/p>\n<p style=\"text-align: justify;\"><strong>M<\/strong><strong>ihai <\/strong><strong>G<\/strong><strong>HIMPU<\/strong><strong>:<\/strong>\u00a0Indiferent c\u00e2t ne facem noi iluzii sau c\u00e2t vor unii \u015fi al\u0163ii, factorul extern va fi foarte important. Noi am avut \u015fi la alegerile locale din Chi\u015fin\u0103u vot geopolitic, cum s\u0103 nu avem la alegerile preziden\u0163iale?! Mai ales \u00een turul al doilea.<\/p>\n<p style=\"text-align: justify;\">Sigur c\u0103 Rusia se implic\u0103, Rusia are oameni \u015fi partide pe care le controleaz\u0103, are un candidat pe care nu \u00eel ascunde, e vorba despre Igor Dodon, doar Putin s-a fotografiat cu el \u015fi Dodon s-a pus repede pe afi\u015f la alegerile locale. Dar Rusia a f\u0103cut asta de fiecare dat\u0103, suntem obi\u015fnui\u0163i cu asta. Rusia a avut la noi tot felul de candida\u0163i \u015fi partide care \u00eei f\u0103ceau jocurile. Unele erau chiar declarat unioniste! Pericolul implic\u0103rii Rusiei este ast\u0103zi mai grav \u015fi \u00eel repet: aducerea la putere a unui Pre\u015fedinte pro-rus care s\u0103 favorizeze \u015fi chiar s\u0103 \u00eemping\u0103 spre federalizarea R. Moldova. Aici e miza Rusiei \u00een aceast\u0103 campanie electoral\u0103.<\/p>\n<p style=\"text-align: justify;\">\u00cen ceea ce prive\u015fte UE sau Rom\u00e2nia, de aici nu vor fi presiuni sau influen\u0163are a alegerilor. UE este un spa\u0163iu al democra\u0163iei, pentru care alegerile \u015fi corectitudinea lor sunt lucruri serioase, fundamentale. Sper ca OSCE s\u0103 trimit\u0103 observatori \u015fi s\u0103 supravegheze aceste alegeri a\u015fa cum a f\u0103cut de fiecare dat\u0103.<\/p>\n<p style=\"text-align: justify;\"><strong>Andriana C<\/strong><strong>HEPTINE: <\/strong><strong>Admite\u0163i ideea c\u0103 Pre\u015fedinte ar putea deveni un politician ce nu \u00eemp\u0103rt\u0103\u015fe\u015fte ideea integr\u0103rii europene? Ce pericole vede\u0163i \u00een acest caz?<\/strong><\/p>\n<p style=\"text-align: justify;\"><strong>M<\/strong><strong>ihai <\/strong><strong>G<\/strong><strong>HIMPU<\/strong><strong>:<\/strong>\u00a0Nici nu vreau s\u0103 m\u0103 g\u00e2ndesc la asemenea scenarii. Am spus ce va face Dodon dac\u0103, prin absurd, ajunge Pre\u015fedinte: ne federalizeaz\u0103 prin transnistrizare, ne vinde ru\u015filor \u015fi pune zid pe Prut. Dar eu resping acest scenariu \u015fi sunt sigur c\u0103 rom\u00e2nii moldoveni nu vor admite asta niciodat\u0103. Urm\u0103resc cu aten\u0163ia presa de la Chi\u015fin\u0103u, dar \u015fi din Rom\u00e2nia \u015fi acolo v\u0103d, \u00een ultima vreme, tot felul de \u00eengrijor\u0103ri. Mie personal aceste \u00eengrijor\u0103ri \u00eemi aduc aminte de povestea lui Ion Creang\u0103 cu drobul de sare. Ce le-a\u015f recomanda fra\u0163ilor no\u015ftri de peste Prut este s\u0103 \u00een\u0163eleag\u0103 c\u0103 Unirea este inevitabil\u0103, \u015fi s\u0103 se implice, pentru c\u0103 rom\u00e2nii de peste Prut tocmai asta a\u015fteapt\u0103. Ei doresc s\u0103 simt\u0103 um\u0103rul fratelui. Presa s\u0103 \u00ee\u015fi trimit\u0103 coresponden\u0163i, s\u0103 vin\u0103 televiziunile de peste Prut aici, s\u0103 vorbeasc\u0103 la Bucure\u015fti despre campania preziden\u0163ial\u0103 din st\u00e2nga Prutului. Noi, cei din R. Moldova, am urm\u0103rit cu mare aten\u0163ie \u015fi emo\u0163ie alegerile preziden\u0163iale de la Bucure\u015fti, mai ales turul al doilea. Am urm\u0103rit Realitatea TV \u015fi emisiunile dlui Rare\u015f Bogdan \u015fi am v\u0103zut cum s-au mobilizat rom\u00e2nii din Rom\u00e2nia \u015fi din afar\u0103 pentru alegerea Pre\u015fedintelui Klaus Johannis. Rom\u00e2nii moldoveni, care l-au sus\u0163inut \u015fi l-au votat pe Klaus Johannis, s-au sim\u0163it parte a campaniei. Dac\u0103 Pre\u015fedintele Rom\u00e2niei a recuperat 10% \u00een al doilea tur, de ce s\u0103 ne temem? E fals\u0103 ideea pe care o aud la Bucure\u015fti c\u0103 Dodon este sigur Pre\u015fedinte pentru c\u0103 are avans \u00een sondaje. Nu este deloc sigur. Sigur era \u015fi Victor Ponta \u015fi nu a ie\u015fit. A\u015fa va fi \u015fi la Chi\u015fin\u0103u. Dodon nu va ie\u015fi cu o singur\u0103 condi\u0163ie: s\u0103 nu l\u0103s\u0103m m\u00e2inile jos \u015fi s\u0103 ne declar\u0103m \u00eenfr\u00e2n\u0163i. Eu \u015fi Partidul Liberal nu facem asta niciodat\u0103.<\/p>\n<p style=\"text-align: justify;\"><strong>Andriana C<\/strong><strong>HEPTINE: <\/strong><strong>Unii candida\u0163i nu ascund c\u0103 merg \u00een alegeri cu g\u00eendul de a dizolva Parlamentul, dac\u0103 ajung \u00een func\u0163ia de Pre\u015fedinte. Pe c\u00eet de posibile vi se par alegerile parlamentare anticipate?<\/strong><\/p>\n<p style=\"text-align: justify;\"><strong>M<\/strong><strong>ihai <\/strong><strong>G<\/strong><strong>HIMPU<\/strong><strong>:<\/strong>\u00a0Nu voi dizolva Parlamentul \u00een cazul \u00een care voi ajunge Pre\u015fedinte pentru c\u0103 voi fi un Pre\u015fedinte care va ac\u0163iona dup\u0103 litera \u015fi spiritul Constitu\u0163iei. Nu exist\u0103 nici un motiv juridic, constitu\u0163ional, pentru dizolvarea Parlamentului \u015fi declan\u015farea alegerilor anticipate. Orice auzi\u0163i acum \u00een spa\u0163iul public este simpl\u0103 campanie electoral\u0103.<\/p>\n<p style=\"text-align: justify;\"><strong>Andriana C<\/strong><strong>HEPTINE: <\/strong><strong>Dac\u0103 ajunge\u0163i Pre\u015fedinte, ve\u0163i sus\u0163ine ideea organiz\u0103rii unui referendum de unire cu Rom\u00e2nia \u00een 2018?<\/strong><\/p>\n<p style=\"text-align: justify;\"><strong>M<\/strong><strong>ihai <\/strong><strong>G<\/strong><strong>HIMPU<\/strong><strong>:<\/strong>\u00a0Principala sarcin\u0103 a mandatului meu preziden\u0163ial va fi s\u0103 preg\u0103tesc Unirea. \u00cen calitatea mea de Pre\u015fedinte voi promova acest proiect, iar \u00een 2018, cu ocazia alegerilor parlamentare, R. Moldova va avea o majoritate unionist\u0103 \u00een Parlament. \u00cen ceea ce prive\u015fte referendumul, v\u0103 reamintesc c\u0103 \u00een R. Moldova nici m\u0103car Constitu\u0163ia nu a fost supus\u0103 referendumului, nici neutralitatea, nici parcursul european asumat \u00een 2005, totul a fost prin decizia majorit\u0103\u0163ii parlamentare. Mai mult, unirea germanilor din 3 octombrie 1990 nu s-a f\u0103cut prin referendum \u015fi nimeni cu scaun la cap nu o poate contesta ast\u0103zi. E perfect legitim\u0103. Calea german\u0103 de unire nu presupune referendum. Dar vom vedea cum urmeaz\u0103 s\u0103 proced\u0103m noi.<\/p>\n<p style=\"text-align: justify;\">\u00cen calitate de Pre\u015fedinte voi face, pe modelul german, un \u201eConsiliu al \u00een\u0163elep\u0163ilor\u201d, compus din 100 de personalit\u0103\u0163i din Rom\u00e2nia, R. Moldova \u015fi alte state euroatlantice care va func\u0163iona pe l\u00e2ng\u0103 Pre\u015fedin\u0163ia R. Moldova \u015fi va preg\u0103ti Unirea pe toate componentele sale: juridice, economice, politice, de securitate, sociale, culturale etc. Totul \u00een acord cu dreptul interna\u0163ional \u015fi cu precedentele care au existat. Repet, nu vom inventa roata, vom folosi modelul german de reunificare. Eu am mai spus asta \u015fi atunci c\u00e2nd i-am r\u0103spuns ambasadorului american Pettit dup\u0103 aceea nefericit\u0103 declara\u0163ie: dac\u0103 s-a acceptat unificarea german\u0103 de toat\u0103 lumea, America, Rusia, Europa etc., de ce nu s-ar accepta \u015fi pentru rom\u00e2ni acela\u015fi lucru? Legisla\u0163ia interna\u0163ional\u0103 \u015fi dreptul interna\u0163ional sunt acelea\u015fi pentru to\u0163i.<\/p>\n<p style=\"text-align: justify;\">Ca Pre\u015fedinte voi face toate aceste lucruri \u015fi multe altele: voi supraveghea proiectele comune Rom\u00e2nia-R.Moldova, mai ales interconect\u0103rile energetice, care sunt blocate, voi \u00eens\u0103rcina echipe de pe l\u00e2ng\u0103 Pre\u015fedin\u0163ie s\u0103 se ocupe explicit de aceste lucruri. Dar ve\u0163i afla mai multe \u00een campania electoral\u0103 despre programul meu politic.<\/p>\n<p style=\"text-align: justify;\"><strong>Andriana C<\/strong><strong>HEPTINE: <\/strong><strong>\u00cen genere, a\u0163i putea face un pronostic c\u00eend Moldova se va uni cu Rom\u00e2nia, dar \u015fi un pronostic c\u00eend R. Moldova va adera la UE?<\/strong><\/p>\n<p style=\"text-align: justify;\"><strong>M<\/strong><strong>ihai <\/strong><strong>G<\/strong><strong>HIMPU<\/strong><strong>:<\/strong>\u00a0Din p\u0103cate, este mult mai simplu de dat un pronostic \u00een ceea ce prive\u015fte aderarea R. Moldova la UE. Din toate evalu\u0103rile noastre, din discu\u0163iile pe care le-am avut cu oficiali de la Bruxelles sau de la Bucure\u015fti, este evident c\u0103 \u015fansele R. Moldova de a se integra \u00een UE au fost ratate pentru o perioad\u0103 important\u0103 de timp. Trebuie s\u0103 privim situa\u0163ia cu realism. Au fost ratate \u015fi din motive care \u0163ine de UE \u015fi de problemele care exist\u0103 acolo, dar \u015fi de ceea ce au f\u0103cut guvern\u0103rile recente: furtul miliardului, v\u00e2nzarea aeroportului c\u0103tre ru\u015fi, \u00eenc\u0103lcarea angajamentelor fa\u0163\u0103 de partenerii europeni, faptul c\u0103 mul\u0163i dintre liderii europeni dintre cei mai importan\u0163i s-au sim\u0163it min\u0163i\u0163i etc.<\/p>\n<p style=\"text-align: justify;\">Ideea mai veche dup\u0103 care \u201ene vom uni cu Rom\u00e2nia \u00een Uniunea European\u0103\u201d este complet necredibil\u0103. De aceea, proiectul meu politic \u015fi al Partidului Liberal este acesta: \u201eintegrarea \u00een UE prin Unire cu Rom\u00e2nia\u201d. Este mult mai realist, de fapt singurul realist, \u015fi depinde \u00een cea mai mare m\u0103sur\u0103 de noi, cei de pe ambele maluri ale Prutului. Din momentul \u00een care ne vom decide s\u0103 \u00eel facem, din acel moment \u00eencepem s\u0103 num\u0103r\u0103m anii, lunile \u015fi zilele. Cu c\u00e2t \u00eencepem mai repede, cu at\u00e2t va dura mai pu\u0163in.<\/p>\n<p style=\"text-align: justify;\"><strong>&#8212;&#8212;&#8212;&#8212;&#8212;&#8212;&#8212;&#8212;&#8212;&#8212;&#8212;<\/strong><\/p>\n<p style=\"text-align: justify;\"><strong>Andriana CHEPTINE<\/strong><\/p>\n<p style=\"text-align: justify;\"><strong>1<\/strong><strong>2 Septembrie 2016<\/strong><strong><\/strong><\/p>\n<p style=\"text-align: justify;\"><strong>Portalul TRIBUNA <\/strong><\/p>\n<p style=\"text-align: justify;\"><a href=\"http:\/\/tribuna.md\/\"><strong>http:\/\/tribuna.md\/<\/strong><\/a><strong><\/strong><\/p>\n<p style=\"text-align: justify;\"><strong>Chi<\/strong><strong>\u015fin\u0103u<\/strong><strong><\/strong><\/p>\n","protected":false},"excerpt":{"rendered":"<p>\u201eObiectivul meu este s\u0103 devin primul pre\u015fedinte unionist ales al Republicii Moldova \u015fi s\u0103 declan\u015fez procesul de unire cu Rom\u00e2nia\u201d [&#038;hellip<\/p>\n","protected":false},"author":1,"featured_media":0,"comment_status":"closed","ping_status":"closed","sticky":false,"template":"","format":"standard","meta":{"footnotes":""},"categories":[3],"tags":[],"class_list":["post-27368","post","type-post","status-publish","format-standard","hentry","category-articole"],"_links":{"self":[{"href":"https:\/\/www.marianagurza.ro\/blog\/wp-json\/wp\/v2\/posts\/27368","targetHints":{"allow":["GET"]}}],"collection":[{"href":"https:\/\/www.marianagurza.ro\/blog\/wp-json\/wp\/v2\/posts"}],"about":[{"href":"https:\/\/www.marianagurza.ro\/blog\/wp-json\/wp\/v2\/types\/post"}],"author":[{"embeddable":true,"href":"https:\/\/www.marianagurza.ro\/blog\/wp-json\/wp\/v2\/users\/1"}],"replies":[{"embeddable":true,"href":"https:\/\/www.marianagurza.ro\/blog\/wp-json\/wp\/v2\/comments?post=27368"}],"version-history":[{"count":3,"href":"https:\/\/www.marianagurza.ro\/blog\/wp-json\/wp\/v2\/posts\/27368\/revisions"}],"predecessor-version":[{"id":27371,"href":"https:\/\/www.marianagurza.ro\/blog\/wp-json\/wp\/v2\/posts\/27368\/revisions\/27371"}],"wp:attachment":[{"href":"https:\/\/www.marianagurza.ro\/blog\/wp-json\/wp\/v2\/media?parent=27368"}],"wp:term":[{"taxonomy":"category","embeddable":true,"href":"https:\/\/www.marianagurza.ro\/blog\/wp-json\/wp\/v2\/categories?post=27368"},{"taxonomy":"post_tag","embeddable":true,"href":"https:\/\/www.marianagurza.ro\/blog\/wp-json\/wp\/v2\/tags?post=27368"}],"curies":[{"name":"wp","href":"https:\/\/api.w.org\/{rel}","templated":true}]}}