{"id":27379,"date":"2016-09-13T08:40:16","date_gmt":"2016-09-13T08:40:16","guid":{"rendered":"http:\/\/www.marianagurza.ro\/blog\/?p=27379"},"modified":"2016-09-13T08:53:25","modified_gmt":"2016-09-13T08:53:25","slug":"radu-botis-lumina-din-taina-cuvantului","status":"publish","type":"post","link":"https:\/\/www.marianagurza.ro\/blog\/2016\/09\/13\/radu-botis-lumina-din-taina-cuvantului\/","title":{"rendered":"Pr. stavr.Radu Boti\u015f: Lumina din Taina Cuv\u00e2ntului"},"content":{"rendered":"<p style=\"text-align: justify;\"><a href=\"http:\/\/www.marianagurza.ro\/blog\/wp-content\/uploads\/2016\/09\/JERLAIANU-Manuela-Cerasela.jpg\"><img loading=\"lazy\" decoding=\"async\" class=\"size-medium wp-image-27380 alignleft\" title=\"JERLAIANU-Manuela-Cerasela\" src=\"http:\/\/www.marianagurza.ro\/blog\/wp-content\/uploads\/2016\/09\/JERLAIANU-Manuela-Cerasela-200x300.jpg\" alt=\"\" width=\"200\" height=\"300\" srcset=\"https:\/\/www.marianagurza.ro\/blog\/wp-content\/uploads\/2016\/09\/JERLAIANU-Manuela-Cerasela-200x300.jpg 200w, https:\/\/www.marianagurza.ro\/blog\/wp-content\/uploads\/2016\/09\/JERLAIANU-Manuela-Cerasela.jpg 600w\" sizes=\"auto, (max-width: 200px) 100vw, 200px\" \/><\/a>Niciodat\u0103 nu vom \u00eent\u00e2lni m\u0103car dou\u0103 c\u0103l\u0103torii prin lumea aceast\u0103 identice. Ne g\u00e2ndim atunci c\u0103 \u00cen\u0163eleptul Dumnezeu a statornicit \u00een fiecare dintre noi o lucrare ziditoare aparte. Suntem \u00eenzestra\u0163i cu daruri minunate precum cel al v\u0103zului, auzului, vorbirii, etc, \u015fi le pre\u0163uim at\u00e2t de pu\u0163in c\u00e2nd reu\u015fim s\u0103 ne bucur\u0103m de ele, concepem totul ca pe o normalitate care ni se cuvine. Abia c\u00e2nd uneori \u00eencerc\u0103ri diverse n\u0103v\u0103lesc peste acest firesc al nostru, facem loc \u015fi Lui introduc\u00e2ndu-l \u00een aceast\u0103 ecua\u0163ie a propriei vie\u0163i.<\/p>\n<p style=\"text-align: justify;\">Cunoa\u015ftem oameni al\u0103turi de care ne bucur\u0103m, pe care \u00eei pre\u0163uim, le suntem al\u0103turi necondi\u0163ionat, le apreciem \u00eendem\u00e2narea de a urzi lucruri deosebite, oameni care la r\u00e2ndul lor prin tot ceea ce fac ne induc starea de bine. Talentul lor, pus \u00eenainte de toate \u00een slujba lui Dumnezeu ne fac s\u0103 le g\u0103sim un loc aparte acolo, \u00een odaia inimii noastre. Un suflet de noble\u0163e aparte, pentru c\u0103 nimic nu este \u00eent\u00e2mpl\u0103tor, am avut bucuria s\u0103-l cunosc nu demult.<\/p>\n<p style=\"text-align: justify;\">Manuela Cerasela Jerl\u0103ianu, c\u0103ci de ea este vorba, s-a n\u0103scut pe 27 octombrie 1976\u00a0 \u00een ora\u0219ul Fete\u0219ti (jude\u021bul Ialomi\u021ba). A fost la \u0219coala general\u0103 \u00een zona natal\u0103, apoi a absolvit studiile liceale \u00een Br\u0103ne\u0219ti (jude\u021bul Ilfov, promo\u021bia 2005) \u0219i a urmat studii de licen\u021b\u0103 \u00een management \u0219i agroturism la Universitatea de Studii Agronomice \u0219i Medicin\u0103 Veterinar\u0103 \u00een Bucure\u0219ti (promo\u021bia 2008) precum \u0219i \u0218coala Postliceal\u0103 Sanitar\u0103 Carol Davila din Bucure\u0219ti (promo\u021bia 2009).\u00a0 A debutat literar online pe 1 aprilie 2015 pe <em>regatulcuvantului.ro<\/em>, iar editorial cu volumul de poezie\u00a0 <em>Desen\u00e2nd pe cer<\/em> la Editura Beta din Bucure\u0219ti\u00a0 care a ap\u0103rut pe 16 octombrie 2015. De asemenea a publicat versuri \u00een mai multe antologii: <em>Convie\u021buiri<\/em> (Editura Beta, Bucure\u0219ti, 2015), <em>\u00cen c\u0103utarea\u00a0 paradisului\u00a0 pierdut<\/em> (Editura Karta Graphic, Ploie\u0219ti,\u00a0 2015), Colinzile z\u0103pezilor t\u00e2rzii (Editura Liric graph, Gala\u021bi, 2015),\u00a0 Femeia omniprezent\u0103 (Editura StudIS, Ia\u0219i, 2016). A urmat reeditarea c\u0103r\u021bii de debut sub titlul \u00a0<em>Desen\u00e2nd pe cer<\/em>, vol. I (Editura Stef, Ia\u0219i, 2016) \u00a0\u0219i o alt\u0103 carte\u00a0 titlul\u00a0 <em>Desen\u00e2nd pe cer<\/em>, vol. al II-lea (Editura Inspirescu Satu Mare, 2016). De asemenea a avut un dialog poetic cu Ion Vanghele care a v\u0103zut lumina tiparului \u00een volumele <em>Ce este iubirea<\/em>? (Editura Stef, Ia\u0219i, 2016), <em>Dou\u0103 inimi b\u0103t\u00e2nd pe acela\u0219i portativ <\/em>(Editura Stef, Ia\u0219i, 2016) precum \u0219i\u00a0 Hermeneutic\u0103 voll.\u00a0 I-II\u00a0 (Editura Stef, Ia\u0219i, 2016). Tot \u00een anul 2016 a mai publicat un volum de poezie sub titlul <em>Miez de ardere \u0219i fum<\/em> (Editura Stef, 2016) \u0219i unul de versuri pentru copii, intitulat, <em>G\u00e2nduri spirituale pentru copii<\/em>.(Editura Stef, 2016).<\/p>\n<p style=\"text-align: justify;\">Volume \u00een curs de editare: <em>Virtutea t\u0103cerii,<\/em> (Editura Armonii culturale, 2016). Volum, epicio-liric, semnat, Cezarina Adamescu \u0219i Cerasela Jerl\u0103ianu.<\/p>\n<p style=\"text-align: justify;\">Volume de poezie: <em>Prin trecerea lumii, <\/em>(Editura, Armonii culturale, 2016). <em>\u00cen leag\u0103nul timpului, <\/em>(Editura, Armonii culturale, 2016).<\/p>\n<p style=\"text-align: justify;\"><em>\u00a0<\/em><\/p>\n<p style=\"text-align: justify;\">Ce poate fi mai frumos dec\u00e2t s\u0103 dai cele mai frumoase conota\u0163ii cuv\u00e2ntului, s\u0103 t\u00e2njesti dup\u0103 cer \u015flefuind sufletul pentru \u00eent\u00e2lnirea suprem\u0103?<\/p>\n<p style=\"text-align: justify;\">Acum, s\u0103 l\u0103s\u0103m povestea Manuelei Cerasela s\u0103 curg\u0103 lin, frumos precum sufletul ei, un suflet mereu preg\u0103tit s\u0103-\u015fi duc\u0103 menirea \u00een ve\u015fnicie, demn, r\u0103bd\u0103tor, resemnat, \u00eenv\u0103luit \u00een aura protectoare a divinei pronii.<\/p>\n<p style=\"text-align: justify;\">M-am \u00eentrebat mereu, ce culoare are Lumina? Ast\u0103zi m\u0103 \u00eentreb ce culoare are Poezia? M\u00e2ine sau mai devreme, o s\u0103 g\u0103zduiesc \u00een casa sufletului meu, alte \u0219i alte \u00eentreb\u0103ri. R\u0103mas\u0103 de o vreme acas\u0103, am tot avut tot felul de preocup\u0103ri, a\u0219 da c\u00e2teva exemple pentru c\u0103\u00a0 de la treburile casnice la poezie, am a\u0219ezat o gam\u0103 destul de vast\u0103 de culori cu activit\u0103\u021bi care s\u0103 preocupe o persoan\u0103 care \u00ee\u0219i dore\u0219te s\u0103 cuprind\u0103 totul, ca apoi s\u0103 se surprind\u0103. A\u0219adar, am vizionat la TV. tot ce am sim\u021bit c\u0103 m\u0103 ajut\u0103 sau m\u0103 face s\u0103 m\u0103 simt ancorat\u0103 \u00een aceast\u0103 lume. Este un\u00a0 mod de educare, \u00eens\u0103 te face s\u0103 devii pasiv, ori eu am fost un om activ \u0219i \u00eenc\u0103 \u00eemi place s\u0103 cred c\u0103 mai pot fi a\u0219a. Am citit \u0219i am scris, \u00eens\u0103 tocmai \u0219ederea mea acas\u0103 m-a f\u00e2cut s\u0103 \u00eemi \u00eendrept aten\u021bia c\u0103tre activit\u0103\u021bi creative, \u0219tiam c\u0103 pot face ceva din nimic, a\u0219a cum \u0219tiu c\u0103 o simpl\u0103 sintagm\u0103 poate schimba sau ghida omul.<\/p>\n<p style=\"text-align: justify;\">Nop\u021bi \u00eentregi am confec\u021bionat diverse obiecte din materiale reciclabile pe care le-am d\u0103ruit cu mare drag, acelora pe care inima mea i-a sim\u021bit c\u0103 vor pre\u021bui lucrul manual f\u0103cut cu\u00a0 mare chibzuin\u021b\u0103. Nu spun acest lucru la \u00eent\u00e2mplare ci o spun pentru c\u0103 eu ca \u0219i al\u021bi colegi de distrac\u021bie ca s\u0103 zic a\u0219a, avem mu\u0219chii m\u00e2inilor \u0219i picioarelor paraliza\u021bi, aceasta paralizie, fiind survenit\u0103 \u00een urma unei afec\u021biuni a celulei nervoase.\u00a0 De aici \u00eencolo s\u0103 socoteasc\u0103 fiecare de ce \u0219i eu, dar \u0219i cei ca mine, mai dorim s\u0103 ne facem utili nou\u0103 dar \u0219i societ\u0103\u021bii. S\u0103 \u00eemi fie cu iertare c\u0103 vorbesc \u0219i despre altcineva \u00eens\u0103 cu tot respectul, o fac \u00een cuno\u0219tin\u021b\u0103 de cauz\u0103.<\/p>\n<p style=\"text-align: justify;\">\u00cen alta ordine de idei, neav\u00e2nd copii, pot s\u0103 m\u0103 ofer cu u\u0219urin\u021b\u0103 prichindeilor, am f\u0103cut acest lucru de nenum\u0103rate ori cu at\u00e2\u021bia copii \u00eenc\u00e2t a\u0219 putea s\u0103 cred c\u0103 am deja copiii mei. Mi-a fost \u0219i \u00eemi este foarte simplu, dat fiind faptul c\u0103 am fost pr\u00e2zlea cel voinic acas\u0103 \u0219i am tot a\u0219teptat s\u0103 mi se ia locul ca s\u0103 am \u0219i eu pe cine alinta, dar nici o \u0219ans\u0103, a\u0219a m\u0103 vedeam alerg\u00e2nd la alte m\u0103mici cu prunci \u00een bra\u021be ca s\u0103 le rog s\u0103 \u00eempart\u0103 cu mine bucuria lor de a \u00eengriji bebelu\u0219ii. Iat\u0103 c\u0103 toate \u0219i totul parc\u0103 se \u00eenl\u0103n\u021buie \u00eenc\u0103 de la primii ani ai existen\u021bei mele p\u00e2n\u0103 \u00een momentele acestea \u00een care m\u0103 descriu astfel \u00eenc\u00e2t dumneavoastr\u0103 s\u0103 cunoa\u0219te\u021bi c\u00e2te ceva despre mine.<\/p>\n<p style=\"text-align: justify;\">A\u0219a a \u00eenceput totul. Tot din acea perioad\u0103 am c\u0103utat s\u0103 \u00een\u021beleg via\u021ba \u0219i ca aproape orice copil, aveam o dorin\u021b\u0103 \u0219i anume: s\u0103 fiu\u00a0 odat\u0103 om mare. Iat\u0103 c\u0103 am ajuns om mare, dar paradoxal, am r\u0103mas tot copil.<\/p>\n<p style=\"text-align: justify;\">Acum scriu cu acel copil din mine, scriu cu inima omului mare, dar cel mai important este c\u0103 scriu cu pana sufletului, acea pan\u0103 \u00eenmuiat\u0103 \u00een aceea\u0219i culoare de Lumin\u0103. Am s\u0103 las o poezie s\u0103\u00a0 vorbeasc\u0103 despre acest lucru.<\/p>\n<p style=\"text-align: justify;\"><strong><em>\u00a0<\/em><\/strong><\/p>\n<p style=\"text-align: justify;\"><strong><em>Copil am fost \u015fi eu<\/em><\/strong><em>\u00a0 &#8211;\u00a0 <\/em><em>Pe c\u00e2nd copil am fost \u015fi eu, \/ M-am tot rugat la Dumnezeu, \/ Din mine s\u0103 fac\u0103 om mare, \/ S\u0103 calc tot greul \u00een picioare.\/\u00a0 \u015ei-odat\u0103 mare m-am f\u0103cut, \/ \u00cen bra\u0163e rolul mi-a c\u0103zut, \/ Iar Domnul Sf\u00e2nt m\u0103 tot ajut\u0103 \/ S\u0103 car povara mult cerut\u0103. \/ \u015ei-am pus pe mine port nebun, \/ \u00cel port \u015fi-n Pa\u015fte \u015fi-n Cr\u0103ciun, \/ Dar un somn dulce m\u0103-nfioar\u0103 \/ C\u00e2nd v\u0103d cum anii vie\u0163ii zboar\u0103. \/ Absurd, abject \u015fi tic\u0103los, \/ M-a ars durerea p\u00e2n&#8217;la os! \/\u00a0 Firescul vie\u0163ii mele-ng\u0103lbenite, \/ Mi-ndeplinise, vechea rug\u0103minte.<\/em><\/p>\n<p style=\"text-align: justify;\"><em>\u00a0<\/em><\/p>\n<p style=\"text-align: justify;\">\u00a0Nimic nou, ar spune un scriitor. A\u0219a scriem to\u021bi. Bine, bine, le-a\u0219 r\u0103spunde cu mult respect. Perfect adev\u0103rat, \u00eens\u0103 cum via\u021ba este o mare plin\u0103 de \u00eentreb\u0103ri, a\u0219 avea o \u00eentrebare. De ce scriu \u0219i eu? R\u0103spunsul este at\u00e2t simplu. Aici fac paralelismul la \u00eentrebare \u2013 r\u0103spuns: De ce n-am n\u0103scut eu? \u00centrebare pe care mi-am adresat-o \u00eenc\u0103 din primii ani de via\u021b\u0103. R\u0103spunsul pe care l-am primit a fost: Dumnezeu m-a ales pe mine, s\u0103 fiu aici, acum, \u00een aceast\u0103 cas\u0103, pentru c\u0103 m\u0103 iube\u0219te. Iat\u0103 cum fiecare fiin\u021b\u0103 prime\u0219te \u00een dar, un dar \u2013 Via\u021ba. A\u0219adar ast\u0103zi sunt aici \u0219i scriu poezie.<\/p>\n<p style=\"text-align: justify;\">Am scris volume \u00eentregi \u00een mai pu\u021bin de un an. Scriu direct la compiuter, o fac cu un singur deget, degetul mic de la m\u00e2na dreapt\u0103, pentru c\u0103 este singurul care \u00eenc\u0103 se mai mi\u0219c\u0103 din articula\u021bii, celelalte fiind afectate, au ajuns s\u0103 se \u00eenchid\u0103, r\u00e2nd pe r\u00e2nd, iar palmele stau str\u00e2nse continuu. Palmele mele sunt pumni.<\/p>\n<p style=\"text-align: justify;\">\u00a0Am d\u0103ruit c\u0103r\u021bile. P\u0103strez c\u00e2teva exemplare de la fiecare carte editat\u0103. Tirajele au fost mici. Mul\u021bumesc Tat\u0103lui, pentru c\u0103 a \u00eeng\u0103duit s\u0103 se \u00eent\u00e2mple a\u0219a.<\/p>\n<p style=\"text-align: justify;\">Am scris poezie \u00eenc\u0103 din adolescen\u021b\u0103, f\u0103r\u0103 s\u0103 g\u00e2ndesc vreodat\u0103 c\u0103 voi publica ceva. \u00cen urm\u0103 cu unsprezece ani, am hot\u0103r\u00e2t s\u0103 p\u0103strez orice scriu, numai \u0219i numai pentru mine. Am a\u0219ternut \u00een acest timp, o sut\u0103 \u0219apte zeci de poezii \u00een c\u00e2teva caiete. Le citeam apropia\u021bilor mei care doreau s\u0103 asculte, din curiozitate sau nu. M\u0103 tot \u00eendemnau s\u0103 le fac publice. Eu, nu \u0219i nu, sunt ale mele, am scris cu mine \u00eenmuiat\u0103 \u00een inima cerului \u0219i am sentimentul c\u0103 \u00eemi apar\u021bin. Acest lucru a \u021binut zece ani. Dup\u0103 cei zece ani am sim\u021bit c\u0103 nu-mi mai apar\u021bin eu, mie. Am hot\u0103r\u00e2t s\u0103 vorbesc telefonic cu Distinsul Domn <em>Nicolae Negulescu,<\/em> scriitor, poet craiovean.\u00a0 L-am rugat s\u0103 \u00ee\u0219i exprime p\u0103rerea pentru c\u00e2teva poezii, pe care i le-am citit cu mari emo\u021bii. R\u0103spunsul d\u00e2nsului a fost acesta: \u201eEsti un diamant ne\u0219lefuit.<\/p>\n<p style=\"text-align: justify;\">Domnul<em> N.N.Negulescu,<\/em> este cel care mi-a deschis u\u0219a ca s\u0103 intru \u00een c\u0103mara sufletelor dumneavoastr\u0103. D\u00e2nsul a fost primul ales de Tat\u0103l meu ca s\u0103 fac\u0103 munca cea mai grea \u0219i anume, conturul desenului meu spiritual, este primul om care a \u00eenceput s\u0103 \u0219lefuiasc\u0103 ce Tat\u0103l alesese. Au urmat al\u021bi ale\u0219i, men\u021bionez dou\u0103 nume: Academicianul <em>Cristian Petru B\u0103lan<\/em>, membru <em>U.S.R.<\/em> \u0219i membru <em>A.R.A.<\/em> \u0219i <em>Cezarina Adamescu<\/em>, membru <em>U.S.R.<\/em> Nimic \u00eent\u00e2mpl\u0103tor, sunt oameni de marc\u0103 ai literaturii rom\u00e2ne\u0219ti, oameni cu suflet de aur la care nu mi-am propus vreodat\u0103 s\u0103 ajung, s\u0103 le bat la u\u0219a sufletului. Au venit f\u0103r\u0103 s\u0103 \u00eei caut. Efectiv, au ap\u0103rut \u00eentr-un moment \u00een care un prunc are nevoie \u0219i de mam\u0103 \u0219i de tat\u0103. Spun acest lucru, pentru c\u0103 fiecare are acesast\u0103 latur\u0103 comportamental\u0103 cu mine. M\u0103 declar fericit\u0103. \u00cen ascensiunea mea c\u0103tre Lumin\u0103, pot spune \u00een versuri asa: <em>Lumea este minunat\u0103\/ Am \u0219i mam\u0103 am \u0219i tat\u0103, Dar pe ori\u0219iunde sunt\/Am pe Tat\u0103l meu cel Sf\u00e2nt.<\/em><em> Sunt cu El din ve\u0219nicie,\/ Dud \u0219i Pace \u2013 Armonie,\/ Dar acum pe-acest p\u0103m\u00e2nt, \/Port cu Tat\u0103l leg\u0103m\u00e2nt.\/Tat\u0103l meu m\u0103 ocrote\u0219te\/\u0218i nimic nu-mi porunce\u0219te\/Ci\u00a0 m-ajut\u0103 s\u0103 dezleg\/ Calea pe care azi merg<\/em>. Sunt c\u00e2teva din versurile poeziei: <strong><em>Lumea este minunat\u0103.<\/em><\/strong><\/p>\n<p style=\"text-align: justify;\">\u00a0Eu le urmez indica\u021biile \u0219i m\u0103 a\u0219ez exact \u00een pozi\u021bia propice d\u00e2n\u0219ilor ca finisarea s\u0103 fie f\u0103cut\u0103 perfect. Pas cu pas, zi cu zi, urc\u0103m, Tat\u0103lui \u00eei plac lucrurile perfecte. <em>Dumnezeu<\/em> <em>Tat\u0103l, <\/em>s\u0103 \u00eei dea putere \u0219i har pe mai departe primului ales dar \u0219i celorlal\u021bi care vin cu dragoste s\u0103 r\u0103spund\u0103 Lui. Eu le mul\u021bumesc tuturor. R\u0103splata vine de Sus, cred cu t\u0103rie c\u0103 Tat\u0103l nu r\u0103m\u00e2ne dator nicio dat\u0103.<\/p>\n<p style=\"text-align: justify;\"><em>Dumnezeu<\/em> a preluat conducerea \u00eentregii mele fiin\u021be. \u00cen mai pu\u021bin de un an, am scris volume \u00eentregi, am o mie cinci sute de poezii scrise din care am publicat mai mult de jum\u0103tate. Acest aspect se \u00eent\u00e2mpl\u0103 de c\u00e2nd Domnul scrie cu mine \u0219i de c\u00e2nd eu am sentimentul c\u0103 m\u0103 confund cu cerul.\u00a0 El \u00eemi trimite \u00eengera\u0219ul s\u0103 m\u0103\u00a0 trezeasc\u0103 \u00een toiul nop\u021bii, iar eu exact ca un copil, m\u0103 ridic din pat \u0219i scriu ce mi se insufl\u0103. Pot fi spuse diverse \u00een urma acestei dest\u0103inuiri, eu nu fac dec\u00e2t s\u0103\u00a0 spun ce tr\u0103iesc, s\u0103 judece oricine, oricum, cu mintea, cu inima, cu spiritul.<\/p>\n<p style=\"text-align: justify;\">M\u0103 simt o unealt\u0103. O unealt\u0103 care este \u0219lefuit\u0103 \u00een aceste momente de m\u00e2ini \u00eengere\u0219ti. Nimic nu \u00eemi apar\u021bine, nimic nu e al meu, primesc totul de Sus. Drumul\u00a0 a fost lung, m\u0103 preg\u0103tisem profesional, pentru alte treburi. Poezia era ultima pe list\u0103. Credeam c\u0103 o fac pentru mine.\u00a0 P\u0103rintele meu a \u00eeng\u0103duit s\u0103 fac tot ce mi-am dorit pentru dezvoltarea personal\u0103 \u0219i a revenit s\u0103 m\u0103 a\u0219eze la treab\u0103, f\u0103c\u00e2ndu-m\u0103 s\u0103 fiu ucenic al S\u0103u. \u00cemi a\u0219ez\u0103\u00a0 \u00eenainte oamenii potrivi\u021bi care gr\u0103iesc pentru El, oameni care m\u0103 \u0219lefuiesc la \u00eendemnul S\u0103u \u0219i astfel, se arat\u0103 \u00eenc\u0103 o\u00a0 dat\u0103 \u00een des\u0103v\u00e2r\u0219ire. Poate c\u0103 a\u0219a a f\u0103cut pe parcursul evolu\u021biei umane, sco\u021b\u00e2nd \u00eenainta\u0219i \u00een\u00a0 fa\u021ba celorla\u021bi, ca s\u0103 spun\u0103 ce El ar vrea s\u0103 transmit\u0103, dar azi o face cu mine a\u0219ez\u00e2ndu-m\u0103 \u00eentr-un loc pe care nu l-am c\u0103utat, oprindu-m\u0103 din alerg\u0103tura lumii.<\/p>\n<p style=\"text-align: justify;\">Acum poezia are rolul \u00eent\u00e2i \u00een inima sufletului meu, celelalte lucruri pentru care am alergat \u0219i m-am zb\u0103tut s\u0103 le dob\u00e2ndesc, au locul lor, un rol mult prea secundar fa\u021b\u0103 de dragostea pe care o am ast\u0103zi penrtu poezie.<\/p>\n<p style=\"text-align: justify;\">Cu Doamna, \u00a0<em>Cezarina<\/em> <em>Adamescu, <\/em>tocmai am terminat lucrul la o carte care are amprenta cerului pe ea. Am lucrat la aceasta trei zeci \u0219i cinci de zile. Sunt convins\u0103 c\u0103 at\u00e2t c\u00e2t am scris \u0103i eu \u0219i Doamna Cezarina, a fost at\u00e2t c\u00e2t Tat\u0103l a voit dar \u0219i ce a voit.<\/p>\n<p style=\"text-align: justify;\">Voi l\u0103sa liber s\u0103 vorbeasc\u0103 versurile poeziei:\u00a0 <strong><em>El m-a scris din ve\u0219nicie.<\/em><\/strong><em>Scris\u0103-n cartea vie\u021bii mele.\/Este cerul plin cu stele\/Scris e \u0219i cerul cu\u00a0 \u00eengeri,\/Dar \u0219i zidulul marii pl\u00e2ngeri.\/Scris cu literele-albastre,\/Sunt cuvintele m\u0103iastre\/\u0218i \u00een ro\u0219u foc aprins\/Drumul vie\u021bii dinadins.\/Fiindc\u0103 El nem\u0103surate\/Vie\u021bile le-a scris pe toate\/\u0218i cu verde Paradis\/Pentru cel mai pa\u0219nic vis.\/El m-a scris din ve\u0219nicie\/<strong> <\/strong>Cu a vie\u021bii armonie\/\u0218i m-a trimis pe p\u0103m\u00e2nt\/S\u0103 descop\u0103r cine sunt.\/C\u0103 sunt om pe jum\u0103tate,\/Dar cu Tat\u0103l sunt de toate\/Sunt \u0219i \u00eenger pe p\u0103m\u00e2nt,\/Dar \u0219i-n ceruri \u00een Cuv\u00e2nt.\/El m-a scris, El m\u0103 cite\u0219te\/ \u0218i cu inima cinste\u0219te\/Lutul meu ca leg\u0103m\u00e2nt\/F\u0103c\u00e2nd Pace pe p\u0103m\u00e2nt. <\/em><\/p>\n<p style=\"text-align: justify;\">\u00a0Eu sunt aici acum \u0219i gust din darul ve\u0219niciei care are un parfum minunat. Sunt fericit\u0103 c\u0103 exist prin aceast\u0103 lume care trece. <em>DOMNUL ARE GRIJ\u0102 DE NOI TO\u021aI, DOMNUL ESTE CU NOI CU TO\u021aI<\/em>. El ne-a dat via\u021b\u0103 pentru c\u0103 El este via\u021b\u0103. C\u00e2t de trist trebuie s\u0103 se simt\u0103 un p\u0103rinte \u00een inima lui atunci c\u00e2nd aduce la via\u021b\u0103 un copil, iar copilul dup\u0103 ce cre\u0219te, pleac\u0103 de acas\u0103 pe termen nelimitat! M\u0103 g\u00e2ndesc c\u00e2t\u0103 triste\u021be a adunat Tat\u0103l nostru de la to\u021bi copiii Lui care au pleacat \u00een lume \u0219i\u00a0 au uitat de sc\u00e2nteia din pieptul lor, care \u00eei ajut\u0103 s\u0103 duc\u0103 pa\u0219ii pe c\u0103r\u0103rile p\u0103m\u00e2ntului.<\/p>\n<p style=\"text-align: justify;\">DUMNEZEU, Tat\u0103l ve\u0219niciei, nu ne uit\u0103 pe niciunul, trist este c\u0103 aceast\u0103 aducere aminte de P\u0103rintele nostru, nu o avem to\u021bi, de\u0219i a\u0219a trebuie s\u0103 fie, pentru c\u0103 to\u021bi suntem veni\u021bi aici prin voia Sa.<\/p>\n<p style=\"text-align: justify;\">\u00a0M\u0103 bucur s\u0103 fiu aici pe p\u0103m\u00e2nt, \u00eens\u0103\u00a0 m\u0103rturisesc c\u0103 m\u0103 simt uneori str\u0103in\u0103, m\u0103 simt ca un musafir, am totul de-a gata, doar s\u0103 m\u0103 servesc, doar s\u0103 m\u0103 bucur, doar, doar s\u0103 fac lucruri \u00eentr-o cas\u0103 perfect\u0103 pe care nu am f\u0103cut-o eu, ci am primit-o mo\u0219tenire. M\u0103 aflu la o nunt\u0103 la care dup\u0103 ce beau \u0219i m\u0103n\u00e2nc trebuie s\u0103 pl\u0103tesc, fie c\u0103-mi place sau nu, sunt \u00een hor\u0103, m\u0103 v\u0103d, m\u0103 simt, m\u0103 ciupesc s\u0103 v\u0103d dac\u0103 este real \u0219i iat\u0103 este c\u00e2t se poate de real, sunt aici, sunt pentru c\u0103 Tat\u0103l Sf\u00e2nt a \u00eeng\u0103duit s\u0103 fiu la nunta Iubirii. Aici \u00een acest peisaj pot s\u0103 m\u0103 \u00eemb\u0103t, cu miresme fine sau cu parfumul din v\u00e2ntul cenu\u0219ii. Alegerea este a mea, startul a fost dat atunci c\u00e2nd m-am n\u0103scut. Eu aleg ce gust de la masa bogat\u0103, \u00eens\u0103 nu vreau s\u0103 uit c\u0103 la sf\u00e2r\u0219itul acestei frumoase \u00eent\u00e2lniri cu lumea, trebuie s\u0103 achit consuma\u021bia. Ast\u0103zi dac\u0103 pentru mine se termin\u0103 totul, achit cu moartea adamic\u0103, cea pentru care Isus, Fiul Domnului, a pl\u0103tit cu via\u021ba Sa de om. Dac\u0103 nu voi sf\u00e2r\u0219i acum, prin \u00eeng\u0103duin\u021ba Domnului, voi trece de la via\u021b\u0103 la Via\u021b\u0103, dar p\u00e2n\u0103 una alta, nu uit c\u0103 plec de la o \u00eent\u00e2lnire care este plin\u0103 de miresme pe care le imprim \u00een spiritul meu, la fel cum\u00a0 se impregneaz\u0103 rochia mea de gal\u0103 cu diverse mirosuri atunci c\u00e2nd vin de la peteceri lume\u0219ti. Este singurul colet pe care \u00eel iau cu mine, el va ar\u0103ta ce am f\u0103cut prin trecerea lumii.<\/p>\n<p style=\"text-align: justify;\">Mireasma Iubirii \u0219i miresmele pl\u0103cerilor lume\u0219ti \u00eemi stau aproape, at\u00e2t de aproape \u00eenc\u00e2t ele fac din mine omul care sunt azi a\u0219a cum m\u0103 pute\u021bi distinge fiecare. Eu \u0219tiu c\u0103 sunt doar om, omul care ast\u0103zi a scris despre el.<\/p>\n<p style=\"text-align: justify;\">\n<p style=\"text-align: justify;\">Demn, de multe ori demn, este acela ce nu-\u015fi irose\u015fte vremea \u00een zbuciumul unei lumi corupte, nepierz\u00e2ndu-\u015fi pre\u0163ioasele clipe ale vie\u0163ii \u00een tulburi \u015fi trec\u0103toare preocup\u0103ri. Demni s\u00e2nt aceia ce \u00ee\u015fi \u00eenchin\u0103 darul vie\u0163ii Celui Prea \u00cenalt, slujind Lui \u015fi semenilor contribuind astfel, c\u0103l\u0103uzi\u0163i de Duhul Sf\u00eent, la marea oper\u0103 de m\u00e2ntuire. C\u00e2t de m\u0103rea\u0163\u0103 \u015fi plin\u0103 de sens este ve\u015fnicia comparativ cu limita unei vie\u0163i p\u0103m\u00e2nte\u015fti num\u0103rat\u0103 pe parcursul c\u00e2torva ani buni, decenii-tr\u0103ind mereu cu speran\u0163e; ani parcur\u015fi al\u0103turi de bucurii ori completa\u0163i de dureri fizice sau de ordin sufletesc.<\/p>\n<p style=\"text-align: justify;\">\u00cen\u0163elep\u0163ii lumii gr\u0103iesc vrute \u015fi nevrute promi\u0163\u00e2nd bun\u0103stare \u015fi bel\u015fug,uneori aduc\u00e2nd \u00eencerc\u0103ri \u015fi dezn\u0103dejde \u00een plan social \u015fi peste care, spun ei, vom trece doar \u00eencerca\u0163i de broboane de sudoare sau&#8230;niciodat\u0103.<\/p>\n<p style=\"text-align: justify;\">&#8220;Frica de Dumnezeu este \u00eenceputul \u00een\u0163elepciunii&#8221; care se revars\u0103 cu adev\u0103rat peste ,,lumin\u0103torii&#8221; pu\u0163ini de la marginea veacului acestuia at\u00e2t de controversat. Via\u0163a de credin\u0163\u0103 \u00eempu\u021bin\u00e2ndu-se ne face s\u0103 uit\u0103m adesea de ,,propov\u0103duitori drep\u0163i&#8221;din trecut sau din prezent, ignor\u00e2ndu-I adesea.<\/p>\n<p style=\"text-align: justify;\">Slava Cerescului P\u0103rinte se las\u0103 a\u015fteptat\u0103 \u00een inima noastr\u0103 v\u0103z\u00e2ndu-ne zg\u00e2rcenia cu care ne dedic\u0103m Lui, uit\u00eend adev\u0103rat\u0103 menire \u015fi identitate (de cre\u015ftin) \u00een preocup\u0103ri f\u0103r\u0103 de sens.<\/p>\n<p style=\"text-align: justify;\">Egoism, indiferen\u0163\u0103, uitare? Poate la un loc toate acestea ne umbresc idealul propriei m\u00e2ntuiri peste care troneaz\u0103 eu-l personal, orbitor \u015fi nimicitor. C\u00e2t mai avem \u00een preajm\u0103 ,,lumin\u0103tori&#8221; s\u0103-i purt\u0103m pe bra\u0163ele inimii noastre f\u0103c\u00e2nd loc mesajului lor aduc\u0103tor de ve\u015fnicie. M\u0103rturia acestora ne oblig\u0103 mereu.<\/p>\n<p style=\"text-align: justify;\">\n<p style=\"text-align: justify;\">&#8220;Lumin\u0103tori&#8221;&#8221;la marginea unui veac pr\u0103bu\u015fit, \u00een disperare, sunt printre noi f\u0103c\u00e2ndu-\u015fi datoria pe care o avem fiecare de fapt. Trebuie s\u0103 le facem loc aproape de noi \u00eencerc\u00e2nd s\u0103 le \u00een\u0163elegem grija cu care vor s\u0103 ne aduc\u0103 binele ceresc.<\/p>\n<p style=\"text-align: justify;\">\n<p style=\"text-align: justify;\">\n<p style=\"text-align: justify;\"><strong>&#8212;&#8212;&#8212;&#8212;&#8212;&#8212;&#8212;&#8212;&#8212;-<\/strong><\/p>\n<p style=\"text-align: justify;\"><strong>Pr.stavr. Radu BOTI\u015e<\/strong><\/p>\n<p style=\"text-align: justify;\"><strong>Ulmeni, Maramure\u015f<\/strong><\/p>\n<p style=\"text-align: justify;\"><strong>11 septembrie 2016<\/strong><\/p>\n<p>&nbsp;<\/p>\n","protected":false},"excerpt":{"rendered":"<p>Niciodat\u0103 nu vom \u00eent\u00e2lni m\u0103car dou\u0103 c\u0103l\u0103torii prin lumea aceast\u0103 identice. Ne g\u00e2ndim atunci c\u0103 \u00cen\u0163eleptul Dumnezeu a statornicit \u00een [&#038;hellip<\/p>\n","protected":false},"author":1,"featured_media":0,"comment_status":"closed","ping_status":"closed","sticky":false,"template":"","format":"standard","meta":{"footnotes":""},"categories":[3],"tags":[],"class_list":["post-27379","post","type-post","status-publish","format-standard","hentry","category-articole"],"_links":{"self":[{"href":"https:\/\/www.marianagurza.ro\/blog\/wp-json\/wp\/v2\/posts\/27379","targetHints":{"allow":["GET"]}}],"collection":[{"href":"https:\/\/www.marianagurza.ro\/blog\/wp-json\/wp\/v2\/posts"}],"about":[{"href":"https:\/\/www.marianagurza.ro\/blog\/wp-json\/wp\/v2\/types\/post"}],"author":[{"embeddable":true,"href":"https:\/\/www.marianagurza.ro\/blog\/wp-json\/wp\/v2\/users\/1"}],"replies":[{"embeddable":true,"href":"https:\/\/www.marianagurza.ro\/blog\/wp-json\/wp\/v2\/comments?post=27379"}],"version-history":[{"count":3,"href":"https:\/\/www.marianagurza.ro\/blog\/wp-json\/wp\/v2\/posts\/27379\/revisions"}],"predecessor-version":[{"id":27382,"href":"https:\/\/www.marianagurza.ro\/blog\/wp-json\/wp\/v2\/posts\/27379\/revisions\/27382"}],"wp:attachment":[{"href":"https:\/\/www.marianagurza.ro\/blog\/wp-json\/wp\/v2\/media?parent=27379"}],"wp:term":[{"taxonomy":"category","embeddable":true,"href":"https:\/\/www.marianagurza.ro\/blog\/wp-json\/wp\/v2\/categories?post=27379"},{"taxonomy":"post_tag","embeddable":true,"href":"https:\/\/www.marianagurza.ro\/blog\/wp-json\/wp\/v2\/tags?post=27379"}],"curies":[{"name":"wp","href":"https:\/\/api.w.org\/{rel}","templated":true}]}}