{"id":27509,"date":"2016-09-28T09:46:23","date_gmt":"2016-09-28T09:46:23","guid":{"rendered":"http:\/\/www.marianagurza.ro\/blog\/?p=27509"},"modified":"2016-09-28T09:46:23","modified_gmt":"2016-09-28T09:46:23","slug":"valeriu-dulgheru-indemn-la-ratiune-2","status":"publish","type":"post","link":"https:\/\/www.marianagurza.ro\/blog\/2016\/09\/28\/valeriu-dulgheru-indemn-la-ratiune-2\/","title":{"rendered":"Valeriu Dulgheru: \u00cendemn la ra\u021biune"},"content":{"rendered":"<p style=\"text-align: justify;\" align=\"right\"><a href=\"http:\/\/www.marianagurza.ro\/blog\/wp-content\/uploads\/2016\/09\/index.jpg\"><img loading=\"lazy\" decoding=\"async\" class=\"size-full wp-image-27510 alignleft\" title=\"index\" src=\"http:\/\/www.marianagurza.ro\/blog\/wp-content\/uploads\/2016\/09\/index.jpg\" alt=\"\" width=\"194\" height=\"259\" \/><\/a>\u00a0\u201e<em>\u015ei totu\u015fi ce ar trebui f\u0103cut ca Basarabia s\u0103 nu cad\u0103 din timp, acum la \u00eentret\u0103ierea de milenii\u201d<\/em><\/p>\n<p align=\"right\"><strong>(Parafrazarea lui Ion Deaconescu)<\/strong><\/p>\n<p align=\"right\"><strong>\u00a0<\/strong><\/p>\n<p style=\"text-align: justify;\" align=\"right\"><em>\u201eS\u0103 nu mai fim parazi\u0163ii unor glorii de\u015fuete ale moldovenismului primitiv. S\u0103 con\u015ftientiz\u0103m propria noastr\u0103 identitate\u201d<\/em><\/p>\n<p align=\"right\"><strong>(Parafrazarea lui Emil Cioran)<em> <\/em><\/strong><\/p>\n<p align=\"right\"><strong><em>\u00a0<\/em><\/strong><\/p>\n<p style=\"text-align: justify;\">Se \u00eent\u00e2mpl\u0103 ceva cu aceast\u0103 a\u015fchie de popor rom\u00e2n dintre Prut \u015fi Nistru, c\u0103zut\u0103 din timp. Unde au disp\u0103rut urma\u015fii celei mai mari civiliza\u0163ii europene a timpului \u2013 civiliza\u0163ia cucutenian\u0103, urma\u015fii primului popor european \u2013 pelasgii (hiperboreenii!), urma\u015fii \u201e<em>celui mai mare neam<\/em> <em>al tracilor\u201d<\/em> (Herodot)? Unde au disp\u0103rut urma\u015fii celui mai viteaz popor \u2013 al dacilor, care i-au impus prin for\u0163a armelor pe st\u0103p\u00e2nitorii lumii, romanii, s\u0103 le pl\u0103teasc\u0103 tribut o anumit\u0103 perioad\u0103 de timp, iar prin for\u0163a lor moral-spiritual\u0103 \u2013 s\u0103 construiasc\u0103 \u00een cinstea dacilor columne, statui, care ast\u0103zi stau m\u0103re\u0163e \u00een cele mai mari muzee ale lumii.<\/p>\n<p style=\"text-align: justify;\">Au trecut peste noi valuri de migratori din est (avari, pecenegi, huni, maghiari, slavi, bulgari, t\u0103tari) \u015fi am rezistat. Peste 300 de ani de asuprire otoman\u0103, chiar \u015fi cei peste o sut\u0103 de ani de asuprire ruseasc\u0103 \u0163arist\u0103 nu au deformat \u00eentr-at\u00e2t psihicul rom\u00e2nului basarabean cum a f\u0103cut-o regimul ruso-bol\u015fevic, care a implantat at\u00e2t de ad\u00e2nc virusul celei mai antiumane, anticre\u015ftine ideologii &#8211; molima comunist\u0103, transform\u00e2ndu-i pe unii \u00een s(c)lavii pe veci ai imperiului din r\u0103s\u0103rit (unul dintre ei este I. Dodon).<\/p>\n<p style=\"text-align: justify;\">Iau dus p\u0103rin\u0163ii, bunicii, fra\u0163ii \u00een Siberia, iar unii din ei ast\u0103zi \u00eei voteaz\u0103 pe urma\u015fii c\u0103l\u0103ilor p\u0103rin\u0163ilor lor. Fra\u0163ii no\u015ftri de peste Prut \u00een doar c\u00e2\u0163iva ani au adus \u00een satele noastre ajutoare de peste 700 mln euro \u00een form\u0103 de repara\u0163ii \u015fi construc\u0163ii de \u015fcoli, gr\u0103dini\u0163e, drumuri, microbuze pentru copii, iar stima\u0163ii no\u015ftri fra\u0163i \u015fi p\u0103rin\u0163i \u00eei voteaz\u0103 pe antirom\u00e2nii Dodon, Lupu, Voronin \u015f.a. Ce virus le-a afectat memoria? Trec deseori prin s. Bude\u015fti \u015fi m\u0103 impresioneaz\u0103 frumosul Centru Cultural din sat construit de o funda\u0163ie german\u0103. Culmea, \u00eens\u0103 \u00een alegeri bude\u015ftenii \u00eei voteaz\u0103 pe aceea\u015fi comuni\u015fti!!!<\/p>\n<p style=\"text-align: justify;\">S\u0103 lu\u0103m doar cazul stima\u0163ilor no\u015ftri orheeni, urma\u015fii r\u0103ze\u015filor lui \u015etefan cel Mare. C\u0103lca\u0163i \u00een picioare p\u00e2n\u0103 \u015fi de cei mai mici, ne\u00eensemna\u0163i, func\u0163ion\u0103ra\u015fi ru\u015fi,\u00a0 asupri\u0163i, dezna\u0163ionaliza\u0163i, rusifica\u0163i timp de peste 100 de ani de cruntul regim \u0163arist au g\u0103sit \u00een ei putere s\u0103 renasc\u0103 ca pas\u0103rea Phoenix din cenu\u015f\u0103, fiind primii care au cerut Unirea cu Patria-mam\u0103 la 1918. Dup\u0103 ocupa\u0163ia sovietic\u0103 din 1940 grupul bravilor tineri liceeni ai liceului \u201e<em>V. Lupu\u201d<\/em> din Orhei, membri ai Organiza\u0163iei ilegale \u201e<em>MAJADAHONDA<\/em>\u201d, au fost printre primii care au sfidat regimul sovietic de ocupa\u0163ie, majoritatea din ei, \u00eenc\u0103 copii de 16-17 ani, fiind condamna\u0163i la moarte. Orheienii au fost printre cei mai importan\u0163i membri ai rezisten\u0163ei antisovietice postbelice. Dup\u0103 50 de ani de asuprire sovietic\u0103 orheienii erau printre primii pe baricadele Mi\u015fc\u0103rii de Eliberare Na\u0163ional\u0103 \u00een anii \u201990. \u00cen alegerile \u00een primul (\u015fi ultimul!) parlament unional ales \u00een mod democratic orheienii l-au ales cu 95% de voturi pe unul dintre militan\u0163ii Mi\u015fc\u0103rii de Eliberare Na\u0163ional\u0103 poetul \u015fi patriotul Nicolae Dabija. \u00cens\u0103 la distan\u0163a de doar 25 de ani de a\u015fa numit\u0103 independen\u0163\u0103 stima\u0163ii no\u015ftri orheieni \u00eel aleg cu majoritate cov\u00e2r\u015fitoare de voturi (62%) pe unul dintre inculpa\u0163ii principali \u00een furtul Miliardului. \u00cei privesc cu jale pe orheienii adu\u015fi la Chi\u015fin\u0103u s\u0103 scandeze eliberarea lui \u015eor.<\/p>\n<p style=\"text-align: justify;\">Ce se \u00eent\u00e2mpl\u0103 cu bravii no\u015ftri orheieni de alt\u0103 dat\u0103? Unde \u015fi c\u00e2nd \u015fi-au pierdut verticalitatea, m\u00e2ndria \u015fi onoarea de alt\u0103 dat\u0103? M\u0103 cutremur\u0103 logica unei orheience precum c\u0103 \u201e<em>\u015eor a furat dar face \u015fi lucruri bune \u00een Orhei\u201d.<\/em> O logic\u0103 at\u00e2t de deformat\u0103 este periculoas\u0103. Cum s\u0103 mergi spre Europa cu o astfel de percep\u0163ie a realit\u0103\u0163ii? S\u0103-i permi\u0163i unui ho\u0163 s\u0103 fure din buzunarul t\u0103u (\u015fi al ei!) miliarde de lei, cheltuind apoi din ace\u015fti bani fura\u0163i doar c\u00e2teva milioane de lei \u00een infrastructura Orheiului, \u015fi s\u0103 consideri acest lucru firesc este \u00eempotriva oric\u0103rei logici normale. Una din principesele regelui Spaniei a fost lipsit\u0103 de acest titlu doar pentru c\u00e2teva mii de euro nepl\u0103ti\u0163i \u00een calitate de impozit.<\/p>\n<p style=\"text-align: justify;\">Exemplul Orheiului cu ho\u0163ul Ilan \u015eor \u00een frunte este un caz particular, dar din p\u0103cate poate fi generalizat la scara \u00eentregii Republici. Dodon \u015fi Lupu (Plahotniuc) sunt acela\u015fi \u015eor la scar\u0103 na\u0163ional\u0103. \u201e<em>Las\u0103-i s\u0103 fure, \u00eens\u0103 ne promit c\u0103 vor construi raiul <\/em>(dup\u0103 modelul rusesc)\u201d spun unii creduli. \u00cen toamna anului trecut Plahotniuc (oligarhul putred de bogat \u015fi p\u0103pu\u015farul din umbr\u0103 a tot ce mi\u015fc\u0103 \u00een acest col\u0163 de \u0163ar\u0103!) ne promitea c\u0103 o s\u0103 construiasc\u0103 \u00een acest col\u0163 de \u0163ar\u0103 at\u00e2t de prost guvernat cu oameni at\u00e2t de creduli (s\u0103 nu spun mai dur!) r\u00e2uri de lapte cu miere. Sear\u0103 de sear\u0103 televiziunile lui tr\u00e2mbi\u0163eaz\u0103 de pe ecranele azurii despre marele succese ale guvern\u0103rii Plahotniuc de ast\u0103zi. Alte televiziuni ale lui Dodon ne lumineaz\u0103 sear\u0103 de sear\u0103 c\u00e2t de bine a lucrat vice-prim ministrul Dodon \u00een guvernul lui Grecean\u00eei, care a realizat \u201e<em>cele mai mari succese (indexarea pensiilor, majorarea salariilor)\u201d<\/em>. Mai avem \u015fi zecile canale ruse\u015fti care \u00ee-l prezint\u0103 pe Dodon deja pre\u015fedinte. De la care televiziuni (pe care, de altfel, nu le avem. P\u00e2n\u0103 \u015fi ProTV face propagand\u0103 electoral\u0103 pentru Dodon \u015fi Plahotniuc!) s\u0103 afle mo\u015f Ion c\u0103 la plecarea lor (\u015fi a vice-prim ministrului Dodon!) au l\u0103sat noii guvern\u0103ri democrate \u00een 2009 o gaur\u0103 \u00een buget de apr. 1 mlrd de lei! Toate acestea se fac pentru cei doi \u00een campania electoral\u0103 la preziden\u0163iale care, conform legii, \u00eenc\u0103 nu a \u00eenceput. Ei bine, legea \u00eei scris\u0103 pentru ceilal\u0163i candida\u0163i nu \u015fi pentru Dodon \u015fi Lupu (Plahotniuc).<\/p>\n<p style=\"text-align: justify;\">Divizarea dreptei nu e \u00eent\u00e2mpl\u0103toare. \u0162in s\u0103 men\u0163ionez faptul c\u0103 \u015fi \u00een Sfatul \u0162\u0103rii 2 au existat unele min\u0163i fierbin\u0163i care insistau pentru \u00eenaintarea unei candidaturi proprii la pre\u015fedin\u0163ie. P\u00e2n\u0103 la urm\u0103 a biruit ra\u0163iunea. La mijloc nu este doar problema blestematei r\u00e2nze moldovene\u015fti. Acum pentru m\u0103ria sa aleg\u0103torul a devenit mult mai clar. Dac\u0103 spre finele campaniei electorale candida\u0163ii m\u0103run\u0163i de pe dreapta nu-\u015fi vor retrage candidaturile \u00een sprijinul unei candidaturi, capabile s\u0103 le fac\u0103 concuren\u0163\u0103 celor doi candida\u0163i ai Moscovei (Dodon \u015fi Lupu (Plahotniuc), atunci aleg\u0103torul va \u015fi nevoit s\u0103-i taxeze.<\/p>\n<p style=\"text-align: justify;\">Ecua\u0163ia alegerilor preziden\u0163iale \u00eentr-un fel a devenit simpl\u0103 de tot. Schema e foarte clar\u0103. Kremlinul face tot posibilul ca \u00een turul doi s\u0103 treac\u0103 proteja\u0163ii s\u0103i \u2013 Dodon \u015fi Lupu (Plahotniuc), Lupu av\u00e2nd doar rolul de ai asigura victoria lui Dodon. Uns anterior de c\u0103tre Putin la postul de pre\u015fedinte al guberniei lui Basarabia (a\u015fa cum procedau sultanii cu domnitorii moldoveni tr\u0103d\u0103tori!), socialistul comunist Dodon deun\u0103zi a fost uns \u015fi de patriarhul Kiril (dac\u0103 nu ar fi un kgb-st ci un adev\u0103rat promotor al credin\u0163ei ar fi luat \u00een considera\u0163ie faptul c\u0103 \u00eenc\u0103 nimeni nu a ridicat de pe comuniti-sociali\u015fti anatema patriarhului martir Tihon, f\u0103cut\u0103 \u00eenc\u0103 la 19.01.1918!). Fac acest lucru \u00een mod deschis, nici nu-\u015fi mai camufleaz\u0103 ac\u0163iunile cu fraze \u015fi declara\u0163ii. La una din emisiuni de la postul Accent TV moderatoarea \u00eel \u00eentreab\u0103 pe interlocutorul s\u0103u V. \u0162urcan de la PSRM \u201e<em>Cu cine va dori Dodon s\u0103 se \u00eent\u00e2lneasc\u0103 \u00een turul 2?\u201d.<\/em> Neprimind r\u0103spunsul lui V. \u0162urcan tot ia r\u0103spunde: \u201e<em>Dac\u0103 va fi o candidatur\u0103 a dreptei atunci va fi o adev\u0103rat\u0103 catastrof\u0103 geopolitic\u0103. Dac\u0103 va fi omul puterii <\/em>(adic\u0103, Lupu \u2013 n.n.) <em>va fi o chestiune intern\u0103\u2026Plahotniuc a f\u0103cut maxim posibil s\u0103 divizeze dreapta, astfel cre\u00e2ndu-i condi\u0163ii favorabile lui Dodon. Plahotniuc se preg\u0103te\u015fte de alegerile parlamentare<\/em>\u201d. E clar Domnilor? Dudui\u0163a este porta voce a lui Dodon. Este o recunoa\u015ftere \u00een plus a ceea ce devenise evident. Lucrul acesta \u00eel \u00een\u0163eleg mai to\u0163i care posed\u0103 o elementar\u0103 ra\u0163iune. S\u0103 nu-l \u00een\u0163eleag\u0103 dl M. Ghimpu care, \u00een func\u0163ia de pre\u015fedinte interimar, a f\u0103cut mult pentru a ne sp\u0103la pe fa\u0163\u0103 de ru\u015finea sclavului sovietic, pentru care lucru \u00een alte condi\u0163ii (\u00een cazul dac\u0103 ar fi avut un alt raiting!) l-a\u015f fi votat neap\u0103rat?. S\u0103 nu \u00een\u0163eleag\u0103 dl Iu. Leanc\u0103, pentru care, de asemenea, \u00een alte condi\u0163ii l-a\u015f fi votat f\u0103r\u0103 rezerve \u015fi pe care \u00eel consider cel mai bun fost \u015fi viitor premier de la independen\u0163\u0103 \u00eencoace? S\u0103 nu \u00een\u0163eleag\u0103 Doamnele V. Pavlicenco \u015fi A. Gu\u0163u, unionismul c\u0103rora nu poate fi pus la \u00eendoial\u0103? Despre ceilal\u0163i candida\u0163i nu face s\u0103 vorbim. Ei au rolul de a rupe 1-2 procente din electoratul dreptei care, de altfel, ar putea fi decisive pentru trecerea \u00een turul doi.<\/p>\n<p style=\"text-align: justify;\">Mai exist\u0103 o \u015fans\u0103 (cu toate c\u0103 suntem \u00een situa\u0163ia broa\u015ftei din ciocul g\u00e2tlanului moscovit!) de a dejuca planurile Kremlinului, care de o jum\u0103tate de an \u00eei implanteaz\u0103 metodic \u00een mintea lui mo\u015f Ion percep\u0163ia lui Dodon pre\u015fedinte. S\u0103 avem oare mintea at\u00e2t de scurt\u0103, s\u0103 uit\u0103m de amenin\u0163area recent\u0103 a lui Dodon c\u0103 \u00een toamn\u0103 (c\u00e2nd va deveni pre\u015fedinte!) unioni\u015ftii vor fi lichida\u0163i (poate \u00een desele sale vizite la Moscova Dodon deja a negociat vre-un col\u0163i\u015for de Siberie unde va trebui s\u0103 duc\u0103 vreo 40% de adep\u0163i ai unionismului, a\u015fa cum au f\u0103cut predecesorii s\u0103i \u00een anii \u201950). A\u015ftept\u0103m rezultatele sondajului de s\u0103pt\u0103m\u00e2na viitoare, care vor ar\u0103ta op\u0163iunea electoratului de centru-dreapta, \u015fi sunt sigur c\u0103 aceast\u0103 op\u0163iune va fi candidatur\u0103 Dnei Maia Sandu. Cea mai judicioas\u0103 decizie a dlui A. Nastase, luat\u0103 \u00een ultimii doi ani, va fi retragerea din cursa electoral\u0103. Va fi cea mai bun\u0103 dovad\u0103 de lupt\u0103 \u00eempotriva oligarhului Plahotniuc, care a transformat acest col\u0163 de \u0163ar\u0103 \u00eentr-un stat captiv. Acela\u015fi lucru va trebui s\u0103-l fac\u0103 \u015fi s\u0103 adere la blocul celor trei partide (PLDM, DA \u015fi PAS) \u015fi dl M. Ghimpu (PL),\u00a0 Iu. Leanc\u0103 (PPEM), Doamnele V. Pavlicenco (PNL) \u015fi A. Gu\u0163u (Drerapta). Aceasta ar fi, de asemenea, o bun\u0103 \u015fans\u0103 pentru coalizarea centru-dreptei \u00een viitoarele alegeri parlamentare, care s-ar putea s\u0103 vin\u0103 mai devreme, \u00een care \u015fansele st\u00e2ngii sunt mari (st\u00e2nga o percep constituit\u0103 din PSRM PCRM \u015fi PDM).<\/p>\n<p style=\"text-align: justify;\">R\u0103m\u00e2nerea \u00een cursa electoral\u0103 a celora din urm\u0103 va fi \u00een\u0163eleas\u0103 de electorat ca un joc cu Plahotniuc-Dodon \u015fi va fi taxat\u0103 de m\u0103ria sa Aleg\u0103torul. S\u0103 nu pune\u0163i la \u00eendoial\u0103 acest lucru dlor lideri de partidu\u0163e. S\u0103 facem tot posibilul (\u015fi imposibilul!) ca \u00een turul doi s\u0103 treac\u0103 candidatul centru-dreptei. Iar \u00een turul doi, av\u00e2nd \u00een fa\u0163\u0103 un singur scop, \u00eel putem pune pe buldogul Kremlinului Dodon cu botul pe labe. Am mai f\u0103cut-o \u015fi alte d\u0103\u0163i.<\/p>\n<p style=\"text-align: justify;\">Este un \u00eendemn la ra\u0163iunea celora care o au. Este un strig\u0103t din h\u0103ul \u00een care am fost arunca\u0163i.<\/p>\n<p style=\"text-align: justify;\">\u015eansele proeuropene \u015fi unioniste ale acestui col\u0163 de \u0163ar\u0103 at\u00e2t de prost guvernat sunt \u00een m\u00e2inile voastre, domnilor candida\u0163i f\u0103r\u0103 \u015fanse la pre\u015fedin\u0163ie. S\u0103 facem acest Pas pentru a nu permite acestui col\u0163 de \u0163ar\u0103 s\u0103 cad\u0103 completamente din timp.<\/p>\n<p style=\"text-align: justify;\">S\u0103 v\u0103 lumineze Dumnezeu m\u0103car \u00een al doisprezecelea ceas!<\/p>\n<p style=\"text-align: justify;\">\n<p style=\"text-align: justify;\">\n<p align=\"center\"><strong><em>Valeriu Dulgheru<\/em><\/strong><\/p>\n<p align=\"center\">\n<p>&nbsp;<\/p>\n<p>&nbsp;<\/p>\n<p>&nbsp;<\/p>\n","protected":false},"excerpt":{"rendered":"<p>\u00a0\u201e\u015ei totu\u015fi ce ar trebui f\u0103cut ca Basarabia s\u0103 nu cad\u0103 din timp, acum la \u00eentret\u0103ierea de milenii\u201d (Parafrazarea lui [&#038;hellip<\/p>\n","protected":false},"author":1,"featured_media":0,"comment_status":"closed","ping_status":"closed","sticky":false,"template":"","format":"standard","meta":{"footnotes":""},"categories":[3],"tags":[],"class_list":["post-27509","post","type-post","status-publish","format-standard","hentry","category-articole"],"_links":{"self":[{"href":"https:\/\/www.marianagurza.ro\/blog\/wp-json\/wp\/v2\/posts\/27509","targetHints":{"allow":["GET"]}}],"collection":[{"href":"https:\/\/www.marianagurza.ro\/blog\/wp-json\/wp\/v2\/posts"}],"about":[{"href":"https:\/\/www.marianagurza.ro\/blog\/wp-json\/wp\/v2\/types\/post"}],"author":[{"embeddable":true,"href":"https:\/\/www.marianagurza.ro\/blog\/wp-json\/wp\/v2\/users\/1"}],"replies":[{"embeddable":true,"href":"https:\/\/www.marianagurza.ro\/blog\/wp-json\/wp\/v2\/comments?post=27509"}],"version-history":[{"count":2,"href":"https:\/\/www.marianagurza.ro\/blog\/wp-json\/wp\/v2\/posts\/27509\/revisions"}],"predecessor-version":[{"id":27512,"href":"https:\/\/www.marianagurza.ro\/blog\/wp-json\/wp\/v2\/posts\/27509\/revisions\/27512"}],"wp:attachment":[{"href":"https:\/\/www.marianagurza.ro\/blog\/wp-json\/wp\/v2\/media?parent=27509"}],"wp:term":[{"taxonomy":"category","embeddable":true,"href":"https:\/\/www.marianagurza.ro\/blog\/wp-json\/wp\/v2\/categories?post=27509"},{"taxonomy":"post_tag","embeddable":true,"href":"https:\/\/www.marianagurza.ro\/blog\/wp-json\/wp\/v2\/tags?post=27509"}],"curies":[{"name":"wp","href":"https:\/\/api.w.org\/{rel}","templated":true}]}}