{"id":28412,"date":"2016-12-31T11:24:42","date_gmt":"2016-12-31T11:24:42","guid":{"rendered":"http:\/\/www.marianagurza.ro\/blog\/?p=28412"},"modified":"2016-12-31T11:24:42","modified_gmt":"2016-12-31T11:24:42","slug":"adrian-botez-poeme-pentru-un-nou-an","status":"publish","type":"post","link":"https:\/\/www.marianagurza.ro\/blog\/2016\/12\/31\/adrian-botez-poeme-pentru-un-nou-an\/","title":{"rendered":"Adrian Botez: Poeme pentru un Nou An"},"content":{"rendered":"<p style=\"text-align: center;\"><a href=\"http:\/\/www.marianagurza.ro\/blog\/wp-content\/uploads\/2016\/12\/CRACIUN-FERICIT-by-PORA-wb.jpg\"><img loading=\"lazy\" decoding=\"async\" class=\"size-medium wp-image-28413 alignnone\" title=\"craciun-fericit-by-pora-wb\" src=\"http:\/\/www.marianagurza.ro\/blog\/wp-content\/uploads\/2016\/12\/CRACIUN-FERICIT-by-PORA-wb-200x300.jpg\" alt=\"\" width=\"200\" height=\"300\" srcset=\"https:\/\/www.marianagurza.ro\/blog\/wp-content\/uploads\/2016\/12\/CRACIUN-FERICIT-by-PORA-wb-200x300.jpg 200w, https:\/\/www.marianagurza.ro\/blog\/wp-content\/uploads\/2016\/12\/CRACIUN-FERICIT-by-PORA-wb.jpg 600w\" sizes=\"auto, (max-width: 200px) 100vw, 200px\" \/><\/a><\/p>\n<p><strong>\u00a0<\/strong><\/p>\n<p><strong>C\u00c2NTECUL CAVALERILOR ROUREI<\/strong><\/p>\n<p>&nbsp;<\/p>\n<p>Sudori de \u00eenger bem \u00een veac<\/p>\n<p>\u00cens\u0103r\u0103cindu-l pe s\u0103rac<\/p>\n<p>\u015ei din potir \u015fi din arip\u0103<\/p>\n<p>Ne-agonisim \u00een cer risip\u0103<\/p>\n<p>&nbsp;<\/p>\n<p>Scoici c\u00e2nd se r\u0103stignesc \u2013 nu mint:<\/p>\n<p>Tainic \u00eenvie-n m\u0103rg\u0103rint \u2013<\/p>\n<p>Sp\u0103\u015firea sevei \u00eenspinate:<\/p>\n<p>Naramzele \u00eencoronate<\/p>\n<p>&nbsp;<\/p>\n<p>O \u2013 lin\u0103 vin\u0103 de lumin\u0103<\/p>\n<p>Neistovit vis de Gr\u0103din\u0103:<\/p>\n<p>\u00cen s\u00e2nge slovenim amurg \u2013<\/p>\n<p>Din noi \u00een Tine toate curg<\/p>\n<p>&nbsp;<\/p>\n<p>Fiece deget e-o Golgot\u0103<\/p>\n<p>\u015ei \u2013 frem\u0103t\u00e2nd din not\u0103-n not\u0103 \u2013<\/p>\n<p>St\u00e2rnim furtun\u0103-n m\u00e2na dreapt\u0103:<\/p>\n<p>\u00cen pumn e Fulgerarea-Fapt\u0103!<\/p>\n<p>&nbsp;<\/p>\n<p>*<\/p>\n<p>Albesc de har copacii-n mun\u0163i<\/p>\n<p>Arhangheli fac \u2013 din spade \u2013 pun\u0163i<\/p>\n<p>Din vizuini \u2013 spre Empireu<\/p>\n<p>E alfabet de Dumnezeu<\/p>\n<p>&nbsp;<\/p>\n<p>P\u0103stori de raze \u2013 Miel de Foc<\/p>\n<p>Plauri de lumi f\u0103r\u0103 soroc<\/p>\n<p>Zenituri \u015fi entelehii<\/p>\n<p>Asfixieri de elegii<\/p>\n<p>&nbsp;<\/p>\n<p>Logos Divin \u2013 Perfect\u0103 Rim\u0103<\/p>\n<p>Spre epopee se \u00eenclin\u0103<\/p>\n<p>\u015ei stele toate \u2013 fir cu fir<\/p>\n<p>Se-ntorc \u00een inima-Potir<\/p>\n<p>*<\/p>\n<p>&nbsp;<\/p>\n<p>fr\u00e2n\u0163i \u00een genunchi pe-un strop de rou\u0103<\/p>\n<p>\u015foptim fe\u0163ele lunii \u2013 dou\u0103:<\/p>\n<p>c\u0103ci \u00eentre fulgere \u015fi bezn\u0103<\/p>\n<p>z\u0103rii din Iuda doar o glezn\u0103<\/p>\n<p>&nbsp;<\/p>\n<p>spre r\u0103s\u0103rit Ierusalim<\/p>\n<p>din cavalerii c\u00e2\u0163i venim<\/p>\n<p>nu se z\u0103re\u015fte-n cavalcad\u0103<\/p>\n<p>dec\u00e2t o \u00eenfocat\u0103 SPAD\u0102<\/p>\n<p>&nbsp;<\/p>\n<p>&nbsp;<\/p>\n<p><strong>JOAC\u0102 DE \u00ceNGERI<\/strong><\/p>\n<p>&nbsp;<\/p>\n<p>la cin\u0103\u00a0 &#8211;\u00a0 Dumnezeu zah\u0103r le-a-mp\u0103r\u0163it<\/p>\n<p>\u00eengerilor : \u00een zv\u0103p\u0103iat\u0103<\/p>\n<p>joac\u0103\u00a0 &#8211;\u00a0 ei alb zah\u0103rul l-au \u00eempr\u0103\u015ftiat\u00a0 &#8211;\u00a0 dulce viscolire<\/p>\n<p>a iernat\u00a0 &#8211;\u00a0 peste pomii p\u0103m\u00e2ntului<\/p>\n<p>&nbsp;<\/p>\n<p>stau \u00een mijlocul lumii\u00a0 &#8211;\u00a0 ca-n<\/p>\n<p>mijlocul unui tort de nunt\u0103\u00a0 &#8211;\u00a0 \u00een care<\/p>\n<p>urmeaz\u0103 lum\u00e2n\u0103rile s\u0103 se-aprind\u0103<\/p>\n<p>mirii s\u0103 intre-n colind\u0103<\/p>\n<p>&nbsp;<\/p>\n<p>somnoro\u015fi\u00a0 &#8211;\u00a0 \u00eengerii s-au dus<\/p>\n<p>la culcare: s\u0103 str\u00e2ng\u0103\u00a0 &#8211;\u00a0 de pe mese<\/p>\n<p>S\u0103rb\u0103toarea\u00a0 &#8211;\u00a0 nu se \u015ftie cine va avea grija<\/p>\n<p>rigoarea<\/p>\n<p>&nbsp;<\/p>\n<p>fierbinte\u00a0 &#8211;\u00a0 afundat cu genunchii-n visul z\u0103pezii<\/p>\n<p>m\u0103 rog s\u0103 nu apar\u0103<\/p>\n<p>de nic\u0103ieri\u00a0 &#8211;\u00a0 servitorii\u00a0 &#8211;\u00a0 nici<\/p>\n<p>zorii<\/p>\n<p>&nbsp;<\/p>\n<p>e-at\u00e2ta parfum cald\u00a0 &#8211;\u00a0 \u00een plin frigul<\/p>\n<p>minunii : alaiuri\u00a0 &#8211;\u00a0 crai \u015fi cr\u0103iese de abur\u00a0 &#8211;\u00a0 z\u0103bovesc<\/p>\n<p>sporov\u0103iesc\u00a0 &#8211;\u00a0 prin somn\u00a0 \u015fi haruri\u00a0 &#8211;\u00a0 la f\u00e2nt\u00e2na<\/p>\n<p>sticlindelor daruri<\/p>\n<p>&nbsp;<\/p>\n<p>&nbsp;<\/p>\n<p><strong>MUL\u0162I ANI<\/strong><\/p>\n<p>&nbsp;<\/p>\n<p>mul\u0163i ani\u00a0 &#8211;\u00a0 nu-nseamn\u0103 motiv de<\/p>\n<p>trufie: doar<\/p>\n<p>s\u0103 prive\u015fti\u00a0 &#8211;\u00a0 cu lini\u015ftea soarelui<\/p>\n<p>lumea-n ochi\u00a0 &#8211;\u00a0 iar privirea<\/p>\n<p>&nbsp;<\/p>\n<p>maiestuos transatlantic\u00a0 &#8211;\u00a0 s\u0103-nainteze\u00a0\u00a0 &#8211;\u00a0 trainic\u00a0 &#8211;\u00a0 prin<\/p>\n<p>mrejele tulburi de<\/p>\n<p>alge\u00a0 &#8211;\u00a0 printre bancuri de scoici<\/p>\n<p>b\u0103nuit perlifere\u00a0 &#8211;\u00a0 printre bancuri de pe\u015fti sumedenii<\/p>\n<p>br\u0103zd\u00e2nd\u00a0 neguroase mituri de chi\u0163i<\/p>\n<p>&nbsp;<\/p>\n<p>\u015fi s-ajung\u0103\u00a0 &#8211;\u00a0 \u00een fine\u00a0 &#8211;\u00a0 dar<\/p>\n<p>negre\u015fit\u00a0 &#8211;\u00a0 la locul de proap\u0103t<\/p>\n<p>susur\u00a0 Luminii<\/p>\n<p>&nbsp;<\/p>\n<p>&nbsp;<\/p>\n<p><strong>NINGE\u2026<\/strong><\/p>\n<p>&nbsp;<\/p>\n<p>ninge\u00a0 : artileria \u015fi-a mic\u015forat<\/p>\n<p>pulverizat\u00a0 &#8211;\u00a0 microscopic\u00a0 &#8211;\u00a0 proiectilele\u00a0 albe\u00a0 &#8211;\u00a0 spre-a ob\u0163ine<\/p>\n<p>astfel m\u0103rirea\u00a0 &#8211;\u00a0 halucinant\u0103\u00a0 &#8211;\u00a0 a<\/p>\n<p>orizontului de tragere\u00a0 &#8211;\u00a0 \u015fi\u00a0 &#8211;\u00a0 prin asta<\/p>\n<p>garan\u0163ia c\u0103<\/p>\n<p>nimic nu-i va sc\u0103pa\u00a0 &#8211;\u00a0 din b\u0103taie\u00a0 &#8211;\u00a0 iernatic dezl\u0103n\u0163uit<\/p>\n<p>tirului ghe\u0163ii<\/p>\n<p>&nbsp;<\/p>\n<p>&nbsp;<\/p>\n<p><strong>VREMURI<\/strong><\/p>\n<p>&nbsp;<\/p>\n<p>au fost c\u00e2ndva\u00a0 &#8211;\u00a0 \u00een vremuri pline<\/p>\n<p>voievozi \u015fi de m\u0103rire duhuri :<\/p>\n<p>bouri veneau s\u0103 se \u00eenchine<\/p>\n<p>l-al Pajurii tron din v\u0103zduhuri<\/p>\n<p>&nbsp;<\/p>\n<p>au fost c\u00e2ndva\u00a0 &#8211;\u00a0 \u00een vremuri sfinte<\/p>\n<p>o\u015fteni n\u0103scu\u0163i de st\u00e2nci \u015fi codru :<\/p>\n<p>v\u00e2rtej de vitejii \u015fi modru<\/p>\n<p>\u015fi hori de z\u00e2ne p\u00e2n&#8217; la grinde<\/p>\n<p>&nbsp;<\/p>\n<p>au fost c\u00e2ndva\u00a0 &#8211;\u00a0 \u00een vremuri pline<\/p>\n<p>icoane \u015fi gr\u0103dini de rai:<\/p>\n<p>eroi ai spadelor cu grai<\/p>\n<p>arhangheli\u00a0\u00a0 &#8211;\u00a0 \u00eemp\u0103r\u0163eau\u00a0 lumine<\/p>\n<p>&nbsp;<\/p>\n<p>au fost c\u00e2ndva\u00a0 &#8211;\u00a0 \u00een vremuri sfinte\u00a0 &#8211;<\/p>\n<p>dar cine-\u015fi mai aduce-aminte ?<\/p>\n<p>acum e criv\u0103\u0163 \u015fi pustie<\/p>\n<p>zb\u0103tut neam \u00een nemernicie<\/p>\n<p>&nbsp;<\/p>\n<p>au fost c\u00e2ndva\u00a0 &#8211;\u00a0 \u00een vremuri pline\u00a0 &#8211;<\/p>\n<p>azi\u00a0 &#8211;\u00a0 dintre p\u0103s\u0103ri \u2013 corbul vine<\/p>\n<p>\u015fi din mo\u015fia necuprins\u0103<\/p>\n<p>a mai r\u0103mas o vatr\u0103 stins\u0103<\/p>\n<p>&nbsp;<\/p>\n<p>a fost c\u00e2ndva\u00a0 &#8211; cine s-o \u015ftie<\/p>\n<p>c\u00e2nd bate v\u00e2ntul de robie\u2026<\/p>\n<p>lungi \u015firuri\u00a0 &#8211;\u00a0 umbre f\u0103r\u0103 cale<\/p>\n<p>se scurg pe drumuri voievodale<\/p>\n<p>&nbsp;<\/p>\n<p>\u015fi nici m\u0103car nu-s rup\u0163i de jale\u2026<\/p>\n<p>&nbsp;<\/p>\n<p>lumin\u0103\u00a0 &#8211;\u00a0 unde e\u015fti\u00a0 &#8211;\u00a0 lumin\u0103 ?<\/p>\n<p>te-ai stins\u00a0 &#8211; \u015fi noi suntem de vin\u0103 :<\/p>\n<p>din sus de cruce\u00a0 &#8211;\u00a0 r\u0103stignit<\/p>\n<p>Hristos ne mustr\u0103\u00a0 &#8211;\u00a0 \u015fi-i m\u00e2hnit<\/p>\n<p>&nbsp;<\/p>\n<p>&nbsp;<\/p>\n<p><strong>E NOAPTE \u015eI E VISCOL\u2026<\/strong><\/p>\n<p>&nbsp;<\/p>\n<p>e noapte \u015fi e viscol \u015fi cutremur<\/p>\n<p>stau \u00een odaie ca \u00een fund de pe\u015fteri<\/p>\n<p>prin aer zboar\u0103 a\u015fchiile lumii :<\/p>\n<p>s-au pus pe desf\u0103cut nebunii me\u015fteri<\/p>\n<p>&nbsp;<\/p>\n<p>de frig\u00a0 &#8211;\u00a0 nici o fiin\u0163\u0103 nu-ndr\u0103zne\u015fte<\/p>\n<p>s\u0103 sparg\u0103 por\u0163ile \u00eencremenirii<\/p>\n<p>sub pleoap\u0103-o lacrim\u0103 \u00eemboboce\u015fte :<\/p>\n<p>\u00eentre pustiuri\u00a0 &#8211;\u00a0 seac\u0103 \u015fi martirii<\/p>\n<p>&nbsp;<\/p>\n<p>&nbsp;<\/p>\n<p><strong>LICORNUL<\/strong><\/p>\n<p>&nbsp;<\/p>\n<p>Licornul bl\u00e2nd<\/p>\n<p>Coboar\u00e3 sf\u00e2nt<\/p>\n<p>Dintre p\u00e3duri<\/p>\n<p>De dumnezei<\/p>\n<p>&nbsp;<\/p>\n<p>E tot fl\u00e3m\u00e2nd<\/p>\n<p>De duh \u015fi c\u00e2nt<\/p>\n<p>\u015ei trece rar<\/p>\n<p>Pe la smarald<\/p>\n<p>&nbsp;<\/p>\n<p>Licorn t\u00e3cut<\/p>\n<p>Coboar\u00e3 scut<\/p>\n<p>Peste virginul<\/p>\n<p>Prin\u0163 din tei<\/p>\n<p>&nbsp;<\/p>\n<p>E tot amurg<\/p>\n<p>Walkirii curg<\/p>\n<p>Spre c\u00e2mpuri pline<\/p>\n<p>De eroi<\/p>\n<p>&nbsp;<\/p>\n<p>Sub cornul dalb<\/p>\n<p>Nebun hidalg<\/p>\n<p>Scutur\u00e3 pomi:<\/p>\n<p>Cad dulcinei<\/p>\n<p>&nbsp;<\/p>\n<p>Licorn din lun\u00e3<\/p>\n<p>Arme sun\u00e3:<\/p>\n<p>Iubiri \u2013 r\u00e3zboi<\/p>\n<p>Suie \u00een mit<\/p>\n<p>&nbsp;<\/p>\n<p>\u00cengenunchea\u0163i<\/p>\n<p>Fra\u0163i crucia\u0163i:<\/p>\n<p>A\u0163i fost ale\u015fi<\/p>\n<p>Paznici la Graal<\/p>\n<p>&nbsp;<\/p>\n<p>Arhangheli grei<\/p>\n<p>Sunte\u0163i tustrei<\/p>\n<p>Chema\u0163i la cer:<\/p>\n<p>E-osp\u00e3\u0163 de zei<\/p>\n<p>&nbsp;<\/p>\n<p>Licorn de paz\u00e3<\/p>\n<p>Ia \u00een vaz\u00e3<\/p>\n<p>Pe cei ce-ajung<\/p>\n<p>Prin r\u00e3stigniri<\/p>\n<p>La Sf\u00e2ntul Duh<\/p>\n<p>&nbsp;<\/p>\n<p>&nbsp;<\/p>\n<p><strong>PL\u00c2NG\u00c2NDU-L PE IISUS<\/strong><\/p>\n<p>&nbsp;<\/p>\n<p>Pl\u00e2ng\u00e2ndu-L pe Iisus \u2013 un copil<\/p>\n<p>Adormi la ferestr\u00e3: \u015fi-L v\u00e3zu pe Ucis<\/p>\n<p>Plutind lin \u2013 leb\u00e3d\u00e3 s\u00e2ngerie<\/p>\n<p>Scurg\u00e2ndu-se-n c\u00e2ntecul ultim \u2013 spre<\/p>\n<p>Lac<\/p>\n<p>&nbsp;<\/p>\n<p>R\u00e3nile Lui erau tot at\u00e2tea ciudate<\/p>\n<p>Lumini \u2013 guri de pe\u015fteri \u2013 str\u00e3pung\u00e2nd spre<\/p>\n<p>Orbitoare Gr\u00e3din\u00e3<\/p>\n<p>&nbsp;<\/p>\n<p>\u015ei copilul \u2013 \u00een vis \u2013 o porni spre<\/p>\n<p>Eternele dimine\u0163i \u2013 iar<\/p>\n<p>C\u00e2nd s-a trezit \u2013 nu mai avea<\/p>\n<p>Nic\u0103ieri de ajuns<\/p>\n<p>&#8212;&#8212;&#8212;&#8212;&#8212;&#8212;&#8212;&#8212;-<\/p>\n<p><strong>Adrian BOTEZ<\/strong><\/p>\n<p><strong>Adjud, Vrancea <\/strong><\/p>\n<p><strong>Cr\u0103ciun 2016<\/strong><\/p>\n<p><strong>\u00a0<\/strong><\/p>\n","protected":false},"excerpt":{"rendered":"<p>\u00a0 C\u00c2NTECUL CAVALERILOR ROUREI &nbsp; Sudori de \u00eenger bem \u00een veac \u00cens\u0103r\u0103cindu-l pe s\u0103rac \u015ei din potir \u015fi din arip\u0103 [&#038;hellip<\/p>\n","protected":false},"author":1,"featured_media":0,"comment_status":"closed","ping_status":"closed","sticky":false,"template":"","format":"standard","meta":{"footnotes":""},"categories":[3],"tags":[],"class_list":["post-28412","post","type-post","status-publish","format-standard","hentry","category-articole"],"_links":{"self":[{"href":"https:\/\/www.marianagurza.ro\/blog\/wp-json\/wp\/v2\/posts\/28412","targetHints":{"allow":["GET"]}}],"collection":[{"href":"https:\/\/www.marianagurza.ro\/blog\/wp-json\/wp\/v2\/posts"}],"about":[{"href":"https:\/\/www.marianagurza.ro\/blog\/wp-json\/wp\/v2\/types\/post"}],"author":[{"embeddable":true,"href":"https:\/\/www.marianagurza.ro\/blog\/wp-json\/wp\/v2\/users\/1"}],"replies":[{"embeddable":true,"href":"https:\/\/www.marianagurza.ro\/blog\/wp-json\/wp\/v2\/comments?post=28412"}],"version-history":[{"count":2,"href":"https:\/\/www.marianagurza.ro\/blog\/wp-json\/wp\/v2\/posts\/28412\/revisions"}],"predecessor-version":[{"id":28415,"href":"https:\/\/www.marianagurza.ro\/blog\/wp-json\/wp\/v2\/posts\/28412\/revisions\/28415"}],"wp:attachment":[{"href":"https:\/\/www.marianagurza.ro\/blog\/wp-json\/wp\/v2\/media?parent=28412"}],"wp:term":[{"taxonomy":"category","embeddable":true,"href":"https:\/\/www.marianagurza.ro\/blog\/wp-json\/wp\/v2\/categories?post=28412"},{"taxonomy":"post_tag","embeddable":true,"href":"https:\/\/www.marianagurza.ro\/blog\/wp-json\/wp\/v2\/tags?post=28412"}],"curies":[{"name":"wp","href":"https:\/\/api.w.org\/{rel}","templated":true}]}}