{"id":28975,"date":"2017-02-17T14:02:10","date_gmt":"2017-02-17T14:02:10","guid":{"rendered":"http:\/\/www.marianagurza.ro\/blog\/?p=28975"},"modified":"2017-02-17T14:02:10","modified_gmt":"2017-02-17T14:02:10","slug":"marin-ifrim-literatura-din-literadura","status":"publish","type":"post","link":"https:\/\/www.marianagurza.ro\/blog\/2017\/02\/17\/marin-ifrim-literatura-din-literadura\/","title":{"rendered":"Marin Ifrim: Literatura din ,,Literadura&#8221;"},"content":{"rendered":"<p style=\"text-align: justify;\"><a href=\"http:\/\/www.marianagurza.ro\/blog\/wp-content\/uploads\/2017\/02\/32559102800_f1b9724efb.jpg\"><img loading=\"lazy\" decoding=\"async\" class=\"size-medium wp-image-28976 alignleft\" title=\"32559102800_f1b9724efb\" src=\"http:\/\/www.marianagurza.ro\/blog\/wp-content\/uploads\/2017\/02\/32559102800_f1b9724efb-206x300.jpg\" alt=\"\" width=\"206\" height=\"300\" srcset=\"https:\/\/www.marianagurza.ro\/blog\/wp-content\/uploads\/2017\/02\/32559102800_f1b9724efb-206x300.jpg 206w, https:\/\/www.marianagurza.ro\/blog\/wp-content\/uploads\/2017\/02\/32559102800_f1b9724efb.jpg 306w\" sizes=\"auto, (max-width: 206px) 100vw, 206px\" \/><\/a>A ap\u0103rut num\u0103rul 3\/2017 al revistei trimestriale buzoiene \u201eLiteradura\u201d, o publica\u021bie care poart\u0103 amprenta inconfundabil\u0103 a poetului, publicistului \u0219i comentatorului literar Teo Cabel. E greu de spus ce e mai atractiv \u00een acest num\u0103r foarte pedant, echilibrat ca spa\u021biu \u0219i con\u021binut. Efectul de lumin\u0103 lin\u0103 este dat \u00eenc\u0103 de la prima copert\u0103, iar interiorul revistei e f\u0103cut din texte care par a fi puse pe solfegii literare bine acordate, \u00eencep\u00e2nd cu editorialul prof. dr. Mihaela Burlacu, cu ale sale formidabile \u201dZece motive s\u0103 cite\u0219ti\u201d.<\/p>\n<p style=\"text-align: justify;\">De tot interesul posibil e \u0219i interviul luat de Teo Cabel cunoscutului poet Claudiu Komartin. Versuri de top, cu mult peste media celor publicate de alte reviste cu preten\u021bii semneaz\u0103 Teodor Dume, Maria Cernegura, Mariana Gurza, Andreea Maftei-Konku, Camelia Iuliana Radu, Ioana Burghel \u0219i Sorin C\u0103lin. Revista con\u021bine \u0219i traduceri profesionist f\u0103cute din literatura spaniol\u0103 \u0219i din cea macedonean\u0103. Pagini de mare for\u021b\u0103 liric\u0103 sunt semnate de Vasile Baghiu din Ia\u0219i, un intelectual de un rafinament deja recunoscut de breasl\u0103, \u0219i de mereu surprinz\u0103torul poet buzoian Cornel Suditu. Proza este reprezentat\u0103 de Titi Damian (unul dintre marii prozatori actuali, buzoian get-beget), de Florentina Loredana Damian \u0219i Maria Rot\u0103rescu (o mare speran\u021b\u0103 a literaturii buzoiene).<\/p>\n<p style=\"text-align: justify;\">La sec\u021biunea critic\u0103 literar\u0103 exceleaz\u0103, prin seriozitatea comentariilor, Liviu Ofileanu \u0219i Manuela Camelia Sava. Am f\u0103cut aceast\u0103 succint\u0103 prezentare a revistei \u00een ideea c\u0103 to\u021bi litera\u021bii buzoieni ar putea pricepe c\u0103, indiferent de op\u021biunile noastre literare, literatura e una singur\u0103, cea de calitate. Lui Teo Cabel i-am oferit tot ce puteam s\u0103-i ofer, inclusiv locul meu, la revista \u201dCartelul metaforelor\u201d. A refuzat totul din start. Atunci nu am \u00een\u021beles. El nu e un continuator, ci un \u00eentemeietor, un fel de William Cuceritorul. Sunt de acord cu el. M\u0103 bucur c\u0103 la Buz\u0103u \u00eenc\u0103 mai exist\u0103 scriitori care \u0219tiu s\u0103-\u0219i \u00eens\u0103m\u00e2n\u021beze viitorul.<\/p>\n<p style=\"text-align: justify;\"><strong>Marin Ifrim<\/strong><\/p>\n","protected":false},"excerpt":{"rendered":"<p>A ap\u0103rut num\u0103rul 3\/2017 al revistei trimestriale buzoiene \u201eLiteradura\u201d, o publica\u021bie care poart\u0103 amprenta inconfundabil\u0103 a poetului, publicistului \u0219i comentatorului [&#038;hellip<\/p>\n","protected":false},"author":1,"featured_media":0,"comment_status":"closed","ping_status":"closed","sticky":false,"template":"","format":"standard","meta":{"footnotes":""},"categories":[3],"tags":[],"class_list":["post-28975","post","type-post","status-publish","format-standard","hentry","category-articole"],"_links":{"self":[{"href":"https:\/\/www.marianagurza.ro\/blog\/wp-json\/wp\/v2\/posts\/28975","targetHints":{"allow":["GET"]}}],"collection":[{"href":"https:\/\/www.marianagurza.ro\/blog\/wp-json\/wp\/v2\/posts"}],"about":[{"href":"https:\/\/www.marianagurza.ro\/blog\/wp-json\/wp\/v2\/types\/post"}],"author":[{"embeddable":true,"href":"https:\/\/www.marianagurza.ro\/blog\/wp-json\/wp\/v2\/users\/1"}],"replies":[{"embeddable":true,"href":"https:\/\/www.marianagurza.ro\/blog\/wp-json\/wp\/v2\/comments?post=28975"}],"version-history":[{"count":2,"href":"https:\/\/www.marianagurza.ro\/blog\/wp-json\/wp\/v2\/posts\/28975\/revisions"}],"predecessor-version":[{"id":28978,"href":"https:\/\/www.marianagurza.ro\/blog\/wp-json\/wp\/v2\/posts\/28975\/revisions\/28978"}],"wp:attachment":[{"href":"https:\/\/www.marianagurza.ro\/blog\/wp-json\/wp\/v2\/media?parent=28975"}],"wp:term":[{"taxonomy":"category","embeddable":true,"href":"https:\/\/www.marianagurza.ro\/blog\/wp-json\/wp\/v2\/categories?post=28975"},{"taxonomy":"post_tag","embeddable":true,"href":"https:\/\/www.marianagurza.ro\/blog\/wp-json\/wp\/v2\/tags?post=28975"}],"curies":[{"name":"wp","href":"https:\/\/api.w.org\/{rel}","templated":true}]}}