{"id":28987,"date":"2017-02-17T17:30:11","date_gmt":"2017-02-17T17:30:11","guid":{"rendered":"http:\/\/www.marianagurza.ro\/blog\/?p=28987"},"modified":"2017-02-17T17:31:37","modified_gmt":"2017-02-17T17:31:37","slug":"ana-urma-reflectii-de-cititor-la-volumul-ninge-pe-oglinda-lunii-de-vasilica-grigoras","status":"publish","type":"post","link":"https:\/\/www.marianagurza.ro\/blog\/2017\/02\/17\/ana-urma-reflectii-de-cititor-la-volumul-ninge-pe-oglinda-lunii-de-vasilica-grigoras\/","title":{"rendered":"Ana Urm\u0103: Reflec\u021bii de cititor la volumul ,,Ninge pe-oglinda lunii&#8221; de Vasilica Grigora\u0219"},"content":{"rendered":"<p style=\"text-align: center;\"><a href=\"http:\/\/www.marianagurza.ro\/blog\/wp-content\/uploads\/2017\/02\/coperta-publicata-Ninge-pe-oglinda-lunii-pdf.page1_-300x2251.jpg\"><img loading=\"lazy\" decoding=\"async\" class=\"size-full wp-image-28988\" title=\"coperta-publicata-ninge-pe-oglinda-lunii-pdf-page1_-300x225\" src=\"http:\/\/www.marianagurza.ro\/blog\/wp-content\/uploads\/2017\/02\/coperta-publicata-Ninge-pe-oglinda-lunii-pdf.page1_-300x2251.jpg\" alt=\"\" width=\"300\" height=\"225\" \/><\/a><\/p>\n<p style=\"text-align: center;\"><em>cerul plin de nori \u2013<\/em><\/p>\n<p style=\"text-align: center;\"><em>\u00een lanul de rapi\u0163\u0103 <\/em><\/p>\n<p style=\"text-align: center;\"><em>soarele \u00een toi<\/em><\/p>\n<p style=\"text-align: right;\"><strong>Vasilica Grigora\u015f<\/strong><\/p>\n<p style=\"text-align: justify;\">Cine nu a admirat chiar \u015fi \u00een fuga\u00a0 ma\u015finii, a trenului sau la pas,\u00a0 z\u0103rile \u00een culoarea rapi\u0163ei, \u015fesuri acoperite de maci, lanuri de floarea soarelui, gr\u00e2ne coapte sau verzi,\u00a0 cine nu a tres\u0103rit chiar \u015fi numai o clip\u0103 atins de culoare?! \u00eenc\u00e2t s\u0103 nu-\u015fi doreasc\u0103 a mul\u0163umi \u00een vreun fel frumuse\u0163ii. Parc\u0103 citind din cartea deschis\u0103 a naturii, a ordinii ciclice, a culorilor revenite iar \u015fi iar dup\u0103 albul prelungit al iernii, haijinii aspiran\u0163i sau consacra\u0163i o fac riguros, \u0163in cont de fiecare cuv\u00e2nt, silab\u0103, \u00een\u0163eles, transmit \u00een\u00a0 pu\u0163ine cuvinte imagini\u00a0 obiective, cum este \u015fi cea sugerat\u0103 mai sus. Un haiku reu\u015fit ca \u015fi imagine a unei zile de prim\u0103var\u0103 t\u00e2rzie, capricioas\u0103, soarele amestecat cu norii aproape de dealul acoperit de rapi\u0163\u0103. \u00cen prima parte a poemului<\/p>\n<p style=\"text-align: left;\"><em>cerul plin de nori<\/em><\/p>\n<p style=\"text-align: left;\"><em>\u00een lanul de rapi\u0163\u0103<\/em><\/p>\n<p style=\"text-align: justify;\">norii vin \u015fi trec, galbenul rapi\u0163ei r\u0103m\u00e2ne \u015fi se substituie soarelui ascuns dincolo de ei, umpl\u00e2nd privirea p\u00e2n\u0103 departe \u015fi mult dup\u0103 ce iese din raza vizual\u0103 a privitorului, iar planul doi<\/p>\n<p style=\"text-align: left;\"><em>soarele \u00een toi<\/em><\/p>\n<p style=\"text-align: justify;\">ne plaseaz\u0103 \u00een mijlocul zilei \u015fi poate \u00een locul \u00eensorit al trecerii de unde ni se transmite imaginea.<\/p>\n<p style=\"text-align: justify;\">Fiecare din cele trei versuri r\u0103spund la obiect celor trei \u00eentreb\u0103ri de verificare ale unui haiku, respectiv: ce, unde, c\u00e2nd \u015fi exist\u0103 \u015fi o mic\u0103 elips\u0103, aceea a culorii indus\u0103 de cuvintele: rapi\u0163\u0103, soare.<\/p>\n<p style=\"text-align: justify;\">Un poem armonios, capteaz\u0103 aten\u0163ia ca \u015fi lanul de rapi\u0163\u0103 prin care trecem, r\u0103m\u00e2nem cu g\u00e2ndul acolo o vreme,\u00a0 culoarea fascineaz\u0103,\u00a0 frumuse\u0163ea la fel, ni se dezv\u0103luie \u015fi sf\u00e2r\u015fe\u015fte \u00een cuvinte,\u00a0 a\u015fezate \u00een trei versuri, 17 silabe, plus sau minus una (nu e cazul aici). \u00cenchei cu un pasaj Eugenio Montale at\u00e2t de sugestiv tr\u0103irilor care ne fac s\u0103 scriem \u015fi s\u0103 d\u0103m via\u0163\u0103 g\u00e2ndurilor:<\/p>\n<p style=\"text-align: center;\"><em>Printre copacii din curte<br \/>\nNi se arat\u0103 galbenul l\u0103m\u00e2ilor;<br \/>\nIar gerul din inimi dispare,<br \/>\n\u015ei-n piept ne ropotesc<br \/>\nC\u00e2nt\u0103rile lor<br \/>\nGoarnele de aur ale solarit\u0103\u0163ii.<\/em><\/p>\n<p style=\"text-align: center;\">Eugenio Montale<\/p>\n<p><strong>Ana Urm\u0103<\/strong><\/p>\n","protected":false},"excerpt":{"rendered":"<p>cerul plin de nori \u2013 \u00een lanul de rapi\u0163\u0103 soarele \u00een toi Vasilica Grigora\u015f Cine nu a admirat chiar \u015fi [&#038;hellip<\/p>\n","protected":false},"author":1,"featured_media":0,"comment_status":"closed","ping_status":"closed","sticky":false,"template":"","format":"standard","meta":{"footnotes":""},"categories":[3],"tags":[],"class_list":["post-28987","post","type-post","status-publish","format-standard","hentry","category-articole"],"_links":{"self":[{"href":"https:\/\/www.marianagurza.ro\/blog\/wp-json\/wp\/v2\/posts\/28987","targetHints":{"allow":["GET"]}}],"collection":[{"href":"https:\/\/www.marianagurza.ro\/blog\/wp-json\/wp\/v2\/posts"}],"about":[{"href":"https:\/\/www.marianagurza.ro\/blog\/wp-json\/wp\/v2\/types\/post"}],"author":[{"embeddable":true,"href":"https:\/\/www.marianagurza.ro\/blog\/wp-json\/wp\/v2\/users\/1"}],"replies":[{"embeddable":true,"href":"https:\/\/www.marianagurza.ro\/blog\/wp-json\/wp\/v2\/comments?post=28987"}],"version-history":[{"count":3,"href":"https:\/\/www.marianagurza.ro\/blog\/wp-json\/wp\/v2\/posts\/28987\/revisions"}],"predecessor-version":[{"id":28990,"href":"https:\/\/www.marianagurza.ro\/blog\/wp-json\/wp\/v2\/posts\/28987\/revisions\/28990"}],"wp:attachment":[{"href":"https:\/\/www.marianagurza.ro\/blog\/wp-json\/wp\/v2\/media?parent=28987"}],"wp:term":[{"taxonomy":"category","embeddable":true,"href":"https:\/\/www.marianagurza.ro\/blog\/wp-json\/wp\/v2\/categories?post=28987"},{"taxonomy":"post_tag","embeddable":true,"href":"https:\/\/www.marianagurza.ro\/blog\/wp-json\/wp\/v2\/tags?post=28987"}],"curies":[{"name":"wp","href":"https:\/\/api.w.org\/{rel}","templated":true}]}}