{"id":29041,"date":"2017-02-25T06:50:24","date_gmt":"2017-02-25T06:50:24","guid":{"rendered":"http:\/\/www.marianagurza.ro\/blog\/?p=29041"},"modified":"2017-02-25T06:50:24","modified_gmt":"2017-02-25T06:50:24","slug":"petru-vasile-tomoiaga-%e2%80%9eochiul-neadormit-al-bufnitei%e2%80%9d-un-nou-volum-semnat-de-ion-marin-almajan","status":"publish","type":"post","link":"https:\/\/www.marianagurza.ro\/blog\/2017\/02\/25\/petru-vasile-tomoiaga-%e2%80%9eochiul-neadormit-al-bufnitei%e2%80%9d-un-nou-volum-semnat-de-ion-marin-almajan\/","title":{"rendered":"Petru Vasile TOMOIAG\u0102: \u201eOchiul neadormit al bufni\u021bei\u201d, un nou volum semnat de Ion Marin Alm\u0103jan"},"content":{"rendered":"<p style=\"text-align: justify;\"><a href=\"http:\/\/www.marianagurza.ro\/blog\/wp-content\/uploads\/2017\/02\/coperta-almajan.jpg\"><img loading=\"lazy\" decoding=\"async\" class=\"size-medium wp-image-29042 alignleft\" title=\"coperta-almajan\" src=\"http:\/\/www.marianagurza.ro\/blog\/wp-content\/uploads\/2017\/02\/coperta-almajan-206x300.jpg\" alt=\"\" width=\"206\" height=\"300\" srcset=\"https:\/\/www.marianagurza.ro\/blog\/wp-content\/uploads\/2017\/02\/coperta-almajan-206x300.jpg 206w, https:\/\/www.marianagurza.ro\/blog\/wp-content\/uploads\/2017\/02\/coperta-almajan.jpg 413w\" sizes=\"auto, (max-width: 206px) 100vw, 206px\" \/><\/a>Scriitor \u00een adev\u0103ratul sens al cuv\u00e2ntului, Ion Marin Alm\u0103jan a sim\u021bit c\u0103 proza \u00eei este menirea \u00een care poate s\u0103-\u0219i arate cu adev\u0103rat valoarea, altfel spus valoarea lui a str\u0103lucit prin aportul pe care l-a adus \u00een proza contemporan\u0103, prin \u00eentregul prinos dat scrisului rom\u00e2nesc. Emblematic nu doar prin romanele sau volumele de proz\u0103 scurt\u0103, scriitorul a fost tot timpul \u0219i un om al cet\u0103\u021bii, ap\u0103r\u00e2nd cu demnitate \u0219i \u00eend\u00e2rjire, \u00een acela\u0219i timp, mo\u0219tenirea cultural\u0103 a Banatului, implicit a \u021b\u0103rii, fiind \u00eenainte de toate un bun rom\u00e2n. Ion Marin Alm\u0103jan este etalonul care arat\u0103 c\u0103 se poate face cultur\u0103 \u0219i s\u0103 tr\u0103ie\u0219ti demn \u00een acela\u0219i timp indiferent de timp &#8211; adic\u0103 de e\u0219ti t\u00e2n\u0103r, ori la maturitate \u0219i indiferent de or\u00e2nduieli &#8211; mai ales c\u00e2nd acestea au fost la fel de nedrepte \u0219i \u00een socialism-comunism \u0219i \u00een capitalismul s\u0103lbatic de azi. Este pre\u021buit \u0219i stimat pentru \u0219i prin valorile pe care le are \u0219i pe care le \u00eemp\u0103rt\u0103\u0219e\u0219te cu generozitate celor din jur. A fost \u00een func\u021bii de conducere \u0219i \u00een vechiul, dar \u0219i \u00een noul regim, demonstr\u00e2nd c\u0103 talentul autentic a fost pre\u021buit \u00eentotdeauna, dincolo de grani\u021bele unei or\u00e2nduiri. \u0218i pentru c\u0103 toate acestea nu se puteau face dec\u00e2t \u00een cinste \u0219i adev\u0103r, \u00een lupt\u0103 \u0219i credin\u021b\u0103, lui Ion Marin Alm\u0103jan i se potrive\u0219te m\u0103nu\u0219\u0103 dictonul lui Aristotel: \u201ePlaton \u00eemi e drag, dar mai drag \u00eemi este adev\u0103rul\u201d, pricin\u0103 din care are \u0219i prieteni, \u0219i du\u0219mani pe m\u0103sur\u0103. Omul de cultur\u0103 \u0219i scriitorul Ion Marin Alm\u0103jan nu mai pot fi desp\u0103r\u021bi\u021bi, formeaz\u0103 un monolit dup\u0103 duritatea c\u0103ruia se ascunde o inim\u0103 mult mai bl\u00e2nd\u0103 dec\u00e2t b\u0103nuim, \u0219i care acum, la pragul \u00een\u021belepciunii, prive\u0219te cu ochi \u00eeng\u0103duitori \u0219i iert\u0103tori totul, deopotriv\u0103 &#8211; mai pu\u021bin vinderea de \u021bar\u0103 \u0219i de neam. Exemplific printr-un text scris \u00een anul 1999 &#8211; \u201eC\u00e2ntec de jale scris la c\u0103p\u0103t\u00e2iul t\u0103u, Patrie\u201d: \u201eRom\u00e2nie, patrie f\u0103r\u2019 de noroc \/ vai \u021bie, mireas\u0103 cernit\u0103 \/ \u00een\u0219elat\u0103 de mirele t\u0103u, \/ b\u0103tr\u00e2n\u0103 mam\u0103 hulit\u0103 \/ b\u0103tut\u0103 cu pietre \/ de cei ce \u021bi-au ie\u0219it din p\u00e2ntece. \/ Nimeni nu-\u021bi mai c\u00e2nt\u0103 gr\u0103dinile \/ pline de mireasm\u0103 \u0219i de rodul pomilor \/ p\u0103durile suri \u00een care lupii mai viseaz\u0103 \/ la vremea \u00eenceputului, \/ nimeni nu-\u021bi mai pl\u00e2nge r\u0103nile nevindecate \/ nimeni nu le mai oblojeste, cu sfial\u0103 \u0219i dragoste&#8230; \/ Ca ni\u0219te c\u00e2ini turba\u021bi, \/ s-au n\u0103pustit asupr\u0103-\u021bi \/ hulpavi, sf\u00e2\u0219iindu-\u021bi sf\u00e2ntul trup \/ \u00eenghi\u021bind dumica\u021bi mari din trupul t\u0103u de fecioar\u0103 \/ ar\u0103t\u00e2ndu-te cu degetul \u0219i spun\u00e2nd: \/ vede\u021bi, voi neamuri ale lumii \/ o curv\u0103 de\u0219ucheat\u0103, o ma\u0219ter\u0103 \/ care-\u0219i ucide pruncii \u0219i-\u0219i devor\u0103 b\u0103rba\u021bii \/ Aceasta-i Rom\u00e2nia. \/ Cuvinte puturoase, slove ce duhnesc a hoit \/ sem\u0103n\u00e2nd pretutindeni ur\u0103 \u0219i sc\u00e2rb\u0103 \/ pentru tine, Rom\u00e2nie, patrie f\u0103r\u0103 noroc \/ \u00een care Dumnezeu \u0219i-a uitat speran\u021bele\u201d.<\/p>\n<p style=\"text-align: justify;\">\n<p style=\"text-align: justify;\">Petru Vasile TOMOIAG\u0102<\/p>\n<p style=\"text-align: justify;\">\n<p style=\"text-align: justify;\">\n","protected":false},"excerpt":{"rendered":"<p>Scriitor \u00een adev\u0103ratul sens al cuv\u00e2ntului, Ion Marin Alm\u0103jan a sim\u021bit c\u0103 proza \u00eei este menirea \u00een care poate s\u0103-\u0219i [&#038;hellip<\/p>\n","protected":false},"author":1,"featured_media":0,"comment_status":"closed","ping_status":"closed","sticky":false,"template":"","format":"standard","meta":{"footnotes":""},"categories":[3],"tags":[],"class_list":["post-29041","post","type-post","status-publish","format-standard","hentry","category-articole"],"_links":{"self":[{"href":"https:\/\/www.marianagurza.ro\/blog\/wp-json\/wp\/v2\/posts\/29041","targetHints":{"allow":["GET"]}}],"collection":[{"href":"https:\/\/www.marianagurza.ro\/blog\/wp-json\/wp\/v2\/posts"}],"about":[{"href":"https:\/\/www.marianagurza.ro\/blog\/wp-json\/wp\/v2\/types\/post"}],"author":[{"embeddable":true,"href":"https:\/\/www.marianagurza.ro\/blog\/wp-json\/wp\/v2\/users\/1"}],"replies":[{"embeddable":true,"href":"https:\/\/www.marianagurza.ro\/blog\/wp-json\/wp\/v2\/comments?post=29041"}],"version-history":[{"count":2,"href":"https:\/\/www.marianagurza.ro\/blog\/wp-json\/wp\/v2\/posts\/29041\/revisions"}],"predecessor-version":[{"id":29044,"href":"https:\/\/www.marianagurza.ro\/blog\/wp-json\/wp\/v2\/posts\/29041\/revisions\/29044"}],"wp:attachment":[{"href":"https:\/\/www.marianagurza.ro\/blog\/wp-json\/wp\/v2\/media?parent=29041"}],"wp:term":[{"taxonomy":"category","embeddable":true,"href":"https:\/\/www.marianagurza.ro\/blog\/wp-json\/wp\/v2\/categories?post=29041"},{"taxonomy":"post_tag","embeddable":true,"href":"https:\/\/www.marianagurza.ro\/blog\/wp-json\/wp\/v2\/tags?post=29041"}],"curies":[{"name":"wp","href":"https:\/\/api.w.org\/{rel}","templated":true}]}}