{"id":29424,"date":"2017-04-05T09:44:07","date_gmt":"2017-04-05T09:44:07","guid":{"rendered":"http:\/\/www.marianagurza.ro\/blog\/?p=29424"},"modified":"2017-04-05T09:45:01","modified_gmt":"2017-04-05T09:45:01","slug":"duminica-2-aprilie-2017-stiri-%e2%80%a2-administratie-flutur-un-preot-sucevean-a-inceput-sa-construiasca-%e2%80%9emicul-voronet%e2%80%9d-in-capitala-austriei","status":"publish","type":"post","link":"https:\/\/www.marianagurza.ro\/blog\/2017\/04\/05\/duminica-2-aprilie-2017-stiri-%e2%80%a2-administratie-flutur-un-preot-sucevean-a-inceput-sa-construiasca-%e2%80%9emicul-voronet%e2%80%9d-in-capitala-austriei\/","title":{"rendered":"Flutur: Un preot sucevean a \u00eenceput s\u0103 construiasc\u0103 \u201eMicul Vorone\u021b\u201d \u00een capitala Austriei"},"content":{"rendered":"<p style=\"text-align: center;\"><a href=\"http:\/\/www.marianagurza.ro\/blog\/wp-content\/uploads\/2017\/04\/363bd3991c8594176e8c7da8006500325.jpg\"><img loading=\"lazy\" decoding=\"async\" class=\"size-medium wp-image-29425\" title=\"363bd3991c8594176e8c7da8006500325\" src=\"http:\/\/www.marianagurza.ro\/blog\/wp-content\/uploads\/2017\/04\/363bd3991c8594176e8c7da8006500325-300x150.jpg\" alt=\"\" width=\"300\" height=\"150\" srcset=\"https:\/\/www.marianagurza.ro\/blog\/wp-content\/uploads\/2017\/04\/363bd3991c8594176e8c7da8006500325-300x150.jpg 300w, https:\/\/www.marianagurza.ro\/blog\/wp-content\/uploads\/2017\/04\/363bd3991c8594176e8c7da8006500325.jpg 650w\" sizes=\"auto, (max-width: 300px) 100vw, 300px\" \/><\/a><\/p>\n<p style=\"text-align: justify;\">\u0218eful administra\u021biei jude\u021bene, Gheorghe Flutur, a anun\u021bat \u00een \u0219edin\u021ba de vineri a Consiliului Jude\u021bean, c\u0103 un preot sucevean construie\u0219te \u00een capitala Austriei, Viena, \u201eMicul Vorone\u021b\u201d. Gheorghe Flutur i-a informat pe consilieri despre participarea sa la \u0219edin\u021ba festiv\u0103 a Parlamentului de la Viena \u00een care au fost evoca\u021bi fo\u0219tii parlamentari bucovineni din Dieta imperial\u0103, preciz\u00e2nd c\u0103 \u00een cadrul vizitei a avut o \u00eent\u00e2lnire \u0219i cu reprezentan\u021bi ai Bisericii Ortodoxe din capitala Austriei. Flutur a spus c\u0103 \u00een urma discu\u021biilor cu ace\u0219tia a aflat c\u0103 un preot sucevean construie\u0219te un l\u0103ca\u0219 de cult nou, o replic\u0103 a bisericii m\u0103n\u0103stirii Vorone\u021b, pe un teren pe care Biserica Ortodox\u0103 la primit \u00een apropierea g\u0103rii vechi din Viena. Preotul care se ocup\u0103 de acest proiect este Emanuel Nu\u021bu, fiul preotului Gheorghe Nu\u021bu din Gura Humorului.<\/p>\n<p style=\"text-align: justify;\">\u201eBiserica Ortodox\u0103 a primit de la prim\u0103ria din Viena o suprafa\u021b\u0103 de teren \u00een apropierea g\u0103rii vechi, unde se construie\u0219te &lt;Micul Vorone\u021b&gt;. Va fi o biseric\u0103 pe modelul celei de la m\u0103n\u0103stirea Vorone\u021b. Mai mult preo\u021bii de acolo vor s\u0103 o picteze cu picturile m\u0103n\u0103stirii Vorone\u021b, dar \u0219i s\u0103 realizeze un ansamblu \u00eentreg acolo\u201d, a explicat Gheorghe Flutur.<\/p>\n<p style=\"text-align: justify;\">Pe de alt\u0103 parte, el a ar\u0103tat c\u0103 la \u00eent\u00e2lnirile pe care le-a avut \u00een Viena au venit foarte mul\u021bi rom\u00e2ni din Austria, ad\u0103ug\u00e2nd c\u0103 administra\u021bia jude\u021bean\u0103 ar trebui s\u0103 \u00eencheie un parteneriat de colaborare cu o regiune din aceast\u0103 \u021bar\u0103, dup\u0103 modelul celui cu regiunea Schwaben din Germania.<\/p>\n<p style=\"text-align: justify;\">Gheorghe Flutur le-a transmis consilierilor jude\u021beni c\u0103 \u00een opinia sa ar trebui organizat\u0103 o vizit\u0103 oficial\u0103 la Parlamentul din Viena pentru ca to\u021bi membri deliberativului \u201es\u0103 mearg\u0103 pe urmele \u00eenainta\u0219ilor no\u0219tri\u201d. \u201eMerit\u0103 s\u0103 mergem s\u0103 vedem acolo, \u00een c\u0103r\u021bile lor, interpel\u0103ri, declara\u021bii politice ale parlamentarilor din Bucovina\u201d, a spus Flutur.<\/p>\n<p style=\"text-align: justify;\">Reamintim c\u0103 pre\u0219edintele CJ Suceava a fost prezent la \u00eenceputul s\u0103pt\u0103m\u00e2nii trecute la Viena, unde \u00een cadrul unei \u0219edin\u021be festive a Parlamentului Austriei i-a evocat \u00eentr-un discurs pe reprezentan\u021bii Bucovinei \u00een Dieta imperial\u0103. Dup\u0103 acest discurs, Gheorghe Flutur a invitat un grup de parlamentari austrieci s\u0103 viziteze jude\u021bul \u0219i s\u0103 participe la o \u00eent\u00e2lnire cu ale\u0219ii jude\u021beni.<\/p>\n<p style=\"text-align: justify;\">Sursa &#8211; <a href=\"https:\/\/svnews.ro\/flutur-un-preot-sucevean-a-inceput-sa-construiasca-micul-voronet-in-capitala-austriei\/89973\/\" target=\"_blank\" data-saferedirecturl=\"https:\/\/www.google.com\/url?hl=ro&amp;q=https:\/\/svnews.ro\/flutur-un-preot-sucevean-a-inceput-sa-construiasca-micul-voronet-in-capitala-austriei\/89973\/&amp;source=gmail&amp;ust=1491471602878000&amp;usg=AFQjCNEZwsx_rb8e1P4fLSv8_y89UtnOuQ\">https:\/\/svnews.ro\/flutur-un-<wbr>preot-sucevean-a-inceput-sa-<wbr>construiasca-micul-voronet-in-<wbr>capitala-austriei\/89973\/<\/wbr><\/wbr><\/wbr><\/a><\/p>\n","protected":false},"excerpt":{"rendered":"<p>\u0218eful administra\u021biei jude\u021bene, Gheorghe Flutur, a anun\u021bat \u00een \u0219edin\u021ba de vineri a Consiliului Jude\u021bean, c\u0103 un preot sucevean construie\u0219te \u00een [&#038;hellip<\/p>\n","protected":false},"author":1,"featured_media":0,"comment_status":"closed","ping_status":"closed","sticky":false,"template":"","format":"standard","meta":{"footnotes":""},"categories":[3,6],"tags":[],"class_list":["post-29424","post","type-post","status-publish","format-standard","hentry","category-articole","category-linkuri-externe"],"_links":{"self":[{"href":"https:\/\/www.marianagurza.ro\/blog\/wp-json\/wp\/v2\/posts\/29424","targetHints":{"allow":["GET"]}}],"collection":[{"href":"https:\/\/www.marianagurza.ro\/blog\/wp-json\/wp\/v2\/posts"}],"about":[{"href":"https:\/\/www.marianagurza.ro\/blog\/wp-json\/wp\/v2\/types\/post"}],"author":[{"embeddable":true,"href":"https:\/\/www.marianagurza.ro\/blog\/wp-json\/wp\/v2\/users\/1"}],"replies":[{"embeddable":true,"href":"https:\/\/www.marianagurza.ro\/blog\/wp-json\/wp\/v2\/comments?post=29424"}],"version-history":[{"count":3,"href":"https:\/\/www.marianagurza.ro\/blog\/wp-json\/wp\/v2\/posts\/29424\/revisions"}],"predecessor-version":[{"id":29428,"href":"https:\/\/www.marianagurza.ro\/blog\/wp-json\/wp\/v2\/posts\/29424\/revisions\/29428"}],"wp:attachment":[{"href":"https:\/\/www.marianagurza.ro\/blog\/wp-json\/wp\/v2\/media?parent=29424"}],"wp:term":[{"taxonomy":"category","embeddable":true,"href":"https:\/\/www.marianagurza.ro\/blog\/wp-json\/wp\/v2\/categories?post=29424"},{"taxonomy":"post_tag","embeddable":true,"href":"https:\/\/www.marianagurza.ro\/blog\/wp-json\/wp\/v2\/tags?post=29424"}],"curies":[{"name":"wp","href":"https:\/\/api.w.org\/{rel}","templated":true}]}}