{"id":29496,"date":"2017-04-08T17:57:48","date_gmt":"2017-04-08T17:57:48","guid":{"rendered":"http:\/\/www.marianagurza.ro\/blog\/?p=29496"},"modified":"2017-04-08T17:57:48","modified_gmt":"2017-04-08T17:57:48","slug":"vavila-popovici-hristoase-2","status":"publish","type":"post","link":"https:\/\/www.marianagurza.ro\/blog\/2017\/04\/08\/vavila-popovici-hristoase-2\/","title":{"rendered":"Vavila Popovici: Hristoase!"},"content":{"rendered":"<p style=\"text-align: center;\"><a href=\"http:\/\/www.marianagurza.ro\/blog\/wp-content\/uploads\/2017\/04\/jesus-on-the-cross_876245001.jpg\"><img loading=\"lazy\" decoding=\"async\" class=\"size-medium wp-image-29497\" title=\"jesus-on-the-cross_876245001\" src=\"http:\/\/www.marianagurza.ro\/blog\/wp-content\/uploads\/2017\/04\/jesus-on-the-cross_876245001-300x168.jpg\" alt=\"\" width=\"300\" height=\"168\" srcset=\"https:\/\/www.marianagurza.ro\/blog\/wp-content\/uploads\/2017\/04\/jesus-on-the-cross_876245001-300x168.jpg 300w, https:\/\/www.marianagurza.ro\/blog\/wp-content\/uploads\/2017\/04\/jesus-on-the-cross_876245001.jpg 620w\" sizes=\"auto, (max-width: 300px) 100vw, 300px\" \/><\/a><\/p>\n<p><strong>Hristoase!<\/strong><\/p>\n<p>&nbsp;<\/p>\n<p>Infinitul divin s-a rev\u0103rsat \u00een trupul T\u0103u,<\/p>\n<p>din p\u00e2ntecul Mariei ar\u0103t\u00e2ndu-Te lumii.<\/p>\n<p>\u00cenv\u0103\u0163\u0103tor, Vindec\u0103tor, St\u0103p\u00e2n ai fost<\/p>\n<p>\u0219i-ai cucerit lumea cu iubire, f\u0103r\u0103 de fal\u0103,<\/p>\n<p>cu modestie, cu incanta\u021bie moral\u0103.<\/p>\n<p>De Marele Preot ai fost \u00eentrebat<\/p>\n<p>de e\u0219ti Tu fiul celui binecuv\u00e2ntat.<\/p>\n<p>\u201eDa, sunt!\u201d, ai r\u0103spuns \u00eendrept\u0103\u021bit.<\/p>\n<p>Nu Te-au crezut \u0219i la moarte Te-au os\u00e2ndit.<\/p>\n<p>Te-ai l\u0103sat crucificat<\/p>\n<p>dup\u0103 ce drumul vie\u021bii ni l-ai ar\u0103tat,<\/p>\n<p>c\u0103ci Dumnezeu at\u00e2t\u00a0de\u00a0mult\u00a0ne-a\u00a0iubit<br \/>\n\u00eenc\u00e2t\u00a0pe\u00a0Tine, singurul\u00a0Fiu,<\/p>\n<p>mor\u021bii p\u0103m\u00e2ntene L-a d\u0103ruit.<br \/>\n\u0218i-ai fost v\u00e2ndut pentru treizeci de argin\u021bi,<\/p>\n<p>crucificat ca om de gloat\u0103, de cei nes\u0103bui\u021bi.<\/p>\n<p>\u0218tim, pe cruce nu piroanele Te-au \u021binut,<\/p>\n<p>ci marea dragoste ce pentru noi ai avut.<\/p>\n<p>Precum visele cu lungi \u0219i minunate zboruri<\/p>\n<p>\u021bin p\u0103s\u0103rile noaptea pe crengi,<\/p>\n<p>visul salv\u0103rii lumii Te-a hr\u0103nit<\/p>\n<p>\u0219i de p\u0103cate lumea ai izb\u0103vit.<\/p>\n<p>Primit-ai moartea ca om al p\u0103m\u00e2ntului<\/p>\n<p>str\u0103puns de durere \u0219i strig\u00e2nd:<\/p>\n<p>\u201eDe ce m-ai p\u0103r\u0103sit, Dumnezeul meu?\u201d,<\/p>\n<p>chinul, dezn\u0103dejdea, jertf\u0103 prob\u00e2nd.<\/p>\n<p>\u0218i-ai \u00eenviat a treia zi ca Domn al cerului<\/p>\n<p>\u0219i Te-ai dus s\u0103 \u0219ezi de-a dreapta Tat\u0103lui\u2026<\/p>\n<p>Hristoase, ne-ai l\u0103sat giulgiul<\/p>\n<p>cu urma monedele pe pleoape,<\/p>\n<p>amintind anul mor\u021bii Tale,<\/p>\n<p>precum \u0219i cuiul imobiliz\u00e2ndu-\u021ai ambele picioare.<\/p>\n<p>\u0218i iar\u0103\u0219i vei veni cu nep\u0103rtinire s\u0103 ne judeci,<\/p>\n<p>c\u00e2nd vasul f\u0103r\u0103delegilor se va fi umplut.<\/p>\n<p>Ne vei judeca faptele, vorbele \u0219i g\u00e2ndurile<\/p>\n<p>\u00eenscrise-n cartea ve\u0219niciei din al vie\u021bii \u00eenceput.<\/p>\n<p>\u201eGlasul lui Dumnezeu\u201d din noi va vorbi,<\/p>\n<p>\u0219i noi pe noi ne vom auzi.<\/p>\n<p>Multele noastre p\u0103cate<\/p>\n<p>cu fapte de iubire vor fi compensate.<\/p>\n<p>\u0218i afl\u00e2ndu-ne la marginea eternit\u0103\u021bii,<\/p>\n<p>r\u0103sfoi-vom cartea cu statutul nou al vie\u021bii,<\/p>\n<p>\u00eembr\u0103ca\u021bi \u00een haina p\u0103catului<\/p>\n<p>sau \u00een cea a drept\u0103\u021bii.<\/p>\n<p>&nbsp;<\/p>\n<p>_____________<\/p>\n<p style=\"text-align: left;\" align=\"center\">Vavila Popovici\u00a0 (Din vol.\u201dO mie si una de poeme\u201d)<\/p>\n<p style=\"text-align: left;\" align=\"center\">Carolina de Nord<\/p>\n<p align=\"center\">\n<p><sub><\/p>\n<p><\/sub><\/p>\n","protected":false},"excerpt":{"rendered":"<p>Hristoase! &nbsp; Infinitul divin s-a rev\u0103rsat \u00een trupul T\u0103u, din p\u00e2ntecul Mariei ar\u0103t\u00e2ndu-Te lumii. \u00cenv\u0103\u0163\u0103tor, Vindec\u0103tor, St\u0103p\u00e2n ai fost \u0219i-ai [&#038;hellip<\/p>\n","protected":false},"author":1,"featured_media":0,"comment_status":"closed","ping_status":"closed","sticky":false,"template":"","format":"standard","meta":{"footnotes":""},"categories":[3],"tags":[],"class_list":["post-29496","post","type-post","status-publish","format-standard","hentry","category-articole"],"_links":{"self":[{"href":"https:\/\/www.marianagurza.ro\/blog\/wp-json\/wp\/v2\/posts\/29496","targetHints":{"allow":["GET"]}}],"collection":[{"href":"https:\/\/www.marianagurza.ro\/blog\/wp-json\/wp\/v2\/posts"}],"about":[{"href":"https:\/\/www.marianagurza.ro\/blog\/wp-json\/wp\/v2\/types\/post"}],"author":[{"embeddable":true,"href":"https:\/\/www.marianagurza.ro\/blog\/wp-json\/wp\/v2\/users\/1"}],"replies":[{"embeddable":true,"href":"https:\/\/www.marianagurza.ro\/blog\/wp-json\/wp\/v2\/comments?post=29496"}],"version-history":[{"count":2,"href":"https:\/\/www.marianagurza.ro\/blog\/wp-json\/wp\/v2\/posts\/29496\/revisions"}],"predecessor-version":[{"id":29499,"href":"https:\/\/www.marianagurza.ro\/blog\/wp-json\/wp\/v2\/posts\/29496\/revisions\/29499"}],"wp:attachment":[{"href":"https:\/\/www.marianagurza.ro\/blog\/wp-json\/wp\/v2\/media?parent=29496"}],"wp:term":[{"taxonomy":"category","embeddable":true,"href":"https:\/\/www.marianagurza.ro\/blog\/wp-json\/wp\/v2\/categories?post=29496"},{"taxonomy":"post_tag","embeddable":true,"href":"https:\/\/www.marianagurza.ro\/blog\/wp-json\/wp\/v2\/tags?post=29496"}],"curies":[{"name":"wp","href":"https:\/\/api.w.org\/{rel}","templated":true}]}}