{"id":29546,"date":"2017-04-12T10:48:29","date_gmt":"2017-04-12T10:48:29","guid":{"rendered":"http:\/\/www.marianagurza.ro\/blog\/?p=29546"},"modified":"2017-04-12T10:48:29","modified_gmt":"2017-04-12T10:48:29","slug":"paul-san-petru-poduri-lirice-poeme-bilingve","status":"publish","type":"post","link":"https:\/\/www.marianagurza.ro\/blog\/2017\/04\/12\/paul-san-petru-poduri-lirice-poeme-bilingve\/","title":{"rendered":"Paul S\u00c2N-PETRU: Poduri lirice (poeme bilingve)"},"content":{"rendered":"<p style=\"text-align: justify;\"><strong><a href=\"http:\/\/www.marianagurza.ro\/blog\/wp-content\/uploads\/2017\/04\/SAN-PETRU-Paul.jpg\"><img loading=\"lazy\" decoding=\"async\" class=\"alignleft size-medium wp-image-29547\" title=\"san-petru-paul\" src=\"http:\/\/www.marianagurza.ro\/blog\/wp-content\/uploads\/2017\/04\/SAN-PETRU-Paul-224x300.jpg\" alt=\"\" width=\"224\" height=\"300\" srcset=\"https:\/\/www.marianagurza.ro\/blog\/wp-content\/uploads\/2017\/04\/SAN-PETRU-Paul-224x300.jpg 224w, https:\/\/www.marianagurza.ro\/blog\/wp-content\/uploads\/2017\/04\/SAN-PETRU-Paul.jpg 600w\" sizes=\"auto, (max-width: 224px) 100vw, 224px\" \/><\/a>Dr. Paul Cioriciu<\/strong> \u2013 cu pseudonimul literar <strong>Paul S\u00e2n-Petru<\/strong> \u2013 s-a n\u0103scut la Gala\u0163i, la 18 martie 1936. A fost membru al Orchestrei simfonice a Medicilor din Bucure\u015fti \u00een timpul studiilor universitare la Facultatea de Medicin\u0103 Bucure\u015fti.<\/p>\n<p style=\"text-align: justify;\">\n<p style=\"text-align: justify;\">Personalitate complex\u0103, Paul S\u00e2n-Petru a \u00eembinat profesia de medic, via\u0163a de familie cu pasiunea pentru poezie, muzic\u0103 \u015fi sculptur\u0103. Paul S\u00e2n-Petru a debutat cu poezii \u00een revista literar\u0103 \u201eLuceaf\u0103rul\u201d \u00een 1962. \u00cen 1969, \u00eei apare primul volum de versuri \u201eUrme\u201d, apoi, p\u00e2n\u0103 \u00een 2013, alte 18 volume de versuri \u015fi dou\u0103 volume de proz\u0103 la importante edituri din Rom\u00e2nia. Dou\u0103 din volumele sale de poezie sunt editate \u00een edi\u0163ie bilingv\u0103 rom\u00e2no-francez\u0103. Autorul a publicat \u00een colaborare cu Eusebiu Voinea \u015fi Cristian Nicolescu dou\u0103 volume de versuri \u015fi muzic\u0103 clasic\u0103. A mai publicat articole, cronici literare, eseuri, poezii \u00een importante reviste literare \u015fi antologii din Rom\u00e2nia \u015fi str\u0103in\u0103tate. Paul a ob\u0163inut premii la diferite concursuri na\u0163ionale de poezie. A avut expozi\u0163ii personale de scuptur\u0103 \u00een Rom\u00e2nia \u015fi Republica Moldova. \u00cen 2006, Prim\u0103ria ora\u015fului Gala\u0163i i-a acordat Premiul Municipiului Gala\u0163i \u00een semn de recunoa\u015ftere a activit\u0103\u0163ii sale creatoare. Este membru al Uniunii Scriitorilor din Rom\u00e2nia. Locuie\u015fte \u00een prezent la Bucure\u015fti.<\/p>\n<p>&nbsp;<\/p>\n<p>***<\/p>\n<p style=\"text-align: justify;\"><strong>Dr Paul Cioriciu<\/strong> \u2013 <em>whose pen name is <strong>Paul S\u00e2n-Petru<\/strong> &#8211; was born in Gala\u0163i, on the 18th of March 1936. He was a member of the Symphonic Orchestra of Physicians in Bucharest during his studies at the Faculty of Medicine of Bucharest. A complex personality, Paul combined the medical profession, family life with his passion for poetry, music and sculpture. Paul S\u00e2n-Petru\u2019s debut poems were published in the literary magazine Luceaf\u0103rul in 1962. In 1969 he published his first book of poetry Traces, then until 2013 another 18 volumes of poetry and two books of prose were published by important publishing houses in Romania. Two of his volumes of poetry are bilingual French-Romanian. Paul has published in collaboration with Eusebiu Voinea and Cristian Nicolescu two books of poetry and classical music. He published articles, literature reviews, essays, poems in well-known literary magazines and anthologies in Romania and abroad. Paul has won prizes at national competitions for poetry. He also had his sculptures exhibited in Romania and Moldova Republic. In 2006, Gala\u0163i City Hall granted him Gala\u0163i Municipality Award in recognition of his creative activity. He is a member of the Writers Union of Romania. Paul currently lives in Bucharest.<\/em><\/p>\n<p>&nbsp;<\/p>\n<p>***<\/p>\n<p>&nbsp;<\/p>\n<p><strong>POEZIA CA ISP\u00c3\u015eIRE<\/strong><\/p>\n<p>&nbsp;<\/p>\n<p>Poe\u0163ii sunt ierta\u0163i prin poezie<\/p>\n<p>Pentru-ndr\u0103zneala de-a iubi \u00een plus;<\/p>\n<p>Ei chiar de-ar mai tr\u0103i o ve\u015fnicie<\/p>\n<p>Tot n-ar sf\u00e2r\u015fi ce-ar fi avut de spus!<\/p>\n<p>Nu e de-ajuns c\u0103 moartea nu \u00eei iart\u0103, &#8211;<\/p>\n<p>Pute\u0163i voi fi mai rele dec\u00e2t ea? &#8211;<\/p>\n<p>M\u0103car min\u0163i\u0163i-i cu duioas\u0103 art\u0103<\/p>\n<p>C\u00e2nd \u00eei servi\u0163i cu-o ultim\u0103 cafea&#8230;<\/p>\n<p>&nbsp;<\/p>\n<p><strong><em>POETRY AS REDEMPTION<\/em><\/strong><\/p>\n<p><em>\u00a0<\/em><\/p>\n<p><em>Poets are forgiven through poetry<\/em><\/p>\n<p><em>For daring to love more;<\/em><\/p>\n<p><em>Even if they lived forever<\/em><\/p>\n<p><em>They wouldn\u2019t finish what they wanted to say!<\/em><\/p>\n<p><em>Is it not enough that death doesn\u2019t forgive them,-<\/em><\/p>\n<p><em>Can you be worse?<\/em><\/p>\n<p><em>Just lie to them with sweet art<\/em><\/p>\n<p><em>When you serve them the last cup of coffee&#8230;<\/em><\/p>\n<p>&nbsp;<\/p>\n<p>&nbsp;<\/p>\n<p><strong>NICIO PL\u00c3CERE<\/strong><\/p>\n<p>&nbsp;<\/p>\n<p>Nicio pl\u0103cere de a m\u0103 privi<\/p>\n<p>Ca odinioar\u0103: \u00eemi v\u0103d barba<\/p>\n<p>\u015fi plec, f\u0103r\u0103 a-mi fi v\u0103zut chipul<\/p>\n<p>\u00een oglind\u0103, doar umbra mea<\/p>\n<p>orice i-a\u015f face \u00eemi posteaz\u0103 conturul<\/p>\n<p>a\u015fa cum \u00eel \u015ftiam,<\/p>\n<p>ca pe o frunz\u0103 presat\u0103 \u00een ierbar.<\/p>\n<p>&#8212;&#8212;&#8212;&#8212;&#8212;&#8212;&#8212;&#8212;&#8211;<\/p>\n<p>(Empatii, antologie, Editura PHOEBUS, 2013)<\/p>\n<p>&nbsp;<\/p>\n<p><strong><em>NO PLEASURE AT ALL<\/em><\/strong><\/p>\n<p><em>\u00a0<\/em><\/p>\n<p><em>There is no pleasure in looking at myself<\/em><\/p>\n<p><em>Like in the past: I see my beard<\/em><\/p>\n<p><em>and leave, without seeing my face<\/em><\/p>\n<p><em>in the mirror, just my shadow<\/em><\/p>\n<p><em>whatever I do to it, it displays my contour<\/em><\/p>\n<p><em>as I knew it<\/em><\/p>\n<p><em>as a leaf pressed into a herbarium.<\/em><\/p>\n<p>&#8212;&#8212;&#8212;&#8212;&#8212;&#8212;&#8212;&#8212;&#8212;&#8212;&#8212;&#8212;&#8212;&#8212;&#8212;&#8212;<\/p>\n<p>(Empathies, anthology, PHOEBUS Publishing House, 2013)<\/p>\n<p>&nbsp;<\/p>\n<p>&nbsp;<\/p>\n<p><strong>LA MARGINEA CR\u00c2NGULUI<\/strong><\/p>\n<p>&nbsp;<\/p>\n<p>Mestecenii sunt \u00eengerii p\u0103durii<\/p>\n<p>Cum prelunge\u015fte ziua coaja lor!<\/p>\n<p>Vin fluturi de-ntuneric s\u0103 se-nchine<\/p>\n<p>Ca unui felinar ispititor&#8230;<\/p>\n<p>&nbsp;<\/p>\n<p>Prea-ntunecat p\u0103durea se-ntinde<\/p>\n<p>Ai grij\u0103, p\u0103durare, las\u0103 loc,<\/p>\n<p>Acestui lemn de leb\u0103d\u0103 lunatic<\/p>\n<p>\u015ei nu-l privi cu ochiul dinspre foc!<\/p>\n<p>&#8212;&#8212;&#8212;&#8212;&#8212;&#8212;&#8212;&#8212;&#8212;&#8212;&#8212;&#8212;&#8212;&#8212;&#8212;-<\/p>\n<p>(Alchimie liric\u0103, Opera Omnia, antologie, Editura TipoMoldova, Ia\u015fi, 2012)<\/p>\n<p>&nbsp;<\/p>\n<p><strong><em>AT THE EDGE OF THE GROVE<\/em><\/strong><\/p>\n<p><em>\u00a0<\/em><\/p>\n<p><em>The birch trees are the angels of the forest <\/em><\/p>\n<p><em>As the day light prolongs their bark<\/em><\/p>\n<p><em>Darkness butterflies come to bow <\/em><\/p>\n<p><em>As if they were an enticing lantern&#8230;<\/em><\/p>\n<p><em>\u00a0<\/em><\/p>\n<p><em>Too dark the forest is stretching<\/em><\/p>\n<p><em>Take care, woodman, leave room,<\/em><\/p>\n<p><em>For this swan wood of moonlight <\/em><\/p>\n<p><em>And don\u2019t look at it as being good for fire.<\/em><\/p>\n<p>&#8212;&#8212;&#8212;&#8212;&#8212;&#8212;&#8212;&#8212;&#8212;&#8212;&#8212;&#8212;&#8212;&#8212;&#8212;&#8212;&#8212;&#8212;-<\/p>\n<p>(Lyrical alchemy, Opera Omnia, anthology, TipoMoldova Publishing House, Ia\u015fi, 2012)<\/p>\n<p>&nbsp;<\/p>\n<p>&nbsp;<\/p>\n<p>&nbsp;<\/p>\n<p>&nbsp;<\/p>\n<p>&nbsp;<\/p>\n<p>&nbsp;<\/p>\n","protected":false},"excerpt":{"rendered":"<p>Dr. Paul Cioriciu \u2013 cu pseudonimul literar Paul S\u00e2n-Petru \u2013 s-a n\u0103scut la Gala\u0163i, la 18 martie 1936. A fost [&#038;hellip<\/p>\n","protected":false},"author":1,"featured_media":0,"comment_status":"closed","ping_status":"closed","sticky":false,"template":"","format":"standard","meta":{"footnotes":""},"categories":[3],"tags":[],"class_list":["post-29546","post","type-post","status-publish","format-standard","hentry","category-articole"],"_links":{"self":[{"href":"https:\/\/www.marianagurza.ro\/blog\/wp-json\/wp\/v2\/posts\/29546","targetHints":{"allow":["GET"]}}],"collection":[{"href":"https:\/\/www.marianagurza.ro\/blog\/wp-json\/wp\/v2\/posts"}],"about":[{"href":"https:\/\/www.marianagurza.ro\/blog\/wp-json\/wp\/v2\/types\/post"}],"author":[{"embeddable":true,"href":"https:\/\/www.marianagurza.ro\/blog\/wp-json\/wp\/v2\/users\/1"}],"replies":[{"embeddable":true,"href":"https:\/\/www.marianagurza.ro\/blog\/wp-json\/wp\/v2\/comments?post=29546"}],"version-history":[{"count":2,"href":"https:\/\/www.marianagurza.ro\/blog\/wp-json\/wp\/v2\/posts\/29546\/revisions"}],"predecessor-version":[{"id":29549,"href":"https:\/\/www.marianagurza.ro\/blog\/wp-json\/wp\/v2\/posts\/29546\/revisions\/29549"}],"wp:attachment":[{"href":"https:\/\/www.marianagurza.ro\/blog\/wp-json\/wp\/v2\/media?parent=29546"}],"wp:term":[{"taxonomy":"category","embeddable":true,"href":"https:\/\/www.marianagurza.ro\/blog\/wp-json\/wp\/v2\/categories?post=29546"},{"taxonomy":"post_tag","embeddable":true,"href":"https:\/\/www.marianagurza.ro\/blog\/wp-json\/wp\/v2\/tags?post=29546"}],"curies":[{"name":"wp","href":"https:\/\/api.w.org\/{rel}","templated":true}]}}