{"id":29555,"date":"2017-04-13T05:26:36","date_gmt":"2017-04-13T05:26:36","guid":{"rendered":"http:\/\/www.marianagurza.ro\/blog\/?p=29555"},"modified":"2017-09-06T06:09:59","modified_gmt":"2017-09-06T06:09:59","slug":"icr-new-york-romania-la-expozitia-universala-new-york-1939-1940","status":"publish","type":"post","link":"https:\/\/www.marianagurza.ro\/blog\/2017\/04\/13\/icr-new-york-romania-la-expozitia-universala-new-york-1939-1940\/","title":{"rendered":"ICR New York: Rom\u00e2nia la Expozi\u021bia Universal\u0103 New York 1939-1940"},"content":{"rendered":"<p style=\"text-align: center;\"><a href=\"http:\/\/www.marianagurza.ro\/blog\/wp-content\/uploads\/2017\/04\/209240-Expozitia-Internationala-de-la-New-York.-1939.jpg\"><img loading=\"lazy\" decoding=\"async\" class=\"size-medium wp-image-29556\" title=\"209240-expozitia-internationala-de-la-new-york-1939\" src=\"http:\/\/www.marianagurza.ro\/blog\/wp-content\/uploads\/2017\/04\/209240-Expozitia-Internationala-de-la-New-York.-1939-300x222.jpg\" alt=\"\" width=\"300\" height=\"222\" srcset=\"https:\/\/www.marianagurza.ro\/blog\/wp-content\/uploads\/2017\/04\/209240-Expozitia-Internationala-de-la-New-York.-1939-300x222.jpg 300w, https:\/\/www.marianagurza.ro\/blog\/wp-content\/uploads\/2017\/04\/209240-Expozitia-Internationala-de-la-New-York.-1939-1024x758.jpg 1024w, https:\/\/www.marianagurza.ro\/blog\/wp-content\/uploads\/2017\/04\/209240-Expozitia-Internationala-de-la-New-York.-1939.jpg 1370w\" sizes=\"auto, (max-width: 300px) 100vw, 300px\" \/><\/a><\/p>\n<p style=\"text-align: center;\"><strong>Institutul Cultural Rom\u00e2n din New York (ICRNY)<\/strong>\u00a0are pl\u0103cerea de a prezenta:<\/p>\n<p style=\"text-align: center;\"><strong>&#8220;Comori de art\u0103 din Pavilionul Rom\u00e2niei la Expozi\u021bia Universal\u0103 New York 1939-1940&#8221;<\/strong><\/p>\n<p style=\"text-align: center;\">Conferin\u021be de <strong>ADRIAN BUGA<\/strong>, istoric &amp; critic de art\u0103<\/p>\n<p><strong>VINERI, 21 APRILIE 2017, ora 19.00<\/strong><\/p>\n<p><strong>Institutul Cultural Rom\u00e2n din New York <\/strong><\/p>\n<p>200 East 38th Street, New York, NY 10016<\/p>\n<p>&nbsp;<\/p>\n<p><strong>DUMINIC\u0102, 23 APRILIE 2017, ora 13.00<\/strong><\/p>\n<p><strong>Catedrala Ortodox\u0103 Rom\u00e2n\u0103 \u201cSf. Maria\u201d <\/strong><\/p>\n<p>3256 Warren Road, Cleveland, OH 44111<\/p>\n<p>Mai multe informa\u021bii:\u00a0<a href=\"http:\/\/www.smroc.org\/\">www.smroc.org<\/a><\/p>\n<p style=\"text-align: center;\"><strong>\u00a0<\/strong><\/p>\n<p style=\"text-align: center;\"><a href=\"http:\/\/www.marianagurza.ro\/blog\/wp-content\/uploads\/2017\/04\/41.jpg\"><img loading=\"lazy\" decoding=\"async\" class=\"size-medium wp-image-29567\" title=\"4\" src=\"http:\/\/www.marianagurza.ro\/blog\/wp-content\/uploads\/2017\/04\/41-224x300.jpg\" alt=\"\" width=\"224\" height=\"300\" srcset=\"https:\/\/www.marianagurza.ro\/blog\/wp-content\/uploads\/2017\/04\/41-224x300.jpg 224w, https:\/\/www.marianagurza.ro\/blog\/wp-content\/uploads\/2017\/04\/41.jpg 478w\" sizes=\"auto, (max-width: 224px) 100vw, 224px\" \/><\/a><\/p>\n<p style=\"text-align: justify;\">Dup\u0103 str\u0103lucita participare a Rom\u00e2niei la <strong>Expozi\u021bia Universal\u0103 New York<\/strong> <strong>1939-1940<\/strong>, care s-a desf\u0103\u0219urat la Flushing Meadows &#8211; Corona Park, din Queens, sub genericul &#8220;Construind lumea de m\u00e2ine&#8221;, obiectele de art\u0103 care au fost expuse, at\u00e2t \u00een &#8220;Pavilionul oficial&#8221; (opera prin\u021bului-arhitect G.M. Cantacuzino), c\u00e2t \u0219i \u00een \u201cCasa Rom\u00e2neasc\u0103\u201d (arh. Octav Doicescu), nu s-au mai \u00eentors niciodat\u0103 \u00een \u021bar\u0103.<\/p>\n<p style=\"text-align: center;\"><a href=\"http:\/\/www.marianagurza.ro\/blog\/wp-content\/uploads\/2017\/04\/new-york-world-fair-1939-pavilion.jpg\"><img loading=\"lazy\" decoding=\"async\" class=\"size-medium wp-image-29577\" title=\"new-york-world-fair-1939-pavilion\" src=\"http:\/\/www.marianagurza.ro\/blog\/wp-content\/uploads\/2017\/04\/new-york-world-fair-1939-pavilion-300x241.jpg\" alt=\"\" width=\"300\" height=\"241\" srcset=\"https:\/\/www.marianagurza.ro\/blog\/wp-content\/uploads\/2017\/04\/new-york-world-fair-1939-pavilion-300x241.jpg 300w, https:\/\/www.marianagurza.ro\/blog\/wp-content\/uploads\/2017\/04\/new-york-world-fair-1939-pavilion.jpg 745w\" sizes=\"auto, (max-width: 300px) 100vw, 300px\" \/><\/a><\/p>\n<p style=\"text-align: justify;\">Lucr\u0103ri semnate de cele mai importante nume ale artei rom\u00e2ne\u0219ti de la sf\u00e2r\u0219itul secolului al XIX-lea &#8211; \u00eenceputul secolului XX \u0219i din perioada interbelic\u0103, \u00eentre care picturi de <strong>Nicolae Grigorescu<\/strong>,\u00a0<strong>Ion Andreescu<\/strong>,\u00a0<strong>Theodor Pallady<\/strong>,\u00a0<strong>Gheorghe Petra\u0219cu<\/strong>, sculpturi de <strong>Cornel Medrea<\/strong>,<strong> Oscar Han<\/strong>,<strong> Mihai Onofrei<\/strong>, <strong>Mac Constantinescu<\/strong>,<strong> Mili\u021ba Petra\u0219cu<\/strong>,<strong> Ion Jalea<\/strong>, obiecte de art\u0103 monumental\u0103 \u0219i decorativ\u0103 de <strong>Olga Greceanu<\/strong>,<strong> Dem Demetrescu<\/strong>,<strong> Lena Constante<\/strong>,<strong> Nora Steriade<\/strong> \u0219.a., au constituit componenta artistic\u0103 a particip\u0103rii rom\u00e2ne\u0219ti la Expozi\u021bia Universal\u0103. O mare parte dintre acestea au ajuns \u0219i se afl\u0103 ast\u0103zi la\u00a0<strong>Catedrala ortodox\u0103 rom\u00e2n\u0103 \u201eSf\u00e2nta Maria\u201d, din Cleveland, Ohio<\/strong>.<\/p>\n<p style=\"text-align: center;\"><a href=\"http:\/\/www.marianagurza.ro\/blog\/wp-content\/uploads\/2017\/04\/5.jpg\"><img loading=\"lazy\" decoding=\"async\" class=\"size-medium wp-image-29560\" title=\"5\" src=\"http:\/\/www.marianagurza.ro\/blog\/wp-content\/uploads\/2017\/04\/5-300x129.jpg\" alt=\"\" width=\"300\" height=\"129\" srcset=\"https:\/\/www.marianagurza.ro\/blog\/wp-content\/uploads\/2017\/04\/5-300x129.jpg 300w, https:\/\/www.marianagurza.ro\/blog\/wp-content\/uploads\/2017\/04\/5-1024x442.jpg 1024w, https:\/\/www.marianagurza.ro\/blog\/wp-content\/uploads\/2017\/04\/5.jpg 1365w\" sizes=\"auto, (max-width: 300px) 100vw, 300px\" \/><\/a><\/p>\n<p style=\"text-align: center;\"><a href=\"http:\/\/www.marianagurza.ro\/blog\/wp-content\/uploads\/2017\/04\/6.jpg\"><img loading=\"lazy\" decoding=\"async\" class=\"size-medium wp-image-29561\" title=\"6\" src=\"http:\/\/www.marianagurza.ro\/blog\/wp-content\/uploads\/2017\/04\/6-291x300.jpg\" alt=\"\" width=\"291\" height=\"300\" srcset=\"https:\/\/www.marianagurza.ro\/blog\/wp-content\/uploads\/2017\/04\/6-291x300.jpg 291w, https:\/\/www.marianagurza.ro\/blog\/wp-content\/uploads\/2017\/04\/6.jpg 619w\" sizes=\"auto, (max-width: 291px) 100vw, 291px\" \/><\/a><\/p>\n<p style=\"text-align: center;\"><a href=\"http:\/\/www.marianagurza.ro\/blog\/wp-content\/uploads\/2017\/04\/8.jpg\"><img loading=\"lazy\" decoding=\"async\" class=\"size-medium wp-image-29562\" title=\"8\" src=\"http:\/\/www.marianagurza.ro\/blog\/wp-content\/uploads\/2017\/04\/8-262x300.jpg\" alt=\"\" width=\"262\" height=\"300\" srcset=\"https:\/\/www.marianagurza.ro\/blog\/wp-content\/uploads\/2017\/04\/8-262x300.jpg 262w, https:\/\/www.marianagurza.ro\/blog\/wp-content\/uploads\/2017\/04\/8.jpg 558w\" sizes=\"auto, (max-width: 262px) 100vw, 262px\" \/><\/a><\/p>\n<p style=\"text-align: center;\"><a href=\"http:\/\/www.marianagurza.ro\/blog\/wp-content\/uploads\/2017\/04\/unnamed.jpg\"><img loading=\"lazy\" decoding=\"async\" class=\"size-medium wp-image-29563\" title=\"unnamed\" src=\"http:\/\/www.marianagurza.ro\/blog\/wp-content\/uploads\/2017\/04\/unnamed-300x246.jpg\" alt=\"\" width=\"300\" height=\"246\" srcset=\"https:\/\/www.marianagurza.ro\/blog\/wp-content\/uploads\/2017\/04\/unnamed-300x246.jpg 300w, https:\/\/www.marianagurza.ro\/blog\/wp-content\/uploads\/2017\/04\/unnamed.jpg 775w\" sizes=\"auto, (max-width: 300px) 100vw, 300px\" \/><\/a><\/p>\n<p style=\"text-align: center;\"><a href=\"http:\/\/www.marianagurza.ro\/blog\/wp-content\/uploads\/2017\/04\/9.jpg\"><img loading=\"lazy\" decoding=\"async\" class=\"size-medium wp-image-29564\" title=\"9\" src=\"http:\/\/www.marianagurza.ro\/blog\/wp-content\/uploads\/2017\/04\/9-300x224.jpg\" alt=\"\" width=\"300\" height=\"224\" srcset=\"https:\/\/www.marianagurza.ro\/blog\/wp-content\/uploads\/2017\/04\/9-300x224.jpg 300w, https:\/\/www.marianagurza.ro\/blog\/wp-content\/uploads\/2017\/04\/9.jpg 851w\" sizes=\"auto, (max-width: 300px) 100vw, 300px\" \/><\/a><\/p>\n<p style=\"text-align: justify;\">Dup\u0103 o prim\u0103 conferin\u021b\u0103 la ICR New York, \u00een data de 21 aprilie, istoricul de art\u0103 Adrian Buga va sus\u021binere o a doua conferin\u021b\u0103, \u00een 23 aprilie, chiar \u00een sala social\u0103 a bisericii din Cleveland, care g\u0103zduie\u0219te marea &#8220;Friz\u0103 a neamului rom\u00e2nesc&#8221; (basorelief \u00een cupru, 30 m lungime, 1,20 m \u00een\u0103l\u021bime), oper\u0103 a lui Mac Constantinescu. \u00cen cadrul conferin\u021belor, vor fi prezentate cateva fragmente din filmele care au rulat \u00een Pavilionul rom\u00e2nesc (arhiva DEM Creativ). \u00cen zilele care vor urma, Adrian Buga se va ocupa de inventarierea, cercetarea \u0219i expertiza obiectelor de art\u0103 rom\u00e2neasc\u0103 din patrimoniul bisericii. De asemenea, cercetarea va include o deplasare de o zi la <strong>&#8220;Cathedral of Learning&#8221;<\/strong>, din cadrul <strong>University of Pittsburgh, Pennsylvania<\/strong>, acolo afl\u00e2ndu-se a\u0219a-numita <strong>&#8220;Romanian classroom&#8221;<\/strong>, \u00een care au fost incluse unele dintre materialele folosite la construc\u021bia Pavilionului rom\u00e2nesc de la Expozi\u021bia Universal\u0103, precum \u0219i o alt\u0103 parte a obiectelor de art\u0103 ce fuseser\u0103 \u00een expozi\u021bie.<\/p>\n<p style=\"text-align: justify;\"><strong><a href=\"http:\/\/www.marianagurza.ro\/blog\/wp-content\/uploads\/2017\/04\/pictor.jpg\"><img loading=\"lazy\" decoding=\"async\" class=\"alignleft size-medium wp-image-29557\" title=\"pictor\" src=\"http:\/\/www.marianagurza.ro\/blog\/wp-content\/uploads\/2017\/04\/pictor-197x300.jpg\" alt=\"\" width=\"197\" height=\"300\" srcset=\"https:\/\/www.marianagurza.ro\/blog\/wp-content\/uploads\/2017\/04\/pictor-197x300.jpg 197w, https:\/\/www.marianagurza.ro\/blog\/wp-content\/uploads\/2017\/04\/pictor.jpg 419w\" sizes=\"auto, (max-width: 197px) 100vw, 197px\" \/><\/a>Adrian Buga<\/strong>\u00a0(n.1978) este istoric \u0219i critic de art\u0103, consilier al Casei Majest\u0103\u021bii Sale Regelui Mihai I al Rom\u00e2niei. Expert atestat al Ministerului Culturii \u00een domeniile: Pictur\u0103 rom\u00e2neasc\u0103 sec. XX; Colec\u021bia Regal\u0103 de Art\u0103; Obiecte de cult iudaic.<\/p>\n<p style=\"text-align: justify;\">Educa\u021bie \u0219i formare: Universitatea Na\u021bional\u0103 de Arte &#8211; Bucure\u0219ti, Facultatea de Istoria \u0219i Teoria Artei. 2015-2018 studii doctorale;\u00a02010-2012 masterat; 2007-2010 studii de licen\u021b\u0103.<\/p>\n<p style=\"text-align: justify;\">2003-2004 Stagiu de preg\u0103tire \u00een Amsterdam, Olanda. Evaluare \u0219i expertizare opere de art\u0103, obiecte religioase iudaice.<\/p>\n<p style=\"text-align: justify;\">1999-2000 Stagiu de preg\u0103tire \u00een Tel Aviv, Israel, coordonat de expertul Noam Zvi. Evaluare \u0219i expertizare pentru opere de art\u0103 semnate de Marcel Iancu \u0219i M.H. Maxy.<\/p>\n<p style=\"text-align: justify;\">A publicat mai multe c\u0103r\u021bi\u00a0\u0219i articole de specialitate \u0219i a organizat expozi\u021bii dedicate unor arti\u0219ti cunoscu\u021bi sau redescoperi\u021bi, \u00eentre care: Marcel Iancu, Raoul Egon Lebel, Octav Anghelu\u021b\u0103, Alma Redlinger, Jana Gertler, Eva Cerbu. De asemenea, a fost co-produc\u0103tor \u0219i consultant de art\u0103 pentru filmul documentar &#8220;Marian and Victoria Zidaru &#8211; Artists in Light&#8221; (2016, regia Franz Galo), multiplu premiat la festivaluri interna\u021bionale.<\/p>\n<p style=\"text-align: justify;\">A fost distins cu\u00a0Premiul &#8220;George Oprescu&#8221; al Funda\u021biei Culturale &#8220;Magazin Istoric&#8221; (2008) \u0219i Medalia Regele Mihai I pentru Loialitate (2009).<\/p>\n<p style=\"text-align: justify;\">Mai multe informa\u021bii:<strong>\u00a0<\/strong><a href=\"http:\/\/www.argoart.ro\/about\/our_team\/adrian-buga\">http:\/\/www.argoart.ro\/about\/our_team\/adrian-buga<\/a>.<\/p>\n<p style=\"text-align: justify;\">Evenimentul este organizat de\u00a0<strong>Institutul Cultural Rom\u00e2n din New York (ICRNY)<\/strong>, \u00een colaborare cu\u00a0<strong>Catedrala Ortodox\u0103 Rom\u00e2n\u0103 \u201cSf. Maria\u201d<\/strong> \u0219i cu <strong>Muzeul Etnic \u0219i de Art\u0103 Rom\u00e2neasc\u0103<\/strong>, ambele<strong> din<\/strong> <strong>Cleveland, OH<\/strong>.<\/p>\n<p style=\"text-align: justify;\">&#8212;&#8212;<\/p>\n<p>&nbsp;<\/p>\n<p>Comunicat de pres\u0103<\/p>\n","protected":false},"excerpt":{"rendered":"<p>Institutul Cultural Rom\u00e2n din New York (ICRNY)\u00a0are pl\u0103cerea de a prezenta: &#8220;Comori de art\u0103 din Pavilionul Rom\u00e2niei la Expozi\u021bia Universal\u0103 [&#038;hellip<\/p>\n","protected":false},"author":1,"featured_media":0,"comment_status":"closed","ping_status":"closed","sticky":false,"template":"","format":"standard","meta":{"footnotes":""},"categories":[3,6],"tags":[],"class_list":["post-29555","post","type-post","status-publish","format-standard","hentry","category-articole","category-linkuri-externe"],"_links":{"self":[{"href":"https:\/\/www.marianagurza.ro\/blog\/wp-json\/wp\/v2\/posts\/29555","targetHints":{"allow":["GET"]}}],"collection":[{"href":"https:\/\/www.marianagurza.ro\/blog\/wp-json\/wp\/v2\/posts"}],"about":[{"href":"https:\/\/www.marianagurza.ro\/blog\/wp-json\/wp\/v2\/types\/post"}],"author":[{"embeddable":true,"href":"https:\/\/www.marianagurza.ro\/blog\/wp-json\/wp\/v2\/users\/1"}],"replies":[{"embeddable":true,"href":"https:\/\/www.marianagurza.ro\/blog\/wp-json\/wp\/v2\/comments?post=29555"}],"version-history":[{"count":5,"href":"https:\/\/www.marianagurza.ro\/blog\/wp-json\/wp\/v2\/posts\/29555\/revisions"}],"predecessor-version":[{"id":29566,"href":"https:\/\/www.marianagurza.ro\/blog\/wp-json\/wp\/v2\/posts\/29555\/revisions\/29566"}],"wp:attachment":[{"href":"https:\/\/www.marianagurza.ro\/blog\/wp-json\/wp\/v2\/media?parent=29555"}],"wp:term":[{"taxonomy":"category","embeddable":true,"href":"https:\/\/www.marianagurza.ro\/blog\/wp-json\/wp\/v2\/categories?post=29555"},{"taxonomy":"post_tag","embeddable":true,"href":"https:\/\/www.marianagurza.ro\/blog\/wp-json\/wp\/v2\/tags?post=29555"}],"curies":[{"name":"wp","href":"https:\/\/api.w.org\/{rel}","templated":true}]}}