{"id":29617,"date":"2017-04-18T17:48:54","date_gmt":"2017-04-18T17:48:54","guid":{"rendered":"http:\/\/www.marianagurza.ro\/blog\/?p=29617"},"modified":"2017-04-18T17:49:34","modified_gmt":"2017-04-18T17:49:34","slug":"harry-ross-nu-putem-uita-si-nici-ierta-in-memoriam-yom-hashoah","status":"publish","type":"post","link":"https:\/\/www.marianagurza.ro\/blog\/2017\/04\/18\/harry-ross-nu-putem-uita-si-nici-ierta-in-memoriam-yom-hashoah\/","title":{"rendered":"Harry Ross: Nu putem uita \u0219i nici ierta &#8211; In memoriam Yom HaShoah"},"content":{"rendered":"<p style=\"text-align: center;\"><a href=\"http:\/\/www.marianagurza.ro\/blog\/wp-content\/uploads\/2017\/04\/yom_hashoa.png\"><img loading=\"lazy\" decoding=\"async\" class=\"size-medium wp-image-29618\" title=\"yom_hashoa\" src=\"http:\/\/www.marianagurza.ro\/blog\/wp-content\/uploads\/2017\/04\/yom_hashoa-300x112.png\" alt=\"\" width=\"300\" height=\"112\" srcset=\"https:\/\/www.marianagurza.ro\/blog\/wp-content\/uploads\/2017\/04\/yom_hashoa-300x112.png 300w, https:\/\/www.marianagurza.ro\/blog\/wp-content\/uploads\/2017\/04\/yom_hashoa.png 800w\" sizes=\"auto, (max-width: 300px) 100vw, 300px\" \/><\/a><\/p>\n<p><strong>Nu putem uita \u0219i nici ierta<\/strong><\/p>\n<p><em>\u00a0\u00a0\u00a0\u00a0\u00a0\u00a0\u00a0\u00a0\u00a0\u00a0\u00a0\u00a0\u00a0\u00a0\u00a0\u00a0\u00a0\u00a0\u00a0\u00a0\u00a0\u00a0\u00a0\u00a0\u00a0\u00a0\u00a0\u00a0\u00a0\u00a0\u00a0\u00a0\u00a0\u00a0 In memoriam<\/em><em> Yom HaShoah<\/em><em><\/em><\/p>\n<p>&nbsp;<\/p>\n<p>&nbsp;<\/p>\n<p>Eu am fost acolo,<\/p>\n<p>Eu am v\u0103zut co\u0219urile fumeg\u00e2nde,<\/p>\n<p>Eu am sim\u021bit mirosul trupurilor arz\u00e2nde<\/p>\n<p>Puteam \u0219i eu s\u0103 mor<\/p>\n<p>De o mie de ori<\/p>\n<p>Printr-un miracol am r\u0103mas viu<\/p>\n<p>De ce, v\u0103 jur c\u0103 nu \u0219tiu<\/p>\n<p>Poate a\u0219a a vrut Dumnezeu.<\/p>\n<p>***<\/p>\n<p>Privirile se-ntorc prin cea\u021b\u0103:<\/p>\n<p>umbre, umbre, umbre<\/p>\n<p>nu sunt fantome, ci fo\u0219tii mei p\u0103rin\u021bi, fra\u021bi\u00a0 \u0219i amici<\/p>\n<p>uci\u0219i \u00een acel macabru Auschwitz.<\/p>\n<p>M\u0103 cutremur \u0219i m\u0103 \u00eentreb<\/p>\n<p>dac\u0103\u00a0 totul a fost adev\u0103rat sau doar un vis dement?<\/p>\n<p>Adev\u0103rat a fost<\/p>\n<p>tragediile au marca adev\u0103rului,<\/p>\n<p>puritatea amintirilor, chipurile negre ale c\u0103l\u0103ilor<\/p>\n<p>Privirea se \u00eentoarce la anii de r\u0103zboi,<\/p>\n<p>la prigoana cumplit\u0103<\/p>\n<p>a evreilor.<\/p>\n<p>Secolul rugurilor revine \u00een for\u021b\u0103:<\/p>\n<p>deportarea,<\/p>\n<p>lag\u0103re de munc\u0103,<\/p>\n<p>ghetouri,<\/p>\n<p>torturi inimaginabile<\/p>\n<p>\u00een Transnistria, Birkenau, Dachau, \u00een abatoarele Bucure\u0219tiului<\/p>\n<p>Trenuri ale mor\u021bii ne duceau spre solu\u021bia final\u0103\u00a0 a lui Hitler.<\/p>\n<p>&nbsp;<\/p>\n<p>Nu era sc\u0103pare, lag\u0103re cu turnuri de paz\u0103 vegheau pe fiecare de\u021binut.<\/p>\n<p>Un sistem draconic, ne\u0219tiut de noi provoca zilnic vie\u021bi pierdute cu miile.<\/p>\n<p>Prin gazare,<\/p>\n<p>prin \u00eenfometare,<\/p>\n<p>prin munci epuizante \u0219i boli infec\u021bioase.<\/p>\n<p>Zile \u0219i nop\u021bi g\u00e2ndul era robit de aceea\u0219i \u00eentrebare: de ce tocmai noi,<\/p>\n<p>fiin\u021be nevinovate, fiii Domnului suntem pedepsi\u021bi at\u00e2t de\u00a0 crud ?<\/p>\n<p>T\u0103cere, t\u0103cere, t\u0103cere<\/p>\n<p>Nimenu nu \u0219tia, nimeni\u00a0 nu vorbea, doar norii greoi de deasupra v\u0103rsau lacrimi amare.<\/p>\n<p>\u0218i ast\u0103zi, dup\u0103 decenii, vocea destinului este \u00eenecat \u00een t\u0103cere.<\/p>\n<p>Na\u021biuni\u00a0 puternice, oameni de stat de prim ordin<\/p>\n<p>priveau cu indiferen\u021b\u0103 r\u00e2urile de s\u00e2nge v\u0103rsat din trupurile noastre.<\/p>\n<p>&nbsp;<\/p>\n<p>Mor\u021bii zac \u00een mun\u021bi de cenu\u0219\u0103,\u00a0 \u00een sufletele supraviue\u021buitorilor,<\/p>\n<p>r\u0103nile \u0219i durerea continu\u0103 s\u0103 macine<\/p>\n<p>neputin\u021ba, teama de ziua de m\u00e2ine.<\/p>\n<p>Auzim noi amenin\u021b\u0103ri, suntem martori la alte crime, evreii nu au pl\u0103tit destul.<\/p>\n<p>Trebuie pustii\u021bi to\u021bi.<\/p>\n<p>Ne ap\u0103r\u0103m mai bine, avem un stat, avem putere de a ne opune<\/p>\n<p>altor masacre.<\/p>\n<p>Mai avem \u0219i prieteni ici-acolo,<\/p>\n<p>avem mai presus de toate,<\/p>\n<p>dreptul de a tr\u0103i \u00een pace printre popoarele lumii<\/p>\n<p>&nbsp;<\/p>\n<p>Ce a fost odat\u0103 nu va mai fi niciodat\u0103.<\/p>\n<p>Dumnezeu s\u0103 ne p\u0103zeasc\u0103 de noi valuri de zguduiri \u0219i blesteme!<\/p>\n<p>&nbsp;<\/p>\n<p>________<\/p>\n<p>&nbsp;<\/p>\n<p>Harry Ross<\/p>\n<p>Israel<\/p>\n<p>Aprilie 2017<\/p>\n","protected":false},"excerpt":{"rendered":"<p>Nu putem uita \u0219i nici ierta \u00a0\u00a0\u00a0\u00a0\u00a0\u00a0\u00a0\u00a0\u00a0\u00a0\u00a0\u00a0\u00a0\u00a0\u00a0\u00a0\u00a0\u00a0\u00a0\u00a0\u00a0\u00a0\u00a0\u00a0\u00a0\u00a0\u00a0\u00a0\u00a0\u00a0\u00a0\u00a0\u00a0\u00a0 In memoriam Yom HaShoah &nbsp; &nbsp; Eu am fost acolo, Eu am v\u0103zut [&#038;hellip<\/p>\n","protected":false},"author":1,"featured_media":0,"comment_status":"closed","ping_status":"closed","sticky":false,"template":"","format":"standard","meta":{"footnotes":""},"categories":[3],"tags":[],"class_list":["post-29617","post","type-post","status-publish","format-standard","hentry","category-articole"],"_links":{"self":[{"href":"https:\/\/www.marianagurza.ro\/blog\/wp-json\/wp\/v2\/posts\/29617","targetHints":{"allow":["GET"]}}],"collection":[{"href":"https:\/\/www.marianagurza.ro\/blog\/wp-json\/wp\/v2\/posts"}],"about":[{"href":"https:\/\/www.marianagurza.ro\/blog\/wp-json\/wp\/v2\/types\/post"}],"author":[{"embeddable":true,"href":"https:\/\/www.marianagurza.ro\/blog\/wp-json\/wp\/v2\/users\/1"}],"replies":[{"embeddable":true,"href":"https:\/\/www.marianagurza.ro\/blog\/wp-json\/wp\/v2\/comments?post=29617"}],"version-history":[{"count":3,"href":"https:\/\/www.marianagurza.ro\/blog\/wp-json\/wp\/v2\/posts\/29617\/revisions"}],"predecessor-version":[{"id":29620,"href":"https:\/\/www.marianagurza.ro\/blog\/wp-json\/wp\/v2\/posts\/29617\/revisions\/29620"}],"wp:attachment":[{"href":"https:\/\/www.marianagurza.ro\/blog\/wp-json\/wp\/v2\/media?parent=29617"}],"wp:term":[{"taxonomy":"category","embeddable":true,"href":"https:\/\/www.marianagurza.ro\/blog\/wp-json\/wp\/v2\/categories?post=29617"},{"taxonomy":"post_tag","embeddable":true,"href":"https:\/\/www.marianagurza.ro\/blog\/wp-json\/wp\/v2\/tags?post=29617"}],"curies":[{"name":"wp","href":"https:\/\/api.w.org\/{rel}","templated":true}]}}