{"id":29810,"date":"2017-04-29T16:27:09","date_gmt":"2017-04-29T16:27:09","guid":{"rendered":"http:\/\/www.marianagurza.ro\/blog\/?p=29810"},"modified":"2017-04-29T16:27:46","modified_gmt":"2017-04-29T16:27:46","slug":"anna-nora-rotaru-si-numele-tau%e2%80%a6","status":"publish","type":"post","link":"https:\/\/www.marianagurza.ro\/blog\/2017\/04\/29\/anna-nora-rotaru-si-numele-tau%e2%80%a6\/","title":{"rendered":"Anna-Nora Rotaru: \u0218i numele t\u0103u\u2026"},"content":{"rendered":"<p style=\"text-align: center;\"><a href=\"http:\/\/www.marianagurza.ro\/blog\/wp-content\/uploads\/2017\/04\/nora.jpg\"><img loading=\"lazy\" decoding=\"async\" class=\"size-full wp-image-29811\" title=\"nora\" src=\"http:\/\/www.marianagurza.ro\/blog\/wp-content\/uploads\/2017\/04\/nora.jpg\" alt=\"\" width=\"160\" height=\"160\" srcset=\"https:\/\/www.marianagurza.ro\/blog\/wp-content\/uploads\/2017\/04\/nora.jpg 160w, https:\/\/www.marianagurza.ro\/blog\/wp-content\/uploads\/2017\/04\/nora-150x150.jpg 150w\" sizes=\"auto, (max-width: 160px) 100vw, 160px\" \/><\/a><\/p>\n<p><strong>\u015eI NUMELE T\u0102U\u2026<\/strong><\/p>\n<p><strong><br \/>\n<\/strong>\u00a0\u00a0\u00a0\u00a0\u00a0\u00a0\u00a0\u00a0\u00a0\u00a0\u00a0\u00a0\u00a0\u00a0\u00a0\u00a0\u00a0\u00a0 <em>(Marianei Gurza cu prietenie deosebit\u0103 )<\/em><\/p>\n<p>&nbsp;<\/p>\n<p>Te \u0163in \u00een palm\u0103 c\u00e2nd apari, ca pe o piatr\u0103 pre\u0163ioas\u0103,<br \/>\nAt\u00e2t de rar\u0103, c\u0103 nu-i pe lume mai de pre\u0163 bijuterie&#8230;<br \/>\nC\u00e2nd te privesc, \u00eemi luminezi \u00een suflet, gra\u0163ioas\u0103,<br \/>\nC-a\u015f vrea pe mine s\u0103 te port mereu, nes\u0103\u0163ioas\u0103,<br \/>\nPrecum copilul \u00ee\u015fi dore\u015fte din vitrin-o juc\u0103rie !<\/p>\n<p>&nbsp;<\/p>\n<p>\u00cen \u00eentuneric, luce\u015fti ca miriadele-adunate stele,<br \/>\nC\u00e2nd la fereastra sufletului z\u00e2mbind, tu, \u00eemi apari&#8230;<br \/>\nCiocnind la geamu-i \u015fi r\u0103zbind printre z\u0103brele<br \/>\nSau de sunt treaz\u0103 sau doar \u00een visurile mele,<br \/>\nDintr-un ungher ascuns\u0103, ca raz\u0103 tu-mi r\u0103sari !<\/p>\n<p>&nbsp;<\/p>\n<p>\u00cen odaie-mi luneci, \u0163\u00e2\u015fnind ca din str\u00e2nsoare,<br \/>\nCa din f\u00e2nt\u00e2na de lumina a zorilor de zi,<br \/>\nAv\u00e2nd ca mum\u0103 cerul \u015fi tat\u0103l ve\u015fnic soare,<br \/>\nCu topaze, ametiste \u015fi rubine \u00een prinsoare,<br \/>\nCum rar po\u0163i s\u0103-\u0163i \u00eenchipui \u015fi rar po\u0163i auzi !<\/p>\n<p>&nbsp;<\/p>\n<p>Te-a\u015ftept cu ner\u0103bdare, ca prin tunel sclipire,<br \/>\nFirul s\u0103 \u0163i-l prind, ce m\u0103 va duce spre lumin\u0103&#8230;<br \/>\nCa faru-n noapte-mi e\u015fti, te urm\u0103resc f\u0103r\u0103 clipire,<br \/>\nPe fruntea timpului busol\u0103, \u00een drum spre nemurire&#8230;<br \/>\n\u00cen via\u0163a de aici, de dincolo, pe unde-oi fi, m-alin\u0103 !<\/p>\n<p>&nbsp;<\/p>\n<p>Dar, de-o s\u0103 te pierd, furat\u0103 de vreo ursitoare<br \/>\n\u015ei nu-\u0163i voi mai sim\u0163i \u00een suflet dulcea rezonan\u0163\u0103,<br \/>\nDe-n \u00eentuneric, raza nu \u0163i-oi vedea str\u0103lucitoare,<br \/>\nS\u0103-mi picure lumin\u0103, eu, ca salcie-pl\u00e2ng\u0103toare,<br \/>\n\u0162i-oi spune, c\u0103 f\u0103r\u0103 tine, nu pot tr\u0103i&#8230; SPERAN\u0162\u0102&#8230;<\/p>\n<p>&#8212;&#8212;&#8212;&#8212;&#8212;&#8211;<\/p>\n<p><strong>ANNA-NORA ROTARU<\/strong><\/p>\n<p>Atena<\/p>\n<p>Grecia<\/p>\n<p>28 aprilie 2017<\/p>\n<p>&nbsp;<\/p>\n","protected":false},"excerpt":{"rendered":"<p>\u015eI NUMELE T\u0102U\u2026 \u00a0\u00a0\u00a0\u00a0\u00a0\u00a0\u00a0\u00a0\u00a0\u00a0\u00a0\u00a0\u00a0\u00a0\u00a0\u00a0\u00a0\u00a0 (Marianei Gurza cu prietenie deosebit\u0103 ) &nbsp; Te \u0163in \u00een palm\u0103 c\u00e2nd apari, ca pe o [&#038;hellip<\/p>\n","protected":false},"author":1,"featured_media":0,"comment_status":"closed","ping_status":"closed","sticky":false,"template":"","format":"standard","meta":{"footnotes":""},"categories":[3],"tags":[],"class_list":["post-29810","post","type-post","status-publish","format-standard","hentry","category-articole"],"_links":{"self":[{"href":"https:\/\/www.marianagurza.ro\/blog\/wp-json\/wp\/v2\/posts\/29810","targetHints":{"allow":["GET"]}}],"collection":[{"href":"https:\/\/www.marianagurza.ro\/blog\/wp-json\/wp\/v2\/posts"}],"about":[{"href":"https:\/\/www.marianagurza.ro\/blog\/wp-json\/wp\/v2\/types\/post"}],"author":[{"embeddable":true,"href":"https:\/\/www.marianagurza.ro\/blog\/wp-json\/wp\/v2\/users\/1"}],"replies":[{"embeddable":true,"href":"https:\/\/www.marianagurza.ro\/blog\/wp-json\/wp\/v2\/comments?post=29810"}],"version-history":[{"count":3,"href":"https:\/\/www.marianagurza.ro\/blog\/wp-json\/wp\/v2\/posts\/29810\/revisions"}],"predecessor-version":[{"id":29813,"href":"https:\/\/www.marianagurza.ro\/blog\/wp-json\/wp\/v2\/posts\/29810\/revisions\/29813"}],"wp:attachment":[{"href":"https:\/\/www.marianagurza.ro\/blog\/wp-json\/wp\/v2\/media?parent=29810"}],"wp:term":[{"taxonomy":"category","embeddable":true,"href":"https:\/\/www.marianagurza.ro\/blog\/wp-json\/wp\/v2\/categories?post=29810"},{"taxonomy":"post_tag","embeddable":true,"href":"https:\/\/www.marianagurza.ro\/blog\/wp-json\/wp\/v2\/tags?post=29810"}],"curies":[{"name":"wp","href":"https:\/\/api.w.org\/{rel}","templated":true}]}}