{"id":3049,"date":"2012-03-19T19:25:19","date_gmt":"2012-03-19T19:25:19","guid":{"rendered":"http:\/\/www.marianagurza.ro\/blog\/?p=3049"},"modified":"2012-03-20T16:43:42","modified_gmt":"2012-03-20T16:43:42","slug":"romanii-de-acasa-si-cei-de-%e2%80%9edincolo%e2%80%9d","status":"publish","type":"post","link":"https:\/\/www.marianagurza.ro\/blog\/2012\/03\/19\/romanii-de-acasa-si-cei-de-%e2%80%9edincolo%e2%80%9d\/","title":{"rendered":"Rom\u00e2nii de acas\u0103 \u0219i cei de \u201edincolo\u201d"},"content":{"rendered":"<p style=\"text-align: center;\"><a href=\"http:\/\/www.marianagurza.ro\/blog\/wp-content\/uploads\/2012\/03\/scrisoare.jpg\"><img loading=\"lazy\" decoding=\"async\" title=\"scrisoare\" src=\"http:\/\/www.marianagurza.ro\/blog\/wp-content\/uploads\/2012\/03\/scrisoare-300x219.jpg\" alt=\"\" width=\"400\" height=\"292\" \/><\/a><\/p>\n<p style=\"text-align: justify;\"><strong>Emmanuel, un b\u0103ie\u0163el de doi ani \u015fi-un pic, cre\u015fte, departe de ,,un p\u0103m\u00e2nt numit Rom\u00e2nia, \u00een\u00a0 ,,patria lui Voltaire\u201d. Este francez, cu acte, fiindc\u0103 s-a n\u0103scut \u00eentr-un ora\u015f din inima Alpilor francezi, nu departe de ghe\u0163arul Mont Blanc, la o dat\u0103 sub semnul lui 9 (zi, lun\u0103, an terminat \u00een aceast\u0103 cifr\u0103 &#8230;).<\/strong><\/p>\n<p style=\"text-align: justify;\"><strong>P\u0103rin\u0163ii lui \u015fi-au f\u0103cut studiile \u00een ora\u015ful lui Stendhal \u015fi au decis s\u0103 se \u00eemp\u0103m\u00e2nteneasc\u0103 acolo. Deh!, e mare adev\u0103r \u00een dictonul latinesc ,,Patria ubi bene!\u201d.<\/strong><\/p>\n<p style=\"text-align: justify;\"><strong>Patrio\u0163i \u2013 prin vorbe \u015fi fapte \u2013 au \u00een inimi ,,\u0163ara Miori\u0163ei\u201d, cu Eminescu, cu basme, cu istoria cosmetizat\u0103 de ieri, dar \u015fi cu cea crud\u0103 de azi. \u015ei ei, ca de fapt to\u0163i rom\u00e2nii de dincolo sunt ni\u015fte ,,Fram, ursul polar\u201d, care la circ t\u00e2nje\u015fte dup\u0103 ,,lumea ghe\u0163urilor\u201d, iar, acolo este bolnav de <em>dor<\/em>, se vrea \u00een aren\u0103, al\u0103turi de cei care l-au adorat. Sunt ni\u015fte inadapta\u0163i!<\/strong><\/p>\n<p style=\"text-align: justify;\"><strong>Bine realiza\u0163i, din toate punctele de vedere, rom\u00e2nii din Fran\u0163a, Italia, Austria, Germania, Australia, Canada, Japonia, Thailanda, India, oriunde se afl\u0103 un petec de p\u0103m\u00e2nt pe care tr\u0103iesc oameni, sufer\u0103 din cauza ,,bolii\u201d numite ,,DOR\u201d.<\/strong><\/p>\n<p style=\"text-align: justify;\"><strong>Acest cuv\u00e2nt, intraductibil \u00een vreo limb\u0103, este o stare, care te cuprinde uneori, declan\u015fat\u0103 de amintiri, cuvinte, accente muzicale, priveli\u015fti, filme&#8230;<\/strong><\/p>\n<p style=\"text-align: justify;\"><strong>\u015ei <em>DEX<\/em> despre: <\/strong><strong><em>DOR<\/em><\/strong><strong>,<\/strong><strong> <em>doruri,<\/em> <em>s. n. 1. <\/em><em>Dorin\u0163\u0103 puternic\u0103 de a vedea sau de a revedea pe cineva sau ceva drag, de a reveni la o \u00eendeletnicire preferat\u0103; nostalgie. \u25ca Loc. adv. Cu dor = duios; p\u0103tima\u015f. 2. Stare sufleteasc\u0103 a celui care tinde, r\u00e2vne\u015fte, aspir\u0103 la ceva; <\/em><\/strong><strong><em>n\u0103zuin\u0163\u0103, dorin\u0163\u0103. 3. Suferin\u0163\u0103 pricinuit\u0103 de dragostea pentru cineva (care se afl\u0103 departe). \u2013 Lat. pop. dolus &lt; dolere \u201ea durea\u201d (cf. DEX, p. 277).<\/em><\/strong><\/p>\n<p style=\"text-align: justify;\"><strong><em>\u00a0<\/em><\/strong><\/p>\n<p style=\"text-align: center;\"><strong><em>\u00a0<strong><em><a href=\"http:\/\/www.marianagurza.ro\/blog\/wp-content\/uploads\/2012\/03\/dor.jpg\"><img loading=\"lazy\" decoding=\"async\" title=\"dor\" src=\"http:\/\/www.marianagurza.ro\/blog\/wp-content\/uploads\/2012\/03\/dor-211x300.jpg\" alt=\"\" width=\"281\" height=\"400\" \/><\/a><\/em><\/strong><\/em><\/strong><\/p>\n<p style=\"text-align: justify;\"><strong>\u00a0<\/strong><\/p>\n<p style=\"text-align: justify;\"><strong>\u00a0Unii rom\u00e2ni sunt stabili\u0163i pe meleaguri str\u0103ine de c\u00e2teva genera\u0163ii, dar mai to\u0163i n-au uitat vorba de-acas\u0103.<\/strong><\/p>\n<p style=\"text-align: justify;\"><strong>I-am urm\u0103rit la diverse emisiuni TV, gen ,,rom\u00e2nii de pretutindeni\u201d \u015fi s-a putut remarca m\u00e2ndria lor de a fi rom\u00e2n, \u00een ciuda tuturor mizeriilor, ,,reale\u201d \u015fi ,,scornite\u201d, \u00een care ai no\u015ftri, indiferent ,,de farb\u0103\u201d au f\u0103cut fapte ur\u00e2te. Or fi m\u00e2ncat ,,lebedele Vienei\u201d, or fi speriat ,,cetatea etern\u0103\u201d, or fi &#8230; dar cei buni sunt de multe ori mai buni ca ai lor, ei sunt pricepu\u0163i la toate.<\/strong><\/p>\n<p style=\"text-align: justify;\"><strong>\u00a0\u00a0\u00a0\u00a0\u00a0\u00a0\u00a0\u00a0\u00a0\u00a0\u00a0 Din p\u0103cate, dup\u0103 Revolu\u0163ie, mul\u0163i rom\u00e2ni au luat calea str\u0103in\u0103t\u0103\u0163ii, fiindc\u0103 ,,lupii\u201d afla\u0163i la c\u00e2rma \u0163\u0103rii, au ,,halit\u201d cam tot ce se putea. L\u0103comia lor o vezi \u00een palate, ,,cu\u201d \u015fi ,,f\u0103r\u0103\u201d gust, \u00een ma\u015fini de lux, \u00een vacan\u0163e exotice, &#8230; \u00een conturi bancare, greu de citit, \u00een petreceri, terminate \u00een orgii. Pentru ei nu exist\u0103 lege; legea o fac ei \u015fi se modific\u0103 dup\u0103 ,,cum vor mu\u015fchii lor\u201d.<\/strong><\/p>\n<p style=\"text-align: justify;\"><strong>\u00a0\u00a0\u00a0\u00a0\u00a0\u00a0\u00a0\u00a0\u00a0\u00a0\u00a0 Odraslele lor au umplut \u015fcolile din str\u0103in\u0103tate, dar, prea pu\u0163ini au \u00eenv\u0103\u0163at ceva acolo, poate doar ,,la g\u00e2t cravatei cum se leag\u0103 nodul\u201d, iar, mai apoi se-ntorc, pe l\u00e2ng\u0103 ai lor, sfid\u00e2ndu-ne cu ,,chipul lor \u015firet de oaie crea\u0163\u0103\u201d. Toate-s vechi, iar Iorgu de la Sadagura a plecat ,,vi\u0163el \u015fi s-a \u00eentors bou\u201d, ne spunea, pe vremuri ,,bardul de la Mirce\u015fti\u201d, Vasile Alecsandri. <\/strong><\/p>\n<p style=\"text-align: justify;\"><strong>\u00a0\u00a0\u00a0\u00a0\u00a0\u00a0\u00a0\u00a0\u00a0\u00a0\u00a0 Am tot a\u015fteptat schimb\u0103ri, dar, din p\u0103cate,\u00a0 ,,pleac\u0103 ai no\u015ftri, vin ai no\u015ftri &#8230;\u201d, iar ,,lupii tineri\u201d sunt mai fl\u0103m\u00e2nzi, mai r\u0103i. Ei atac\u0103, \u00een ,,haite\u201d, av\u00e2nd \u00een frunte pe <em>Marele Lup<\/em>. Avem un tineret bun, care nu se poate ap\u0103ra de lupi, dec\u00e2t prin fug\u0103 \u015fi nu se va \u00eentoarce cur\u00e2nd.<\/strong><\/p>\n<p style=\"text-align: justify;\"><strong>\u00a0\u00a0\u00a0\u00a0\u00a0\u00a0\u00a0\u00a0\u00a0\u00a0\u00a0 Undeva, \u00een Europa, la Grenoble, Emmanuel va cre\u015fte mare.<\/strong><\/p>\n<p style=\"text-align: center;\"><strong>\u00a0<strong><a href=\"http:\/\/www.marianagurza.ro\/blog\/wp-content\/uploads\/2012\/03\/Emmanuel.jpg\"><img loading=\"lazy\" decoding=\"async\" title=\"Emmanuel\" src=\"http:\/\/www.marianagurza.ro\/blog\/wp-content\/uploads\/2012\/03\/Emmanuel-300x232.jpg\" alt=\"\" width=\"400\" height=\"309\" \/><\/a><\/strong><\/strong><\/p>\n<p style=\"text-align: justify;\"><strong>P\u0103rin\u0163ii se ,,strofoc\u0103\u201d s\u0103-l \u00eenve\u0163e rom\u00e2ne\u015fte, i-au comandat \u015fi un costum popular, ascult\u0103 pove\u015fti cu F\u0103t-Frumos \u015fi Ileana Cos\u00e2nzeana, este prin s\u00e2nge rom\u00e2n.<\/strong><\/p>\n<p style=\"text-align: justify;\"><strong>Ca el se afl\u0103 sute de mii de pui rom\u00e2ni peste tot, iar p\u0103rin\u0163ii \u00eei hr\u0103nesc cu ,,boabe\u201d de vorb\u0103 rom\u00e2ne\u015fti.\u00a0<\/strong><\/p>\n<p style=\"text-align: justify;\"><strong>Oare c\u00e2nd \u2013 aproximativ?! \u2013 ei \u015fi ai lor vor reveni la cuiburile din Rom\u00e2nia? P\u00e2n\u0103 atunci, cei din \u0163ar\u0103, vor face ceva, sau &#8230; ,,p\u00e2rjol\u201d, &#8230; ,,pr\u0103p\u0103d\u201d, &#8230; ,,jaf\u201d?! (ni\u015fte cuvinte pe care ei ar trebui s\u0103 nu le mai cunoasc\u0103!).<\/strong><\/p>\n<p style=\"text-align: justify;\"><strong>\u00a0 \u00a0 \u00a0 \u00a0 \u00a0 \u00a0Am tr\u0103it \u00een <em>lumea ro\u015fie<\/em>, cu multiplele ei greut\u0103\u0163i, am \u00een\u0163eles, dup\u0103 Revolu\u0163ie, prin c\u0103l\u0103toriile f\u0103cute, metafora <em>cortina de fier<\/em> \u015fi nu pot s\u0103 fiu nostalgic, dar, ast\u0103zi, cred c\u0103 sunt potrivite versurile lui Eminescu:<\/strong><\/p>\n<p style=\"text-align: justify;\"><strong>\u00a0\u00a0\u00a0\u00a0\u00a0\u00a0\u00a0\u00a0\u00a0\u00a0\u00a0 ,,<em>Cum nu vii tu, \u0162epe\u015f, Doamne, ca pun\u00e2nd m\u00e2na pe ei<\/em><\/strong><\/p>\n<p style=\"text-align: justify;\"><em><strong>\u00a0\u00a0\u00a0\u00a0\u00a0\u00a0\u00a0\u00a0\u00a0\u00a0\u00a0 \u00a0 S\u0103-i \u00eempar\u0163i \u00een \u00een dou\u0103 cete: \u00een sminti\u0163i \u015fi \u00een mi\u015fei,<\/strong><\/em><\/p>\n<p style=\"text-align: justify;\"><em><strong>\u00a0\u00a0\u00a0\u00a0\u00a0\u00a0\u00a0\u00a0\u00a0\u00a0\u00a0 \u00a0 \u015ei \u00een dou\u0103 temni\u0163i large cu de-a sila s\u0103-i aduni.<\/strong><\/em><\/p>\n<p style=\"text-align: justify;\"><strong><em>\u00a0\u00a0\u00a0\u00a0\u00a0\u00a0\u00a0\u00a0\u00a0\u00a0\u00a0 \u00a0 S\u0103 dai foc la pu\u015fc\u0103rie \u015fi la casa de nebuni<\/em>!\u201d<\/strong><\/p>\n<p style=\"text-align: justify;\"><strong>Potrivite sunt, Doamne, cuvintele pentru <em>nep\u0103s\u0103torii<\/em> din fruntea \u0163\u0103rii!<\/strong><\/p>\n<p style=\"text-align: justify;\"><strong>\u00a0\u00a0\u00a0\u00a0\u00a0\u00a0\u00a0\u00a0\u00a0\u00a0\u00a0 Este an electoral, se deschid ,,baierele\u201d pungilor din visteria \u0163\u0103rii. Se m\u0103resc salariile \u015fi se d\u0103 ceva la pensionari, va curge ,,lapte \u015fi miere\u201d, \u00eei vom \u00eentrece pe occidentali (dac\u0103 ace\u015ftia vor sta pe loc!), \u00eenv\u0103\u0163\u0103m\u00e2ntul va fi de acum ,,prioritate na\u0163ional\u0103\u201d (ca de fiecare dat\u0103 la alegeri!) \u2013 ni\u015fte minciuni gogonate, fiindc\u0103 Generalul Iarna a ar\u0103tat ,,fa\u0163a ascuns\u0103\u201d a Rom\u00e2niei. Trist, dar adev\u0103rat, iar, dac\u0103 vom face tot a\u015fa, vom juca pe melodia ,,tot pe loc, tot pe loc, pe loc &#8230;\u201d.<\/strong><\/p>\n<p style=\"text-align: center;\"><a href=\"http:\/\/www.marianagurza.ro\/blog\/wp-content\/uploads\/2012\/03\/alpii-francezi.jpg\"><img loading=\"lazy\" decoding=\"async\" title=\"alpii francezi\" src=\"http:\/\/www.marianagurza.ro\/blog\/wp-content\/uploads\/2012\/03\/alpii-francezi.jpg\" alt=\"\" width=\"400\" height=\"299\" \/><\/a><\/p>\n<p style=\"text-align: justify;\"><strong>\u00a0\u00a0\u00a0\u00a0\u00a0\u00a0\u00a0\u00a0\u00a0\u00a0\u00a0 &#8230;undeva \u00een Alpii francezi, Emmanuel &#8211; Romol \u00eenva\u0163\u0103 rom\u00e2ne\u015fte. La \u015fcolile franceze, engleze, australiene, canadiene &#8230; copiii rom\u00e2nilor trebuie s\u0103 se situeze pe primele locuri, s\u0103 fie \u00een fruntea colegilor, care poate le vor spune c\u0103 ,,rom\u00e2nii sunt doar descenden\u0163ii lui Dracula\u201d.<\/strong><\/p>\n<p style=\"text-align: justify;\"><strong>\u00a0\u00a0\u00a0\u00a0\u00a0\u00a0\u00a0\u00a0\u00a0\u00a0\u00a0 Peste pu\u0163in timp alegerile parlamentare vor bate la u\u015f\u0103. \u015ei la u\u015file rom\u00e2nilor de peste hotare. Atunci ne amintim de ei, &#8230; vor aduce voturi, dar p\u00e2n\u0103 atunci ce-am f\u0103cut?<\/strong><\/p>\n<p style=\"text-align: justify;\"><strong>\u00a0\u00a0\u00a0\u00a0\u00a0\u00a0\u00a0\u00a0\u00a0\u00a0\u00a0 De ce nu le trimitem c\u0103r\u0163i, obiecte cu specific rom\u00e2nesc, de ce nu le deschidem \u015fcoli, ziare, posturi de mass-media?! De ce nu-i mediatiz\u0103m pe cei care ,,din ardoare c\u0103tre neamul\u201d lor ,,au pus osteneala\u201d de a \u00eendrepta imaginea \u0163\u0103rii?!<\/strong><\/p>\n<p style=\"text-align: justify;\"><strong>\u00a0<\/strong><\/p>\n<p style=\"text-align: center;\"><strong>\u00a0<strong><a href=\"http:\/\/www.marianagurza.ro\/blog\/wp-content\/uploads\/2012\/03\/cultura.jpg\"><img loading=\"lazy\" decoding=\"async\" title=\"cultura\" src=\"http:\/\/www.marianagurza.ro\/blog\/wp-content\/uploads\/2012\/03\/cultura-300x224.jpg\" alt=\"\" width=\"400\" height=\"298\" \/><\/a><\/strong><\/strong><\/p>\n<p style=\"text-align: justify;\"><strong>\u00a0<\/strong><\/p>\n<p style=\"text-align: justify;\"><strong>Doar c\u00e2teva exemple:<\/strong><\/p>\n<p style=\"text-align: justify;\"><strong>\u00a0\u00a0\u00a0\u00a0\u00a0\u00a0\u00a0\u00a0\u00a0\u00a0\u00a0 \u00cen <em>Australia<\/em>, BENONE TODIC\u0102 este un ambasador f\u0103r\u0103 ,,portofel\u201d al Rom\u00e2niei. Asculta\u0163i-l la radio cu emisiuni proprii, citi\u0163i-i ziarele m\u00e2ndri\u0163i-v\u0103 cu el.<\/strong><\/p>\n<p style=\"text-align: justify;\"><strong>Tot acolo \u00eel ve\u0163i \u00eent\u00e2lni pe <em>GHEORGHE COSTEA<\/em>, autorul volumului ,,Iarba de acas\u0103\u201d, care aproape anual ,,\u00ee\u015fi \u00eencarc\u0103 bateriile\u201d acas\u0103, \u00een Rom\u00e2nia.<\/strong><\/p>\n<p style=\"text-align: justify;\"><strong>\u00a0\u00a0\u00a0\u00a0\u00a0\u00a0\u00a0\u00a0\u00a0\u00a0\u00a0 Profesoara LENU\u0162A GIUKIN, \u00een <em>America<\/em>, pred\u0103 cursuri \u015fi de limba rom\u00e2n\u0103, pe la diverse universit\u0103\u0163i. \u00cen \u0163ar\u0103 a \u00eencercat s\u0103 organizeze <em>cursuri de var\u0103<\/em> pentru copiii din or\u0103\u015felul din care a plecat \u00een lume. S-a zb\u0103tut s\u0103 deschid\u0103 la Oravi\u0163a un muzeu de etnografie, dar ,,nu se poate\u201d, de\u015fi cl\u0103dirile vizate vor intra \u00een ruin\u0103.<\/strong><\/p>\n<p style=\"text-align: justify;\"><strong>\u00a0 \u00a0 \u00a0 \u00a0 \u00a0 \u00cen ,,patria lui Voltaire\u201d&#8230; \u015fi ,,\u0163ara lui Emmanuel\u201d, rom\u00e2nii din Grenoble \u015fi-au cump\u0103rat biseric\u0103 orodox\u0103, au \u00eenjghebat o bibliotec\u0103 rom\u00e2neasc\u0103. C\u0103r\u0163ile au fost donate de o Doamn\u0103 care s-a stabilit acolo, dar transportul l-au suportat ,,rom\u00e2nii-francezi\u201d.<\/strong><\/p>\n<p style=\"text-align: justify;\"><strong>C\u0103r\u0163ile ,,leac pentru suflet\u201d sunt pentru Emmanuel \u015fi al\u0163ii ca el; \u00een ele vor citi \u00een limba lui tata \u015fi mama, \u00een cea a mo\u015filor afla\u0163i departe de ei, cu sufletele \u00eempov\u0103rate de dor.<\/strong><strong><br \/>\nEste an electoral.\u00a0<\/strong><\/p>\n<p style=\"text-align: center;\"><strong>\u00a0 <strong><a href=\"http:\/\/www.marianagurza.ro\/blog\/wp-content\/uploads\/2012\/03\/campanie-electorala.jpg\"><img loading=\"lazy\" decoding=\"async\" title=\"campanie electorala\" src=\"http:\/\/www.marianagurza.ro\/blog\/wp-content\/uploads\/2012\/03\/campanie-electorala-300x231.jpg\" alt=\"\" width=\"400\" height=\"308\" \/><\/a><\/strong><br \/>\n<\/strong><\/p>\n<p style=\"text-align: justify;\"><strong>\u00a0<\/strong><\/p>\n<p style=\"text-align: justify;\"><strong>A nins mult, a ome\u0163it \u00een patria lui Eminescu \u2013 Br\u00e2ncu\u015fi \u2013 Enescu \u015fi zice-se c\u0103 z\u0103pada e semn bel\u015fug. D\u0103, Doamne! Dar ,,fric\u0103-mi\u201d c\u0103 e &#8230; prielnic\u0103 \u015fi haitelor de lupi, pleca\u0163i dup\u0103 prad\u0103!<\/strong><\/p>\n<p style=\"text-align: justify;\"><strong>\u00a0\u00a0\u00a0\u00a0\u00a0\u00a0\u00a0\u00a0\u00a0\u00a0\u00a0 Copiii din \u0163ar\u0103 \u015ftiu, ,,c\u0103\u0163elu\u015f cu p\u0103rul cre\u0163\u201d. Poezia lor a devenit una reprezentativ\u0103, deoarece este mult adev\u0103r \u00een versurile ei: ,,El se jur\u0103 c\u0103 nu fur\u0103 &#8230;\u201d \u015fi, dac\u0103 ,,fur\u0103\u201d ce-i?! \u00cel ducem la ,,sfatul popular\u201d \u015fi, acolo, \u00eei lu\u0103m ,,oul\u201d din gur\u0103, \u00eel dojenim, \u00eei d\u0103m drumul \u015fi-l \u00eenscriem \u00een partidul care trebuie. Am furat al\u0163ii combinate, intreprinderi, banii cu sacii \u015fi &#8230; ,,iat\u0103-m\u0103-s ispr\u0103vniceasc\u0103\u201d.<\/strong><\/p>\n<p style=\"text-align: justify;\"><strong>\u00a0<\/strong><\/p>\n<p style=\"text-align: justify;\"><strong>Ioan-Nicolae Cenda<\/strong><\/p>\n<p style=\"text-align: justify;\"><strong><br \/>\n<\/strong><\/p>\n","protected":false},"excerpt":{"rendered":"<p>Emmanuel, un b\u0103ie\u0163el de doi ani \u015fi-un pic, cre\u015fte, departe de ,,un p\u0103m\u00e2nt numit Rom\u00e2nia, \u00een\u00a0 ,,patria lui Voltaire\u201d. Este [&#038;hellip<\/p>\n","protected":false},"author":1,"featured_media":0,"comment_status":"closed","ping_status":"closed","sticky":false,"template":"","format":"standard","meta":{"footnotes":""},"categories":[3],"tags":[],"class_list":["post-3049","post","type-post","status-publish","format-standard","hentry","category-articole"],"_links":{"self":[{"href":"https:\/\/www.marianagurza.ro\/blog\/wp-json\/wp\/v2\/posts\/3049","targetHints":{"allow":["GET"]}}],"collection":[{"href":"https:\/\/www.marianagurza.ro\/blog\/wp-json\/wp\/v2\/posts"}],"about":[{"href":"https:\/\/www.marianagurza.ro\/blog\/wp-json\/wp\/v2\/types\/post"}],"author":[{"embeddable":true,"href":"https:\/\/www.marianagurza.ro\/blog\/wp-json\/wp\/v2\/users\/1"}],"replies":[{"embeddable":true,"href":"https:\/\/www.marianagurza.ro\/blog\/wp-json\/wp\/v2\/comments?post=3049"}],"version-history":[{"count":0,"href":"https:\/\/www.marianagurza.ro\/blog\/wp-json\/wp\/v2\/posts\/3049\/revisions"}],"wp:attachment":[{"href":"https:\/\/www.marianagurza.ro\/blog\/wp-json\/wp\/v2\/media?parent=3049"}],"wp:term":[{"taxonomy":"category","embeddable":true,"href":"https:\/\/www.marianagurza.ro\/blog\/wp-json\/wp\/v2\/categories?post=3049"},{"taxonomy":"post_tag","embeddable":true,"href":"https:\/\/www.marianagurza.ro\/blog\/wp-json\/wp\/v2\/tags?post=3049"}],"curies":[{"name":"wp","href":"https:\/\/api.w.org\/{rel}","templated":true}]}}