{"id":31685,"date":"2017-08-29T18:43:09","date_gmt":"2017-08-29T18:43:09","guid":{"rendered":"http:\/\/www.marianagurza.ro\/blog\/?p=31685"},"modified":"2017-08-30T14:31:50","modified_gmt":"2017-08-30T14:31:50","slug":"eleonora-schipor-ne-mandrim-cu-a-noastre-datini","status":"publish","type":"post","link":"https:\/\/www.marianagurza.ro\/blog\/2017\/08\/29\/eleonora-schipor-ne-mandrim-cu-a-noastre-datini\/","title":{"rendered":"Eleonora Schipor: Ne m\u00e2ndrim cu-a noastre datini&#8230;"},"content":{"rendered":"<p style=\"text-align: justify;\"><a href=\"http:\/\/www.marianagurza.ro\/blog\/wp-content\/uploads\/2017\/08\/20170828_154855.jpg\"><img loading=\"lazy\" decoding=\"async\" class=\"alignleft size-medium wp-image-31686\" title=\"20170828_154855\" src=\"http:\/\/www.marianagurza.ro\/blog\/wp-content\/uploads\/2017\/08\/20170828_154855-168x300.jpg\" alt=\"\" width=\"168\" height=\"300\" srcset=\"https:\/\/www.marianagurza.ro\/blog\/wp-content\/uploads\/2017\/08\/20170828_154855-168x300.jpg 168w, https:\/\/www.marianagurza.ro\/blog\/wp-content\/uploads\/2017\/08\/20170828_154855-576x1024.jpg 576w\" sizes=\"auto, (max-width: 168px) 100vw, 168px\" \/><\/a>Anual la P\u0103tr\u0103u\u021bii de Jos are loc frumoasa s\u0103rb\u0103toare a satului, hramul, prilejuit de s\u0103rb\u0103toarea religioas\u0103 Adormirea Maicii Domnului.<\/p>\n<p style=\"text-align: justify;\">Anul acesta, ca de obicei s\u0103rb\u0103toarea a \u00eenceput cu serviciul divin la biserica local\u0103 care \u0219i poart\u0103 numele Adormirea Maicii Domnului. Un mare sobor de preo\u021bi au oficiat slujba religioas\u0103 venind la invita\u021bia parohului bisericii s\u0103te\u0219ti, protoiereului Dumitru Gavriloae.<\/p>\n<p style=\"text-align: justify;\">\u00a0\u00a0\u00a0\u00a0\u00a0\u00a0\u00a0\u00a0\u00a0 S\u0103rb\u0103toarea a continuat \u00een dup\u0103 amiaza aceleia\u0219i zile la c\u0103minul cultural \u00een prezen\u021ba a sute de oaspe\u021bi, s\u0103teni \u0219i invita\u021bi. Printre cei care ne-au onorat cu prezen\u021ba se num\u0103r\u0103 Consulul Consulatului General al Rom\u00e2niei la Cern\u0103u\u021bi, domnul Edmond Neagoe. Redactorii \u0219efi ai ziarelor rom\u00e2ne\u0219ti \u00abZorile Bucovinei\u00bb \u0219i \u00abConcordia\u00bb Nicolae Toma \u0219i Doina Bojescu, doctorul \u00een filologie, pre\u0219edintele societ\u0103\u021bii regionale \u00abGolgota\u00bb, cet\u0103\u021beanul de onoare al satului P\u0103tr\u0103u\u021bii de Jos Ilie Popescu, secretara comunit\u0103\u021bii rom\u00e2ne\u0219ti din Ucraina Aurica Bojescu cu so\u021bul Mihai Bojescu \u0219. a.<\/p>\n<p style=\"text-align: justify;\">\u00a0\u00a0\u00a0\u00a0\u00a0\u00a0\u00a0\u00a0\u00a0 \u00cen discursurile lor oaspe\u021bii \u0219i invita\u021bii s-au referit la importan\u021ba \u0219i valoarea acestei importante s\u0103rb\u0103tori a satului P\u0103tr\u0103u\u021bii de Jos, au mul\u021bumit organizatorilor pentru buna desf\u0103\u0219urare \u0219i \u0219i-au exprimat dorin\u021ba ca \u0219i alte sate din Bucovina noastr\u0103 s\u0103 urmeze exemplul p\u0103tr\u0103ucenilor.<\/p>\n<p style=\"text-align: center;\"><a href=\"http:\/\/www.marianagurza.ro\/blog\/wp-content\/uploads\/2017\/08\/20170828_164115.jpg\"><img loading=\"lazy\" decoding=\"async\" title=\"20170828_164115\" src=\"http:\/\/www.marianagurza.ro\/blog\/wp-content\/uploads\/2017\/08\/20170828_164115-168x300.jpg\" alt=\"\" width=\"168\" height=\"300\" \/><\/a><\/p>\n<p style=\"text-align: justify;\">\u00a0\u00a0\u00a0\u00a0\u00a0\u00a0\u00a0\u00a0\u00a0 Primarul satului domnul Gheorghe Fedorean a dat citire mesajului de felicitare transmis de pre\u0219edintele ARS Storojine\u021b Iaroslav Barto\u0219 \u0219i a \u0219efului consiliului raional Ivan Losic c\u0103tre to\u021bi locuitorii satului P\u0103tr\u0103u\u021bii de Jos. Domnia sa a mai \u00eenm\u00e2nat o serie de diplome \u0219i foi de laud\u0103 celor mai activi s\u0103teni care au depus mult\u0103 munc\u0103 pentru buna desf\u0103\u0219urare a s\u0103rb\u0103torii datate.<\/p>\n<p style=\"text-align: center;\"><a href=\"http:\/\/www.marianagurza.ro\/blog\/wp-content\/uploads\/2017\/08\/20170828_175842.jpg\"><img loading=\"lazy\" decoding=\"async\" class=\"size-medium wp-image-31689\" title=\"20170828_175842\" src=\"http:\/\/www.marianagurza.ro\/blog\/wp-content\/uploads\/2017\/08\/20170828_175842-300x168.jpg\" alt=\"\" width=\"300\" height=\"168\" srcset=\"https:\/\/www.marianagurza.ro\/blog\/wp-content\/uploads\/2017\/08\/20170828_175842-300x168.jpg 300w, https:\/\/www.marianagurza.ro\/blog\/wp-content\/uploads\/2017\/08\/20170828_175842-1024x576.jpg 1024w\" sizes=\"auto, (max-width: 300px) 100vw, 300px\" \/><\/a><\/p>\n<p style=\"text-align: justify;\">\u00a0\u00a0\u00a0\u00a0\u00a0\u00a0\u00a0\u00a0\u00a0 Un frumos concert au prezentat arti\u0219tii amatori ai satului, eviden\u021biindu-se mai ales binecunoscutul ansamblu popular de dansuri \u00abMugurel\u00bb, condus de neobosita doamn\u0103 Larisa Popescu-Chedic, directoarea c\u0103minului cultural local. Cele trei grupuri de dansatori, \u00een frumoase costume autentice au prezentat \u00een fa\u021ba numerosului public spectator adev\u0103rate perle folclorice, dansuri populare, de ieri \u0219i de azi. Au \u00eenc\u00e2ntat pe to\u021bi cei prezen\u021bi cu dansurile lor minunate. De fapt ei sunt \u0219i c\u00e2\u0219tig\u0103tori, laurea\u021bi \u0219i participan\u021bi a numeroase concursuri \u0219i festivaluri na\u021bionale \u0219i interna\u021bionale. \u00cei mul\u021bumim inimoasei doamne Larisa Popescu-Chedic care depune o munc\u0103 enorm\u0103 \u00een p\u0103strarea \u0219i promovarea acestor valori autentice. \u00cen preg\u0103tirea \u0219i aranjamentul acestor dansuri ea a fost ajutat\u0103 de \u0219efa clubului din Ar\u0219i\u021ba Natalia Cobeli \u0219i t\u00e2n\u0103ra profesoar\u0103 a \u0219colii locale Mariana Balan.<\/p>\n<p style=\"text-align: center;\"><a href=\"http:\/\/www.marianagurza.ro\/blog\/wp-content\/uploads\/2017\/08\/20170828_1800501.jpg\"><img loading=\"lazy\" decoding=\"async\" class=\"size-medium wp-image-31690\" title=\"20170828_180050\" src=\"http:\/\/www.marianagurza.ro\/blog\/wp-content\/uploads\/2017\/08\/20170828_1800501-168x300.jpg\" alt=\"\" width=\"168\" height=\"300\" srcset=\"https:\/\/www.marianagurza.ro\/blog\/wp-content\/uploads\/2017\/08\/20170828_1800501-168x300.jpg 168w, https:\/\/www.marianagurza.ro\/blog\/wp-content\/uploads\/2017\/08\/20170828_1800501-576x1024.jpg 576w\" sizes=\"auto, (max-width: 168px) 100vw, 168px\" \/><\/a><\/p>\n<p style=\"text-align: justify;\">\u00a0\u00a0\u00a0\u00a0\u00a0\u00a0\u00a0\u00a0\u00a0 Le mul\u021bumim tuturor membrilor comitetului organizatoric pentru ajutorul acordat la desf\u0103\u0219urarea s\u0103rb\u0103torii sfinte.<\/p>\n<p style=\"text-align: justify;\">\u00a0\u00a0\u00a0\u00a0\u00a0\u00a0\u00a0\u00a0\u00a0 Sincere felicit\u0103ri tuturor p\u0103tr\u0103ucenilor cu prilejul s\u0103rb\u0103torii satului \u0219i sper\u0103m c\u0103 aceast\u0103 tradi\u021bie \u00eenr\u0103d\u0103cinat\u0103 aici la P\u0103tr\u0103u\u021bii de Jos va fi p\u0103strat\u0103 cu sfin\u021benie.<\/p>\n<p style=\"text-align: center;\"><a href=\"http:\/\/www.marianagurza.ro\/blog\/wp-content\/uploads\/2017\/08\/20170828_172014.jpg\"><img loading=\"lazy\" decoding=\"async\" class=\"size-medium wp-image-31691\" title=\"20170828_172014\" src=\"http:\/\/www.marianagurza.ro\/blog\/wp-content\/uploads\/2017\/08\/20170828_172014-300x168.jpg\" alt=\"\" width=\"300\" height=\"168\" srcset=\"https:\/\/www.marianagurza.ro\/blog\/wp-content\/uploads\/2017\/08\/20170828_172014-300x168.jpg 300w, https:\/\/www.marianagurza.ro\/blog\/wp-content\/uploads\/2017\/08\/20170828_172014-1024x576.jpg 1024w\" sizes=\"auto, (max-width: 300px) 100vw, 300px\" \/><\/a><\/p>\n<p>&#8212;&#8212;&#8212;&#8212;&#8212;&#8212;&#8212;&#8212;&#8212;&#8212;&#8212;&#8212;&#8212;-<\/p>\n<p><strong>Eleonora Schipor, <\/strong><\/p>\n<p><strong>membr\u0103 a comitetului organizatoric, <\/strong><\/p>\n<p><strong>cet\u0103\u021bean de onoare a satului P\u0103tr\u0103u\u021bii de Jos,<\/strong><\/p>\n<p><strong>Ucraina, august, 2017<\/strong><\/p>\n","protected":false},"excerpt":{"rendered":"<p>Anual la P\u0103tr\u0103u\u021bii de Jos are loc frumoasa s\u0103rb\u0103toare a satului, hramul, prilejuit de s\u0103rb\u0103toarea religioas\u0103 Adormirea Maicii Domnului. Anul [&#038;hellip<\/p>\n","protected":false},"author":1,"featured_media":0,"comment_status":"closed","ping_status":"closed","sticky":false,"template":"","format":"standard","meta":{"footnotes":""},"categories":[3],"tags":[],"class_list":["post-31685","post","type-post","status-publish","format-standard","hentry","category-articole"],"_links":{"self":[{"href":"https:\/\/www.marianagurza.ro\/blog\/wp-json\/wp\/v2\/posts\/31685","targetHints":{"allow":["GET"]}}],"collection":[{"href":"https:\/\/www.marianagurza.ro\/blog\/wp-json\/wp\/v2\/posts"}],"about":[{"href":"https:\/\/www.marianagurza.ro\/blog\/wp-json\/wp\/v2\/types\/post"}],"author":[{"embeddable":true,"href":"https:\/\/www.marianagurza.ro\/blog\/wp-json\/wp\/v2\/users\/1"}],"replies":[{"embeddable":true,"href":"https:\/\/www.marianagurza.ro\/blog\/wp-json\/wp\/v2\/comments?post=31685"}],"version-history":[{"count":4,"href":"https:\/\/www.marianagurza.ro\/blog\/wp-json\/wp\/v2\/posts\/31685\/revisions"}],"predecessor-version":[{"id":31693,"href":"https:\/\/www.marianagurza.ro\/blog\/wp-json\/wp\/v2\/posts\/31685\/revisions\/31693"}],"wp:attachment":[{"href":"https:\/\/www.marianagurza.ro\/blog\/wp-json\/wp\/v2\/media?parent=31685"}],"wp:term":[{"taxonomy":"category","embeddable":true,"href":"https:\/\/www.marianagurza.ro\/blog\/wp-json\/wp\/v2\/categories?post=31685"},{"taxonomy":"post_tag","embeddable":true,"href":"https:\/\/www.marianagurza.ro\/blog\/wp-json\/wp\/v2\/tags?post=31685"}],"curies":[{"name":"wp","href":"https:\/\/api.w.org\/{rel}","templated":true}]}}