{"id":31696,"date":"2017-08-30T14:40:28","date_gmt":"2017-08-30T14:40:28","guid":{"rendered":"http:\/\/www.marianagurza.ro\/blog\/?p=31696"},"modified":"2017-08-30T17:03:14","modified_gmt":"2017-08-30T17:03:14","slug":"radu-botis-corbii-doar-corbii-%e2%80%a6","status":"publish","type":"post","link":"https:\/\/www.marianagurza.ro\/blog\/2017\/08\/30\/radu-botis-corbii-doar-corbii-%e2%80%a6\/","title":{"rendered":"Radu Boti\u0219: Corbii, doar corbii\u2026"},"content":{"rendered":"<p style=\"text-align: center;\"><a href=\"http:\/\/www.marianagurza.ro\/blog\/wp-content\/uploads\/2017\/08\/BOTIS-Radu31.jpg\"><img loading=\"lazy\" decoding=\"async\" class=\"size-thumbnail wp-image-31697\" title=\"botis-radu31\" src=\"http:\/\/www.marianagurza.ro\/blog\/wp-content\/uploads\/2017\/08\/BOTIS-Radu31-150x150.jpg\" alt=\"\" width=\"150\" height=\"150\" \/><\/a><\/p>\n<p style=\"text-align: left;\"><strong>Corbii, doar corbii \u2026<\/strong><\/p>\n<div id=\"m_680651364191834559yui_3_16_0_ym19_1_1504098394301_11800\" dir=\"ltr\"><em id=\"m_680651364191834559yui_3_16_0_ym19_1_1504098394301_19158\"><br \/>\n<\/em><\/div>\n<p>Str\u00e2mt\u0103-i c\u0103rarea, por\u021bile-s <strong>&#8216;<\/strong>nalte<\/p>\n<p>Fulger str\u0103bate, corbi se adun&#8217;<\/p>\n<p>Focul de-o vreme jarul \u00eemparte,<\/p>\n<p>Arde n\u0103praznic, arde nebun.<\/p>\n<p>&nbsp;<\/p>\n<p>&nbsp;<\/p>\n<p>Mai este o treapt\u0103, calea e grea<\/p>\n<p>Furtuni \u00eempreun\u0103, vijelii se \u00eente\u021besc,<\/p>\n<p>De nic\u0103ieri viscole\u0219te, pe cer c\u00e2te o stea<\/p>\n<p>\u00ce\u0219i pierde \u0219i urma \u00een chip nefiresc.<\/p>\n<p>&nbsp;<\/p>\n<p>&nbsp;<\/p>\n<p>Corbii, doar corbii, str\u0103bat h\u0103mesi\u021bi<\/p>\n<p>Pe \u00eentinderi s\u0103-\u0219i caute prad\u0103,<\/p>\n<p>Ultimi fugarii sf\u00e2r\u0219ind istovi\u021bi<\/p>\n<p>N-apuc\u0103, o clip\u0103, s\u0103 \u0219ad\u0103.<\/p>\n<p>\u2026\u2026\u2026\u2026\u2026\u2026\u2026\u2026\u2026<\/p>\n<p>&nbsp;<\/p>\n<p>Se cerne \u0219i ultimul timp de \u00eendurare<\/p>\n<p>Colbul umbl\u0103rii se pierde \u00een zare.<\/p>\n<p>&#8212;&#8212;&#8212;&#8212;&#8212;&#8212;&#8212;&#8212;&#8212;&#8212;&#8211;<\/p>\n<p><strong><em id=\"m_680651364191834559yui_3_16_0_ym19_1_1504098394301_19158\">Radu Boti\u0219<\/em><\/strong><\/p>\n<p id=\"m_680651364191834559yui_3_16_0_ym19_1_1504098394301_11862\" style=\"text-align: left;\" dir=\"ltr\"><strong id=\"m_680651364191834559yui_3_16_0_ym19_1_1504098394301_11863\"><em id=\"m_680651364191834559yui_3_16_0_ym19_1_1504098394301_11864\">(din Poeme apocaliptice)<\/em><\/strong><\/p>\n<p style=\"text-align: left;\" dir=\"ltr\">30 august, 2017<\/p>\n","protected":false},"excerpt":{"rendered":"<p>Corbii, doar corbii \u2026 Str\u00e2mt\u0103-i c\u0103rarea, por\u021bile-s &#8216;nalte Fulger str\u0103bate, corbi se adun&#8217; Focul de-o vreme jarul \u00eemparte, Arde n\u0103praznic, [&#038;hellip<\/p>\n","protected":false},"author":1,"featured_media":0,"comment_status":"closed","ping_status":"closed","sticky":false,"template":"","format":"standard","meta":{"footnotes":""},"categories":[3],"tags":[],"class_list":["post-31696","post","type-post","status-publish","format-standard","hentry","category-articole"],"_links":{"self":[{"href":"https:\/\/www.marianagurza.ro\/blog\/wp-json\/wp\/v2\/posts\/31696","targetHints":{"allow":["GET"]}}],"collection":[{"href":"https:\/\/www.marianagurza.ro\/blog\/wp-json\/wp\/v2\/posts"}],"about":[{"href":"https:\/\/www.marianagurza.ro\/blog\/wp-json\/wp\/v2\/types\/post"}],"author":[{"embeddable":true,"href":"https:\/\/www.marianagurza.ro\/blog\/wp-json\/wp\/v2\/users\/1"}],"replies":[{"embeddable":true,"href":"https:\/\/www.marianagurza.ro\/blog\/wp-json\/wp\/v2\/comments?post=31696"}],"version-history":[{"count":5,"href":"https:\/\/www.marianagurza.ro\/blog\/wp-json\/wp\/v2\/posts\/31696\/revisions"}],"predecessor-version":[{"id":31699,"href":"https:\/\/www.marianagurza.ro\/blog\/wp-json\/wp\/v2\/posts\/31696\/revisions\/31699"}],"wp:attachment":[{"href":"https:\/\/www.marianagurza.ro\/blog\/wp-json\/wp\/v2\/media?parent=31696"}],"wp:term":[{"taxonomy":"category","embeddable":true,"href":"https:\/\/www.marianagurza.ro\/blog\/wp-json\/wp\/v2\/categories?post=31696"},{"taxonomy":"post_tag","embeddable":true,"href":"https:\/\/www.marianagurza.ro\/blog\/wp-json\/wp\/v2\/tags?post=31696"}],"curies":[{"name":"wp","href":"https:\/\/api.w.org\/{rel}","templated":true}]}}