{"id":31703,"date":"2017-08-30T19:10:25","date_gmt":"2017-08-30T19:10:25","guid":{"rendered":"http:\/\/www.marianagurza.ro\/blog\/?p=31703"},"modified":"2017-08-30T19:10:25","modified_gmt":"2017-08-30T19:10:25","slug":"viorel-roman-cine-cum-a-declansat-razboiul-mondial-2","status":"publish","type":"post","link":"https:\/\/www.marianagurza.ro\/blog\/2017\/08\/30\/viorel-roman-cine-cum-a-declansat-razboiul-mondial-2\/","title":{"rendered":"Viorel Roman: Cine, cum a declan\u0219at r\u0103zboiul mondial? (2)"},"content":{"rendered":"<p style=\"text-align: justify;\"><span style=\"font-size: medium;\"><a href=\"http:\/\/www.marianagurza.ro\/blog\/wp-content\/uploads\/2017\/08\/roman-viorel-wb.jpg\"><img loading=\"lazy\" decoding=\"async\" class=\"alignleft size-thumbnail wp-image-31704\" title=\"roman-viorel-wb\" src=\"http:\/\/www.marianagurza.ro\/blog\/wp-content\/uploads\/2017\/08\/roman-viorel-wb-150x150.jpg\" alt=\"\" width=\"150\" height=\"150\" \/><\/a>In comentariul d-lui de Michael Nicholas Plaga (Piatra Neamt) cu titlul \u201e Secretul lui Churchill\u201c e un fake news: \u201eChurchill va re\u021bine prizonier pe Hess \u2026 iar la Tribunalul de la N\u00fcrenberg va fi adus\u0103 o sosie a lui Rudolf Hess care nu \u00eent\u00e2mpl\u0103tor a refuzat timp de 28 de ani de \u00eenchisoare la Spandau, s\u0103 primeasc\u0103 vizita vreunui membru al familiei sale.\u201c Membrii familiei care-l vizitau pe Rudolf Hess la Spandau il contrazic.<\/span><\/p>\n<p style=\"text-align: justify;\"><span style=\"font-size: medium;\">Amestecul de fals si atentic nu discredeaza cartea lui Louis C. Kilzer, un respectat jurnalist american cu doua Pulitzer Prize: Churchill&#8217;s Deception: The Dark Secret That Destroyed Nazi Germany, ed. Simon &amp; Schuster, Londra 1994, 320 p., pentru ca teza fundamentala este cunoscuta, de aceea readuc in actualitate:<\/span><\/p>\n<p style=\"text-align: justify;\"><a href=\"http:\/\/www.badpolitics.ro\/churchill-hitler-si-antisemitismul\/\" target=\"_blank\" data-saferedirecturl=\"https:\/\/www.google.com\/url?hl=ro&amp;q=http:\/\/www.badpolitics.ro\/churchill-hitler-si-antisemitismul\/&amp;source=gmail&amp;ust=1504205847985000&amp;usg=AFQjCNFTGiwTAbDwxuknKIw5CieByFKTGg\"><span style=\"font-size: medium;\">http:\/\/www.badpolitics.ro\/<wbr>churchill-hitler-si-<wbr>antisemitismul\/<\/wbr><\/wbr><\/span><\/a><\/p>\n<p style=\"text-align: justify;\"><a href=\"http:\/\/www.cartesiarte.ro\/edituraOnLine\/upload\/files\/i67140Viorel%20Roman.pdf\" target=\"_blank\" data-saferedirecturl=\"https:\/\/www.google.com\/url?hl=ro&amp;q=http:\/\/www.cartesiarte.ro\/edituraOnLine\/upload\/files\/i67140Viorel%2520Roman.pdf&amp;source=gmail&amp;ust=1504205847985000&amp;usg=AFQjCNE8yNeOXcyuGuJC9YmUhVhhhOtZ8Q\"><span style=\"font-size: medium;\">http:\/\/www.cartesiarte.ro\/<wbr>edituraOnLine\/upload\/files\/<wbr>i67140Viorel%20Roman.pdf<\/wbr><\/wbr><\/span><\/a><\/p>\n<p style=\"text-align: justify;\"><a href=\"http:\/\/www.revistasingur.ro\/altele\/10328-viorel-roman-churchill-hitler-si-antisemitismul.html\" target=\"_blank\" data-saferedirecturl=\"https:\/\/www.google.com\/url?hl=ro&amp;q=http:\/\/www.revistasingur.ro\/altele\/10328-viorel-roman-churchill-hitler-si-antisemitismul.html&amp;source=gmail&amp;ust=1504205847985000&amp;usg=AFQjCNEtRFZLZKtgiHSLJTigF3Qu4iYrmA\"><span style=\"font-size: medium;\">http:\/\/www.revistasingur.ro\/<wbr>altele\/10328-viorel-roman-<wbr>churchill-hitler-si-<wbr>antisemitismul.html<\/wbr><\/wbr><\/wbr><\/span><\/a><\/p>\n<p style=\"text-align: justify;\"><a href=\"https:\/\/www.academia.edu\/16614844\/Tiganii_si_evreiii_romani\" target=\"_blank\" data-saferedirecturl=\"https:\/\/www.google.com\/url?hl=ro&amp;q=https:\/\/www.academia.edu\/16614844\/Tiganii_si_evreiii_romani&amp;source=gmail&amp;ust=1504205847985000&amp;usg=AFQjCNEUALc25aZMv0LfQbElAtrRNdxv_A\"><span style=\"font-size: medium;\">https:\/\/www.academia.edu\/<wbr>16614844\/Tiganii_si_evreiii_<wbr>romani<\/wbr><\/wbr><\/span><\/a><\/p>\n<p style=\"text-align: justify;\"><a href=\"http:\/\/d-nb.info\/1025131827\/04\" target=\"_blank\" data-saferedirecturl=\"https:\/\/www.google.com\/url?hl=ro&amp;q=http:\/\/d-nb.info\/1025131827\/04&amp;source=gmail&amp;ust=1504205847985000&amp;usg=AFQjCNFIebeK-YZisKb-pvQM71hO309sbg\"><span style=\"font-size: medium;\">http:\/\/d-nb.info\/1025131827\/04<\/span><\/a><\/p>\n<p style=\"text-align: justify;\">\n<p style=\"text-align: justify;\">\n<p style=\"text-align: justify;\">\n<p style=\"text-align: justify;\"><strong><span style=\"font-size: large;\">Churchill, Hitler si antisemitismul,<\/span><\/strong><\/p>\n<p style=\"text-align: justify;\"><span style=\"font-size: medium;\">acesta este titlul cartii lui Dr. Stefan Scheil aparuta in ed. Duncker &amp; Humbolt, Berlin 2008, 335 p., in care se anlizeaza \u201cdictatura germana, inamicii ei si criza europeana 1938\/39\u201d. Adolf Hitler preia puterea 1933 si pune in practica Programul din 24 feb. 1920, de 25 de puncte pe doua pagini, al Partidului National Socialist al muncitorilor germani. Un deziderat era realizarea unei societati fara drept roman si fara evrei, care urmau sa emigreze. Antisemitismul era raspandit ca urmare a umilitelor impuse de invingatori. In caz de foamente acelasi destin l-ar fi avut toti strainii din Germania.<\/span><\/p>\n<p style=\"text-align: justify;\"><span style=\"font-size: medium;\">Alertate, organizatiile evreisti din lumea anglo-saxona incep boicotarea economiei germane. Reactia nazistilor: \u201cNu cumparati de la evrei!\u201d Un evreu ucide un diplomat, nazistii dau foc la sinagogii etc. Proiectul antisemit de a realiza un stat fara evrei trebuia combatut cu toate mijloacele \u2013 pe viata si pe moarte. Pentru ca daca Germania ramanea fara evreii in mod civilizat, ar fi devenit un precedent periculos.<\/span><\/p>\n<p style=\"text-align: justify;\"><span style=\"font-size: medium;\">Polonia cu 10% din popolatie evrei, care vorbeau jedisch, o alta limba decat cea oficiala, ar fi cerut acelasi lucru. Pe de alta parte emigrarea evreilor in USA ar fi dat apa la moara antisemitismului local. Asa ca organizatiile evreisti s-au opus emigrarii evreilor din Germania, luand in calcul victime. Pe de alta parte l-au sustinut pe Churchill si \u201cPartidul razboinicilor\u201d cu organizatia Focus contra nazismul.<\/span><\/p>\n<p style=\"text-align: justify;\"><span style=\"font-size: medium;\">Cei care incercau o solutie pasnica pe continent au fost marginalizati. Pe de alata parte Iosif, V. Stalin, mult mai radical si clarvazator decat Hitler s-a folosit de \u201ccontradictiile din lagarul capitalist\u201d pentru a \u201carunca in aer Europa\u201d. Atat Vladimir I. Lenin cat si urmasul sau erau convinsi ca dupa un nou razboi mondial proletarii \u201cvor rupe lanturile\u201d, ca in Rusia. Dictatura proletariatului va inlatura exploatarea omului de care om in toata lumea (!) si va realizeaza idealurile panslaviste, panortodoxe.<\/span><\/p>\n<p style=\"text-align: justify;\"><span style=\"font-size: medium;\">Polonia si Romania erau folosite ca pioni de sacrificiu atat de occidentali cat si de kominternistii. Polonezii erau folositi ca atatatori la razboi de catre Chrchill. Viorel Tilea, ambasador la Londra, se plangea de un dictat german fantoma, fake news. Un discurs al generalului Halder, fabricat in laboratorul de dezinformare Focus, cu scopul de a agrava criza este considerat si azi ca autentic, chiar de germani. Asa ca nu-i de mirare ca pe internet la Sectia \u201cIstorie: minciuni si falsuri\u201d a Ministerului Apararii Rusiei, Sergej Kovalijev arata recent ca vina izbucnirii razboiului in 1939 este a Poloniei, care a refuzat \u201ccu incapatanare\u201d cererile moderate germane.<\/span><\/p>\n<p style=\"text-align: justify;\"><span style=\"font-size: medium;\">In acest context este firesc ca antisemitismul, punerea la indoiala a Holocaustului, e sanctionat de lege. Aceiasi politica se va practica si in Rusia lui Putin, care nu mai accepta fake news, \u201cminciuni si falsuri\u201d. Vinovatii vor fi pedepsiti, asa prevede un proiect de lege, cu inchisoare de la 3 la 5 ani.<\/span><\/p>\n<p style=\"text-align: justify;\">&#8212;&#8212;&#8212;&#8212;&#8212;&#8212;&#8212;&#8212;&#8212;&#8212;&#8212;&#8212;&#8212;&#8211;<\/p>\n<p style=\"text-align: justify;\"><strong>Viorel ROMAN<\/strong><\/p>\n<p style=\"text-align: justify;\"><strong>C<\/strong><strong>onsilier academic la Universitatea din Bremen<\/strong><\/p>\n<p style=\"text-align: justify;\">30 august 2017<\/p>\n<p style=\"text-align: justify;\"><span style=\"font-size: medium;\"><a href=\"http:\/\/www.viorel-roman.ro\" target=\"_blank\" data-saferedirecturl=\"https:\/\/www.google.com\/url?hl=ro&amp;q=http:\/\/www.viorel-roman.ro&amp;source=gmail&amp;ust=1504205847985000&amp;usg=AFQjCNHpy_rD4JVK6zEXct7jcGBzJI3jMQ\">www.viorel-roman.ro<\/a><\/span><\/p>\n<p style=\"text-align: justify;\">\n<p style=\"text-align: justify;\">\n","protected":false},"excerpt":{"rendered":"<p>In comentariul d-lui de Michael Nicholas Plaga (Piatra Neamt) cu titlul \u201e Secretul lui Churchill\u201c e un fake news: \u201eChurchill [&#038;hellip<\/p>\n","protected":false},"author":1,"featured_media":0,"comment_status":"closed","ping_status":"closed","sticky":false,"template":"","format":"standard","meta":{"footnotes":""},"categories":[3],"tags":[],"class_list":["post-31703","post","type-post","status-publish","format-standard","hentry","category-articole"],"_links":{"self":[{"href":"https:\/\/www.marianagurza.ro\/blog\/wp-json\/wp\/v2\/posts\/31703","targetHints":{"allow":["GET"]}}],"collection":[{"href":"https:\/\/www.marianagurza.ro\/blog\/wp-json\/wp\/v2\/posts"}],"about":[{"href":"https:\/\/www.marianagurza.ro\/blog\/wp-json\/wp\/v2\/types\/post"}],"author":[{"embeddable":true,"href":"https:\/\/www.marianagurza.ro\/blog\/wp-json\/wp\/v2\/users\/1"}],"replies":[{"embeddable":true,"href":"https:\/\/www.marianagurza.ro\/blog\/wp-json\/wp\/v2\/comments?post=31703"}],"version-history":[{"count":2,"href":"https:\/\/www.marianagurza.ro\/blog\/wp-json\/wp\/v2\/posts\/31703\/revisions"}],"predecessor-version":[{"id":31706,"href":"https:\/\/www.marianagurza.ro\/blog\/wp-json\/wp\/v2\/posts\/31703\/revisions\/31706"}],"wp:attachment":[{"href":"https:\/\/www.marianagurza.ro\/blog\/wp-json\/wp\/v2\/media?parent=31703"}],"wp:term":[{"taxonomy":"category","embeddable":true,"href":"https:\/\/www.marianagurza.ro\/blog\/wp-json\/wp\/v2\/categories?post=31703"},{"taxonomy":"post_tag","embeddable":true,"href":"https:\/\/www.marianagurza.ro\/blog\/wp-json\/wp\/v2\/tags?post=31703"}],"curies":[{"name":"wp","href":"https:\/\/api.w.org\/{rel}","templated":true}]}}