{"id":31718,"date":"2017-08-31T19:36:23","date_gmt":"2017-08-31T19:36:23","guid":{"rendered":"http:\/\/www.marianagurza.ro\/blog\/?p=31718"},"modified":"2017-08-31T19:51:03","modified_gmt":"2017-08-31T19:51:03","slug":"boris-david-poesis-3","status":"publish","type":"post","link":"https:\/\/www.marianagurza.ro\/blog\/2017\/08\/31\/boris-david-poesis-3\/","title":{"rendered":"Boris David: Poesis"},"content":{"rendered":"<p style=\"text-align: center;\"><a href=\"http:\/\/www.marianagurza.ro\/blog\/wp-content\/uploads\/2017\/08\/boris-david-alias-daris-basarab.jpg\"><img loading=\"lazy\" decoding=\"async\" class=\"size-full wp-image-31720\" title=\"boris-david-alias-daris-basarab\" src=\"http:\/\/www.marianagurza.ro\/blog\/wp-content\/uploads\/2017\/08\/boris-david-alias-daris-basarab.jpg\" alt=\"\" width=\"300\" height=\"168\" \/><\/a><\/p>\n<p align=\"center\"><strong>Daris Basarab alias Boris David<\/strong><\/p>\n<p align=\"center\">\u00a0(n. 10 mai 1929, Ismail \u2013 d. 1 septembrie 2015, Bucure\u0219ti)<\/p>\n<p><strong>Dor de\u2026 <\/strong><\/p>\n<p>&nbsp;<\/p>\n<p>Dor de dorurile mele<\/p>\n<p>Dor de duc\u0103, dor de mare<\/p>\n<p>Dor de via\u0163\u0103 \u015fi de soare<\/p>\n<p>\u015ei de tine, printre ele.<\/p>\n<p>&nbsp;<\/p>\n<p>Dor de clipe-n care stele<\/p>\n<p>D\u0103ruiam f\u0103r\u0103 de preget<\/p>\n<p>Dirij\u00e2nd dintr-al meu cuget<\/p>\n<p>Sensul g\u00e2ndurilor mele.<\/p>\n<p>&nbsp;<\/p>\n<p>Azi de caut prin sertare<\/p>\n<p>C\u00e2te-un dor din cele multe<\/p>\n<p>N-am cui cere s\u0103 le-asculte\u2026<\/p>\n<p>&nbsp;<\/p>\n<p>Nu c\u0103 nu ar fi \u00een stare<\/p>\n<p>Dar\u00a0 m\u0103 tem c\u0103-s doar a mele<\/p>\n<p>\u015ei deci nu au c\u0103utare\u2026<\/p>\n<p>&nbsp;<\/p>\n<p>28 mai 2013<\/p>\n<p>&nbsp;<\/p>\n<p><strong>De ce-ai plecat?!&#8230; <\/strong><\/p>\n<p>&nbsp;<\/p>\n<p>De ce-ai plecat, de ce-ai mai fi r\u0103mas?!<\/p>\n<p>M\u0103-ntreb nedumerit de ce se-nt\u00e2mpl\u0103 \u2013<\/p>\n<p>S-a \u00eent\u00e2mplat ceva ce eu nu \u015ftiu?<\/p>\n<p>Sau, poate, ce ai vrea, nu pot s\u0103 fiu?<\/p>\n<p>&nbsp;<\/p>\n<p>\u015ei-atunci, s\u0103 \u00een\u0163eleg c\u0103-i r\u0103mas bun?<\/p>\n<p>Ceva ce-i greu s\u0103 spui simplu-n cuvinte? \u2013<\/p>\n<p>T\u0103cerea-i arma care-n lini\u015fte<\/p>\n<p>Ucide uneori cl\u0103dind morminte.<\/p>\n<p>&nbsp;<\/p>\n<p>Dar m\u00e2na poposit\u0103-n palma mea?!<\/p>\n<p>Eu n-am l\u0103sat-o liber\u0103 s\u0103 plece!<\/p>\n<p>De ce ai hot\u0103r\u00e2t, tu, pentru ea?!<\/p>\n<p>M\u0103-ntreb \u015fi m\u0103 fr\u0103m\u00e2nt c\u00e2t zece\u2026<\/p>\n<p>&nbsp;<\/p>\n<p>4 iunie 2013<\/p>\n<p>&nbsp;<\/p>\n<p><strong>T\u0103cerea <\/strong><\/p>\n<p>&nbsp;<\/p>\n<p>O fi t\u0103cerea poleit\u0103<\/p>\n<p>Cu aur galben, auriu,<\/p>\n<p>Dar ce nu \u015fti\u0163i e c\u0103 ascunde<\/p>\n<p>Dureri ce vin dintr-un pustiu.<\/p>\n<p>&nbsp;<\/p>\n<p>Pustiul care nu se vede<\/p>\n<p>Oric\u00e2t ai fi de str\u0103veziu \u2013<\/p>\n<p>Z\u00e2mbe\u015fti, glume\u015fti, dar ceva pl\u00e2nge<\/p>\n<p>\u00cen sufletul ce \u00eenc\u0103-i viu.<\/p>\n<p>&nbsp;<\/p>\n<p>C\u0103ci nu se moare pe nespuse,<\/p>\n<p>Chiar dac-ar fi mult mai u\u015for \u2013<\/p>\n<p>De ce \u0163i-e dat nu ai sc\u0103pare,<\/p>\n<p>T\u0103cut, tu strigi, de ce \u0163i-e dor.<\/p>\n<p>&nbsp;<\/p>\n<p>\u015ei-a\u015fa-n t\u0103cere po\u0163i ascunde<\/p>\n<p>Ce din orgoliu-l tot p\u0103strezi \u2013<\/p>\n<p>L\u0103s\u00e2nd s\u0103 treac\u0103, a c\u00e2ta oar\u0103?!<\/p>\n<p>Ceva ce nu mai vrei s\u0103 vezi\u2026<\/p>\n<p>&nbsp;<\/p>\n<p>4 august 2013<\/p>\n<p>&nbsp;<\/p>\n<p><strong>Ai ap\u0103rut\u2026 <\/strong><\/p>\n<p>&nbsp;<\/p>\n<p>Ai ap\u0103rut \u00een via\u0163a mea<\/p>\n<p>T\u00e2rziu, a\u015f spune-n miez de noapte,<\/p>\n<p>C\u00e2nd nu aud a vie\u0163ii \u015foapte,<\/p>\n<p>\u015ei nu mai v\u0103d lumina ta.<\/p>\n<p>&nbsp;<\/p>\n<p>Eu m\u0103 \u00eendrept \u00eenspre o tain\u0103<\/p>\n<p>Ce n-o-n\u0163elege nimenea \u2013<\/p>\n<p>\u015ei eu m\u0103-ntreb ce-o fi cu ea \u2013<\/p>\n<p>Unde dispare via\u0163a-mi fain\u0103?!<\/p>\n<p>&nbsp;<\/p>\n<p>Tu, te prefaci a nu-n\u0163elege,<\/p>\n<p>Ce cred c\u0103 to\u0163i au \u00een\u0163eles \u2013<\/p>\n<p>Din tot ce spui, bine-n\u0163eles,<\/p>\n<p>Eu \u015ftiu, ce-n fond, se va alege.<\/p>\n<p>&nbsp;<\/p>\n<p>\u015ei-a\u015fa \u00eemi umplu drumul greu,<\/p>\n<p>Cu doruri din f\u0103ptura-mi toat\u0103 \u2013<\/p>\n<p>Dar vine-o raz\u0103, deodat\u0103,<\/p>\n<p>Trezind ce-a fost, doar, visul meu\u2026<\/p>\n<p>&nbsp;<\/p>\n<p>28 septembrie 2013<\/p>\n<p>&#8212;&#8212;&#8212;&#8212;&#8212;&#8212;&#8212;&#8212;&#8211;<\/p>\n<p><strong>Boris David (Daris Basarab)<\/strong><\/p>\n<p>(Din volumul care mi-a fost dedicat, <strong>Postume vii, <\/strong>Editura Mu\u0219atinia, 2014)<\/p>\n<p><strong><a href=\"https:\/\/www.scribd.com\/document\/192572082\/Postume-vii-Daris-Basarab\">https:\/\/www.scribd.com\/document\/192572082\/Postume-vii-Daris-Basarab<\/a><\/strong><\/p>\n<p><a href=\"http:\/\/www.darisbasarab.com\/centru\/tandem.pdf\">http:\/\/www.darisbasarab.com\/centru\/tandem.pdf<\/a><\/p>\n<p>&nbsp;<\/p>\n<p style=\"text-align: left;\"><strong>\u00a0Ve\u0219nica sa pomenire!<\/strong><\/p>\n<p style=\"text-align: left;\"><strong>1 septembrie 2017<\/strong><\/p>\n<p>&nbsp;<\/p>\n<p>&nbsp;<\/p>\n","protected":false},"excerpt":{"rendered":"<p>Daris Basarab alias Boris David \u00a0(n. 10 mai 1929, Ismail \u2013 d. 1 septembrie 2015, Bucure\u0219ti) Dor de\u2026 &nbsp; Dor [&#038;hellip<\/p>\n","protected":false},"author":1,"featured_media":0,"comment_status":"closed","ping_status":"closed","sticky":false,"template":"","format":"standard","meta":{"footnotes":""},"categories":[3],"tags":[],"class_list":["post-31718","post","type-post","status-publish","format-standard","hentry","category-articole"],"_links":{"self":[{"href":"https:\/\/www.marianagurza.ro\/blog\/wp-json\/wp\/v2\/posts\/31718","targetHints":{"allow":["GET"]}}],"collection":[{"href":"https:\/\/www.marianagurza.ro\/blog\/wp-json\/wp\/v2\/posts"}],"about":[{"href":"https:\/\/www.marianagurza.ro\/blog\/wp-json\/wp\/v2\/types\/post"}],"author":[{"embeddable":true,"href":"https:\/\/www.marianagurza.ro\/blog\/wp-json\/wp\/v2\/users\/1"}],"replies":[{"embeddable":true,"href":"https:\/\/www.marianagurza.ro\/blog\/wp-json\/wp\/v2\/comments?post=31718"}],"version-history":[{"count":6,"href":"https:\/\/www.marianagurza.ro\/blog\/wp-json\/wp\/v2\/posts\/31718\/revisions"}],"predecessor-version":[{"id":31722,"href":"https:\/\/www.marianagurza.ro\/blog\/wp-json\/wp\/v2\/posts\/31718\/revisions\/31722"}],"wp:attachment":[{"href":"https:\/\/www.marianagurza.ro\/blog\/wp-json\/wp\/v2\/media?parent=31718"}],"wp:term":[{"taxonomy":"category","embeddable":true,"href":"https:\/\/www.marianagurza.ro\/blog\/wp-json\/wp\/v2\/categories?post=31718"},{"taxonomy":"post_tag","embeddable":true,"href":"https:\/\/www.marianagurza.ro\/blog\/wp-json\/wp\/v2\/tags?post=31718"}],"curies":[{"name":"wp","href":"https:\/\/api.w.org\/{rel}","templated":true}]}}