{"id":34160,"date":"2017-12-13T10:33:45","date_gmt":"2017-12-13T10:33:45","guid":{"rendered":"http:\/\/www.marianagurza.ro\/blog\/?p=34160"},"modified":"2017-12-13T10:33:45","modified_gmt":"2017-12-13T10:33:45","slug":"iulia-patiu-poemele-fulgilor-de-nea","status":"publish","type":"post","link":"https:\/\/www.marianagurza.ro\/blog\/2017\/12\/13\/iulia-patiu-poemele-fulgilor-de-nea\/","title":{"rendered":"Iulia PA\u0162IU: Poemele fulgilor de nea"},"content":{"rendered":"<p style=\"text-align: center;\"><a href=\"http:\/\/www.marianagurza.ro\/blog\/wp-content\/uploads\/2017\/12\/PATIU-Iulia.jpg\"><img loading=\"lazy\" decoding=\"async\" class=\"size-medium wp-image-34161\" title=\"patiu-iulia\" src=\"http:\/\/www.marianagurza.ro\/blog\/wp-content\/uploads\/2017\/12\/PATIU-Iulia-224x300.jpg\" alt=\"\" width=\"224\" height=\"300\" srcset=\"https:\/\/www.marianagurza.ro\/blog\/wp-content\/uploads\/2017\/12\/PATIU-Iulia-224x300.jpg 224w, https:\/\/www.marianagurza.ro\/blog\/wp-content\/uploads\/2017\/12\/PATIU-Iulia.jpg 600w\" sizes=\"auto, (max-width: 224px) 100vw, 224px\" \/><\/a><\/p>\n<p>&nbsp;<\/p>\n<p>***<\/p>\n<p>cu g\u00e2ndul sosit la plecare forma \u00eenainteaz\u0103<\/p>\n<p>\u015fi se prev\u0103d pentru mine ninsori<\/p>\n<p>trecutul a\u015fteapt\u0103 \u00eenainte un adev\u0103r ie\u015fit din cli\u015feu<\/p>\n<p>patinele \u00eemi devin propriile picioare<\/p>\n<p><!--more-->pieptul z\u0103pezii se lipe\u015fte de pietul t\u0103u<\/p>\n<p>&nbsp;<\/p>\n<p>&nbsp;<\/p>\n<p>***<\/p>\n<p>a \u00eenceput s\u0103 ning\u0103<br \/>\nforme vr\u0103jite de stoluri num\u0103r\u0103 fulgi<br \/>\nca \u00een poveste<br \/>\nalbul c\u0103l\u0103tor \u00eentins peste g\u00e2nd<\/p>\n<p>of<br \/>\ndeparte e patria mea<br \/>\ncontinent electrizat de iacint<br \/>\npeste m\u0103rgean \u015fi m\u0103slin<br \/>\ntr\u00e2mbi\u0163e de v\u00e2nt<\/p>\n<p>&nbsp;<\/p>\n<p>&nbsp;<\/p>\n<p>***<\/p>\n<p>m\u0103 trezesc la realitate<br \/>\nsau m\u0103 rup de ea?<\/p>\n<p>se anun\u0163\u0103<br \/>\nc\u0103 iarna aceasta cu mine<br \/>\nva cerne at\u00e2ta alb<br \/>\nc\u00e2t cuprind ninsorile care nu cad<br \/>\nde pe buzele tale pe buzele mele<\/p>\n<p>&nbsp;<\/p>\n<p>&nbsp;<\/p>\n<p>***<\/p>\n<p>se irosea citind<br \/>\nf\u0103r\u0103 a \u00een\u021belege o iot\u0103<\/p>\n<p>moartea avea ochii gr\u0103itori<br \/>\npe t\u0103i\u0219ul de z\u0103pad\u0103 fulg dup\u0103 fulg<\/p>\n<p>orice fulg era o ran\u0103<\/p>\n<p>&nbsp;<\/p>\n<p>&nbsp;<\/p>\n<p>***<\/p>\n<p>sculptez \u00een ger un trandafir de ghea\u021b\u0103<br \/>\n\u00een zori va disp\u0103rea<br \/>\natingere ca o pas\u0103re de prad\u0103<br \/>\n\u00eei simt imaculat r\u0103ceala<br \/>\nto\u021bi trandafirii ro\u0219ii din gr\u0103din\u0103 sunt ni\u0219te accidente<br \/>\nnu pot fi dovedite fidele<br \/>\nfidele ro\u0219ii<br \/>\ntrandafirilor<\/p>\n<p>&nbsp;<\/p>\n<p>&nbsp;<\/p>\n<p>***<\/p>\n<p>floare de ghea\u021b\u0103<br \/>\ncum s\u0103 te rup?<br \/>\ncum s\u0103 te ud?<\/p>\n<p>&nbsp;<\/p>\n<p>&nbsp;<\/p>\n<p>***<\/p>\n<p>&#8216; a fi viu &#8216; cere un efort mai mare<br \/>\ndec\u00e2t a respira<br \/>\n\u015fi<br \/>\n\u00eemi \u00eenchipui cu heruvimii<br \/>\ncosmosul creat<\/p>\n<p>muzica<br \/>\nfiziologie deghizat\u0103 \u00een ploaie<br \/>\napropiat\u0103 de aminitiri \u00eenaintea lumii<br \/>\n\u00eemi d\u0103 ghes s\u0103 m\u0103 ridic<\/p>\n<p>jur<br \/>\nnu se va opri<br \/>\n\u00een sinea lunii sim\u0163irea<br \/>\nplou\u0103 ne\u00eentrerupt<\/p>\n<p>&nbsp;<\/p>\n<p>&nbsp;<\/p>\n<p>***<\/p>\n<p>negru \u015fi alb<\/p>\n<p>la u\u015fa \u00eentunericului<br \/>\nlocuiesc \u00een muzic\u0103 \u015fi muzica locuie\u015fte \u00een mine<\/p>\n<p>doamne<br \/>\nsunt vie<\/p>\n<p>\u00een sensul dansului tranformat \u00een p\u0103s\u0103ri<br \/>\ndin t\u0103cerea cerului<br \/>\ntu vars\u0103 lumin\u0103<\/p>\n<p><strong>&#8212;&#8212;&#8212;&#8212;&#8212;&#8212;&#8212;-<\/strong><\/p>\n<p><strong>Iulia PA\u0162IU<\/strong><\/p>\n<p><strong>Bistri\u0163a<\/strong><\/p>\n<p><strong>decembrie 2017<\/strong><\/p>\n","protected":false},"excerpt":{"rendered":"<p>&nbsp; *** cu g\u00e2ndul sosit la plecare forma \u00eenainteaz\u0103 \u015fi se prev\u0103d pentru mine ninsori trecutul a\u015fteapt\u0103 \u00eenainte un adev\u0103r [&#038;hellip<\/p>\n","protected":false},"author":1,"featured_media":0,"comment_status":"closed","ping_status":"closed","sticky":false,"template":"","format":"standard","meta":{"footnotes":""},"categories":[3],"tags":[],"class_list":["post-34160","post","type-post","status-publish","format-standard","hentry","category-articole"],"_links":{"self":[{"href":"https:\/\/www.marianagurza.ro\/blog\/wp-json\/wp\/v2\/posts\/34160","targetHints":{"allow":["GET"]}}],"collection":[{"href":"https:\/\/www.marianagurza.ro\/blog\/wp-json\/wp\/v2\/posts"}],"about":[{"href":"https:\/\/www.marianagurza.ro\/blog\/wp-json\/wp\/v2\/types\/post"}],"author":[{"embeddable":true,"href":"https:\/\/www.marianagurza.ro\/blog\/wp-json\/wp\/v2\/users\/1"}],"replies":[{"embeddable":true,"href":"https:\/\/www.marianagurza.ro\/blog\/wp-json\/wp\/v2\/comments?post=34160"}],"version-history":[{"count":2,"href":"https:\/\/www.marianagurza.ro\/blog\/wp-json\/wp\/v2\/posts\/34160\/revisions"}],"predecessor-version":[{"id":34163,"href":"https:\/\/www.marianagurza.ro\/blog\/wp-json\/wp\/v2\/posts\/34160\/revisions\/34163"}],"wp:attachment":[{"href":"https:\/\/www.marianagurza.ro\/blog\/wp-json\/wp\/v2\/media?parent=34160"}],"wp:term":[{"taxonomy":"category","embeddable":true,"href":"https:\/\/www.marianagurza.ro\/blog\/wp-json\/wp\/v2\/categories?post=34160"},{"taxonomy":"post_tag","embeddable":true,"href":"https:\/\/www.marianagurza.ro\/blog\/wp-json\/wp\/v2\/tags?post=34160"}],"curies":[{"name":"wp","href":"https:\/\/api.w.org\/{rel}","templated":true}]}}