{"id":34198,"date":"2017-12-14T11:09:07","date_gmt":"2017-12-14T11:09:07","guid":{"rendered":"http:\/\/www.marianagurza.ro\/blog\/?p=34198"},"modified":"2017-12-14T11:14:09","modified_gmt":"2017-12-14T11:14:09","slug":"nelly-sambris-ganduri-razlete-versuri","status":"publish","type":"post","link":"https:\/\/www.marianagurza.ro\/blog\/2017\/12\/14\/nelly-sambris-ganduri-razlete-versuri\/","title":{"rendered":"Nelly SAMBRI\u0218: G\u00e2nduri r\u0103zle\u021be (versuri)"},"content":{"rendered":"<p style=\"text-align: center;\"><a href=\"http:\/\/www.marianagurza.ro\/blog\/wp-content\/uploads\/2017\/12\/Nelly-Sambris.jpg\"><img loading=\"lazy\" decoding=\"async\" class=\"size-full wp-image-34199\" title=\"nelly-sambris\" src=\"http:\/\/www.marianagurza.ro\/blog\/wp-content\/uploads\/2017\/12\/Nelly-Sambris.jpg\" alt=\"\" width=\"240\" height=\"240\" srcset=\"https:\/\/www.marianagurza.ro\/blog\/wp-content\/uploads\/2017\/12\/Nelly-Sambris.jpg 240w, https:\/\/www.marianagurza.ro\/blog\/wp-content\/uploads\/2017\/12\/Nelly-Sambris-150x150.jpg 150w\" sizes=\"auto, (max-width: 240px) 100vw, 240px\" \/><\/a><\/p>\n<p>Ziua alb\u0103 &#8211; negru nor<\/p>\n<p>Stropi de cri\u021b\u0103<\/p>\n<p>cre\u0219tetul st\u00e2ncii p\u0103trunde<\/p>\n<p>Focul tope\u0219te fieru-n umbre<\/p>\n<p>unde \u0219i unde<\/p>\n<p><!--more-->totul se-ascunde!<\/p>\n<p>&nbsp;<\/p>\n<p>Noapte neagr\u0103 &#8211; alb\u0103 stea<\/p>\n<p>Zbor de cor \u00een zare<\/p>\n<p>Pe-ntins de nea coboar\u0103<\/p>\n<p>Coroana bol\u021bii &#8211; scut de cear\u0103<\/p>\n<p>Iar\u0103\u0219i \u0219i iar<\/p>\n<p>Vreau s\u0103 dispar\u0103!<\/p>\n<p>&nbsp;<\/p>\n<p>***<\/p>\n<p>Sunt deosebit\u0103, chiar dac\u0103 oamenii din jur<\/p>\n<p>se aseam\u0103n\u0103 \u00eentre ei.<\/p>\n<p>To\u021bi \u00een\u021beleg ceva ce p\u00e2n\u0103 la mine nu a ajuns.<\/p>\n<p>Dar ce vin\u0103 port c\u0103 ascund<\/p>\n<p>A fost g\u00e2ndul \u0219i cugetul meu?<\/p>\n<p>Enigm\u0103 sunt eu sau poate ei.<\/p>\n<p>A murit, se na\u0219te vreun Prometeu?<\/p>\n<p>\u0218i poate e devreme, iar m\u00e2ine \u2013 prea t\u00e2rziu<\/p>\n<p>\u0218i nu sunt ceea ce trebuia s\u0103 fiu?<\/p>\n<p><em>\u00a0\u00a0\u00a0\u00a0\u00a0\u00a0\u00a0\u00a0\u00a0\u00a0\u00a0\u00a0\u00a0\u00a0\u00a0\u00a0\u00a0\u00a0\u00a0\u00a0\u00a0\u00a0\u00a0\u00a0\u00a0\u00a0\u00a0\u00a0 Aprilie 1997<\/em><\/p>\n<p><em>\u00a0<\/em><\/p>\n<p>***<\/p>\n<p>\u00cen piept<\/p>\n<p>Mai s\u00e2nger\u0103 a ran\u0103 veche,<\/p>\n<p>O pat\u0103 cu aripi, f\u0103r\u0103 pereche.<\/p>\n<p>&nbsp;<\/p>\n<p>Din zborul unei p\u0103s\u0103ri,<\/p>\n<p>Coboar\u0103 o pan\u0103,<\/p>\n<p>Cine s\u0103 \u0219tie<\/p>\n<p>C\u0103-n mine mai s\u00e2nger\u0103-o ran\u0103!<\/p>\n<p>&#8212;&#8212;&#8212;&#8212;&#8212;&#8212;&#8212;&#8212;&#8212;&#8212;&#8211;<\/p>\n<p><strong>Nelly Sambri\u0219<\/strong><\/p>\n<p><strong>Chi\u0219in\u0103u, Republica Moldova<\/strong><\/p>\n<p><strong>14 noiembrie, 2017<\/strong><\/p>\n","protected":false},"excerpt":{"rendered":"<p>Ziua alb\u0103 &#8211; negru nor Stropi de cri\u021b\u0103 cre\u0219tetul st\u00e2ncii p\u0103trunde Focul tope\u0219te fieru-n umbre unde \u0219i unde<\/p>\n","protected":false},"author":1,"featured_media":0,"comment_status":"closed","ping_status":"closed","sticky":false,"template":"","format":"standard","meta":{"footnotes":""},"categories":[3],"tags":[],"class_list":["post-34198","post","type-post","status-publish","format-standard","hentry","category-articole"],"_links":{"self":[{"href":"https:\/\/www.marianagurza.ro\/blog\/wp-json\/wp\/v2\/posts\/34198","targetHints":{"allow":["GET"]}}],"collection":[{"href":"https:\/\/www.marianagurza.ro\/blog\/wp-json\/wp\/v2\/posts"}],"about":[{"href":"https:\/\/www.marianagurza.ro\/blog\/wp-json\/wp\/v2\/types\/post"}],"author":[{"embeddable":true,"href":"https:\/\/www.marianagurza.ro\/blog\/wp-json\/wp\/v2\/users\/1"}],"replies":[{"embeddable":true,"href":"https:\/\/www.marianagurza.ro\/blog\/wp-json\/wp\/v2\/comments?post=34198"}],"version-history":[{"count":4,"href":"https:\/\/www.marianagurza.ro\/blog\/wp-json\/wp\/v2\/posts\/34198\/revisions"}],"predecessor-version":[{"id":34201,"href":"https:\/\/www.marianagurza.ro\/blog\/wp-json\/wp\/v2\/posts\/34198\/revisions\/34201"}],"wp:attachment":[{"href":"https:\/\/www.marianagurza.ro\/blog\/wp-json\/wp\/v2\/media?parent=34198"}],"wp:term":[{"taxonomy":"category","embeddable":true,"href":"https:\/\/www.marianagurza.ro\/blog\/wp-json\/wp\/v2\/categories?post=34198"},{"taxonomy":"post_tag","embeddable":true,"href":"https:\/\/www.marianagurza.ro\/blog\/wp-json\/wp\/v2\/tags?post=34198"}],"curies":[{"name":"wp","href":"https:\/\/api.w.org\/{rel}","templated":true}]}}