{"id":35301,"date":"2018-01-30T10:33:36","date_gmt":"2018-01-30T10:33:36","guid":{"rendered":"http:\/\/www.marianagurza.ro\/blog\/?p=35301"},"modified":"2018-01-30T10:33:36","modified_gmt":"2018-01-30T10:33:36","slug":"anna-nora-rotaru-singuratate","status":"publish","type":"post","link":"https:\/\/www.marianagurza.ro\/blog\/2018\/01\/30\/anna-nora-rotaru-singuratate\/","title":{"rendered":"Anna-Nora ROTARU: Singur\u0103tate"},"content":{"rendered":"<p style=\"text-align: center;\"><a href=\"http:\/\/www.marianagurza.ro\/blog\/wp-content\/uploads\/2018\/01\/SINGURATATE-IN-APUS-anna-nora-rotaru-pictura-personala-pe-panza-in-ulei-dimensiuni-110-x-90-cm-din-volumul-de-picturi-si-poezii.jpg\"><img loading=\"lazy\" decoding=\"async\" class=\"size-medium wp-image-35302\" title=\"singuratate-in-apus-anna-nora-rotaru-pictura-personala-pe-panza-in-ulei-dimensiuni-110-x-90-cm-din-volumul-de-picturi-si-poezii\" src=\"http:\/\/www.marianagurza.ro\/blog\/wp-content\/uploads\/2018\/01\/SINGURATATE-IN-APUS-anna-nora-rotaru-pictura-personala-pe-panza-in-ulei-dimensiuni-110-x-90-cm-din-volumul-de-picturi-si-poezii-300x200.jpg\" alt=\"\" width=\"300\" height=\"200\" srcset=\"https:\/\/www.marianagurza.ro\/blog\/wp-content\/uploads\/2018\/01\/SINGURATATE-IN-APUS-anna-nora-rotaru-pictura-personala-pe-panza-in-ulei-dimensiuni-110-x-90-cm-din-volumul-de-picturi-si-poezii-300x200.jpg 300w, https:\/\/www.marianagurza.ro\/blog\/wp-content\/uploads\/2018\/01\/SINGURATATE-IN-APUS-anna-nora-rotaru-pictura-personala-pe-panza-in-ulei-dimensiuni-110-x-90-cm-din-volumul-de-picturi-si-poezii.jpg 960w\" sizes=\"auto, (max-width: 300px) 100vw, 300px\" \/><\/a><\/p>\n<p style=\"text-align: center;\">\u201d SINGURATATE \u00ceN APUS \u201d<\/p>\n<p style=\"text-align: center;\"><em>Anna-Nora Rotaru \u2013 pictur\u0103 personal\u0103 pe p\u00e2nz\u0103, \u00een ulei, <\/em><\/p>\n<p style=\"text-align: center;\"><em>dimensiuni 110 x 90 cm,<\/em><\/p>\n<p style=\"text-align: center;\"><em>din volumul de picturi \u0219i poezii \u00a0\u201d UT PICTURA POESIS \u201d<\/em><\/p>\n<p>***<\/p>\n<p>&nbsp;<\/p>\n<p><strong>SINGUR\u0102TATE<\/strong><\/p>\n<p>&nbsp;<\/p>\n<p>Noaptea se presar\u0103 alene pe alei<br \/>\n\u015ei frigul se strecoar\u0103 pe sub u\u015f\u0103\u2026<br \/>\nScormonesc cu cle\u015ftele-n cenu\u015f\u0103,<br \/>\nMai pun pe foc vreo surcelu\u015f\u0103<br \/>\n\u015ei scurg \u00een candel\u0103 un pic de-ulei.<\/p>\n<p>&nbsp;<\/p>\n<p>E lini\u015fte \u00een cas\u0103\u2026 \u015fi-i c\u0103ldur\u0103\u2026<br \/>\nZv\u00e2cne\u015fte c\u00e2te-o flac\u0103r\u0103-n c\u0103min\u2026<br \/>\nTrosne\u015fte uscatul lemn de anin<br \/>\n\u015ei din paharul cu s\u00e2ngeriul vin,<br \/>\nMai sorb \u00eencet vreo-nghi\u0163itur\u0103\u2026<\/p>\n<p>&nbsp;<\/p>\n<p><!--more-->Prin minte-un g\u00e2nd mi se-nfirip\u0103,<br \/>\nS\u0103dit din straniile-mi t\u0103ceri\u2026<br \/>\nDin cele ce-am tr\u0103it p\u00e2n\u0103 mai ieri,<br \/>\nDulci ca nectar, amare ca de fieri,<br \/>\nLe-oi pune pe h\u00e2rtie-n prip\u0103 !<\/p>\n<p>&nbsp;<\/p>\n<p>M\u0103 doare, s\u0103 le-nghit\u0103 colbul uit\u0103rii<br \/>\n\u015ei ploi-n r\u0103stimpuri s\u0103 le spele\u2026<br \/>\nC\u0103ci, ce-am tr\u0103it nu-i joc de iele,<br \/>\nMi-s scrise cu litere de foc pe piele,<br \/>\nS\u0103 le rev\u0103d a\u015f vrea, pe-aleea c\u0103ut\u0103rii !<\/p>\n<p>&nbsp;<\/p>\n<p>\u00cen minte-mi sare ades c\u00e2te-o sc\u00e2nteie,<br \/>\nS\u0103-mi lumineze c\u0103i cu-apusuri purpurii\u2026<br \/>\nM\u0103-ntorc pe-acela\u015fi drum s\u0103 v\u0103d de-mi vii,<br \/>\nDar, v\u0103d uscate doar flori de p\u0103p\u0103dii,<br \/>\nCe-ai pus odat\u0103-n p\u0103rul meu s\u0103-mi steie !<\/p>\n<p>&nbsp;<\/p>\n<p>Din lacrimi de dor mai \u00eente\u0163esc v\u0103paia\u2026<br \/>\nT\u0103ciuni mai scormonesc prin amintiri\u2026<br \/>\nDin clipele uitate-n r\u0103stigniri,<br \/>\nVreo una poate, trezit\u0103-n r\u0103zvr\u0103tiri,<br \/>\nMi-o lumina via\u0163a-ntunecat\u0103 \u015fi odaia !<\/p>\n<p>&nbsp;<\/p>\n<p>Degeaba m\u0103 ag\u0103\u0163 de timp \u015fi te a\u015ftept\u2026<br \/>\n\u015ei lacrima mi s-a secat sub pleoape\u2026<br \/>\nDe\u015fert mi-i sufletul, plin de h\u00e2rtoape,<br \/>\nSper scormonind, s\u0103-mi mai \u0163\u00e2\u015fneasc\u0103 ape<br \/>\n\u015ei-al vie\u0163ii suflu s\u0103-mi zv\u00e2cneasc\u0103-n piept !<\/p>\n<p>\u2014\u2014\u2014\u2014\u2014\u2014\u2014\u2014\u2014\u2014\u2014\u2014\u2014\u2013<\/p>\n<p><strong>Anna-Nora ROTARU<\/strong><\/p>\n<p><strong>Atena, Grecia<\/strong><\/p>\n<p><strong>30 ianuarie 2018<\/strong><\/p>\n","protected":false},"excerpt":{"rendered":"<p>\u201d SINGURATATE \u00ceN APUS \u201d Anna-Nora Rotaru \u2013 pictur\u0103 personal\u0103 pe p\u00e2nz\u0103, \u00een ulei, dimensiuni 110 x 90 cm, din [&#038;hellip<\/p>\n","protected":false},"author":1,"featured_media":0,"comment_status":"closed","ping_status":"closed","sticky":false,"template":"","format":"standard","meta":{"footnotes":""},"categories":[3],"tags":[],"class_list":["post-35301","post","type-post","status-publish","format-standard","hentry","category-articole"],"_links":{"self":[{"href":"https:\/\/www.marianagurza.ro\/blog\/wp-json\/wp\/v2\/posts\/35301","targetHints":{"allow":["GET"]}}],"collection":[{"href":"https:\/\/www.marianagurza.ro\/blog\/wp-json\/wp\/v2\/posts"}],"about":[{"href":"https:\/\/www.marianagurza.ro\/blog\/wp-json\/wp\/v2\/types\/post"}],"author":[{"embeddable":true,"href":"https:\/\/www.marianagurza.ro\/blog\/wp-json\/wp\/v2\/users\/1"}],"replies":[{"embeddable":true,"href":"https:\/\/www.marianagurza.ro\/blog\/wp-json\/wp\/v2\/comments?post=35301"}],"version-history":[{"count":2,"href":"https:\/\/www.marianagurza.ro\/blog\/wp-json\/wp\/v2\/posts\/35301\/revisions"}],"predecessor-version":[{"id":35304,"href":"https:\/\/www.marianagurza.ro\/blog\/wp-json\/wp\/v2\/posts\/35301\/revisions\/35304"}],"wp:attachment":[{"href":"https:\/\/www.marianagurza.ro\/blog\/wp-json\/wp\/v2\/media?parent=35301"}],"wp:term":[{"taxonomy":"category","embeddable":true,"href":"https:\/\/www.marianagurza.ro\/blog\/wp-json\/wp\/v2\/categories?post=35301"},{"taxonomy":"post_tag","embeddable":true,"href":"https:\/\/www.marianagurza.ro\/blog\/wp-json\/wp\/v2\/tags?post=35301"}],"curies":[{"name":"wp","href":"https:\/\/api.w.org\/{rel}","templated":true}]}}