{"id":35305,"date":"2018-01-30T12:56:27","date_gmt":"2018-01-30T12:56:27","guid":{"rendered":"http:\/\/www.marianagurza.ro\/blog\/?p=35305"},"modified":"2018-01-30T12:56:27","modified_gmt":"2018-01-30T12:56:27","slug":"ion-coja-apologia-capitanului-facuta-de-tatiana-niculescu-din-neatentie","status":"publish","type":"post","link":"https:\/\/www.marianagurza.ro\/blog\/2018\/01\/30\/ion-coja-apologia-capitanului-facuta-de-tatiana-niculescu-din-neatentie\/","title":{"rendered":"Ion COJA: Apologia C\u0103pitanului f\u0103cut\u0103 de Tatiana Niculescu din neaten\u021bie"},"content":{"rendered":"<p style=\"text-align: justify;\"><a href=\"http:\/\/www.marianagurza.ro\/blog\/wp-content\/uploads\/2018\/01\/Ion_Coja1.jpg\"><img loading=\"lazy\" decoding=\"async\" class=\"alignleft size-full wp-image-35306\" title=\"ion_coja\" src=\"http:\/\/www.marianagurza.ro\/blog\/wp-content\/uploads\/2018\/01\/Ion_Coja1.jpg\" alt=\"\" width=\"200\" height=\"263\" \/><\/a>Mult\u0103 lume m-a \u00eentrebat ce p\u0103rere am despre cartea doamnei Tatiana Niculescu dedicat\u0103 lui Corneliu Zelea Codreanu \u0219i camarazilor s\u0103i. Tatiana Niculescu? Autoarea c\u0103r\u021bii despre tragedia de la M\u00e2n\u0103stirea Tanacu?!\u2026 M-a dezam\u0103git, ca s\u0103 nu zic scandalizat, cu ani \u00een urm\u0103, prin felul \u00een care s-a implicat \u00een \u201eafacerea\u201d Tanacu, c\u0103ci afacere a \u0219tiut s\u0103 fac\u0103 distinsa doamn\u0103 din drama de la Tanacu. M-a \u00eentristat s\u0103 constat lipsa de compatibilitate a autoarei cu subiectul, cu lumea monahal\u0103, a credin\u021bei, a suferin\u021bei. Avea oare vreo afinitate cu aceast\u0103 lume doamna Tatiana ca s\u0103 investigheze un subiect at\u00e2t de ginga\u0219 cum era povestea dramatic\u0103 a p\u0103rintelui Corogeanu \u0219i a \u201evictimei\u201d sale? N-avea! Sau cel pu\u021bin a\u0219a mi s-a p\u0103rut dup\u0103 felul \u201eameric\u0103nesc\u201d \u00een care a procedat, storc\u00e2nd din tragedia petrecut\u0103 toate \u201eoportunit\u0103\u021bile\u201d posibile!<\/p>\n<p style=\"text-align: justify;\">Aceea\u0219i \u00eentrebare mi-o pun \u0219i dup\u0103 ce-i citesc cartea despre C\u0103pitan, subiect abordat f\u0103r\u0103 urm\u0103 de afinitate cu \u201epersonajul\u201d, ci av\u00e2nd ca \u021bint\u0103 numai succesul comercial scontat! \u0218i alte beneficii colaterale, cu care \u201esistemul\u201d obi\u0219nuie\u0219te s\u0103 recompenseze mercenariatul.<\/p>\n<p style=\"text-align: justify;\">De gura lumii, am \u00eemprumutat de la Victora\u0219 Dogaru cartea care, zic unii, se vinde bine! Nu m\u0103 mir! Are o copert\u0103 de zile mari! Nu trece neobservat\u0103!\u2026 Ba\u0219ca subiectul: Corneliu Zelea Codreanu! Semn bun: publicul rom\u00e2mesc este doritor s\u0103 afle adev\u0103rul despre legionari! Tatiana Niculescu satisface \u00een bun\u0103 m\u0103sur\u0103 aceast\u0103 dolean\u021b\u0103 a publicului. Vine cu multe informa\u021bii noi, necunoscute chiar \u0219i autorilor care s-au mai pronun\u021bat pe acest subiect. Recuno\u0219tin\u021b\u0103!\u2026<\/p>\n<p style=\"text-align: justify;\">De la prima pagin\u0103, cum spuneam, mi-am propus s\u0103 identific semnele c\u0103 textul este o mostr\u0103 de mercenariat literar. S\u0103 verific astfel aprecierea care circul\u0103 \u00een mediile intelectuale sensibile la lumea legionar\u0103. Se confirm\u0103 verdictul. Pe l\u00e2ng\u0103 informa\u021biile noi aduse de autoare, din carte lipsesc \u00een schimb informa\u021bii bine \u0219tiute \u0219i deseori invocate de legionari pentru a-\u0219i motiva faptele, \u201ecrimele\u201d. Lipsesc probe importante ale \u201eap\u0103r\u0103rii\u201d! Sunt omise de dna Tatiana. Bun\u0103oar\u0103 episodul Duca, at\u00e2t de important pentru a-i judeca corect pe legionari, este tratat \u00een acest fel. Cu omisiuni grave! Se pune totul pe sup\u0103rarea legionarilor c\u0103 li s-ar fi desfiin\u021bat partidul!\u2026 Depun m\u0103rturie \u2013 m\u0103rturie indirect\u0103, martorul direct fiind Constantin Boceanu, potrivit c\u0103ruia I G Duca, \u00eentr-o bun\u0103 zi, venind acas\u0103, s-a l\u0103sat greu \u00een fotoliu \u0219i zis-a c\u0103tre soru-sa: \u201eMi-am semnat condamnarea la moarte!\u201d Scena i-a fost descris\u0103 dlui Titi Boceanu chiar de sora prim ministrului\u2026<\/p>\n<p style=\"text-align: justify;\"><!--more-->Ce semnase Duca \u00een ziua aceea? Nu semnase decretul de desfiin\u021bare a partidului legionar, ci acordul pentru str\u0103mutarea \/ primirea \u00een Rom\u00e2nia a 60.000 de familii de emigran\u021bi \/ alunga\u021bi \/ refugia\u021bi din Germania\u2026 \u00cei accepta I.G. Duca f\u0103r\u0103 s\u0103 cr\u00e2cneasc\u0103, la cererea imperativ\u0103 a institu\u021biilor financiare interna\u021bionale la care Rom\u00e2nia se \u00eemprumutase \u0219i nu putea returna \u00eemprumutul!\u2026 \u0218antaj ordinar, trecut cu vederea de doamna Tatiana! N-a impresionat-o!<\/p>\n<p style=\"text-align: justify;\">Duca fusese avertizat din vreme de legionari, prin \u00eensu\u0219i pre\u0219edintele partidului generalul Zizi Cantacuzino: \u201eGhi\u021b\u0103, s\u0103 \u0219tii c\u0103 b\u0103ie\u021bii nu te iart\u0103!\u201d A fost deci avertizat c\u0103 dac\u0103 \u00ee\u0219i va da acordul la \u00eencet\u0103\u021benirea ilegal\u0103 a celor 300 000 de evrei, o va p\u0103\u021bi ur\u00e2t de tot: va fi executat pentru \u00eenalt\u0103 tr\u0103dare de \u021aar\u0103!\u2026 C\u0103ci aceasta era \u00eencadrarea corect\u0103 a gestului s\u0103u! O \u0219tia bine \u0219i Duca, alt\u0103 interpretare nu se putea da faptei sale! Dar nu a avut \u00eencotro \u0219i a semnat! Servitu\u021bi superioare voin\u021bei sale, acceptate cu ani \u00een urm\u0103, l-au constr\u00e2ns irevocabil! N-a avut \u00eencotro! Cu loja care te-a f\u0103cut prim ministru nu e de glumit!<\/p>\n<p style=\"text-align: justify;\">Aceast\u0103 explica\u021bie a cazului Duca, atunci c\u00e2nd lipse\u0219te din relatarea faptelor, este indicatorul clar al necinstei sau ignoran\u021bei autorului. \u00cen cazul dnei Tatiana, cum spuneam, st\u0103m foarte bine cu documentarea, cu nivelul informa\u021biei! Deci numai de necinste poate fi vorba!\u2026 Dovedit\u0103 \u0219i \u00een alte relat\u0103ri din voluminoasa reconstituire \u00een fals a vie\u021bii C\u0103pitanului.<\/p>\n<p style=\"text-align: justify;\">C\u0103pitanului i se aduce cel mai des \u00eenvinuirea c\u0103 a fost un partizan \u00eenfocat \u0219i practicant al anti-semitismului! Oare este aceasta o culp\u0103 specific\u0103, prin care C\u0103pitanul \u0219i camarazii s\u0103i se singularizeaz\u0103 \u00een societatea rom\u00e2neasc\u0103 a acelor ani? Nici vorb\u0103! Cine nu era \u201eanti-semit\u201d \u00een perioada interbelic\u0103?! \u0218i cine nu a fost \u201eanti-semit\u201d \u00een Rom\u00e2nia de la pa\u0219opti\u0219ti \u00eencoace?! Cine dintre rom\u00e2nii importan\u021bi nu fusese sensibil la problemele pe care le ridica \u201einvazia evreiasc\u0103\u201d din Principate, de dup\u0103 1840?! \u0218i nu ar trebui discutat care ar fi aceste probleme atunci c\u00e2nd faci din eticheta anti-semit o culp\u0103 major\u0103, cea mai chiar?!<\/p>\n<p style=\"text-align: justify;\">Autoarea noastr\u0103 \u00eei pune C\u0103pitanului aceast\u0103 etichet\u0103 cu sentimentul c\u0103 nu e cazul s\u0103 fie mai explicit\u0103! Cine nu-i \u0219tie pe legionari c\u00e2t au fost de antisemi\u021bi?!\u2026 Dar nu cumva autoarea avea obliga\u021bia s\u0103 prezinte \u0219i motivele pentru care legionarii erau ori se declarau antisemi\u021bi?! Ce le repro\u0219au legionarii evreilor?! Evreii erau \/ sunt ni\u0219te \u00e2ngeri?<\/p>\n<p style=\"text-align: justify;\">Ciudat este c\u0103 am c\u0103utat \u00een carte, printre zecile de citate, s\u0103 g\u0103sesc \u0219i c\u00e2teva care s\u0103 ilustreze conving\u0103tor \u201eanti-semitismul funciar al legionarilor\u201d!\u2026 (Am citat-o pe Lya Benjamin, implacabila holocaustri\u021b\u0103!)<\/p>\n<p style=\"text-align: justify;\">Iat\u0103 \u00eens\u0103 c\u0103 printre zecile de citate care \u00eemp\u0103neaz\u0103 cu folos textul, nu exist\u0103 nici m\u0103car unul din care s\u0103 rezulte indubitabil acest vestit anti-semitism legionar. A devenit axiomatic pentru mercenarii din publicistica noastr\u0103. Nu mai trebuie dovedit, demonstrat cu probe!<\/p>\n<p style=\"text-align: justify;\">Mi-am amintit astfel de lucrarea lui Zigu Ornea dedicat\u0103 aceluia\u0219i subiect, dreapta interbelic\u0103, legionarii. I-am f\u0103cut recenzia \u00een urm\u0103 cu dou\u0103 decenii, iar autorul mi-a publicat-o \u00een revista \u201eDilema\u201d, pe care o conducea! Gest de boier! (Era s\u0103 zic de \u2026legionar!) Am f\u0103cut atunci aceea\u0219i remarc\u0103, pe care o repet: cartea \u00een care legionarii sunt blama\u021bi mereu c\u0103 au fost anti-semi\u021bi nu con\u021bine niciun citat anti-semit din publicistica legionar\u0103 sau din textele doctrinare!<\/p>\n<p style=\"text-align: justify;\">Deci \u2013 conchid eu ca cititor al Tatianei Niculescu, nu evreii, nu \u201eproblema evreiasc\u0103\u201d \u00eei preocupa pe legionari, pe C\u0103pitan, cu prec\u0103dere.<\/p>\n<p style=\"text-align: justify;\">Este meritul (involuntar?) al c\u0103r\u021bii dnei Tatiana de a fi insistat cu citate generoase, conving\u0103toare, pe obsesia C\u0103pitanului: edificarea moral\u0103 a omului nou! A adev\u0103ratului rom\u00e2n na\u021bionalist. Acesta trebuia s\u0103 fie legionarul pentru a fi model \u0219i pentru ceilal\u021bi rom\u00e2ni!\u2026 Eventual \u0219i pentru evrei! Asta a fost \u021binta ultim\u0103 \u0219i suprem\u0103 a Mi\u0219c\u0103rii Legionare: \u00een\u0103l\u021barea moral\u0103! \u0218i asta se \u00een\u021belege destul de bine din cartea recenzat\u0103, din citatele scoase la vederea cititorului! Cum spuneam: Recuno\u0219tin\u021ba noastr\u0103!<\/p>\n<p style=\"text-align: justify;\">Inten\u021bia autoarei a fost alta \u00eens\u0103! Imagin\u00e2ndu-\u0219i c\u0103 are instrumentele cu care s\u0103 sondeze \u00een ad\u00e2ncul con\u0219tiin\u021bei \u0219i al inten\u021biilor C\u0103pitanului, emite fel \u0219i fel de ipoteze privind zbuciumul sufletesc al marelui rom\u00e2n, ipoteze care culmineaz\u0103 cu b\u0103nuiala c\u0103 acesta visa s\u0103 instaureze \u00een Rom\u00e2nia o dinastie a codrenilor! Repet, a\u021bi auzit bine: o dinastie a codrenilor!\u2026 Asta visa C\u0103pitanul! El, bietul Corneliu Zelea Codreanu care nu avea copii, \u00eenfiase o feti\u021b\u0103, iar fra\u021bilor s\u0103i mai mici le interzisese s\u0103 fac\u0103 politic\u0103, preg\u0103tea instalarea unei dinastii! Dinastia codrenilor!\u2026 O scorneal\u0103 mai prosteasc\u0103 cu privire la C\u0103pitan nu cred s\u0103 existe \u00een toat\u0103 publicistica anti-legionar\u0103! P\u0103cat! Ce \u021bi-o fi venit, cucoan\u0103, s\u0103 fii at\u00e2t de\u2026 de\u2026 Auzi la ea: dinastie!<\/p>\n<p style=\"text-align: justify;\">M\u0103car de ar fi aceasta singura prostie! Le las \u00eens\u0103 neinventariate pe celalalte, c\u0103ci au uneori atingere nepermis\u0103 cu via\u021ba intim\u0103 a C\u0103pitanului! Doamna autoare nu ne-a scutit de niciuna din presupunerile care i-au b\u00e2ntuit creiera\u0219ii! Niciun filtru, nici o cenzur\u0103! Ca \u0219i c\u00e2nd via\u021ba C\u0103pitanului era subiect de roman scris \u00een fa\u021ba cititorilor!<\/p>\n<p style=\"text-align: justify;\">Concluzia se impune \u00eenc\u0103 o dat\u0103: doamna autoare este funciar, organic incapabil\u0103 s\u0103 priceap\u0103 complexitatea \u0219i profunzimea personajului, care nefiind personaj literar, ci unul foarte real, este u\u0219or s\u0103 consta\u021bi inadecvarea la realitate a variantei propuse de \u201eromancier\u0103\u201d!<\/p>\n<p style=\"text-align: justify;\">De altfel reconstituirea pe care ne-o propune Tatiana Niculescu este pus\u0103 chiar de autoare sub semnul ipoteticului, al prezum\u021biei, ceea ce n-ar fi r\u0103u, ar fi chiar cinstit scriitorice\u0219te vorbind! Cu condi\u021bia ca autoarea s\u0103 nu fac\u0103 prea des, dac\u0103 se poate chiar niciodat\u0103 s\u0103 nu fac\u0103 dovada de rea credin\u021b\u0103!\u2026 Din p\u0103cate\u2026<\/p>\n<p style=\"text-align: justify;\">Se vede la tot pasul c\u0103 autoarea \u0219i-a propus s\u0103-l scad\u0103 cu orice chip pe C\u0103pitan. Se documenteaz\u0103 amplu pentru a demonstra c\u0103 opera C\u0103pitanului nu este prea original\u0103, c\u0103 a preluat modelele organizatorice de la al\u021bii, ca \u0219i ideile politice. Vine, bun\u0103oar\u0103, cu identificarea surselor din care s-a ad\u0103pat C\u0103pitanul c\u00e2nd a elaborat C\u0103rticica \u0219efului de cuib. Sunt surse dintre cele mai onorabile, mai nobile, spulber\u00e2nd astfel pentru totdeauna teza detractorilor care au prezentat dintotdeauna C\u0103rticica \u0219efului de cuib ca pe un \u201emanual al crimei\u201d. F\u0103r\u0103 voia ei, Tatiana noastr\u0103 ne face un mare serviciu, nou\u0103, celor care credem \u00een noble\u021bea demersului legionar. Citez cu mare pl\u0103cere:<\/p>\n<p style=\"text-align: justify;\">\u201eAcest \u00eendrumar al legionarului era inspirat din normele cercet\u0103\u0219iei, din C\u0103l\u0103toria cre\u0219tinului a lui John Bunyan, din modul de organizare a sokolilor, c\u00e2t \u0219i din regula de via\u021b\u0103 a ter\u021biarilor franciscani. Din punct de vedere religios, integra tradi\u021bia bisericeasc\u0103 ortodox\u0103 \u0219i greco-catolic\u0103 \u00eentr-un discurs neoprotestant care punea accent pe lectura Evanghelilor \u0219i pe traiul \u00een comun. Cuibul era definit ca o Biseric\u0103.(sic!!) Din punct de vedere militar \u00eent\u0103rea structura cazon\u0103 a cuiburilor legionare. Era, \u00een acela\u0219i timp, \u0219i un program politic antidemocratic, din care reie\u0219ea apropierea lui Codreanu de concep\u021bia de guvernare a lui Carol II.\u201d (pag. 159-160)<\/p>\n<p style=\"text-align: justify;\">Nu glumesc c\u00e2nd spun c\u0103 nu cunosc multe texte care s\u0103 fie mai elogioase la adresa legionarilor, cu elogii exacte, documentate. Nu mai conteaz\u0103 inten\u021biile cu care autoarea face propriile comentarii, ci efectul, rezultatul! Cum spuneam, Tatiana Niculescu anihileaz\u0103 astfel infama etichet\u0103 \u201emanual al crimei\u201d pus\u0103 pe un text legionar fundamental, definitoriu, al c\u0103rui loc potrivit azi este \u00een ghiozdanul tuturor elevilor \u0219i studen\u021bilor rom\u00e2ni! Veni-va \u0219i acea zi! Cu sau f\u0103r\u0103 voia autoarei!\u2026<\/p>\n<p style=\"text-align: justify;\">Dac\u0103 este s\u0103 str\u00e2ngi toate citatele puse dinaintea cititorilor de dna Tatiana consta\u021bi c\u0103 se adun\u0103 astfel un material documentar care ar face cinste oric\u0103rei mi\u0219c\u0103ri politice! Leg\u0103tura lor cu Mi\u0219carea Legionar\u0103, demonstrat\u0103 de autoarea, ar fi trebuit s\u0103 dovedeasc\u0103 lipsa de originalitate a C\u0103pitanului, a Mi\u0219c\u0103rii. Pentru un cititor liber de lozinci \u0219i etichete, pledoaria autoarei are cu totul alt efect: afl\u0103m \u0219i \u00een\u021belegem din cartea respectiv\u0103 c\u0103 Mi\u0219carea Legionar\u0103 s-a dezvoltat \u0219i a ac\u021bionat \u00een str\u00e2ns\u0103 dependen\u021b\u0103 de spiritul vremii, la a c\u0103rui \u00een\u0103l\u021bare Garda de Fier a avut \u00eens\u0103 o contribu\u021bie specific\u0103, cre\u0219tin\u0103 \u0219i rom\u00e2neasc\u0103, substan\u021bial\u0103!\u2026 O contribu\u021bie probabil cea mai important\u0103, mai original\u0103 totu\u0219i, \u00een peisajul Europei interbelice.<\/p>\n<p style=\"text-align: justify;\">Reaua credin\u021b\u0103 a autoarei se mai face o dat\u0103 evident\u0103 prin str\u0103dania de a demonstra c\u0103 ata\u0219amentul C\u0103pitanului la ortodoxie este destul de rar afirmat! Cic\u0103 C\u0103pitanul se declara mereu cre\u0219tin \u0219i at\u00e2t, av\u00e2nd \u00een Mi\u0219care camarazi din toate confesiunile cre\u0219tine! Dac\u0103 dup\u0103 mintea autoarei acesta ar fi un defect, o limit\u0103 a C\u0103pitanului, un \u201ep\u0103cat\u201d, pentru majoritatea cititorilor serio\u0219i acesta este un mare merit al C\u0103pitanului. Cine \u00eel cunoa\u0219te c\u00e2t de c\u00e2t, \u0219i \u021bine seam\u0103 de \u201efunc\u021bia\u201d C\u0103pitanului ca lider al na\u021bionalismului rom\u00e2nesc, va \u00eenregistra reclama\u021bia Tatianei ca pe un elogiu adus legionarismului, cu at\u00e2t mai pre\u021bios fiind vorbe de un elogiu involuntar!\u2026<\/p>\n<p style=\"text-align: justify;\">S\u0103 fie vorba de o stratagem\u0103 scriitoriceasc\u0103? A criticat stereotip \u201eanti-semitismul\u201d C\u0103pitanului, numai la nivel declarativ, f\u0103r\u0103 s\u0103 aduc\u0103 nici o dovad\u0103! Dovezi puse pe mas\u0103, sunt dovezi din care se pot deduce numai concluzii extrem de favorabile C\u0103pitanului \u0219i camarazilor s\u0103i! A f\u0103cut asta \u00een mod deliberat? A\u0219a a vrut \u201es\u0103 ias\u0103\u201d?! Te pommene\u0219ti c\u0103 prostul sunt eu c\u0103 nu m-am prins \u0219i-i stric autoarei jocul!<\/p>\n<p style=\"text-align: justify;\">Cartea ar putea purta un motto demn s\u0103 fie \u021binut minte: \u201eAm cercetat toate dosarele din Arhiva serviciilor secrete. Nu am g\u0103sit nimic compromi\u021b\u0103tor pentru Corneliu Zelea Codreanu!\u201d \u2013 Ion Cristoiu (citat din memorie). La fel \u00ee\u021bi vine s\u0103 zici \u0219i dup\u0103 ce ai citit aceast\u0103 carte! \u00cen ciuda eforturilor, autoarea nu aduce la cuno\u0219tin\u021ba cititorilor nimic compromi\u021b\u0103tor pentru legionari, pentru C\u0103pitan.<\/p>\n<p style=\"text-align: justify;\">C\u0103ci \u00een mod evident cartea con\u021bine, dincolo de aser\u021biunile declarate, ca-ntr-n text subliminal, un mesaj pro-legionar extrem de consistent! Bine argumentat! Este mesajul care se deduce din faptele relatate, din textele citate! Cumva involuntar?! Foarte probabil! Aproape sigur!<\/p>\n<p style=\"text-align: justify;\">Un exemplu: episodul petrecut \u00een curtea Atelierelor CFR de la Nicolina, oric\u00e2t de sec ar fi relatat, nu poate fi interpretat dec\u00e2t \u00een favoarea excelen\u021bei C\u0103pitanului!\u2026 Cititorul completeaz\u0103 comentariul s\u0103rac al autoarei minun\u00e2ndu-se sincer, cu onestitatea care lipse\u0219te vizibil doamnei Tatiana: ce om deosebit acest Corneliu Zelea Codreanu! Ce pl\u0103mad\u0103 de erou!\u2026 Ne\u00eenfricat \u0219i gata de jerf\u0103 pentru ideile sale! Pentru credin\u021ba sa \u00een valorile superioare ale umanit\u0103\u021bii! Etc., etc! Episodul, pu\u021bin cunoscut de publicul larg, nu poate fi prezentat \u0219i comentat dec\u00e2t \u00een termenii cei mai elogio\u0219i, prin care s\u0103 subliniezi excelen\u021ba personajului\u2026 Comentariile elogioase lipsesc din carte, dar sunt la \u00eendem\u00e2na cititorului onest \u0219i inteligent.<\/p>\n<p style=\"text-align: justify;\">O obsesie a autoarei este originea etnic\u0103 a C\u0103pitanului! Multe, prea multe pagini sunt dedicate acestui \u201easpect\u201d. Majoritatea detractorilor C\u0103pitanului s-au ar\u0103tat grijulii s\u0103 demonstreze c\u0103 acesta nu era total rom\u00e2n, ba nici m\u0103car par\u021bial rom\u00e2n!\u2026 Deloc rom\u00e2n! P\u0103rin\u021bii \u0219i bunicii C\u0103pitanului nu au fost rom\u00e2ni!\u2026<br \/>\nAutoarea nu-\u0219i d\u0103 seama c\u0103 insisten\u021ba d\u00eensei pe acest subiect intr\u0103 \u00een contradic\u021bie cu acuza\u021bia de na\u021bionalism, de rasism, de anti-semitism adus\u0103 at\u00e2t de des C\u0103pitanului \u0219i legionarilor!<\/p>\n<p style=\"text-align: justify;\">A acuza, a-i imputa unui personaj important din istoria Rom\u00e2niei c\u0103 nu este \u201erom\u00e2n curat\u201d este un act de rasism stupid! Nu de na\u021bionalism, ci de \u0219ovinism prost\u0103nac, dezgust\u0103tor! Spre cinstea lor, legionarii nu s-au demobilizat din pricina originii str\u0103ine a C\u0103pitanului, dac\u0103 chiar despre a\u0219a ceva este vorba! \u0218i l-au urmat pe C\u0103pitan, cuceri\u021bi de ideile acestuia, de modelul uman \u00eentruchipat! Ce oameni de isprav\u0103 au mai putut fi ace\u0219ti legionari!, \u00ee\u021bi vine s\u0103 zici dup\u0103 ce cite\u0219ti paginile Tatianei N. dedicate alogenului na\u021bionalist!<\/p>\n<p style=\"text-align: justify;\">Marele Zelea Codreanu nu era deloc rom\u00e2n? Ei, \u0219i? Dac\u0103 un personaj at\u00e2t de deosebit, extraordinar \u00een toate privin\u021bele, a decis, a ales s\u0103 fie rom\u00e2n \u0219i nu alt neam, eu, ca rom\u00e2n na\u021bionalist ce m\u0103 str\u0103dui s\u0103 fiu, tr\u0103iesc o mare satisfac\u021bie! A\u0219adar, a fi rom\u00e2n este un statut atr\u0103g\u0103tor pentru oameni excep\u021bionali ca Zelea Codreanu?!\u2026 P\u0103i mai mult ce s\u0103 cer de la via\u021b\u0103?!\u2026<\/p>\n<p style=\"text-align: justify;\">Pentru mine e de neimaginat ac\u021biunea C\u0103pitanului \u00een afara spa\u021biului rom\u00e2nesc! Repet: C\u0103pitanul nu poate fi g\u00e2ndit \u00een afara Neamului rom\u00e2nesc! Iar aderen\u021ba publicului rom\u00e2nesc la inten\u021biile \u0219i programul de reform\u0103 spiritual\u0103 conceput de Zelea Codreanu este una dintre performan\u021bele cele mai impresionante ale poporului rom\u00e2n \u00een epoca sa modern\u0103! Afirm cu toat\u0103 sinceritatea \u0219i \u00een cuno\u0219tin\u021b\u0103 de subiect: Corneliu Zelea Codreanu nu putea s\u0103 apar\u0103, s\u0103 existe, dec\u00e2t \u00een spa\u021biul rom\u00e2nesc! Ca \u0219i Eminescu!\u2026<\/p>\n<p style=\"text-align: justify;\">Recomand acest ra\u021bionament, acest mod de a pune problema, \u00een toate situa\u021biile asem\u0103n\u0103toare! Detractorii neamului rom\u00e2nesc sunt instrui\u021bi s\u0103 pun\u0103 la \u00eendoial\u0103 etnia rom\u00e2neasc\u0103 a marilor figuri care onoreaz\u0103 neamul rom\u00e2nesc!\u2026 Mi-aduc bine aminte, dup\u0103 ce Nadia Com\u0103neci, la Montreal, ajunsese idolul planetei, la Europa Liber\u0103 s-au auzit comentarii care sus\u021bineau c\u0103 nu prea este rom\u00e2nesc numele ei, mai degrab\u0103 ar fi unguresc!\u2026 Mi-au r\u0103mas \u00een minte acele comentarii nevolnice deoarece am \u00een familie, \u00een neam, c\u00e2\u021biva Com\u0103nici!\u2026 De atunci urm\u0103resc cum se desf\u0103\u0219oar\u0103 aceast\u0103 strategie anti-rom\u00e2nesc\u0103 la o sumedenie de profesioni\u0219ti ai minciunii, ai dezinform\u0103rii. \u00cei avertizez public pe compatrio\u021bii mei mai slabi de \u00e2nger, c\u00e2nd vor afla c\u0103 eu, subsemnatul, mare na\u021bionalist ce mi-s, nu prea sunt rom\u00e2n, c\u00e2nd vor ap\u0103rea documentele c\u0103 bunicii mei nu au venit \u00een Dobrogea din Ardeal, ci din Patagonia, s\u0103 r\u0103spund\u0103 la fel: \u201eEi, \u0219i?!\u201d<\/p>\n<p style=\"text-align: justify;\">Preiau un exemplu mai vechi, pe care l-am mai dat: marele rom\u00e2n care a fost Ioan Petru Culianu. Printre \u00eenainta\u0219ii s\u0103i a avut \u0219i un junimist, prea rar amintit de biografi. Iar pe la 1800 a avut \u0219i un grec. (N-o fi fost arom\u00e2n?!) Unul din biografii s\u0103i, Ted Anton mi se pare, insist\u0103 mult pe acest str\u0103mo\u0219 grec! Nu pe bunicul junimist\u2026 Dar la o socoteal\u0103 simpl\u0103, obligat fiind de insinu\u0103rile americanului originar din Grecia, constat c\u0103 dup\u0103 6-7 genera\u021bii Ioan Petru Culianu mai era grec cam 0,75%. S\u0103 mi se ierte vulgaritatea acestui calcul!\u2026<\/p>\n<p style=\"text-align: justify;\">Ce vreau s\u0103 spun \u00een principal este c\u0103 a\u0219a \u00eei recuno\u0219ti foarte bine pe cei care practic\u0103 cu sau f\u0103r\u0103 plat\u0103 anti-rom\u00e2nismul: nu scap\u0103 nicio ocazie s\u0103 men\u021bioneze despre un mare rom\u00e2n dac\u0103 nu este rom\u00e2n \u201ecurat\u201d! Insinu\u00e2nd c\u0103 gena alogen\u0103 ar explica performan\u021bele compatriotului nostru!\u2026<\/p>\n<p style=\"text-align: justify;\">Mai zic o vorb\u0103 \u00een aceast\u0103 ordine de idei \u0219i rog s\u0103 fie \u021binut\u0103 minte: rom\u00e2nii care s-au ilustrat \u00een istoria \u0219i cultura altor popoare, a popoarelor \u00eenvecinate mai ales, sunt mult mai mul\u021bi dec\u00e2t rom\u00e2nii alogeni care sunt trecu\u021bi \u00een Analele Rom\u00e2ne\u0219ti!<\/p>\n<p style=\"text-align: justify;\">Cred c\u0103 discu\u021biile pe acest subiect, al na\u021bionalit\u0103\u021bii C\u0103pitanului, constituie \u00een cartea doamnei T.N., punctul cel mai de jos atins pe parcursul textului. E \u0219i asta o reu\u0219it\u0103!\u2026<\/p>\n<p style=\"text-align: justify;\">Reu\u0219ita cea mai mare a textului este alta, sper. \u0218i anume m-a f\u0103cut s\u0103-mi dau seama cam ce fel de text ne lipse\u0219te din bibliografia dedicat\u0103 C\u0103pitanului! Dac\u0103 voi mai avea zilele necesare, al Naibii s\u0103 fie cine nu-l scrie!\u2026<\/p>\n<p style=\"text-align: justify;\">Mul\u021bumesc, deci, Tatiana doamn\u0103! Nu-mi pare r\u0103u c\u0103 \u021bi-am citit cartea! Felicit\u0103ri!<\/p>\n<p style=\"text-align: justify;\">\u00cen concluzie, nu exist\u0103 autor capabil s\u0103 abordeze orice subiect! Un ins idealist, preocupat p\u00e2n\u0103 la sacrificiu de izb\u00e2nda binelui \u0219i a drept\u0103\u021bii, cum a fost C\u0103pitanul, nu are nicio \u0219ans\u0103 s\u0103 fie \u00een\u021beles \u0219i acceptat de mentalitatea mercificatoare, oportunist\u0103, meschin\u0103 a unor mercenari ai scrisului. Cine nu este capabil s\u0103 se cutremure c\u00e2nd ia cuno\u0219tin\u021b\u0103 de destinul C\u0103pitanului, nu este \u00een stare s\u0103 se bucure, s\u0103 se minuneze c\u0103 s-a ivit printre noi, \u00een zilele noastre, un asemenea erou, \u0219i s\u0103 sufere pentru c\u0103 \u00eenc\u0103 o dat\u0103 \u201en-a fost s\u0103 fie\u201d, nu are cum s\u0103-\u0219i aproprie mecanismele intelectuale \u0219i suflete\u0219ti care au generat comportamentul de legionar! Faptele unice, de eroism \u0219i jertf\u0103, ale camarazilor C\u0103pitanului. Tatiana Niculescu este exemplar\u0103 pentru aceast\u0103 neputin\u021b\u0103 funciar\u0103! Folcloric spus, nu \u0219i-a v\u0103zut lungul nasului!<\/p>\n<p style=\"text-align: justify;\">&#8212;&#8212;&#8212;&#8212;&#8212;&#8212;&#8212;<\/p>\n<p style=\"text-align: justify;\"><strong>Ion COJA<\/strong><\/p>\n<p style=\"text-align: justify;\"><strong>27 ianuarie 2018<\/strong><\/p>\n<p style=\"text-align: justify;\">Sursa: http:\/\/ioncoja.ro\/apologia-involuntara-a-capitanului-facuta-de-tatiana-niculescu\/<strong><\/strong><\/p>\n","protected":false},"excerpt":{"rendered":"<p>Mult\u0103 lume m-a \u00eentrebat ce p\u0103rere am despre cartea doamnei Tatiana Niculescu dedicat\u0103 lui Corneliu Zelea Codreanu \u0219i camarazilor s\u0103i. [&#038;hellip<\/p>\n","protected":false},"author":1,"featured_media":0,"comment_status":"closed","ping_status":"closed","sticky":false,"template":"","format":"standard","meta":{"footnotes":""},"categories":[3],"tags":[],"class_list":["post-35305","post","type-post","status-publish","format-standard","hentry","category-articole"],"_links":{"self":[{"href":"https:\/\/www.marianagurza.ro\/blog\/wp-json\/wp\/v2\/posts\/35305","targetHints":{"allow":["GET"]}}],"collection":[{"href":"https:\/\/www.marianagurza.ro\/blog\/wp-json\/wp\/v2\/posts"}],"about":[{"href":"https:\/\/www.marianagurza.ro\/blog\/wp-json\/wp\/v2\/types\/post"}],"author":[{"embeddable":true,"href":"https:\/\/www.marianagurza.ro\/blog\/wp-json\/wp\/v2\/users\/1"}],"replies":[{"embeddable":true,"href":"https:\/\/www.marianagurza.ro\/blog\/wp-json\/wp\/v2\/comments?post=35305"}],"version-history":[{"count":2,"href":"https:\/\/www.marianagurza.ro\/blog\/wp-json\/wp\/v2\/posts\/35305\/revisions"}],"predecessor-version":[{"id":35308,"href":"https:\/\/www.marianagurza.ro\/blog\/wp-json\/wp\/v2\/posts\/35305\/revisions\/35308"}],"wp:attachment":[{"href":"https:\/\/www.marianagurza.ro\/blog\/wp-json\/wp\/v2\/media?parent=35305"}],"wp:term":[{"taxonomy":"category","embeddable":true,"href":"https:\/\/www.marianagurza.ro\/blog\/wp-json\/wp\/v2\/categories?post=35305"},{"taxonomy":"post_tag","embeddable":true,"href":"https:\/\/www.marianagurza.ro\/blog\/wp-json\/wp\/v2\/tags?post=35305"}],"curies":[{"name":"wp","href":"https:\/\/api.w.org\/{rel}","templated":true}]}}