{"id":35328,"date":"2018-01-30T16:29:16","date_gmt":"2018-01-30T16:29:16","guid":{"rendered":"http:\/\/www.marianagurza.ro\/blog\/?p=35328"},"modified":"2018-01-30T16:29:16","modified_gmt":"2018-01-30T16:29:16","slug":"stefan-dumitrescu-sa-l-colindam-pe-caragiale","status":"publish","type":"post","link":"https:\/\/www.marianagurza.ro\/blog\/2018\/01\/30\/stefan-dumitrescu-sa-l-colindam-pe-caragiale\/","title":{"rendered":"\u0218tefan DUMITRESCU: S\u0103-l colind\u0103m pe Caragiale"},"content":{"rendered":"<p style=\"text-align: justify;\"><a href=\"http:\/\/www.marianagurza.ro\/blog\/wp-content\/uploads\/2018\/01\/caragiale-1.jpg\"><img loading=\"lazy\" decoding=\"async\" class=\"alignleft size-medium wp-image-35329\" title=\"caragiale-1\" src=\"http:\/\/www.marianagurza.ro\/blog\/wp-content\/uploads\/2018\/01\/caragiale-1-300x180.jpg\" alt=\"\" width=\"300\" height=\"180\" srcset=\"https:\/\/www.marianagurza.ro\/blog\/wp-content\/uploads\/2018\/01\/caragiale-1-300x180.jpg 300w, https:\/\/www.marianagurza.ro\/blog\/wp-content\/uploads\/2018\/01\/caragiale-1.jpg 628w\" sizes=\"auto, (max-width: 300px) 100vw, 300px\" \/><\/a>Au venit S\u0103rb\u0103torile de iarn\u0103, Domnul nostru Iisus Christos, care este na\u0219terea \u0219i venirea continu\u0103 a Domnului pe p\u0103m\u00e2nt, se mai na\u0219te \u00eenc\u0103 o dat\u0103. \u00a0Colind\u0103torii au pornit ca odinioar\u0103 \u00een satele rom\u00e2ne\u0219ti prin \u00a0\u021aar\u0103 s\u0103-i colinde pe marii Scriitori, pe marii Oameni da\u021bi de acest p\u0103m\u00e2nt. Acum ne \u00eendrept\u0103m prin \u00a0n\u0103me\u021bii pufo\u0219i \u0219i \u00eenmiresma\u021bi \u00a0ca ni\u0219te gr\u0103dini uria\u0219e de crini de pe alte t\u0103r\u00e2muri s\u0103 ajungem la Haimanale \u00a0s\u0103-l colind\u0103m pe Marele Caragiale. Auzi\u021bi cum sun\u0103 zurg\u0103l\u0103ii, cum pocnesc ur\u0103torii din bice, cum vine de departe t\u00e2nguiosul sunet de corn. Haide\u021bi s\u0103-l colind\u0103m cu to\u021bii, scriitori, copii, to\u021bi rom\u00e2nii pe \u00a0nenea Iancu, s\u0103 se scoale din mor\u021bi !<\/p>\n<p>&nbsp;<\/p>\n<p><strong>S\u0102-L COLIND\u0102M PE CARAGIALE<\/strong><\/p>\n<p align=\"center\"><strong>\u00a0<\/strong><\/p>\n<p>\u00a0O, lerui, ler<\/p>\n<p>E s\u0103rb\u0103toare-n cetate,<\/p>\n<p>Ninge din cer,<\/p>\n<p>Cu colinde bogate,<\/p>\n<p>&nbsp;<\/p>\n<p>O, lerui, ler,<\/p>\n<p>La Haimanale,<\/p>\n<p>Vin s\u0103-l colinde<\/p>\n<p>De pretutindeni,<\/p>\n<p>Pe Caragiale,<\/p>\n<p>&nbsp;<\/p>\n<p>Profesori \u015fi critici,<\/p>\n<p>\u015ei cititori<\/p>\n<p>Vin s\u0103-l colinde,<\/p>\n<p>Cu buchete de flori,<\/p>\n<p>&nbsp;<\/p>\n<p><!--more-->Vin s\u0103 se plece,<\/p>\n<p>\u00cen fa\u0163a lui,<\/p>\n<p>S\u0103-i mul\u0163umeasc\u0103,<\/p>\n<p>\u015ei s\u0103-l sl\u0103veasc\u0103,<\/p>\n<p>Lerui, lerui !<\/p>\n<p>&nbsp;<\/p>\n<p>O, lerui, ler,<\/p>\n<p>Vremea-i b\u0103tr\u00e2n\u0103,<\/p>\n<p>E s\u0103rb\u0103toare \u00eenalt\u0103,<\/p>\n<p>\u00cen cultura rom\u00e2n\u0103,<\/p>\n<p>&nbsp;<\/p>\n<p>Din toat\u0103 lumea,<\/p>\n<p>Lerui, lerui<\/p>\n<p>Vin s\u0103-l sl\u0103veasc\u0103,<\/p>\n<p>Personajele lui,<\/p>\n<p>&nbsp;<\/p>\n<p>\u015ei s\u0103-l colinde,<\/p>\n<p>O, lerui, ler,<\/p>\n<p>Aici pe p\u0103m\u00e2nt,<\/p>\n<p>\u015ei-acolo-n cer<\/p>\n<p>&nbsp;<\/p>\n<p>E s\u0103rb\u0103toare,<\/p>\n<p>Dar e \u015fi jale,<\/p>\n<p>O \u0163ar\u0103-ntreag\u0103-l colind\u0103<\/p>\n<p>Pe\u00a0 Caragiale,<\/p>\n<p>&nbsp;<\/p>\n<p>Cu mult respect<\/p>\n<p>O, lerui ler,<\/p>\n<p>\u00ce\u0163i mul\u0163umim,<\/p>\n<p>Drag\u0103 Mon\u015fer<\/p>\n<p>&nbsp;<\/p>\n<p>Fie ca Steaua,<\/p>\n<p>Ce te-a adus<\/p>\n<p>S\u0103 str\u0103luceasc\u0103<\/p>\n<p>\u00cen veci, mai sus,<\/p>\n<p>&nbsp;<\/p>\n<p>O, lerui, ler<\/p>\n<p>Spre Rai apuc\u0103m,<\/p>\n<p>Pe nenea Iancu,<\/p>\n<p>S\u0103-l colind\u0103m,<\/p>\n<p>&nbsp;<\/p>\n<p>R\u0103sun\u0103 \u0163ara,<\/p>\n<p>De at\u00e2tea colinde,<\/p>\n<p>Gloria lui,<\/p>\n<p>In lume se-ntinde !<\/p>\n<p>&nbsp;<\/p>\n<p>O, lerui, ler<\/p>\n<p>E zi sf\u00e2nt\u0103-n cetate,<\/p>\n<p>Ninge din cer,<\/p>\n<p>Cu colinde bogate !<\/p>\n<p>&#8212;&#8212;&#8212;&#8212;&#8212;&#8212;&#8212;&#8212;&#8212;&#8212;&#8212;-<\/p>\n<p><strong>\u0218tefan DUMITRESCU<\/strong><\/p>\n<p><strong>30 ianuarie 2018<\/strong><\/p>\n<p><strong>Sursa: <a href=\"http:\/\/www.stefandumitrescu.com\/\">http:\/\/www.stefandumitrescu.com\/<\/a><\/strong><\/p>\n<p><strong>\u00a0<\/strong><\/p>\n<p><strong><br \/>\n<\/strong><\/p>\n","protected":false},"excerpt":{"rendered":"<p>Au venit S\u0103rb\u0103torile de iarn\u0103, Domnul nostru Iisus Christos, care este na\u0219terea \u0219i venirea continu\u0103 a Domnului pe p\u0103m\u00e2nt, se [&#038;hellip<\/p>\n","protected":false},"author":1,"featured_media":0,"comment_status":"closed","ping_status":"closed","sticky":false,"template":"","format":"standard","meta":{"footnotes":""},"categories":[3,6],"tags":[],"class_list":["post-35328","post","type-post","status-publish","format-standard","hentry","category-articole","category-linkuri-externe"],"_links":{"self":[{"href":"https:\/\/www.marianagurza.ro\/blog\/wp-json\/wp\/v2\/posts\/35328","targetHints":{"allow":["GET"]}}],"collection":[{"href":"https:\/\/www.marianagurza.ro\/blog\/wp-json\/wp\/v2\/posts"}],"about":[{"href":"https:\/\/www.marianagurza.ro\/blog\/wp-json\/wp\/v2\/types\/post"}],"author":[{"embeddable":true,"href":"https:\/\/www.marianagurza.ro\/blog\/wp-json\/wp\/v2\/users\/1"}],"replies":[{"embeddable":true,"href":"https:\/\/www.marianagurza.ro\/blog\/wp-json\/wp\/v2\/comments?post=35328"}],"version-history":[{"count":2,"href":"https:\/\/www.marianagurza.ro\/blog\/wp-json\/wp\/v2\/posts\/35328\/revisions"}],"predecessor-version":[{"id":35331,"href":"https:\/\/www.marianagurza.ro\/blog\/wp-json\/wp\/v2\/posts\/35328\/revisions\/35331"}],"wp:attachment":[{"href":"https:\/\/www.marianagurza.ro\/blog\/wp-json\/wp\/v2\/media?parent=35328"}],"wp:term":[{"taxonomy":"category","embeddable":true,"href":"https:\/\/www.marianagurza.ro\/blog\/wp-json\/wp\/v2\/categories?post=35328"},{"taxonomy":"post_tag","embeddable":true,"href":"https:\/\/www.marianagurza.ro\/blog\/wp-json\/wp\/v2\/tags?post=35328"}],"curies":[{"name":"wp","href":"https:\/\/api.w.org\/{rel}","templated":true}]}}