{"id":35338,"date":"2018-01-30T19:10:00","date_gmt":"2018-01-30T19:10:00","guid":{"rendered":"http:\/\/www.marianagurza.ro\/blog\/?p=35338"},"modified":"2018-01-30T19:11:40","modified_gmt":"2018-01-30T19:11:40","slug":"vavila-popovici-ambat-artag-si-partag-modestie-%e2%80%93-canci","status":"publish","type":"post","link":"https:\/\/www.marianagurza.ro\/blog\/2018\/01\/30\/vavila-popovici-ambat-artag-si-partag-modestie-%e2%80%93-canci\/","title":{"rendered":"Vavila Popovici: Amb\u00e2\u021b, ar\u021bag \u0219i p\u00e2r\u021bag. Modestie \u2013 Canci !"},"content":{"rendered":"<p style=\"text-align: center;\" align=\"right\"><a href=\"http:\/\/www.marianagurza.ro\/blog\/wp-content\/uploads\/2018\/01\/Citat-Pierre-Beaumarchais-638x338.png\"><img loading=\"lazy\" decoding=\"async\" class=\"size-medium wp-image-35339\" title=\"citat-pierre-beaumarchais-638x338\" src=\"http:\/\/www.marianagurza.ro\/blog\/wp-content\/uploads\/2018\/01\/Citat-Pierre-Beaumarchais-638x338-300x159.png\" alt=\"\" width=\"300\" height=\"159\" srcset=\"https:\/\/www.marianagurza.ro\/blog\/wp-content\/uploads\/2018\/01\/Citat-Pierre-Beaumarchais-638x338-300x159.png 300w, https:\/\/www.marianagurza.ro\/blog\/wp-content\/uploads\/2018\/01\/Citat-Pierre-Beaumarchais-638x338.png 511w\" sizes=\"auto, (max-width: 300px) 100vw, 300px\" \/><\/a><\/p>\n<p style=\"text-align: right;\" align=\"right\"><em>\u201eLipsa modestiei nu este numai o dovad\u0103 clar\u0103 de lips\u0103 de caracter, ci \u0219i o grav\u0103 impolite\u021be \u0219i r\u0103utate fa\u021b\u0103 de cei prezen\u021bi.<\/em><em>\u201d <\/em><\/p>\n<p align=\"right\"><em>Michel de Montaigne<\/em><em><\/em><em><\/em><\/p>\n<p align=\"right\"><em>\u00a0<\/em><\/p>\n<p style=\"text-align: justify;\">\u00a0\u00a0 Am asistat \u00een ultimele s\u0103pt\u0103m\u00e2ni la evenimente, atitudini degradante. Pe scena noastr\u0103 politic\u0103 \u0219i-au jucat rolurile scandalagii, flecarii, actori mediocri plini de ifose, care au urm\u0103rit ob\u021binerea de efecte teatrale cu mijloace de prost gust \u0219i pe care lumea serioas\u0103 \u00eei consider\u0103 cabotini. Citisem \u00een tinere\u021be o carte care se intitula \u201eCabotini \u0219i cabotine\u201d. De ce oare memoria mi-a p\u0103strat at\u00e2t de bine titlul c\u0103r\u021bii? Se vede c\u0103, \u00een creier se fac conexiuni nea\u0219teptate, neuronii lucreaz\u0103&#8230;<\/p>\n<p style=\"text-align: justify;\">\u00a0\u00a0 Concret, Secretarul general adjunct al PSD a declarat, cu o s\u0103pt\u0103m\u00e2n\u0103 \u00een urm\u0103, c\u0103 PSD va modifica \u201emult\u201d Codurile penale \u0219i, \u00eentrebat de ce mini\u0219tri cu probleme penale vor face parte din Cabinetul guvernului, acesta a r\u0103spuns <em>\u201epentru c\u0103 putem\u201d. <\/em>De asemenea, \u00eentrebat dac\u0103 modificarea Codurilor penale va continua, secretarul\u00a0general al PSD a spus: <em>\u201eVor fi modificate Codurile Penale mult. \u00cen sens pozitiv. Societatea civil\u0103 este partea aia mare din Rom\u00e2nia care ne-a votat \u0219i ne-a dat aceast\u0103 \u00eemputernicire\u2026. \u201d.<\/em><\/p>\n<p style=\"text-align: justify;\">\u00a0\u00a0 Dup\u0103 \u0219edin\u021ba Comitetului Executiv Na\u021bional (CExN) al PSD, Pre\u0219edintele PSD a fost \u00eentrebat dac\u0103 vor putea fi mini\u0219tri cei cu dosare penale \u0219i r\u0103spunsul a fost: <em>\u201eAm hot\u0103r\u00e2t s\u0103 ne facem noi Guvernul, \u0219i nu alte institu\u021bii\u201d.<\/em> \u00centrebat dac\u0103 membrii PSD cu dosare penale ar putea face parte din viitorul Guvern, liderul social-democra\u021bilor a r\u0103spuns: <em>\u201eDa\u201d.<\/em><\/p>\n<p style=\"text-align: justify;\">\u00a0\u00a0<!--more--> \u00cemi amintesc c\u0103 am scris c\u00e2ndva despre \u201efudulia\u201d unora. Poate am intitulat altfel eseul, dar aminteam acolo de marele poet latin Vergiliu (70 -19 \u00ee.Hr.) care glosa \u00een Egloga a VIII-a vers 63: <em>\u201eNon omnia possumus omnes\u201d<\/em> (Nu to\u021bi putem de toate). Adic\u0103 pe l\u00e2ng\u0103 voin\u021b\u0103, st\u0103ruin\u021b\u0103 p\u00e2n\u0103 la obr\u0103znicie, exist\u0103 \u0219i neputin\u021bele noastre. Nu-l putem contrazice pe Vergiliu \u0219i nu putem crea alt dicton ca acesta, de exemplu: <em>\u201ePutem face totul!\u201d<\/em> \u0219i nici chiar <em>\u201eTo\u021bi la un loc putem face totul\u201d, \u0219i nici \u201eNe este permis totul\u201d<\/em>. Exist\u0103 o limit\u0103 dat\u0103 de Creator omului, \u00een primul r\u00e2nd av\u00e2nd \u00een vedere timpul vie\u021bii noastre, dar nu numai. \u0218i aceast\u0103 limit\u0103 trebuie \u00een\u021beleas\u0103 \u0219i respectat\u0103. Exist\u0103 apoi o limit\u0103 a bunului sim\u021b al omului, care, de asemenea, trebuie respectat\u0103, pentru a nu lovi \u00een ceilal\u021bi \u0219i a crea haos.\u00a0Orice progres al unei societ\u0103\u021bi a fost ob\u021binut prin st\u0103ruin\u021b\u0103, dar cu modestie, f\u0103r\u0103 grab\u0103 \u0219i \u00eeng\u00e2mfare, ci analiz\u00e2nd \u0219i g\u00e2ndind ra\u021bional, adic\u0103 folosind inteligen\u021ba la maximum \u0219i trec\u00e2nd totul prin suflet. A\u0219a s-a ajuns la concluzia c\u0103 este bine s\u0103 adop\u021bi modestia \u00een ac\u021biuni, consider\u00e2nd-o ca o virtute. Modestia sincer\u0103, bazat\u0103 pe o inteligen\u021b\u0103 superioar\u0103 apar\u021bine, sus\u021binea cineva, \u201eoamenilor mari\u201d, pe care, din p\u0103cate, nu \u00eei avem \u00een zilele noastre, \u00een politic\u0103. Ar fi \u0219i ridicol! Cum i-ar sta unui \u201eom mare\u201d \u00eentre \u201epitici\u201d?<\/p>\n<p style=\"text-align: justify;\">\u00a0\u00a0 \u00cenc\u0103p\u0103\u021b\u00e2n\u0103ri, accese de furie, toane, gust de ceart\u0103 \u0219i jigniri. Amb\u00e2\u021b, ar\u021bag \u0219i p\u00e2r\u021bag. Modestie \u2013 canci! Dar tot ar\u021bagul \u00ee\u0219i are p\u00e2r\u021bagul, se \u00een\u021belege din proverbul rom\u00e2nesc: <em>\u201eOrice na\u0219 \u00ee\u0219i are na\u0219ul\u201d.<\/em> \u0218i iat\u0103 c\u0103 la vorbele cum c\u0103 ministrul educa\u021biei ar fi \u021binut un discurs plin de dezacorduri gramaticale, a intervenit secretarul adjunct al PSD: <em>\u201eDac\u0103 ie\u0219im cu aceast\u0103 propunere \u00een fa\u021ba electoratului, vom avea mai probleme. Voi, cei care \u00eel sus\u021bine\u021bi pe rector, nu o s\u0103 pute\u021bi explica&#8221;.<\/em><\/p>\n<p style=\"text-align: justify;\">De aici a ie\u0219it dialogul uluitor \u00eentre cei doi, Pre\u0219edinte \u0219i Secretar:<\/p>\n<p style=\"text-align: justify;\"><strong>&#8211; <\/strong><em>Nu \u00eei faci un bine lui Cati (de la Ecaterina) cu vorbele astea. (Vai, ce atmosfer\u0103 de familie\u00a0!)<\/em><\/p>\n<p style=\"text-align: justify;\"><strong>&#8211; De ce \u00ee\u021bi permi\u021bi s\u0103 m\u0103 \u00eentrerupi?<\/strong><em><\/em><\/p>\n<p style=\"text-align: justify;\"><strong>&#8211; <\/strong><em>\u00cemi permit pentru c\u0103 pot. (Altul care poate\u00a0!)<\/em><\/p>\n<p style=\"text-align: justify;\"><strong>&#8211; \u0218i eu pot s\u0103 te \u00eentrerup. Pot s\u0103 spun lucruri nespuse care te \u00eentrerup pe tine de tot.<\/strong><em><\/em><\/p>\n<p style=\"text-align: justify;\"><strong>&#8211; <\/strong><em>Te \u00eentrerup pentru c\u0103 sunt \u00eenc\u0103 pre\u0219edintele partidului. (spuse cel <\/em>frumos caracterizat de un jurnalist &#8211;<em> \u201ec<\/em><em>u musta\u021b\u0103 ergodanian\u0103 \u0219i z\u00e2mbet perfid putinian\u201d), <\/em><em><\/em><\/p>\n<p style=\"text-align: justify;\"><strong>&#8211; <\/strong><em>\u00cenc\u0103!<\/em><\/p>\n<p style=\"text-align: justify;\"><em>\u00a0\u00a0 Auzi, domnule \u2013 \u201e\u00eenc\u0103!\u201d O fi \u0219tiind omul ceva!<\/em><em><\/em><\/p>\n<p style=\"text-align: justify;\">\u00a0\u00a0 Ar\u021bagul \u0219i p\u00e2r\u021bagul provin din egoism, din lipsa de modestie, ifose, \u00eenfumurare \u0219i duc la dispre\u021bul fa\u021b\u0103 de ceilal\u021bi, la invidie, ur\u0103 \u0219i alte multe rele, care, dac\u0103 pun st\u0103p\u00e2nire pe sufletul cuiva, \u00eel fac din om, neom; \u00eel fac fiar\u0103, \u00eenc\u00e2t calc\u0103 \u00een picioare orice lege, tot ce e mai curat \u0219i mai sf\u00e2nt pe lumea aceasta.<\/p>\n<p style=\"text-align: justify;\">\u00a0\u00a0 Miercuri, 24 ianuarie, Comisia European\u0103 s-a declarat \u201e\u00eengrijorat\u0103\u201d \u00een leg\u0103tur\u0103 cu evolu\u021biile recente din Rom\u00e2nia privind independen\u021ba sistemului judiciar, cer\u00e2nd Parlamentului de la Bucure\u0219ti\u00a0\u201es\u0103 reg\u00e2ndeasc\u0103 ac\u021biunile propuse, s\u0103 lanseze dezbaterea conform recomand\u0103rilor Comisiei \u0219i s\u0103 construiasc\u0103 un consens la scar\u0103 larg\u0103 cu privire la calea de urmat\u201d, referire la legile justi\u021biei.<\/p>\n<p style=\"text-align: justify;\">\u00a0\u00a0 C\u00e2teva ore mai t\u00e2rziu, cei doi pre\u0219edin\u021bi ai partidelor aliate, PSD \u0219i ALDE, au transmis o scrisoare\u00a0pre\u0219edintelui \u0219i prim vice pre\u0219edintelui Comisiei Europene, \u00een care catalogheaz\u0103 preocup\u0103rile Bruxelles-ului privind legile justi\u021biei drept \u201esurprinz\u0103toare\u201d, suger\u00e2nd c\u0103 nu sunt bine informa\u021bi. \u201e<em>Ne exprim\u0103m \u00eengrijorarea cu privire la modul incorect \u00een\u00a0care a fost informat\u0103 Comisia European\u0103 \u00een ceea ce prive\u0219te transparen\u021ba\u00a0dezbaterilor pe tema justi\u021biei din Rom\u00e2nia\u201d, <\/em>ar\u0103tau pre\u0219edin\u021bii celor dou\u0103 Camere \u00een scrisoare.<\/p>\n<p style=\"text-align: justify;\">\u00a0\u00a0 Mai mult, din ziarul \u201eG\u00e2ndul\u201d afl\u0103m c\u0103 liderul PSD, \u00eentrebat, la Antena 3, cum \u00ee\u0219i explic\u0103 pozi\u021bia critic\u0103 a pre\u0219edintelui \u0219i prim vicepre\u0219edintelui Comisiei Europene, referitoare la legile justi\u021biei, a r\u0103spuns: <em>\u201ePic\u0103tur\u0103 cu pic\u0103tur\u0103, minciun\u0103 dus\u0103 pic\u0103tur\u0103 cu pic\u0103tur\u0103 \u0219i de aici din \u021bar\u0103 \u0219i de la Bruxelles \u0219i de c\u0103tre europarlamentari, dar \u0219i de c\u0103tre func\u021bionari de acolo. \u00cei spune domnului comisar, \u00eei spune domnului director general \u0219i se creeaz\u0103, a\u0219a, o re\u021bea\u201d. <\/em>Iat\u0103, pe l\u00e2ng\u0103 obsesia \u201estatului paralel\u201d, a ap\u0103rut \u0219i cea a \u201ere\u021belei\u201d.<\/p>\n<p style=\"text-align: justify;\">\u00a0\u00a0 Comisia European\u0103 (CE) a transmis, \u00een replic\u0103, c\u0103 sunt bine informa\u021bi \u00een ceea ce prive\u0219te modificarea legilor justi\u021biei: <em>\u201e<\/em><em>Comisia European\u0103 nu face comentarii despre comentarii. Mai mult, ca un context general, <\/em><em>Comisia a urm\u0103rit \u00eendeaproape procesul parlamentar din Rom\u00e2nia \u0219i evolu\u021bia discu\u021biilor asupra acestor legi \u00een decurs de mai multe luni. Suntem foarte bine informa\u021bi despre acest proces, despre mizele care sunt \u00een joc \u0219i despre poten\u021biale riscuri. Suntem \u00een contact cu Guvernul, Parlamentul, sistemul judiciar \u0219i societatea civil\u0103 din Rom\u00e2nia, \u00een cadrul Mecanismului de Cooperare \u0219i Verificare<\/em>\u201d.<\/p>\n<p style=\"text-align: justify;\">\u00a0\u00a0 Ce vor mai preg\u0103ti cusurgiii no\u0219tri? Aten\u021bie, dreg\u0103torilor, cusurgiilor\u00a0! Orice ar\u021bag na\u0219te p\u00e2r\u021bag! Orice na\u0219 \u00ee\u0219i are na\u0219ul\u00a0!<\/p>\n<p style=\"text-align: justify;\">&#8212;&#8212;&#8212;&#8212;&#8212;&#8212;&#8212;&#8212;&#8212;&#8212;-<\/p>\n<p style=\"text-align: justify;\">\u00a0<strong>Vavila Popovici<\/strong><strong><\/strong><\/p>\n<p style=\"text-align: justify;\"><strong>Carolina de Nord<\/strong><\/p>\n<p style=\"text-align: justify;\"><strong>30 ianuarie 2018<\/strong><\/p>\n","protected":false},"excerpt":{"rendered":"<p>\u201eLipsa modestiei nu este numai o dovad\u0103 clar\u0103 de lips\u0103 de caracter, ci \u0219i o grav\u0103 impolite\u021be \u0219i r\u0103utate fa\u021b\u0103 [&#038;hellip<\/p>\n","protected":false},"author":1,"featured_media":0,"comment_status":"closed","ping_status":"closed","sticky":false,"template":"","format":"standard","meta":{"footnotes":""},"categories":[3],"tags":[],"class_list":["post-35338","post","type-post","status-publish","format-standard","hentry","category-articole"],"_links":{"self":[{"href":"https:\/\/www.marianagurza.ro\/blog\/wp-json\/wp\/v2\/posts\/35338","targetHints":{"allow":["GET"]}}],"collection":[{"href":"https:\/\/www.marianagurza.ro\/blog\/wp-json\/wp\/v2\/posts"}],"about":[{"href":"https:\/\/www.marianagurza.ro\/blog\/wp-json\/wp\/v2\/types\/post"}],"author":[{"embeddable":true,"href":"https:\/\/www.marianagurza.ro\/blog\/wp-json\/wp\/v2\/users\/1"}],"replies":[{"embeddable":true,"href":"https:\/\/www.marianagurza.ro\/blog\/wp-json\/wp\/v2\/comments?post=35338"}],"version-history":[{"count":4,"href":"https:\/\/www.marianagurza.ro\/blog\/wp-json\/wp\/v2\/posts\/35338\/revisions"}],"predecessor-version":[{"id":35341,"href":"https:\/\/www.marianagurza.ro\/blog\/wp-json\/wp\/v2\/posts\/35338\/revisions\/35341"}],"wp:attachment":[{"href":"https:\/\/www.marianagurza.ro\/blog\/wp-json\/wp\/v2\/media?parent=35338"}],"wp:term":[{"taxonomy":"category","embeddable":true,"href":"https:\/\/www.marianagurza.ro\/blog\/wp-json\/wp\/v2\/categories?post=35338"},{"taxonomy":"post_tag","embeddable":true,"href":"https:\/\/www.marianagurza.ro\/blog\/wp-json\/wp\/v2\/tags?post=35338"}],"curies":[{"name":"wp","href":"https:\/\/api.w.org\/{rel}","templated":true}]}}