{"id":35412,"date":"2018-01-31T17:27:19","date_gmt":"2018-01-31T17:27:19","guid":{"rendered":"http:\/\/www.marianagurza.ro\/blog\/?p=35412"},"modified":"2018-01-31T17:27:19","modified_gmt":"2018-01-31T17:27:19","slug":"camelia-florescu-cutite-de-ger","status":"publish","type":"post","link":"https:\/\/www.marianagurza.ro\/blog\/2018\/01\/31\/camelia-florescu-cutite-de-ger\/","title":{"rendered":"Camelia FLORESCU: Cu\u021bite de ger"},"content":{"rendered":"<p style=\"text-align: center;\"><a href=\"http:\/\/www.marianagurza.ro\/blog\/wp-content\/uploads\/2018\/01\/Camelia-Florescu1.jpg\"><img loading=\"lazy\" decoding=\"async\" class=\"size-medium wp-image-35413\" title=\"camelia-florescu\" src=\"http:\/\/www.marianagurza.ro\/blog\/wp-content\/uploads\/2018\/01\/Camelia-Florescu1-199x300.jpg\" alt=\"\" width=\"199\" height=\"300\" srcset=\"https:\/\/www.marianagurza.ro\/blog\/wp-content\/uploads\/2018\/01\/Camelia-Florescu1-199x300.jpg 199w, https:\/\/www.marianagurza.ro\/blog\/wp-content\/uploads\/2018\/01\/Camelia-Florescu1-682x1024.jpg 682w, https:\/\/www.marianagurza.ro\/blog\/wp-content\/uploads\/2018\/01\/Camelia-Florescu1.jpg 853w\" sizes=\"auto, (max-width: 199px) 100vw, 199px\" \/><\/a><\/p>\n<p><strong>Cu\u021bite de ger <\/strong><\/p>\n<p>&nbsp;<\/p>\n<p>Sub t\u0103lpi simt l\u0103stunii aprin\u0219i s\u0103 m\u0103 duc\u0103<\/p>\n<p>Spre alte meleaguri de maci \u0219i de sori<\/p>\n<p>Sub t\u00e2mple mirarea c\u0103 m\u0103 mai apuc\u0103<\/p>\n<p>S\u0103 umblu prin lume topit\u0103-n viori<\/p>\n<p>&nbsp;<\/p>\n<p>M\u0103 s\u00e2nger, m\u0103 cert, m\u0103\u2013ncrustez \u00een lumin\u0103<\/p>\n<p>\u00cen ochiul de ap\u0103 din care privesc<\/p>\n<p>M\u0103 \u021bip \u00eentr-un fluier \u0219i-n anii lumin\u0103<\/p>\n<p>Ce-ncet, f\u0103r\u0103 veste la t\u00e2mple-mi albesc<\/p>\n<p>&nbsp;<\/p>\n<p>Steril vaiet umbl\u0103 sub ploi \u0219i sub lun\u0103<\/p>\n<p>Gr\u0103un\u021bi de minciun\u0103 \u00een noi amor\u021besc<\/p>\n<p>Memorii p\u0103streaz\u0103 dureri \u0219i r\u0103zbun\u0103<\/p>\n<p>Iubirea sub care timid \u00eencol\u021besc<\/p>\n<p>&nbsp;<\/p>\n<p>M\u0103 uit peste v\u00e2sle \u0219i-n z\u0103ri simt furtuna<\/p>\n<p>M\u0103 beau din izvoare de sc\u00e2ncet lutos<\/p>\n<p>Cu cerbi m\u0103-nso\u021besc \u00een urcu\u0219 totdeauna<\/p>\n<p>Cu\u021bite de ger taie cea\u021ba\u00a0 spre os<\/p>\n<p>&#8212;&#8212;&#8212;&#8212;&#8212;&#8212;&#8212;&#8212;&#8212;&#8212;&#8211;<\/p>\n<p><strong>Camelia FLORESCU<\/strong><\/p>\n<p><strong>Bucure\u0219ti<\/strong><\/p>\n<p><strong>31 ianuarie 2018<\/strong><strong><\/strong><\/p>\n","protected":false},"excerpt":{"rendered":"<p>Cu\u021bite de ger &nbsp; Sub t\u0103lpi simt l\u0103stunii aprin\u0219i s\u0103 m\u0103 duc\u0103 Spre alte meleaguri de maci \u0219i de sori [&#038;hellip<\/p>\n","protected":false},"author":1,"featured_media":0,"comment_status":"closed","ping_status":"closed","sticky":false,"template":"","format":"standard","meta":{"footnotes":""},"categories":[3],"tags":[],"class_list":["post-35412","post","type-post","status-publish","format-standard","hentry","category-articole"],"_links":{"self":[{"href":"https:\/\/www.marianagurza.ro\/blog\/wp-json\/wp\/v2\/posts\/35412","targetHints":{"allow":["GET"]}}],"collection":[{"href":"https:\/\/www.marianagurza.ro\/blog\/wp-json\/wp\/v2\/posts"}],"about":[{"href":"https:\/\/www.marianagurza.ro\/blog\/wp-json\/wp\/v2\/types\/post"}],"author":[{"embeddable":true,"href":"https:\/\/www.marianagurza.ro\/blog\/wp-json\/wp\/v2\/users\/1"}],"replies":[{"embeddable":true,"href":"https:\/\/www.marianagurza.ro\/blog\/wp-json\/wp\/v2\/comments?post=35412"}],"version-history":[{"count":2,"href":"https:\/\/www.marianagurza.ro\/blog\/wp-json\/wp\/v2\/posts\/35412\/revisions"}],"predecessor-version":[{"id":35415,"href":"https:\/\/www.marianagurza.ro\/blog\/wp-json\/wp\/v2\/posts\/35412\/revisions\/35415"}],"wp:attachment":[{"href":"https:\/\/www.marianagurza.ro\/blog\/wp-json\/wp\/v2\/media?parent=35412"}],"wp:term":[{"taxonomy":"category","embeddable":true,"href":"https:\/\/www.marianagurza.ro\/blog\/wp-json\/wp\/v2\/categories?post=35412"},{"taxonomy":"post_tag","embeddable":true,"href":"https:\/\/www.marianagurza.ro\/blog\/wp-json\/wp\/v2\/tags?post=35412"}],"curies":[{"name":"wp","href":"https:\/\/api.w.org\/{rel}","templated":true}]}}