{"id":36082,"date":"2018-02-25T10:48:18","date_gmt":"2018-02-25T10:48:18","guid":{"rendered":"http:\/\/www.marianagurza.ro\/blog\/?p=36082"},"modified":"2018-02-25T11:58:27","modified_gmt":"2018-02-25T11:58:27","slug":"anna-nora-rotaru-poesis-6","status":"publish","type":"post","link":"https:\/\/www.marianagurza.ro\/blog\/2018\/02\/25\/anna-nora-rotaru-poesis-6\/","title":{"rendered":"Anna-Nora ROTARU: Poesis"},"content":{"rendered":"<p style=\"text-align: center;\"><a href=\"http:\/\/www.marianagurza.ro\/blog\/wp-content\/uploads\/2018\/02\/NOAPTE-DE-IARNA-pictura-personala-pe-panza-in-ulei-dimensiuni-110-x-90-cm-din-volumul-de-picturi-si-poezii-Ut-pictura-poesis.jpg\"><img loading=\"lazy\" decoding=\"async\" class=\"size-medium wp-image-36089\" title=\"noapte-de-iarna-pictura-personala-pe-panza-in-ulei-dimensiuni-110-x-90-cm-din-volumul-de-picturi-si-poezii-ut-pictura-poesis\" src=\"http:\/\/www.marianagurza.ro\/blog\/wp-content\/uploads\/2018\/02\/NOAPTE-DE-IARNA-pictura-personala-pe-panza-in-ulei-dimensiuni-110-x-90-cm-din-volumul-de-picturi-si-poezii-Ut-pictura-poesis-300x199.jpg\" alt=\"\" width=\"300\" height=\"199\" srcset=\"https:\/\/www.marianagurza.ro\/blog\/wp-content\/uploads\/2018\/02\/NOAPTE-DE-IARNA-pictura-personala-pe-panza-in-ulei-dimensiuni-110-x-90-cm-din-volumul-de-picturi-si-poezii-Ut-pictura-poesis-300x199.jpg 300w, https:\/\/www.marianagurza.ro\/blog\/wp-content\/uploads\/2018\/02\/NOAPTE-DE-IARNA-pictura-personala-pe-panza-in-ulei-dimensiuni-110-x-90-cm-din-volumul-de-picturi-si-poezii-Ut-pictura-poesis.jpg 960w\" sizes=\"auto, (max-width: 300px) 100vw, 300px\" \/><\/a><\/p>\n<p style=\"text-align: center;\">&#8216;<em>,,NOAPTE DE IARNA&#8221;\u00a0 de Anna-Nora Rotaru<\/em><\/p>\n<p style=\"text-align: center;\"><em>pictur\u0103 personal\u0103 pe p\u00e2nz\u0103, \u00een ulei,dimensiuni 110 x 90 cm, <\/em><\/p>\n<p style=\"text-align: center;\"><em>din volumul de picturi si poezii\u00a0 ,,Ut pictura poesis &#8221;<\/em><\/p>\n<p style=\"text-align: center;\">*<\/p>\n<p>.<\/p>\n<p>&nbsp;<\/p>\n<p><strong>MAGIA UNEI NOP\u021aI DE IARN\u0102 <\/strong><\/p>\n<p>&nbsp;<\/p>\n<p>E iarn\u0103, t\u0103cere, lini\u0219tea e amor\u021bit\u0103&#8230;<br \/>\nSe prelinge noaptea peste cas\u0103 \u0219i pe geam&#8230;<br \/>\nMi se-mpl\u00e2nt\u0103 o senza\u021bie, ca lam\u0103 ascu\u021bit\u0103,<br \/>\n\u00cen dansul fulgilor de nea, s\u0103 m\u0103 prind \u00eenl\u0103n\u021buit\u0103,<br \/>\nCu florile nop\u021bii-n p\u0103r \u0219i-ale iernii ce str\u00e2ngeam,<br \/>\nS\u0103 le-a\u0219tern pe-al g\u00e2ndului meu ram&#8230;<\/p>\n<p>&nbsp;<\/p>\n<p>Mije\u0219te luna pe bolt\u0103, printre nuferii de nori,<br \/>\nFo\u0219ne\u0219te v\u00e2ntul \u00eenghe\u021bat, tremur\u0103 crengile seci,<br \/>\nSub povara om\u0103tului, din lungile ninsori,<br \/>\nZile-ntregi, pe fruntea nop\u021bii \u0219i-a aurei de zori,<br \/>\n\u00cempr\u0103\u0219tiind difuz lumina palid\u0103 peste poteci,<br \/>\nCu cristaline, razele ei reci&#8230;<\/p>\n<p>&nbsp;<\/p>\n<p>Ce minunat e, m\u0103 duce g\u00e2ndul parc\u0103 \u00een ispit\u0103,<br \/>\nS\u0103 deschid cuf\u0103rul cu amintiri, la tot ce adoram&#8230;<br \/>\nLa visul alb al tinere\u021bii, la iubirea-mi cuib\u0103rit\u0103,<br \/>\nLa tr\u0103irile ce m\u0103 f\u0103ceau odat\u0103, at\u00e2t de fericit\u0103,<br \/>\n\u00cen\u0103l\u021b\u00e2ndu-m\u0103-n v\u00e2rtej, spre culmi de vis zburam,<br \/>\nDe emo\u021bii vibr\u00e2nd m\u0103-nfioram&#8230;<\/p>\n<p>&nbsp;<\/p>\n<p>Privirea-mi se inund\u0103 cu fulgii dalbi ce se topesc,<br \/>\nPreling\u00e2ndu-se pe suflet, argint viu ce-nc\u0103 se zbate&#8230;<br \/>\nTe caut prin ninsori, vreo speran\u021b\u0103 s\u0103-mi c\u00e2rpesc,<br \/>\nPe um\u0103rul t\u0103u s\u0103-mi \u0219ed t\u00e2mpla \u0219i dulce s-a\u021bipesc,<br \/>\nAt\u00e2t c\u00e2t inima din piept voi-va inc\u0103 a mai bate<br \/>\nSI pulsul t\u0103u \u00een s\u00e2nge a-mi str\u0103bate&#8230;.<\/p>\n<p>&nbsp;<\/p>\n<p>&nbsp;<\/p>\n<p><strong>PE FILE DE POVESTE&#8230; <\/strong><\/p>\n<p>&nbsp;<\/p>\n<p>&nbsp;<\/p>\n<p>Se las\u0103 noaptea peste ora\u0219ul pustiit,<br \/>\nDe nu mai vezi, nici om \u0219i nicio vietate&#8230;<br \/>\nNinge, ninge monoton, necontenit,<br \/>\nPeste mormane de z\u0103pad\u0103, fr\u0103m\u00e2ntate&#8230;<\/p>\n<p>&nbsp;<\/p>\n<p>Fulgi dalbi scutur\u0103 cerul, \u00een puzderii,<br \/>\nDe nu mai \u0219tii, de e\u0219ti sau nu, pe trotuar&#8230;<br \/>\n\u00cencol\u021bit fiind prin mrejele t\u0103cerii,<br \/>\nDe-abia mai vezi lumina vreunui felinar !<\/p>\n<p>&nbsp;<\/p>\n<p>Fulgi dalbi scutur\u0103 cerul, \u00een puzderii,<br \/>\nDe nu mai \u0219tii, de e\u0219ti sau nu, pe trotuar&#8230;<br \/>\n\u00cencol\u021bit fiind prin mrejele t\u0103cerii,<br \/>\nDe-abia mai vezi lumina vreunui felinar !<\/p>\n<p>&nbsp;<\/p>\n<p>Te duc doar pa\u0219ii \u00een ne\u0219tire, amor\u021bit,<br \/>\nDe ger \u0219i viscol, l\u0103s\u00e2nd \u00een urm\u0103-\u021bi urme&#8230;<br \/>\nDe singur\u0103tate \u0219i gandul pare \u00eenghi\u021bit,<br \/>\nPe undeva, prin ce\u021buri, s\u0103 se curme&#8230;<\/p>\n<p>&nbsp;<\/p>\n<p>\u0218i mergi, cu pa\u0219i r\u0103t\u0103citori prin noapte,<br \/>\nTe b\u00e2ntuie vreun g\u00e2nd sau visul ne\u00eemplinit&#8230;<br \/>\nDe-at\u00e2ta lini\u0219te, parc-auzi n\u0103luci \u0219i \u0219oapte,<br \/>\nS\u0103-\u021bi spun\u0103 ca te-ndrep\u021bi spre infinit,<\/p>\n<p>&nbsp;<\/p>\n<p>Spre-o alt\u0103 lume, ce pare-ndep\u0103rtat\u0103,<br \/>\n\u00cen urm\u0103-\u021bi, pa\u0219ii disp\u0103r\u00e2nd f\u0103r\u0103 de veste&#8230;<br \/>\nDe tine neafl\u00e2nd, poate nimeni niciodat\u0103,<br \/>\nSau, din amintire, scrisa pe-o fil\u0103 de poveste&#8230;<\/p>\n<p>&nbsp;<\/p>\n<p style=\"text-align: center;\"><a href=\"http:\/\/www.marianagurza.ro\/blog\/wp-content\/uploads\/2018\/02\/DIMINEATA-DE-IARNA-pictura-personala-pe-panza-in-ulei-dimensiuni-90-x-70-cm-din-volumul-de-picturi-si-poezii-Ut-pictura-poesis.jpg\"><img loading=\"lazy\" decoding=\"async\" class=\"size-medium wp-image-36083\" title=\"dimineata-de-iarna-pictura-personala-pe-panza-in-ulei-dimensiuni-90-x-70-cm-din-volumul-de-picturi-si-poezii-ut-pictura-poesis\" src=\"http:\/\/www.marianagurza.ro\/blog\/wp-content\/uploads\/2018\/02\/DIMINEATA-DE-IARNA-pictura-personala-pe-panza-in-ulei-dimensiuni-90-x-70-cm-din-volumul-de-picturi-si-poezii-Ut-pictura-poesis-300x200.jpg\" alt=\"\" width=\"300\" height=\"200\" srcset=\"https:\/\/www.marianagurza.ro\/blog\/wp-content\/uploads\/2018\/02\/DIMINEATA-DE-IARNA-pictura-personala-pe-panza-in-ulei-dimensiuni-90-x-70-cm-din-volumul-de-picturi-si-poezii-Ut-pictura-poesis-300x200.jpg 300w, https:\/\/www.marianagurza.ro\/blog\/wp-content\/uploads\/2018\/02\/DIMINEATA-DE-IARNA-pictura-personala-pe-panza-in-ulei-dimensiuni-90-x-70-cm-din-volumul-de-picturi-si-poezii-Ut-pictura-poesis.jpg 960w\" sizes=\"auto, (max-width: 300px) 100vw, 300px\" \/><\/a><\/p>\n<p style=\"text-align: center;\"><em>,,DIMINEA\u021a\u0102 DE IARN\u0102&#8221; de Anna-Nora ROTARU <\/em><\/p>\n<p style=\"text-align: center;\"><em>pictur\u0103 personal\u0103 pe p\u00e2nz\u0103, \u00een ulei, dimensiuni 90 x 70 cm, <\/em><\/p>\n<p style=\"text-align: center;\"><em>din volumul de picturi si poezii ,,Ut pictura poesis&#8221;<\/em><\/p>\n<p style=\"text-align: center;\">\n<p style=\"text-align: center;\">\n<p><strong>ROZA MI-A-NGHE\u021aAT PL\u00c2NG\u00c2ND<\/strong><\/p>\n<p>&nbsp;<\/p>\n<p><strong>\u00a0<\/strong><\/p>\n<p>A c\u0103zut din cer gr\u0103mad\u0103,<br \/>\nPeste case, \u00een gr\u0103din\u0103,<br \/>\nMantie alb\u0103 de z\u0103pad\u0103,<br \/>\nP\u00e2n\u0103 ziua s\u0103 ne vin\u0103.<\/p>\n<p>&nbsp;<\/p>\n<p>Toat\u0103 noaptea a urlat<br \/>\nViscolul, pr\u0103p\u0103dul mare,<br \/>\nColind\u00e2nd \u00een lung \u0219i-n lat,<br \/>\nC\u00e2t cu ochii vezi \u00een zare.<\/p>\n<p>&nbsp;<\/p>\n<p>Totul parc\u0103-i-ncremenit,<br \/>\nAmor\u021bit \u0219i \u00eenghe\u021bat !<br \/>\nVis de iarn\u0103 prigonit,<br \/>\nPeste satul meu uitat.<\/p>\n<p>&nbsp;<\/p>\n<p>De prin hornuri iese fum,<br \/>\nDe la lemne ce-ard \u00een sobe&#8230;<br \/>\nC\u00e2inii mai url\u0103 \u00een drum,<br \/>\nCucuvaia pl\u00e2nge-a cobe.<\/p>\n<p>&nbsp;<\/p>\n<p>\u00cen clopotni\u021ba cea veche,<br \/>\nBate clopotu-n r\u0103stimp<br \/>\n\u0218i ne-ajunge la ureche,<br \/>\nDezn\u0103dejdea ca un ghimp.<\/p>\n<p>&nbsp;<\/p>\n<p>Flori de ghea\u021b\u0103 pe fereastr\u0103.<br \/>\nAburi dulci de cozonaci,<br \/>\nFac dantel\u0103 a\u0219a m\u0103iastr\u0103,<br \/>\n\u00cempletind frunze de maci.<\/p>\n<p>&nbsp;<\/p>\n<p>Sunt doar trist\u0103 c\u0103-n gr\u0103din\u0103,<br \/>\nPl\u00e2ns\u0103 roza mi-a-nghe\u021bat&#8230;<br \/>\n\u0218i-acum fr\u00e2nt\u0103 de tulpin\u0103,<br \/>\nCapu-n piept \u021bine plecat,<\/p>\n<p>&nbsp;<\/p>\n<p>C\u0103 z\u0103pada viforoas\u0103,<br \/>\nA c\u0103zut fr\u00e2ng\u00e2nd bobocii !<br \/>\nSper c\u0103-mi va ie\u0219i sfioas\u0103,<br \/>\nPrimavar&#8217; l-auzul vocii !<\/p>\n<p>&#8212;&#8212;&#8212;&#8212;&#8212;&#8212;&#8212;&#8212;&#8212;&#8212;&#8212;<\/p>\n<p><strong>Anna-Nora ROTARU<\/strong><\/p>\n<p><strong>Atena, Grecia<\/strong><\/p>\n<p><strong>25 februarie 2018<\/strong><\/p>\n","protected":false},"excerpt":{"rendered":"<p>&#8216;,,NOAPTE DE IARNA&#8221;\u00a0 de Anna-Nora Rotaru pictur\u0103 personal\u0103 pe p\u00e2nz\u0103, \u00een ulei,dimensiuni 110 x 90 cm, din volumul de picturi [&#038;hellip<\/p>\n","protected":false},"author":1,"featured_media":0,"comment_status":"closed","ping_status":"closed","sticky":false,"template":"","format":"standard","meta":{"footnotes":""},"categories":[3],"tags":[],"class_list":["post-36082","post","type-post","status-publish","format-standard","hentry","category-articole"],"_links":{"self":[{"href":"https:\/\/www.marianagurza.ro\/blog\/wp-json\/wp\/v2\/posts\/36082","targetHints":{"allow":["GET"]}}],"collection":[{"href":"https:\/\/www.marianagurza.ro\/blog\/wp-json\/wp\/v2\/posts"}],"about":[{"href":"https:\/\/www.marianagurza.ro\/blog\/wp-json\/wp\/v2\/types\/post"}],"author":[{"embeddable":true,"href":"https:\/\/www.marianagurza.ro\/blog\/wp-json\/wp\/v2\/users\/1"}],"replies":[{"embeddable":true,"href":"https:\/\/www.marianagurza.ro\/blog\/wp-json\/wp\/v2\/comments?post=36082"}],"version-history":[{"count":7,"href":"https:\/\/www.marianagurza.ro\/blog\/wp-json\/wp\/v2\/posts\/36082\/revisions"}],"predecessor-version":[{"id":36085,"href":"https:\/\/www.marianagurza.ro\/blog\/wp-json\/wp\/v2\/posts\/36082\/revisions\/36085"}],"wp:attachment":[{"href":"https:\/\/www.marianagurza.ro\/blog\/wp-json\/wp\/v2\/media?parent=36082"}],"wp:term":[{"taxonomy":"category","embeddable":true,"href":"https:\/\/www.marianagurza.ro\/blog\/wp-json\/wp\/v2\/categories?post=36082"},{"taxonomy":"post_tag","embeddable":true,"href":"https:\/\/www.marianagurza.ro\/blog\/wp-json\/wp\/v2\/tags?post=36082"}],"curies":[{"name":"wp","href":"https:\/\/api.w.org\/{rel}","templated":true}]}}