{"id":36097,"date":"2018-02-26T09:26:42","date_gmt":"2018-02-26T09:26:42","guid":{"rendered":"http:\/\/www.marianagurza.ro\/blog\/?p=36097"},"modified":"2018-02-26T09:27:58","modified_gmt":"2018-02-26T09:27:58","slug":"nicolae-musat-lansarea-antologiei-ascior-2017","status":"publish","type":"post","link":"https:\/\/www.marianagurza.ro\/blog\/2018\/02\/26\/nicolae-musat-lansarea-antologiei-ascior-2017\/","title":{"rendered":"Nicolae MU\u0218AT: Lansarea ANTOLOGIEI ASCIOR 2017 !"},"content":{"rendered":"<p style=\"text-align: justify;\"><a href=\"http:\/\/www.marianagurza.ro\/blog\/wp-content\/uploads\/2018\/02\/28471512_2046737075598529_5153568967676959324_n.jpg\"><img loading=\"lazy\" decoding=\"async\" class=\"alignleft size-medium wp-image-36098\" title=\"28471512_2046737075598529_5153568967676959324_n\" src=\"http:\/\/www.marianagurza.ro\/blog\/wp-content\/uploads\/2018\/02\/28471512_2046737075598529_5153568967676959324_n-150x300.jpg\" alt=\"\" width=\"150\" height=\"300\" srcset=\"https:\/\/www.marianagurza.ro\/blog\/wp-content\/uploads\/2018\/02\/28471512_2046737075598529_5153568967676959324_n-150x300.jpg 150w, https:\/\/www.marianagurza.ro\/blog\/wp-content\/uploads\/2018\/02\/28471512_2046737075598529_5153568967676959324_n.jpg 480w\" sizes=\"auto, (max-width: 150px) 100vw, 150px\" \/><\/a>Lansarea ANTOLOGIEI ASCIOR 2017! Asocia\u021bia ASCIOR \u0219i Consiliul Jude\u021bean pentru Cultur\u0103 \u0219i Art\u0103 v\u0103 invit\u0103 s\u00e2mb\u0103t\u0103 17 Martie, 2018, ora 11 la Amfiteatrul din incinta Muzeului Jude\u021bean Buz\u0103u, la lansarea \u201eAntologiei pentru Civiliza\u021bia Cre\u0219tin\u0103, ASCIOR 2017\u201d Realizator jurist Radu Roxelana, director ASCIOR!<\/p>\n<p style=\"text-align: justify;\">\nVor lua cuv\u00e2ntul distin\u0219i invita\u021bi coautori la Antologie, sec\u021biunea Teologie-Sociologie \u0219i sec\u021biunea Literatur\u0103 din Buz\u0103u \u0219i din \u021bar\u0103, va fi prezent\u0103 \u0219i redactorul \u0219i corectorul final al antologiei, poet Mirela Minu\u021ba din Arad. Va recita poezii din Antologie recitatoarea noastr\u0103 Alexandra Laura Vasile, iar muzica folk va fi asigurat\u0103 de grupul Trio-Vox din Berca \u0219i folkistul Manea Agheana \u00a0din Rm. S\u0103rat.<br \/>\nVor fi prezente televiziuni locale ce vor populariza evenimentul. Peste hotare transmisiunea se va face la Radio ProDiaspora de de domnul Adrian Gelu Radu.<\/p>\n<p style=\"text-align: justify;\">\nUn eveniment foarte important pentru ASCIOR pe care ni-l dorim a fi tratat cu maxim\u0103 prietenie \u0219i participare de to\u021bi prietenii \u0219i simpatizan\u021bii ASCIOR, un eveniment la care ne dorim o implicare maxim\u0103 a membrilor ASCIOR, \u00eentruc\u00e2t este repeti\u021bia general\u0103 pentru Conferin\u021ba Na\u021bional\u0103 pentru Civiliza\u021bia Cre\u0219tin\u0103 pe care o vom sus\u021bine \u00een acest an.<br \/>\n<em>ASCIOR- pentru bucuriile omului!<br \/>\n<\/em>Rog to\u021bi membri \u0219i simpatizan\u021bii ASCIOR s\u0103 distribuie anun\u021bul!<\/p>\n<p style=\"text-align: justify;\">V\u0103 mul\u021bumesc tuturor pentru implicarea \u0219i reu\u0219ita acestui eveniment foarte important al asocia\u021biei ASCIOR!<\/p>\n<p style=\"text-align: justify;\">&#8212;&#8212;&#8212;&#8212;&#8212;&#8212;&#8212;-<\/p>\n<p style=\"text-align: justify;\"><strong>Nicolae MU\u0218AT<\/strong><\/p>\n<p style=\"text-align: justify;\"><strong>Buz\u0103u<\/strong><\/p>\n<p style=\"text-align: justify;\"><strong>26 februarie 2018<\/strong><\/p>\n","protected":false},"excerpt":{"rendered":"<p>Lansarea ANTOLOGIEI ASCIOR 2017! Asocia\u021bia ASCIOR \u0219i Consiliul Jude\u021bean pentru Cultur\u0103 \u0219i Art\u0103 v\u0103 invit\u0103 s\u00e2mb\u0103t\u0103 17 Martie, 2018, ora [&#038;hellip<\/p>\n","protected":false},"author":1,"featured_media":0,"comment_status":"closed","ping_status":"closed","sticky":false,"template":"","format":"standard","meta":{"footnotes":""},"categories":[3],"tags":[],"class_list":["post-36097","post","type-post","status-publish","format-standard","hentry","category-articole"],"_links":{"self":[{"href":"https:\/\/www.marianagurza.ro\/blog\/wp-json\/wp\/v2\/posts\/36097","targetHints":{"allow":["GET"]}}],"collection":[{"href":"https:\/\/www.marianagurza.ro\/blog\/wp-json\/wp\/v2\/posts"}],"about":[{"href":"https:\/\/www.marianagurza.ro\/blog\/wp-json\/wp\/v2\/types\/post"}],"author":[{"embeddable":true,"href":"https:\/\/www.marianagurza.ro\/blog\/wp-json\/wp\/v2\/users\/1"}],"replies":[{"embeddable":true,"href":"https:\/\/www.marianagurza.ro\/blog\/wp-json\/wp\/v2\/comments?post=36097"}],"version-history":[{"count":2,"href":"https:\/\/www.marianagurza.ro\/blog\/wp-json\/wp\/v2\/posts\/36097\/revisions"}],"predecessor-version":[{"id":36100,"href":"https:\/\/www.marianagurza.ro\/blog\/wp-json\/wp\/v2\/posts\/36097\/revisions\/36100"}],"wp:attachment":[{"href":"https:\/\/www.marianagurza.ro\/blog\/wp-json\/wp\/v2\/media?parent=36097"}],"wp:term":[{"taxonomy":"category","embeddable":true,"href":"https:\/\/www.marianagurza.ro\/blog\/wp-json\/wp\/v2\/categories?post=36097"},{"taxonomy":"post_tag","embeddable":true,"href":"https:\/\/www.marianagurza.ro\/blog\/wp-json\/wp\/v2\/tags?post=36097"}],"curies":[{"name":"wp","href":"https:\/\/api.w.org\/{rel}","templated":true}]}}