{"id":36142,"date":"2018-02-27T19:28:27","date_gmt":"2018-02-27T19:28:27","guid":{"rendered":"http:\/\/www.marianagurza.ro\/blog\/?p=36142"},"modified":"2018-02-27T19:28:27","modified_gmt":"2018-02-27T19:28:27","slug":"eleonora-schipor-maria-iliut-privighetoarea-carpatilor","status":"publish","type":"post","link":"https:\/\/www.marianagurza.ro\/blog\/2018\/02\/27\/eleonora-schipor-maria-iliut-privighetoarea-carpatilor\/","title":{"rendered":"Eleonora SCHIPOR: Maria Iliu\u0163- privighetoarea Carpa\u021bilor"},"content":{"rendered":"<p style=\"text-align: justify;\"><a href=\"http:\/\/www.marianagurza.ro\/blog\/wp-content\/uploads\/2018\/02\/\u0411\u0435\u0437-\u043d\u0430\u0437\u0432\u0430\u043d\u0438\u044f-1.jpg\"><img loading=\"lazy\" decoding=\"async\" class=\"alignleft size-full wp-image-36143\" title=\"%d0%b1%d0%b5%d0%b7-%d0%bd%d0%b0%d0%b7%d0%b2%d0%b0%d0%bd%d0%b8%d1%8f-1\" src=\"http:\/\/www.marianagurza.ro\/blog\/wp-content\/uploads\/2018\/02\/\u0411\u0435\u0437-\u043d\u0430\u0437\u0432\u0430\u043d\u0438\u044f-1.jpg\" alt=\"\" width=\"160\" height=\"90\" \/><\/a>De zeci de ori am scris despre aceast\u0103 doamn\u0103 deosebit\u0103 pe paginile ziarelor noastre. O cunosc de mai mul\u021bi ani \u015fi o v\u0103d mereu neschimbat\u0103: t\u00e2n\u0103r\u0103, energic\u0103, talentat\u0103, frumoas\u0103, bl\u00e2nd\u0103, \u00eengeleg\u0103toare \u015fi foarte bun\u0103 la suflet. E vorba de privighetoarea bucovinean\u0103 Maria Iliu\u021b, doamna mun\u021bilor, cum o mai numim noi bucovinenii.<\/p>\n<p style=\"text-align: justify;\">Ne-am cunoscut cu ani \u00een urm\u0103 la comemorarea poetului Ilie Motrescu. Pe urm\u0103 a sus\u0163inut o serie de concerte \u00een Bucovina, la festivaluri, jubilee, s\u0103rb\u0103tori, alte date importante.<\/p>\n<p style=\"text-align: justify;\">\u00cen acest timp am publicat mai multe materiale despre talentata noastr\u0103 cop\u0103m\u00e2ntean\u0103 \u00een diferite ziare \u015fi reviste.<\/p>\n<p style=\"text-align: justify;\">\u00cen 2008 am scos de sub tipar cartea \u201eO privighetoare de munte cu nume de balad\u0103\u201d unde am inclus toate materialele despre renumita artist\u0103 ce au fost publicate \u00een Bucovina, \u00een a doua parte a c\u0103r\u0163ii am inclus mai toat\u0103 \u201eepopeia basarabean\u0103\u201d dedicat\u0103 Mariei Iliu\u0163.<\/p>\n<p style=\"text-align: center;\"><a href=\"http:\/\/www.marianagurza.ro\/blog\/wp-content\/uploads\/2018\/02\/\u0420\u0438\u0441\u0443\u043d\u043e\u043a-3.jpg\"><img loading=\"lazy\" decoding=\"async\" class=\"size-medium wp-image-36144\" title=\"%d1%80%d0%b8%d1%81%d1%83%d0%bd%d0%be%d0%ba-3\" src=\"http:\/\/www.marianagurza.ro\/blog\/wp-content\/uploads\/2018\/02\/\u0420\u0438\u0441\u0443\u043d\u043e\u043a-3-300x196.jpg\" alt=\"\" width=\"300\" height=\"196\" srcset=\"https:\/\/www.marianagurza.ro\/blog\/wp-content\/uploads\/2018\/02\/\u0420\u0438\u0441\u0443\u043d\u043e\u043a-3-300x196.jpg 300w, https:\/\/www.marianagurza.ro\/blog\/wp-content\/uploads\/2018\/02\/\u0420\u0438\u0441\u0443\u043d\u043e\u043a-3-1024x670.jpg 1024w, https:\/\/www.marianagurza.ro\/blog\/wp-content\/uploads\/2018\/02\/\u0420\u0438\u0441\u0443\u043d\u043e\u043a-3.jpg 1796w\" sizes=\"auto, (max-width: 300px) 100vw, 300px\" \/><\/a><\/p>\n<p style=\"text-align: justify;\">Drept mul\u0163umire onorabila doamn\u0103 a sus\u0163inut \u00een vara anului 2008 un frumos \u00a0concert \u00een incinta c\u0103minului cultural din P\u0103tr\u0103u\u0163ii de Jos. Cu c\u00e2\u021biva ani \u00een urm\u0103 a venit din nou la P\u0103tr\u0103u\u0163ii de Jos cu ansamblul ei Crengu\u021b\u0103 de ieder\u0103 de la Universitatea din Chi\u015fin\u0103u. Dumneaei este profesoar\u0103 de folclor la aceast\u0103 institu\u0163ie superioar\u0103 de \u00eenv\u0103\u0163\u0103m\u00e2nt.<\/p>\n<p style=\"text-align: center;\"><a href=\"http:\/\/www.marianagurza.ro\/blog\/wp-content\/uploads\/2018\/02\/\u0420\u0438\u0441\u0443\u043d\u043e\u043a-8.jpg\"><img loading=\"lazy\" decoding=\"async\" class=\"size-medium wp-image-36145\" title=\"%d1%80%d0%b8%d1%81%d1%83%d0%bd%d0%be%d0%ba-8\" src=\"http:\/\/www.marianagurza.ro\/blog\/wp-content\/uploads\/2018\/02\/\u0420\u0438\u0441\u0443\u043d\u043e\u043a-8-300x199.jpg\" alt=\"\" width=\"300\" height=\"199\" srcset=\"https:\/\/www.marianagurza.ro\/blog\/wp-content\/uploads\/2018\/02\/\u0420\u0438\u0441\u0443\u043d\u043e\u043a-8-300x199.jpg 300w, https:\/\/www.marianagurza.ro\/blog\/wp-content\/uploads\/2018\/02\/\u0420\u0438\u0441\u0443\u043d\u043e\u043a-8-1024x680.jpg 1024w, https:\/\/www.marianagurza.ro\/blog\/wp-content\/uploads\/2018\/02\/\u0420\u0438\u0441\u0443\u043d\u043e\u043a-8.jpg 1812w\" sizes=\"auto, (max-width: 300px) 100vw, 300px\" \/><\/a><\/p>\n<p style=\"text-align: justify;\">\u00cen luna februarie a fiec\u0103rui an simpatica doamn\u0103 Maria Iliu\u0163 \u00ee\u015fi s\u0103rb\u0103tore\u015fte ziua de na\u015ftere. O a\u015ftept\u0103m\u00a0 cu noi concerte, cu noi spectacole. \u00cei dorim s\u0103n\u0103tate deplin\u0103, energie, curaj, succese \u015fi tot binele P\u0103m\u00e2ntului. S\u0103-\u0163i fie via\u0163a ca un c\u00e2ntec, ca o poezie, ca o balad\u0103&#8230; \u00cenc\u0103 mul\u0163i ani \u00eenainte s\u0103 ne \u00eenc\u00e2n\u0163i cu vocea-i de privighetoare carpatin\u0103.<\/p>\n<p style=\"text-align: justify;\">La mul\u0163i \u015fi frumo\u015fi ani, stimat\u0103 doamn\u0103 Maria Iliu\u0163!<\/p>\n<p style=\"text-align: justify;\">\n<p style=\"text-align: justify;\">Din partea tuturor bucovinenilor semneaz\u0103,<\/p>\n<p style=\"text-align: justify;\">\n<p style=\"text-align: justify;\"><strong>ELEONORA SCHIPOR<\/strong><\/p>\n<p style=\"text-align: justify;\"><strong>P\u0103tr\u0103u\u021bii de Jos, Ucraina<\/strong><\/p>\n<p style=\"text-align: justify;\"><strong>23 februarie 2018<\/strong><\/p>\n<p style=\"text-align: justify;\">\n<p>&nbsp;<\/p>\n<p style=\"text-align: right;\" align=\"right\">\u00a0\u00a0\u00a0\u00a0\u00a0\u00a0\u00a0\u00a0 *<em>\u00cen foto \u2013 Maria Iliu\u021b la P\u0103tr\u0103u\u021bii de Jos, printre arti\u0219ti \u0219i personalit\u0103\u021bi bucovinene, \u00eempreun\u0103 \u00eentr-o zi de odihn\u0103<\/em><\/p>\n","protected":false},"excerpt":{"rendered":"<p>De zeci de ori am scris despre aceast\u0103 doamn\u0103 deosebit\u0103 pe paginile ziarelor noastre. O cunosc de mai mul\u021bi ani [&#038;hellip<\/p>\n","protected":false},"author":1,"featured_media":0,"comment_status":"closed","ping_status":"closed","sticky":false,"template":"","format":"standard","meta":{"footnotes":""},"categories":[3],"tags":[],"class_list":["post-36142","post","type-post","status-publish","format-standard","hentry","category-articole"],"_links":{"self":[{"href":"https:\/\/www.marianagurza.ro\/blog\/wp-json\/wp\/v2\/posts\/36142","targetHints":{"allow":["GET"]}}],"collection":[{"href":"https:\/\/www.marianagurza.ro\/blog\/wp-json\/wp\/v2\/posts"}],"about":[{"href":"https:\/\/www.marianagurza.ro\/blog\/wp-json\/wp\/v2\/types\/post"}],"author":[{"embeddable":true,"href":"https:\/\/www.marianagurza.ro\/blog\/wp-json\/wp\/v2\/users\/1"}],"replies":[{"embeddable":true,"href":"https:\/\/www.marianagurza.ro\/blog\/wp-json\/wp\/v2\/comments?post=36142"}],"version-history":[{"count":2,"href":"https:\/\/www.marianagurza.ro\/blog\/wp-json\/wp\/v2\/posts\/36142\/revisions"}],"predecessor-version":[{"id":36147,"href":"https:\/\/www.marianagurza.ro\/blog\/wp-json\/wp\/v2\/posts\/36142\/revisions\/36147"}],"wp:attachment":[{"href":"https:\/\/www.marianagurza.ro\/blog\/wp-json\/wp\/v2\/media?parent=36142"}],"wp:term":[{"taxonomy":"category","embeddable":true,"href":"https:\/\/www.marianagurza.ro\/blog\/wp-json\/wp\/v2\/categories?post=36142"},{"taxonomy":"post_tag","embeddable":true,"href":"https:\/\/www.marianagurza.ro\/blog\/wp-json\/wp\/v2\/tags?post=36142"}],"curies":[{"name":"wp","href":"https:\/\/api.w.org\/{rel}","templated":true}]}}