{"id":37,"date":"2011-11-24T10:00:46","date_gmt":"2011-11-24T10:00:46","guid":{"rendered":"http:\/\/www.marianagurza.ro\/blog\/?p=37"},"modified":"2017-12-08T05:49:33","modified_gmt":"2017-12-08T05:49:33","slug":"%e2%80%9ela-mormantul-unui-camarad-vasile-plavan%e2%80%9d","status":"publish","type":"post","link":"https:\/\/www.marianagurza.ro\/blog\/2011\/11\/24\/%e2%80%9ela-mormantul-unui-camarad-vasile-plavan%e2%80%9d\/","title":{"rendered":"\u201eLa morm\u00e2ntul unui camarad (Vasile Pl\u0103van)\u201d"},"content":{"rendered":"<p style=\"text-align: center;\"><a href=\"http:\/\/www.marianagurza.ro\/blog\/wp-content\/uploads\/2011\/11\/Camarazii-voluntari-purtand-pe-umeri-sicriul-cu-trupul-neinsufletit-al-lui-V.Plavan.cernauti-25.ian_.1939.jpg\"><img loading=\"lazy\" decoding=\"async\" title=\"Camarazii voluntari purtand pe umeri sicriul cu trupul neinsufletit al lui V.Plavan.cernauti, 25.ian.1939\" src=\"http:\/\/www.marianagurza.ro\/blog\/wp-content\/uploads\/2011\/11\/Camarazii-voluntari-purtand-pe-umeri-sicriul-cu-trupul-neinsufletit-al-lui-V.Plavan.cernauti-25.ian_.1939.jpg\" alt=\"\" width=\"226\" height=\"157\" \/><\/a><\/p>\n<p style=\"text-align: justify;\">Camarazii voluntari purtand pe umeri sicriul cu trupul neinsufletit al lui V.Plavan.Cernauti, 25.ian.1939<\/p>\n<p style=\"text-align: center;\"><strong>La mormantul unui camarad<\/strong> &#8230;<\/p>\n<p style=\"text-align: justify;\"><em>\u00a0\u00a0\u00a0\u00a0\u00a0\u00a0\u00a0\u00a0\u00a0\u00a0\u00a0\u00a0\u00a0\u00a0\u00a0\u00a0\u00a0\u00a0\u00a0\u00a0\u00a0\u00a0\u00a0 \u201cAvocatul \u015fi ziaristul Vasile Pl\u0103van, \u00eentoarce lutului ce a fost a lutului, &#8211; iar veacului celui f\u0103r\u0103\u00a0\u00a0\u00a0\u00a0 sf\u00e2r\u015fit\u00a0\u00a0 un suflet nep\u0103tat. Dumnezeu Atotputernicul deie odihn\u0103 de rai acestui om care n-a avut parte dec\u00e2t de suferin\u0163\u0103 \u00een bl\u00e2nda-i trecere prin v\u0103ile de resemnare ale vie\u0163ii. \u201c(&#8220;Glasul Bucovinei&#8221;, nr.5535 din 26 ian.1939)<\/em><\/p>\n<p>&nbsp;<\/p>\n<p style=\"text-align: justify;\"><!--more-->\u00abLuni 23 ianuarie anul acesta a murit unul din cei mai cinsti\u0163i \u015fi mai iubi\u0163i ziari\u015fti bucovineni: VASILE PL\u0102VAN. Dup\u0103 o suferin\u0163\u0103 grea \u015fi neiert\u0103toare, dar \u00eenfruntat\u0103 cu lini\u015ftea unui adev\u0103rat cre\u015ftin, avocatul \u015fi ziaristul Vasile Pl\u0103van, \u00eentoarce lutului ce a fost a lutului, \u2014 iar veacului celui f\u0103r\u0103 sf\u00e2r\u015fit un suflet nep\u0103tat. Dumnezeu Atotputernicul deie odihn\u0103 de rai acestui om care n-a avut parte dec\u00e2t de suferin\u0163\u0103 \u00een bl\u00e2nda-i trecere prin v\u0103ile de resemnare ale vie\u0163ii.<br \/>\nCine l-a cunoscut personal \u015fi cine, mai ales, a colaborat cu el, nu-i va putea uita niciodat\u0103 desinteresarea \u015fi r\u00e2vna pe care le punea \u00een toate serviciile f\u0103cute societ\u0103\u0163ii \u015fi Presei rom\u00e2ne\u015fti din Bucovina. Anii de munc\u0103 prestat\u0103, zi de zi, \u00een coloanele acestui Glas al Bucovinei, \u2014 ani grei ca povara unui munte pe sub care trebuie s\u0103 r\u0103zba\u0163i cu condeiul muiat nu at\u00e2t \u00een cerneal\u0103, c\u00e2t mai ales \u00een suflet \u015fi \u00een s\u00e2nge, sunt cea mai frumoas\u0103 mo\u015ftenire pe care redactorul-\u015fef Vasile Pl\u0103van o las\u0103 presei noastre provinciale. Iar cinstea de care a dat \u00eentotdeauna dovad\u0103, ca gazetar, ca avocat \u015fi ca om, \u2014 cinste izvor\u00e2t\u0103 din ad\u00e2ncul sufletului s\u0103u nobil \u015fi ne\u00eenduplecat \u00een fa\u0163a obicinuitelor compromisuri, poate servi \u015fi ast\u0103zi drept pild\u0103 tuturor c\u00e2\u0163i, schimb\u00e2ndu-\u015fi, dup\u0103 b\u0103taia v\u00e2ntului cugetele \u015fi sim\u0163irile, uit\u0103 c\u0103 bunul cel mai de pre\u0163 al ziaristului este caracterul.<br \/>\nLa 49 de ani, c\u00e2nd al\u0163ii culeg rodul trudnicelor veri \u015fi prim\u0103veri, Vasile Pl\u0103van moare cu z\u00e2mbetul celei mai senine resemn\u0103ri pe buze. A debutat ca un o\u015ftean; f\u0103r\u0103 a-i cere nim\u0103nui nimic pentru scutul \u015fi spada purtate, cu destoinicie \u015fi t\u0103cere, prin zgomotul multelor lupte. A\u015fa i-a fost destinul. Dar Medalia Regelui Ferdinand I, cu spade pe panglic\u0103, Crucea Comemorativ\u0103 de r\u0103zboiu \u015fi Coroana Rom\u00e2niei, pe care le-a binemeritat ca voluntar bucovinean \u00een armata dezrobitoare a Neamului, \u00eei vor fi destula recomanda\u0163ie pe calea cu v\u0103mi de negur\u0103 \u015fi uitare ce-l despart de noi, dar nu-l mai pot desp\u0103r\u0163i de poienele line unde odihnesc sufletele eroilor.<br \/>\nVasile Pl\u0103van las\u0103 \u00een urm\u0103 numai regrete. Duio\u015fiei nem\u00e2ng\u00e2iate a Boabelor de lacrimi pe care le scria, simplu \u015fi sincer, \u00een amintirea altor prieteni, disp\u0103ru\u0163i \u015fi ei, i se adaug\u0103, acum, lacrimile noastre. Tri\u015fti ne sunt pa\u015fii \u00een urma sicriului care \u00eenchide o inim\u0103 de aur \u015fi mut ne e pl\u00e2nsul \u00een fa\u0163a morm\u00e2ntului care ne desparte de cel mai drag camarad.\u00bb<br \/>\n(\u201eGlasul Bucovinei\u201d, nr. 5535 din 26 ian. 1939)<\/p>\n<p style=\"text-align: center;\"><strong>\u201eIdealistul Vasile Pl\u0103van\u201d<\/strong><\/p>\n<p>&nbsp;<\/p>\n<p style=\"text-align: center;\">\u00a0<a href=\"http:\/\/www.marianagurza.ro\/blog\/wp-content\/uploads\/2011\/11\/plavan.jpg\"><img loading=\"lazy\" decoding=\"async\" title=\" Vasile Plavan\" src=\"http:\/\/www.marianagurza.ro\/blog\/wp-content\/uploads\/2011\/11\/plavan.jpg\" alt=\"\" width=\"252\" height=\"338\" \/><\/a><\/p>\n<p style=\"text-align: center;\"><em>Vasile Plavan<\/em><\/p>\n<p>&nbsp;<\/p>\n<p style=\"text-align: justify;\"><strong>Voluntarul de r\u0103zboi, \u00eens\u0103il\u0103torul unei duioase linii, publicistul, ziaristul \u015fi avocatul rom\u00e2n bucovinean.<\/strong><\/p>\n<p>&nbsp;<\/p>\n<p style=\"text-align: justify;\">Fiu de s\u0103tean al plaiurilor Bucovinei, originar din comuna Cupca jud.Storojine\u0163, de unde au pornit, m\u00e2nate de un imbold \u00eenalt spre spiritualitate \u015fi des\u0103v\u00e2r\u015fire pe calea c\u0103rtur\u0103riei \u015fi a \u00eenv\u0103\u0163\u0103turii, at\u00e2tea destoinice elemente de cultur\u0103 \u015fi civiliza\u0163ie ce s-au afirmat cu o nedesmin\u0163it\u0103 vrednicie \u00een timpul activit\u0103\u0163ilor sociale, Vasile Pl\u0103van.<\/p>\n<p style=\"text-align: justify;\">Bl\u00e2nd cu cei netrebnici, conciliant cu cei r\u0103i \u015fi ignobili, blajin fa\u0163\u0103 de to\u0163i hulitorii \u015fi cert\u0103torii de profesie \u015fi iert\u0103tor fa\u0163\u0103 de to\u0163i cari l-au nedrept\u0103\u0163it sau persecutat \u015fi l-au jignit, Vasile Pl\u0103van a fost \u00eentrega lui via\u0163\u0103 un \u00eemblinzit fanatic al idealului \u015fi \u00een acela\u015fi timp o nefericit\u0103 victim\u0103 a credin\u0163ei lui suflete\u015fti c\u0103 oamenii s\u00eent mai buni dec\u00e2t se \u00eenvedereaz\u0103 \u00een josnicia lor de toate zilele.<\/p>\n<p style=\"text-align: justify;\">\u00cen jurnalistica bucovinean\u0103 c\u0103reia el i-a \u00eenchinat nu numai cel mai curat prinos de munc\u0103 \u015fi de presta\u0163iune, dar \u00eens\u0103\u015fi \u00eentrega energie a anilor tinere\u0163ii sale, noble\u0163ea de caracter a lui Vasile Pl\u0103van a suferit cea mai cumplit\u0103 \u015fi nemeritat\u0103 decep\u0163ie fiind r\u0103spl\u0103tit pentru munca \u015fi jertfa lui mistuitoare cu cea mai reprobabil\u0103 ingratitudine.<\/p>\n<p style=\"text-align: justify;\">\u015ei c\u00e2nd valurile dezam\u0103gite \u00eei pustiau mai cumplit via\u0163a sufleteasc\u0103, c\u00e2nd nemernicia omeneasc\u0103 \u00eei tulbura mai mult con\u015ftiin\u0163a \u015fi c\u00e2nd eterna lupt\u0103 pentru existen\u0163\u0103 \u00eei impunea eforturi \u015fi sfor\u0163\u0103ri din cele mai chinuitoare, singurul refugiu \u015fi unicul razim moral Vasile Pl\u0103van \u00eel g\u0103sea \u00een senin\u0103tatea idealurilor sale, pe care nici o for\u0163\u0103 oric\u00e2t de mare \u015fi nici o murd\u0103rie oric\u00e2t de profund\u0103 nu o putea nici atinge \u015fi nici altera.<\/p>\n<p style=\"text-align: justify;\">Cu aceste rare \u00eensu\u015firi morale, colaborate de o judecat\u0103 cump\u0103nit\u0103 \u015fi f\u0103r\u0103 patim\u0103 \u015fi cuprinse \u00een imperativul de cuno\u015ftiin\u0163\u0103 al datoriei \u015fi al onoarei, Vasile Pl\u0103van a fost un om intreg \u00een numeroasele ipostaze profesionale ale sbuciumatei sale vie\u0163i, epuiz\u00e2ndu-\u015fi treptat resursele vigoarei, energiei \u015fi a s\u0103n\u0103t\u0103\u0163ii sale spre a fi dobor\u00e2t \u00een cele din urm\u0103 de mistuitoarea suferin\u0163\u0103 a trupului s\u0103u, vl\u0103guit de toat\u0103 gama durerilor fizice \u015fi suflete\u015fti.<\/p>\n<p style=\"text-align: justify;\">&#8230;Un c\u0103rturar de o puritate cristalin\u0103 \u015fi un patriot ad\u00e2nc \u00eensufle\u0163it de comandamentul sacrificiului absolut pe altarul intereselor Neamului. Ofi\u0163er, voluntar \u00een r\u0103zboiul de \u00eentregire a Neamului, publicist \u015fi ziarist, avocat \u015fi func\u0163ionar \u015fi \u00een special om de ideal \u015fi de onoare.<\/p>\n<p style=\"text-align: justify;\">Ziarist de voca\u0163ie, entuziast \u015fi idealist de distinc\u0163ie moral\u0103, de bun\u0103tate \u015fi necuprins\u0103 omenie, Rom\u00e2nul \u00een a c\u0103rui suflet no\u0163iunea de neam \u015fi patrie concretizeaz\u0103 o adev\u0103rat\u0103 religie de via\u0163\u0103, cet\u0103\u0163eanul con\u015ftiincios, muncitor \u015fi de o pilduitoare modestie.<\/p>\n<p style=\"text-align: justify;\">Purt\u00e2nd un ne\u0163\u0103rmurit tezaur de bog\u0103\u0163ie sufleteasc\u0103 \u00een firea lui de o aristocratic\u0103 noble\u0163\u0103, s\u0103rac \u00een bunuri materiale, las\u0103 \u00een urm\u0103 o luminoas\u0103 p\u00e2rtie de virtute, un nume de o sf\u00e2nt\u0103 cur\u0103\u0163enie \u015fi un exemplu de un adev\u0103rat rom\u00e2nism, elegant \u015fi constructiv.<\/p>\n<p style=\"text-align: justify;\">Fondator al breslei \u015fi sindicatul ziari\u015ftilor din Bucovina.<\/p>\n<p>&nbsp;<\/p>\n<p>(<em>Ziarul \u201eSuceava\u201d, nr.20, din 27.ian.1939, din Cern\u0103u\u0163i<\/em>.)<\/p>\n<p style=\"text-align: center;\"><a href=\"http:\/\/www.marianagurza.ro\/blog\/wp-content\/uploads\/2011\/11\/Camarazii-voluntari-purtand-pe-umeri-sicriul-cu-trupul-neinsufletit-al-lui-V.Plavan.cernauti-25.ian_.1939.jpg\"><img loading=\"lazy\" decoding=\"async\" title=\"Camarazii voluntari purtand pe umeri sicriul cu trupul neinsufletit al lui V.Plavan.cernauti, 25.ian.1939\" src=\"http:\/\/www.marianagurza.ro\/blog\/wp-content\/uploads\/2011\/11\/Camarazii-voluntari-purtand-pe-umeri-sicriul-cu-trupul-neinsufletit-al-lui-V.Plavan.cernauti-25.ian_.1939.jpg\" alt=\"\" width=\"226\" height=\"157\" \/><\/a><\/p>\n<p style=\"text-align: center;\"><strong>\u201c<\/strong><em>\u00cenmorm\u00e2ntarea regretatului ziarist Vasile Pl\u0103van<\/em>\u201d<\/p>\n<p>&nbsp;<\/p>\n<p style=\"text-align: justify;\">\u201cEri dup\u0103 amiaz\u0103, la ora 2,30 a avut loc trista ceremonie a \u00eenmorm\u00e2nt\u0103rii regretatului ziarist Vasile Pl\u0103van, fost redactor \u015fef al ziarului nostrum.<\/p>\n<p style=\"text-align: justify;\">La locuin\u0163a defunctului, din strada Xenopol Nr.6, s-a oficiat un serviciu religios de c\u0103tre un sobor de preo\u0163i, alc\u0103tuit din p\u0103r.protoereu Eugen Iancovschi, p\u0103r.Prelici, p\u0103r.Gora\u015f, p\u0103r.Brenzan \u015fi p\u0103r.L\u0103z\u0103rescu. R\u0103spunsurile au fost date de corul studen\u0163ilor teologi.<\/p>\n<p style=\"text-align: justify;\">Mult regretatul defunct fiind decorat cu medalia \u201cRegele Ferdinand ! \u201ccu spad\u0103\u201d pe panglic\u0103, onorurile au fost date de c\u0103tre un pluton din reg.4 Pionieri.<\/p>\n<p style=\"text-align: justify;\">La trista ceremonie a asistat un numeros public, aduc\u00e2nd ultimul omagiu ce a fost ziaristul de talent \u015fi omul de bine, Vasile Pl\u0103van.<\/p>\n<p style=\"text-align: justify;\">\u00cen r\u00e2ndurile numeroasei asisten\u0163e, alc\u0103tuit\u0103 din membrii familiei, prieteni personali, ziari\u015fti, magistra\u0163i, avoca\u0163i, etc. not\u0103m pe d-nii: dr.Aurel Morariu, directorul ziarului \u201eGlasul Bucovinei\u201d , V.Bolocan, chestorul poli\u0163iei, maior Turtureanu, D.Popesu \u015fi Hrincu, magistra\u0163i, Vasile Ungureanu, Octavian Scalat, Zizi Jemna, Zeno Nerbaz, Radu Lucan Herbaz, Radu Lucan \u015fi Pontiuc, avoca\u0163i, prof.univ.Gr\u0103mad\u0103, prof.univ.Coroam\u0103, prof.C.Loghin, Traian Chelariu, Em.Cososchi, Ionel Teodorescu, C.Cehar-Racovi\u0163\u0103, Eugen Popovici, \u015etefan Ioan, Buta Francisc, Haikas Maximilian, Traian Croitoru, Zenovia \u015etefanovici, dr.Weinsstein, dr.Niederhoffer, Iulis Weber, Erast Carab\u0103\u0163, dr.Kasner \u015fi Jean Goldberg, ziari\u015fti, Traian Snijec, director tehnci la \u201eGlasul Bucovinei\u201d, prof.C\u0103r\u0103u\u015fu, p\u0103r.Bocancea Midrighi, avocat Dimitrof Butnar, director de serviciu la prim\u0103ria municipiului, avocat Ropcean, Cojocaru, \u015etefan Bidnei, c\u0103p.Rozmeteniuc, dir.Braha, dir.Silvestru Netea, dir.Noli S\u0103veanu, \u015etefaniu,, Aurel Sabin, Axente-Opri\u015fanu, notar Burac, avocat Ionel Negur\u0103,etc&#8230;Apoi, o delega\u0163ie a Societ\u0103\u0163ii voluntarilor rom\u00e2ni, cu Drapel, o delega\u0163ie a meseria\u015filor rom\u00e2ni,etc.<\/p>\n<p style=\"text-align: justify;\">Cortegiul funebru a primit din strada Xenopol. \u00cen urma carului funebru urmau fiica \u015fi \u00eendurerata so\u0163ie a regretatului defunct, batr\u00e2nul s\u0103u tat\u0103, fratele, cumna\u0163ii \u015fi cumnatele, precum \u015fi ceilal\u0163i membri ai familiei, dup\u0103 care s-a \u00eencolonat restul audien\u0163ei.<\/p>\n<p style=\"text-align: justify;\">\u00a0\u00a0\u00a0\u00a0\u00a0\u00a0\u00a0\u00a0\u00a0\u00a0\u00a0 Cortegiul a str\u0103b\u0103tut str\u0103zile universit\u0103\u0163ii, I.G.Duca, pia\u0163a Unirii \u015fi Regina Maria, p\u00e2n\u0103 la Catedral\u0103, unde s-a oficiat slujba prohodului.<\/p>\n<p style=\"text-align: justify;\">\u00a0\u00a0\u00a0\u00a0\u00a0\u00a0\u00a0\u00a0\u00a0\u00a0\u00a0 De la Catedral\u0103, cortegiul s-a format din nou, trec\u00e2nd prin fa\u0163a \u201eGlasului Bucovinei\u201d, unde \u00eentregul personal al redac\u0163iei \u015fi personalului tehnic au adus ultimul omagiu fostului lor colaborator. Apoi cortegiul a str\u0103b\u0103tut str\u0103zile p\u00e2n\u0103 la cimitirul or\u0103\u015fenesc.<\/p>\n<p style=\"text-align: justify;\">\u00a0\u00a0\u00a0\u00a0\u00a0\u00a0\u00a0\u00a0\u00a0\u00a0\u00a0 \u00cen fa\u0163a morm\u00e2ntului deschis, au vorbit p\u0103r.protoereu Iancovschi, \u00een numele bisericii \u015fi d-nii : dir. Silvestru Netea, \u00een numele \u201eAsocia\u0163iei voluntarilor de r\u0103zboi\u201d, Eugen Popovici, \u00een numele Sindicatului \u015fi breslei ziari\u015ftilor bucovineni, dr.Traian Chelariu \u00een numele redac\u0163iei ziarului \u201eGlasul Bucovinei\u201d, A.Sabin, \u00een numele Casei asigur\u0103rilor sociale, dr.Octavian Scalat, \u00een numele Asocia\u0163iei cooperatiste \u201eTemelia\u201d \u015fi \u015etefan Bidnei, \u00een numele fo\u015ftilor colegi de studii ai regretatului defunct.<\/p>\n<p style=\"text-align: justify;\">\u00a0\u00a0\u00a0\u00a0\u00a0\u00a0\u00a0\u00a0\u00a0\u00a0\u00a0 Vorbitorii au omagiat rarele calit\u0103\u0163i ale mult regretatului defunct, subliniind meritele pe care \u015fi le-a c\u00e2\u015ftigat pe timpul zbuciumatei sale vie\u0163i.<\/p>\n<p style=\"text-align: justify;\">Trista ceremonie a luat sf\u00e2r\u015fit la orele 18.\u201d<\/p>\n<p>&nbsp;<\/p>\n<p>(<em>din caietul Ing.P.Ciobanu, dup\u0103 colec\u0163ia \u201eGlasul Bucovinei\u201d Nr.5536 din 27 ianuarie 1939 de la Bibl.Acad.Bucure\u015fti<\/em>)<\/p>\n<p><strong>\u00a0<\/strong><\/p>\n","protected":false},"excerpt":{"rendered":"<p>Camarazii voluntari purtand pe umeri sicriul cu trupul neinsufletit al lui V.Plavan.Cernauti, 25.ian.1939 La mormantul unui camarad &#8230; \u00a0\u00a0\u00a0\u00a0\u00a0\u00a0\u00a0\u00a0\u00a0\u00a0\u00a0\u00a0\u00a0\u00a0\u00a0\u00a0\u00a0\u00a0\u00a0\u00a0\u00a0\u00a0\u00a0 \u201cAvocatul [&#038;hellip<\/p>\n","protected":false},"author":1,"featured_media":0,"comment_status":"closed","ping_status":"closed","sticky":false,"template":"","format":"standard","meta":{"footnotes":""},"categories":[3],"tags":[],"class_list":["post-37","post","type-post","status-publish","format-standard","hentry","category-articole"],"_links":{"self":[{"href":"https:\/\/www.marianagurza.ro\/blog\/wp-json\/wp\/v2\/posts\/37","targetHints":{"allow":["GET"]}}],"collection":[{"href":"https:\/\/www.marianagurza.ro\/blog\/wp-json\/wp\/v2\/posts"}],"about":[{"href":"https:\/\/www.marianagurza.ro\/blog\/wp-json\/wp\/v2\/types\/post"}],"author":[{"embeddable":true,"href":"https:\/\/www.marianagurza.ro\/blog\/wp-json\/wp\/v2\/users\/1"}],"replies":[{"embeddable":true,"href":"https:\/\/www.marianagurza.ro\/blog\/wp-json\/wp\/v2\/comments?post=37"}],"version-history":[{"count":3,"href":"https:\/\/www.marianagurza.ro\/blog\/wp-json\/wp\/v2\/posts\/37\/revisions"}],"predecessor-version":[{"id":416,"href":"https:\/\/www.marianagurza.ro\/blog\/wp-json\/wp\/v2\/posts\/37\/revisions\/416"}],"wp:attachment":[{"href":"https:\/\/www.marianagurza.ro\/blog\/wp-json\/wp\/v2\/media?parent=37"}],"wp:term":[{"taxonomy":"category","embeddable":true,"href":"https:\/\/www.marianagurza.ro\/blog\/wp-json\/wp\/v2\/categories?post=37"},{"taxonomy":"post_tag","embeddable":true,"href":"https:\/\/www.marianagurza.ro\/blog\/wp-json\/wp\/v2\/tags?post=37"}],"curies":[{"name":"wp","href":"https:\/\/api.w.org\/{rel}","templated":true}]}}