{"id":38496,"date":"2018-05-04T09:23:39","date_gmt":"2018-05-04T09:23:39","guid":{"rendered":"http:\/\/www.marianagurza.ro\/blog\/?p=38496"},"modified":"2018-05-04T09:26:32","modified_gmt":"2018-05-04T09:26:32","slug":"adriana-popa-petre-ioan-cretu-pas-in-doi-6","status":"publish","type":"post","link":"https:\/\/www.marianagurza.ro\/blog\/2018\/05\/04\/adriana-popa-petre-ioan-cretu-pas-in-doi-6\/","title":{"rendered":"Adriana Popa &#038; Petre Ioan Cre\u0163u: Pas \u00een doi (6)"},"content":{"rendered":"<p style=\"text-align: center;\"><a href=\"http:\/\/www.marianagurza.ro\/blog\/wp-content\/uploads\/2018\/05\/31899253_372578976586273_4582098014495047680_n.png\"><img loading=\"lazy\" decoding=\"async\" class=\"size-medium wp-image-38497\" title=\"31899253_372578976586273_4582098014495047680_n\" src=\"http:\/\/www.marianagurza.ro\/blog\/wp-content\/uploads\/2018\/05\/31899253_372578976586273_4582098014495047680_n-210x300.png\" alt=\"\" width=\"210\" height=\"300\" srcset=\"https:\/\/www.marianagurza.ro\/blog\/wp-content\/uploads\/2018\/05\/31899253_372578976586273_4582098014495047680_n-210x300.png 210w, https:\/\/www.marianagurza.ro\/blog\/wp-content\/uploads\/2018\/05\/31899253_372578976586273_4582098014495047680_n.png 280w\" sizes=\"auto, (max-width: 210px) 100vw, 210px\" \/><\/a><\/p>\n<p>\u00a0\u00a0\u00a0\u00a0\u00a0\u00a0\u00a0\u00a0\u00a0\u00a0\u00a0\u00a0\u00a0\u00a0\u00a0\u00a0\u00a0\u00a0\u00a0\u00a0\u00a0\u00a0\u00a0\u00a0\u00a0\u00a0\u00a0\u00a0\u00a0\u00a0\u00a0\u00a0\u00a0\u00a0 <em>\u00a0\u00a0\u00a0<strong>\u00a0<\/strong><\/em><strong>Pas <\/strong><strong>\u00een doi (6)<\/strong><\/p>\n<p>&nbsp;<\/p>\n<p><strong><em>\u00a0<\/em><\/strong><strong><em>c\u00e2nd am vrut s\u0103 te strig pe nume <\/em><\/strong><\/p>\n<p><strong><em>\u00a0 au \u00eenflorit to\u021bii macii \u00een c\u00e2mpie<\/em><\/strong><\/p>\n<p><strong><em>\u00a0 drumul t\u0103u \u00eenro\u0219it drumul meu pustiit<\/em><\/strong><\/p>\n<p><strong><em>\u00a0 \u00een a\u0219teptarea ta doar nimfe<\/em><\/strong><\/p>\n<p>&nbsp;<\/p>\n<p style=\"text-align: right;\"><strong>\u00a0<\/strong>de c\u00e2nd ai pus toate cruciadele lumii-ntre noi<\/p>\n<p style=\"text-align: right;\">marea nisipul luna<\/p>\n<p style=\"text-align: right;\">sunt tot mai frumoas\u0103<\/p>\n<p style=\"text-align: right;\">poate pentru c\u0103 mi-ai aprins \u00eentunericul<\/p>\n<p style=\"text-align: right;\">\u015fi mi l-ai pecetluit pe t\u00e2mpl\u0103<\/p>\n<p style=\"text-align: right;\">poate pentru c\u0103 mi-ai \u00eembr\u0103\u0163i\u015fat to\u0163i norii<\/p>\n<p style=\"text-align: right;\">\u015fi i-ai ascuns la tine \u00een suflet<\/p>\n<p>&nbsp;<\/p>\n<p><strong><em>\u00a0 sufletul meu mirosind ca o mare putrezit\u0103<\/em><\/strong><\/p>\n<p><strong><em>\u00a0 \u0219i norii ce nu au \u00eenv\u0103\u021bat \u00eenc\u0103 s\u0103 plou\u0103<\/em><\/strong><\/p>\n<p><strong><em>\u00a0 palmele tale \u00eenflorite sub s\u0103rutul meu<\/em><\/strong><\/p>\n<p><strong><em>\u00a0 \u0219i noi c\u0103l\u0103torind cu sim\u021burile amor\u021bite<\/em><\/strong><\/p>\n<p><strong><em>\u00a0 prin timpul promis prin timpul ca o flac\u0103r\u0103 sub\u021bire<\/em><\/strong><\/p>\n<p><strong><em>\u00a0 drumul meu \u00eenro\u0219it drumul t\u0103u pustiit<\/em><\/strong><\/p>\n<p style=\"text-align: right;\">sau poate c\u0103 \u0163i-ai f\u0103cut r\u0103d\u0103cini<\/p>\n<p style=\"text-align: right;\">din privirile mele<\/p>\n<p style=\"text-align: right;\">ca s\u0103-\u0163i \u00eenal\u0163i cuv\u00e2ntul<\/p>\n<p style=\"text-align: right;\">\u015fi eu s\u0103 te nasc \u00eentr-o plutire<\/p>\n<p style=\"text-align: right;\">de arip\u0103<\/p>\n<p>&nbsp;<\/p>\n<p><strong><em>\u00a0 sau poate c\u0103 am adormit sau am uitat<\/em><\/strong><\/p>\n<p><strong><em>\u00a0 drumul spre tine <\/em><\/strong><\/p>\n<p><strong><em>\u00a0 \u0219i mai \u0219tiu doar drumul spre p\u0103cat<\/em><\/strong><\/p>\n<p><strong><em>\u00a0 o armat\u0103 de locomotive ro\u0219ii turbate<\/em><\/strong><\/p>\n<p><strong><em>\u00a0 \u00een\u0219urub\u00e2ndu-se \u00een noi \u0219i \u00een moarte<\/em><\/strong><\/p>\n<p>&nbsp;<\/p>\n<p style=\"text-align: right;\">atunci<\/p>\n<p style=\"text-align: right;\">de ce \u00een toate t\u0103cerile tale<\/p>\n<p style=\"text-align: right;\">nu mai apar<\/p>\n<p>&nbsp;<\/p>\n<p style=\"text-align: center;\">\u2014\u2014\u2014\u2014\u2014\u2014\u2014\u2014\u2014\u2014\u2014\u2014\u2014\u2014\u2013<\/p>\n<p style=\"text-align: center;\">Adriana Popa &amp; <em><strong>Petre Ioan Cre\u0163u<\/strong><\/em><\/p>\n<p style=\"text-align: center;\">Timi\u0219oara, Timi\u0219 <em>&amp;<strong> Slobozia, Ialomi\u021ba<\/strong><\/em><\/p>\n<p style=\"text-align: center;\"><strong>\u00a04 mai, 2018<\/strong><\/p>\n<p><strong>\u00a0<\/strong><strong><\/strong><\/p>\n","protected":false},"excerpt":{"rendered":"<p>\u00a0\u00a0\u00a0\u00a0\u00a0\u00a0\u00a0\u00a0\u00a0\u00a0\u00a0\u00a0\u00a0\u00a0\u00a0\u00a0\u00a0\u00a0\u00a0\u00a0\u00a0\u00a0\u00a0\u00a0\u00a0\u00a0\u00a0\u00a0\u00a0\u00a0\u00a0\u00a0\u00a0\u00a0 \u00a0\u00a0\u00a0\u00a0Pas \u00een doi (6) &nbsp; \u00a0c\u00e2nd am vrut s\u0103 te strig pe nume \u00a0 au \u00eenflorit to\u021bii macii \u00een [&#038;hellip<\/p>\n","protected":false},"author":1,"featured_media":0,"comment_status":"closed","ping_status":"closed","sticky":false,"template":"","format":"standard","meta":{"footnotes":""},"categories":[3],"tags":[],"class_list":["post-38496","post","type-post","status-publish","format-standard","hentry","category-articole"],"_links":{"self":[{"href":"https:\/\/www.marianagurza.ro\/blog\/wp-json\/wp\/v2\/posts\/38496","targetHints":{"allow":["GET"]}}],"collection":[{"href":"https:\/\/www.marianagurza.ro\/blog\/wp-json\/wp\/v2\/posts"}],"about":[{"href":"https:\/\/www.marianagurza.ro\/blog\/wp-json\/wp\/v2\/types\/post"}],"author":[{"embeddable":true,"href":"https:\/\/www.marianagurza.ro\/blog\/wp-json\/wp\/v2\/users\/1"}],"replies":[{"embeddable":true,"href":"https:\/\/www.marianagurza.ro\/blog\/wp-json\/wp\/v2\/comments?post=38496"}],"version-history":[{"count":3,"href":"https:\/\/www.marianagurza.ro\/blog\/wp-json\/wp\/v2\/posts\/38496\/revisions"}],"predecessor-version":[{"id":38499,"href":"https:\/\/www.marianagurza.ro\/blog\/wp-json\/wp\/v2\/posts\/38496\/revisions\/38499"}],"wp:attachment":[{"href":"https:\/\/www.marianagurza.ro\/blog\/wp-json\/wp\/v2\/media?parent=38496"}],"wp:term":[{"taxonomy":"category","embeddable":true,"href":"https:\/\/www.marianagurza.ro\/blog\/wp-json\/wp\/v2\/categories?post=38496"},{"taxonomy":"post_tag","embeddable":true,"href":"https:\/\/www.marianagurza.ro\/blog\/wp-json\/wp\/v2\/tags?post=38496"}],"curies":[{"name":"wp","href":"https:\/\/api.w.org\/{rel}","templated":true}]}}