{"id":38501,"date":"2018-05-04T09:46:51","date_gmt":"2018-05-04T09:46:51","guid":{"rendered":"http:\/\/www.marianagurza.ro\/blog\/?p=38501"},"modified":"2018-05-04T09:46:51","modified_gmt":"2018-05-04T09:46:51","slug":"adale-shefer-versuri-pentru-tine","status":"publish","type":"post","link":"https:\/\/www.marianagurza.ro\/blog\/2018\/05\/04\/adale-shefer-versuri-pentru-tine\/","title":{"rendered":"Adale SHEFER: Versuri pentru tine"},"content":{"rendered":"<p style=\"text-align: center;\"><a href=\"http:\/\/www.marianagurza.ro\/blog\/wp-content\/uploads\/2018\/05\/SEFER-Adale-wb.jpg\"><img loading=\"lazy\" decoding=\"async\" class=\"size-medium wp-image-38502\" title=\"sefer-adale-wb\" src=\"http:\/\/www.marianagurza.ro\/blog\/wp-content\/uploads\/2018\/05\/SEFER-Adale-wb-225x300.jpg\" alt=\"\" width=\"225\" height=\"300\" srcset=\"https:\/\/www.marianagurza.ro\/blog\/wp-content\/uploads\/2018\/05\/SEFER-Adale-wb-225x300.jpg 225w, https:\/\/www.marianagurza.ro\/blog\/wp-content\/uploads\/2018\/05\/SEFER-Adale-wb.jpg 600w\" sizes=\"auto, (max-width: 225px) 100vw, 225px\" \/><\/a><\/p>\n<p><strong>V<\/strong><strong>ERS PENTRU TINE<\/strong><strong><\/strong><\/p>\n<p>&nbsp;<\/p>\n<p>\u00cen noaptea fierbinte de var\u0103,<\/p>\n<p>Stelele la geam bocesc,<\/p>\n<p>Eu, cu triste\u021bea-nvesm\u00e2ntat\u0103,<\/p>\n<p>Spre dep\u0103rt\u0103ri<\/p>\n<p>Privesc.<\/p>\n<p>&nbsp;<\/p>\n<p>Caut poate, doar un semn,<\/p>\n<p>Ceva nedefinit,<\/p>\n<p>Un semn c\u0103 ai fost adev\u0103rat,<\/p>\n<p>Nu doar un vis<\/p>\n<p>\u00cenchipuit.<\/p>\n<p>&nbsp;<\/p>\n<p>\u00cen urma ta nu am nimica,<\/p>\n<p>Doar amintiri \u015fi-un dor<\/p>\n<p>Nebun,<\/p>\n<p>O dorin\u0163\u0103 ne\u00eemplinit\u0103,<\/p>\n<p>Pe care nu \u015ftiu cui s-o<\/p>\n<p>Spun.<\/p>\n<p>&nbsp;<\/p>\n<p>Inima ce-o port \u00een piept,<\/p>\n<p>De mult nu-mi apar\u0163ine,<\/p>\n<p>C\u0103l\u0103tore\u015fte \u00een neant<\/p>\n<p>C\u0103ut\u00e2ndu-te<\/p>\n<p>Pe tine.<\/p>\n<p>&nbsp;<\/p>\n<p>M\u0103 ag\u0103\u0163 de o speran\u0163\u0103,<\/p>\n<p>Trimit vise-n univers,<\/p>\n<p>Poate din nou, ca \u00een trecut,<\/p>\n<p>Te vei indr\u0103gosti de-un<\/p>\n<p>Vers.<\/p>\n<p>&nbsp;<\/p>\n<p>&nbsp;<\/p>\n<p><strong>INIM\u0102 RECE <\/strong><\/p>\n<p>&nbsp;<\/p>\n<p>\u00cen inim\u0103 am cl\u0103dit un iglu,<\/p>\n<p>Crepuscul rece, f\u0103r\u0103 jar,<\/p>\n<p>\u00cen care v\u00e2ntul \u015fi ninsoarea,<\/p>\n<p>Alung\u0103 orice dor<\/p>\n<p>Hoinar.<\/p>\n<p>&nbsp;<\/p>\n<p><!--more-->\u00centunecat \u015fi f\u0103r\u0103 col\u0163uri,<\/p>\n<p>Umbrele s\u0103 se-nv\u00e2rteasc\u0103,<\/p>\n<p>\u015ei-n v\u00e2rtej de amintiri,<\/p>\n<p>Ura, s\u0103 nu se<\/p>\n<p>Topeasc\u0103.<\/p>\n<p>&nbsp;<\/p>\n<p>Nu e loc de nicio raz\u0103,<\/p>\n<p>N-am cl\u0103dit nicio fereastr\u0103,<\/p>\n<p>\u015ei \u00een suflet, flori de ghea\u021b\u0103,<\/p>\n<p>Stau, t\u0103cute, \u00eentr-o<\/p>\n<p>Glastr\u0103.<\/p>\n<p>&nbsp;<\/p>\n<p>Ce-mi pas\u0103 mie c\u0103 afar\u0103-i<\/p>\n<p>Aurora Boreal\u0103,<\/p>\n<p>Eu, r\u0103m\u00e2n la toate rece,<\/p>\n<p>Poleit\u0103 cu<\/p>\n<p>Beteal\u0103!<\/p>\n<p>&nbsp;<\/p>\n<p>&nbsp;<\/p>\n<p><strong>PIATRA REA<\/strong><\/p>\n<p>&nbsp;<\/p>\n<p>Am aruncat spre cer o piatr\u0103,<\/p>\n<p>\u015ei am lovit cu ea o stea,<\/p>\n<p>S-a-mpr\u0103\u0219tiat \u00een atmosfer\u0103,<\/p>\n<p>Un strop din Soare a luat<\/p>\n<p>Cu ea!<\/p>\n<p>&nbsp;<\/p>\n<p>Am aruncat spre cer o piatr\u0103,<\/p>\n<p>Nu am \u015ftiut c\u0103 va durea,<\/p>\n<p>Nu am \u015ftiut c\u0103 o simpl\u0103 piatr\u0103,<\/p>\n<p>Poate omor\u00ee,<\/p>\n<p>O stea!<\/p>\n<p>&nbsp;<\/p>\n<p>Ai aruncat spre mine-o piatr\u0103,<\/p>\n<p>Un cuv\u00e2nt ce a durut,<\/p>\n<p>Ai plecat, f\u0103r\u0103 s\u0103 \u015ftiu,<\/p>\n<p>Cu un cuv\u00e2nt, ce ai<\/p>\n<p>F\u0103cut?<\/p>\n<p>&nbsp;<\/p>\n<p>Am aruncat spre cer o piatr\u0103,<\/p>\n<p>\u015ei-am omor\u00e2t cu ea o stea,<\/p>\n<p>Tu, cu numai un cuv\u00e2nt,<\/p>\n<p>Ai omor\u00e2t<\/p>\n<p>Fiin\u0163a mea.<\/p>\n<p><strong>&#8212;&#8212;&#8212;&#8212;&#8212;&#8212;&#8212;&#8212;&#8212;&#8212;&#8212;-<\/strong><\/p>\n<p><em>\u00a9Toate drepturile rezervate<\/em><\/p>\n<p><strong>A<\/strong><strong>dale SHEFER<\/strong><\/p>\n<p><strong>Gan Yavne, Israel<\/strong><strong> <\/strong><\/p>\n<p><strong>2 mai 2018<\/strong><\/p>\n<p>&nbsp;<\/p>\n<p>&nbsp;<\/p>\n<p>&nbsp;<\/p>\n","protected":false},"excerpt":{"rendered":"<p>VERS PENTRU TINE &nbsp; \u00cen noaptea fierbinte de var\u0103, Stelele la geam bocesc, Eu, cu triste\u021bea-nvesm\u00e2ntat\u0103, Spre dep\u0103rt\u0103ri Privesc. &nbsp; [&#038;hellip<\/p>\n","protected":false},"author":1,"featured_media":0,"comment_status":"closed","ping_status":"closed","sticky":false,"template":"","format":"standard","meta":{"footnotes":""},"categories":[3],"tags":[],"class_list":["post-38501","post","type-post","status-publish","format-standard","hentry","category-articole"],"_links":{"self":[{"href":"https:\/\/www.marianagurza.ro\/blog\/wp-json\/wp\/v2\/posts\/38501","targetHints":{"allow":["GET"]}}],"collection":[{"href":"https:\/\/www.marianagurza.ro\/blog\/wp-json\/wp\/v2\/posts"}],"about":[{"href":"https:\/\/www.marianagurza.ro\/blog\/wp-json\/wp\/v2\/types\/post"}],"author":[{"embeddable":true,"href":"https:\/\/www.marianagurza.ro\/blog\/wp-json\/wp\/v2\/users\/1"}],"replies":[{"embeddable":true,"href":"https:\/\/www.marianagurza.ro\/blog\/wp-json\/wp\/v2\/comments?post=38501"}],"version-history":[{"count":2,"href":"https:\/\/www.marianagurza.ro\/blog\/wp-json\/wp\/v2\/posts\/38501\/revisions"}],"predecessor-version":[{"id":38504,"href":"https:\/\/www.marianagurza.ro\/blog\/wp-json\/wp\/v2\/posts\/38501\/revisions\/38504"}],"wp:attachment":[{"href":"https:\/\/www.marianagurza.ro\/blog\/wp-json\/wp\/v2\/media?parent=38501"}],"wp:term":[{"taxonomy":"category","embeddable":true,"href":"https:\/\/www.marianagurza.ro\/blog\/wp-json\/wp\/v2\/categories?post=38501"},{"taxonomy":"post_tag","embeddable":true,"href":"https:\/\/www.marianagurza.ro\/blog\/wp-json\/wp\/v2\/tags?post=38501"}],"curies":[{"name":"wp","href":"https:\/\/api.w.org\/{rel}","templated":true}]}}