{"id":38509,"date":"2018-05-04T15:54:11","date_gmt":"2018-05-04T15:54:11","guid":{"rendered":"http:\/\/www.marianagurza.ro\/blog\/?p=38509"},"modified":"2018-05-04T15:54:11","modified_gmt":"2018-05-04T15:54:11","slug":"olguta-trifan-rondelul%e2%80%a6","status":"publish","type":"post","link":"https:\/\/www.marianagurza.ro\/blog\/2018\/05\/04\/olguta-trifan-rondelul%e2%80%a6\/","title":{"rendered":"Olgu\u021ba TRIFAN: Rondelul\u2026"},"content":{"rendered":"<p style=\"text-align: center;\"><a href=\"http:\/\/www.marianagurza.ro\/blog\/wp-content\/uploads\/2018\/05\/olguta_trifan.jpg\"><img loading=\"lazy\" decoding=\"async\" class=\"size-full wp-image-38510\" title=\"olguta_trifan\" src=\"http:\/\/www.marianagurza.ro\/blog\/wp-content\/uploads\/2018\/05\/olguta_trifan.jpg\" alt=\"\" width=\"225\" height=\"300\" \/><\/a><\/p>\n<p><strong>Rondel, rondelului <\/strong><\/p>\n<p>&nbsp;<\/p>\n<p>\u00centre pere\u0163i de sticl\u0103-a\u015fez rondelul,<\/p>\n<p>S\u0103 nu-l ating\u0103 praful ori uitarea,<\/p>\n<p>S\u0103-l vad\u0103 soarele, s\u0103-l \u015ftie cerul,<\/p>\n<p>Iar omul s\u0103-i iubeasc\u0103 armonizarea.<\/p>\n<p>&nbsp;<\/p>\n<p>Orice poet s\u0103 vad\u0103-n el modelul,<\/p>\n<p>Dorind s\u0103-i c\u00e2nte-n rim\u0103-mbr\u0103\u0163i\u015farea.<\/p>\n<p>\u00centre pere\u0163i de sticl\u0103-a\u015fez rondelul,<\/p>\n<p>S\u0103 nu-l ating\u0103 praful ori uitarea.<\/p>\n<p>&nbsp;<\/p>\n<p>Iubi\u0163i-l \u015fi-i sl\u0103vi\u0163i \u00eenf\u0103\u0163i\u015farea!<\/p>\n<p>Lacrimi din suflet curs-au prin penelul<\/p>\n<p>Poetului, ca s\u0103-\u015fi ating\u0103 \u0163elul:<\/p>\n<p>Un giuvaer \u00een versuri &#8211; alinarea.<\/p>\n<p>&nbsp;<\/p>\n<p>\u00centre pere\u0163i de sticl\u0103-a\u015fez rondelul&#8230;<\/p>\n<p>&nbsp;<\/p>\n<p>&nbsp;<\/p>\n<p><strong>Rondelul iubirii \u00een iarn\u0103 <\/strong><\/p>\n<p>&nbsp;<\/p>\n<p>Pove\u015fti de dragoste r\u0103sar sub fulgi de nea,<\/p>\n<p>Iar inimi calde fac cuib sub albul lor,<\/p>\n<p>\u00cen foc lumesc se contopesc un el \u015fi-o ea,<\/p>\n<p>Z\u0103pezi-vitralii \u00eenchipuind din dor.<\/p>\n<p>&nbsp;<\/p>\n<p><!--more-->Ecouri \u00een clepsidr\u0103 pot acum s\u0103 stea<\/p>\n<p>\u00cen praf de stele ce \u00eembr\u0103ca-vor nor,<\/p>\n<p>Pove\u015fti de dragoste r\u0103sar sub fulgi de nea,<\/p>\n<p>C\u00e2nd inimi calde fac cuib sub albul lor.<\/p>\n<p>&nbsp;<\/p>\n<p>Cu fulguite buze focul s\u0103 \u015fi-l bea<\/p>\n<p>Ca pe-o licoare din nesecat izvor,<\/p>\n<p>Nectar prielnic \u015fi leac izb\u0103vitor<\/p>\n<p>Iubirii ninse lin cu str\u0103luciri de stea.<\/p>\n<p>&nbsp;<\/p>\n<p>Pove\u015fti de dragoste r\u0103sar sub fulgi de nea.<\/p>\n<p>&nbsp;<\/p>\n<p><strong>Rondelul iubirii <\/strong><\/p>\n<p>&nbsp;<\/p>\n<p>Eu, floare, pe-ale tale bra\u0163e,<\/p>\n<p>\u00cenv\u0103luie-m\u0103-n raze de lumin\u0103<\/p>\n<p>Cu-a ta privire rourat\u0103, lin\u0103,<\/p>\n<p>V\u00e2rtej al vie\u0163ii s\u0103 nu m\u0103 \u00eenha\u0163e.<\/p>\n<p>&nbsp;<\/p>\n<p>Plas\u0103 de vise s\u0103 m-aga\u0163e,<\/p>\n<p>S\u0103 m\u0103 \u00eembe\u0163i cu roua ta divin\u0103,<\/p>\n<p>Eu, floare, pe-ale tale bra\u0163e,<\/p>\n<p>\u00cenv\u0103luie-m\u0103-n raze de lumin\u0103.<\/p>\n<p>&nbsp;<\/p>\n<p>\u015eirag de stele prins pe a\u0163e<\/p>\n<p>\u00cen nop\u0163ile prelungi cu lun\u0103 plin\u0103,<\/p>\n<p>M-ai \u00eentrupat \u00een floare f\u0103r\u2019de vin\u0103,<\/p>\n<p>\u00cenger al marilor speran\u0163e&#8230;<\/p>\n<p>&nbsp;<\/p>\n<p>Eu, floare, pe-ale tale bra\u0163e.<\/p>\n<p>&nbsp;<\/p>\n<p><strong>Rondelul clipei de pre\u0163 <\/strong><\/p>\n<p>&nbsp;<\/p>\n<p>Pe umeri goi luna \u00eemi a\u015feaz\u0103 stele,<\/p>\n<p>Iar toamna frunze ruginii pe pleoape,<\/p>\n<p>La tine \u00een bra\u0163e \u015foapta s\u0103 m\u0103 cheme,<\/p>\n<p>Crinii trezi\u0163i din cupe s\u0103 te-adape.<\/p>\n<p>&nbsp;<\/p>\n<p>Nisipul din clepsidr\u0103 \u00een valuri geme,<\/p>\n<p>Mi-e\u015fti roua vie\u0163ii, clipa e aproape,<\/p>\n<p>Pe umeri goi luna \u00eemi a\u015feaz\u0103 stele,<\/p>\n<p>Iar toamna frunze ruginii pe pleoape.<\/p>\n<p>&nbsp;<\/p>\n<p>M-oi \u00een\u0103l\u0163a cu tine \u00een zbor, devreme,<\/p>\n<p>\u015ei ne-om iubi \u00een spa\u0163iile toate.<\/p>\n<p>De pled tomnatec nu ne mai \u00eencape,<\/p>\n<p>\u00cen iarna vie\u0163ii purta-vom crizanteme.<\/p>\n<p>&nbsp;<\/p>\n<p>Pe umeri goi luna \u00eemi a\u015feaz\u0103 stele&#8230;<\/p>\n<p>&nbsp;<\/p>\n<p>&nbsp;<\/p>\n<p><strong>Rondelul \u015foaptei de amor <\/strong><\/p>\n<p>&nbsp;<\/p>\n<p>Erai, atunci, cea mai frumoas\u0103<\/p>\n<p>\u015ei te sorbeam, laguna mea t\u00e2rzie,<\/p>\n<p>C\u00e2nd, cu privirea luminoas\u0103,<\/p>\n<p>O via\u0163\u0103 transformai \u00een poezie!<\/p>\n<p>&nbsp;<\/p>\n<p>Sub geana nop\u0163ii, tu, sfioas\u0103,<\/p>\n<p>Captiv\u0103-ntr-un s\u0103rut de curtoazie,<\/p>\n<p>Erai, atunci, cea mai frumoas\u0103<\/p>\n<p>\u015ei te sorbeam, laguna mea t\u00e2rzie!<\/p>\n<p>&nbsp;<\/p>\n<p>Imi erai dulce-dureroas\u0103,<\/p>\n<p>Cu trup perfect \u00een gust de ambrozie<\/p>\n<p>\u015ei \u00eemi \u015fopteai, minunea mea t\u00e2rzie,<\/p>\n<p>C\u0103-mi vei fi luna luminoas\u0103,<\/p>\n<p>&nbsp;<\/p>\n<p>Iubita mea, cea mai frumoas\u0103!<\/p>\n<p>&#8212;&#8212;&#8212;&#8212;&#8212;&#8212;&#8212;&#8212;&#8212;&#8212;<\/p>\n<p><strong>Olgu\u021ba TRIFAN<\/strong><\/p>\n<p><strong>4 mai, 2018<\/strong><\/p>\n","protected":false},"excerpt":{"rendered":"<p>Rondel, rondelului &nbsp; \u00centre pere\u0163i de sticl\u0103-a\u015fez rondelul, S\u0103 nu-l ating\u0103 praful ori uitarea, S\u0103-l vad\u0103 soarele, s\u0103-l \u015ftie cerul, [&#038;hellip<\/p>\n","protected":false},"author":1,"featured_media":0,"comment_status":"closed","ping_status":"closed","sticky":false,"template":"","format":"standard","meta":{"footnotes":""},"categories":[3],"tags":[],"class_list":["post-38509","post","type-post","status-publish","format-standard","hentry","category-articole"],"_links":{"self":[{"href":"https:\/\/www.marianagurza.ro\/blog\/wp-json\/wp\/v2\/posts\/38509","targetHints":{"allow":["GET"]}}],"collection":[{"href":"https:\/\/www.marianagurza.ro\/blog\/wp-json\/wp\/v2\/posts"}],"about":[{"href":"https:\/\/www.marianagurza.ro\/blog\/wp-json\/wp\/v2\/types\/post"}],"author":[{"embeddable":true,"href":"https:\/\/www.marianagurza.ro\/blog\/wp-json\/wp\/v2\/users\/1"}],"replies":[{"embeddable":true,"href":"https:\/\/www.marianagurza.ro\/blog\/wp-json\/wp\/v2\/comments?post=38509"}],"version-history":[{"count":1,"href":"https:\/\/www.marianagurza.ro\/blog\/wp-json\/wp\/v2\/posts\/38509\/revisions"}],"predecessor-version":[{"id":38511,"href":"https:\/\/www.marianagurza.ro\/blog\/wp-json\/wp\/v2\/posts\/38509\/revisions\/38511"}],"wp:attachment":[{"href":"https:\/\/www.marianagurza.ro\/blog\/wp-json\/wp\/v2\/media?parent=38509"}],"wp:term":[{"taxonomy":"category","embeddable":true,"href":"https:\/\/www.marianagurza.ro\/blog\/wp-json\/wp\/v2\/categories?post=38509"},{"taxonomy":"post_tag","embeddable":true,"href":"https:\/\/www.marianagurza.ro\/blog\/wp-json\/wp\/v2\/tags?post=38509"}],"curies":[{"name":"wp","href":"https:\/\/api.w.org\/{rel}","templated":true}]}}